{"id":100374,"date":"2016-10-17T05:22:43","date_gmt":"2016-10-17T04:22:43","guid":{"rendered":"http:\/\/www.visit-ulcinj.com\/blog\/?p=100374"},"modified":"2016-10-17T05:22:43","modified_gmt":"2016-10-17T04:22:43","slug":"kush-ta-formoje-qeverine-e-re-ne-mal-te-zi","status":"publish","type":"post","link":"https:\/\/www.visit-ulcinj.com\/blog\/2016\/10\/17\/kush-ta-formoje-qeverine-e-re-ne-mal-te-zi\/","title":{"rendered":"Kush do ta formoj\u00eb Qeverin\u00eb e re n\u00eb Mal t\u00eb Zi?"},"content":{"rendered":"<div class=\"paragraph-holder vid-resp\">\n<p><a href=\"http:\/\/www.visit-ulcinj.com\/blog\/wp-content\/uploads\/2016\/10\/Raspored-mandata-novog-saziva-parlamenta-CDT.jpg\"><img loading=\"lazy\" class=\"alignleft wp-image-100375\" src=\"http:\/\/www.visit-ulcinj.com\/blog\/wp-content\/uploads\/2016\/10\/Raspored-mandata-novog-saziva-parlamenta-CDT.jpg\" alt=\"Raspored mandata novog saziva parlamenta -CDT\" width=\"508\" height=\"359\" srcset=\"https:\/\/www.visit-ulcinj.com\/blog\/wp-content\/uploads\/2016\/10\/Raspored-mandata-novog-saziva-parlamenta-CDT.jpg 900w, https:\/\/www.visit-ulcinj.com\/blog\/wp-content\/uploads\/2016\/10\/Raspored-mandata-novog-saziva-parlamenta-CDT-300x212.jpg 300w, https:\/\/www.visit-ulcinj.com\/blog\/wp-content\/uploads\/2016\/10\/Raspored-mandata-novog-saziva-parlamenta-CDT-768x543.jpg 768w\" sizes=\"(max-width: 508px) 100vw, 508px\" \/><\/a>Partia Demokratike e Socialist\u00ebve e kryeministrit t\u00eb deritanish\u00ebm malazias, Milo Gjukanoviq, pas fitores n\u00eb zgjedhjet e s\u00eb diel\u00ebs, ku fituan 41.1 p\u00ebr qind t\u00eb votave, apo 35 ul\u00ebse n\u00eb Parlament, pretendon se tashm\u00eb i ka numrat e mjaftuesh\u00ebm p\u00ebr te formuar edhe qeverin\u00eb e re.<\/p>\n<p>Por edhe Fronti Demokratik, grupacioni i dyt\u00eb politik q\u00eb t\u00eb diel\u00ebn mor\u00ebn 20.8 p\u00ebr qind t\u00eb votave, apo p\u00ebrkthyer n\u00eb mandate 18 sosh, thon\u00eb se i kan\u00eb numrat p\u00ebr ta formuar Qeverin\u00eb e re.<\/p>\n<p>Ka qen\u00eb Predrag Sekulic, q\u00eb ka th\u00ebn\u00eb se DPS-ja tashm\u00eb i ka siguruar 43 ul\u00ebse, t\u00eb mjaftueshme p\u00ebr ta dominuar Parlamentin n\u00eb Malin e Zi, q\u00eb num\u00ebron 81 gjithsejt\u00eb.<\/p>\n<p>Sekulic tha se vet\u00ebm DPS fitoi 36 vende, nd\u00ebrsa bashk\u00eb me partner\u00ebt e saj tradicional\u00eb \u2013 Partit\u00eb e minoriteteve, kan\u00eb 43 mandate.<\/p>\n<p>\u201cPavar\u00ebsisht tensioneve t\u00eb larta gjat\u00eb fushat\u00ebs, si dhe parregullsive n\u00eb dit\u00ebn e zgjedhjeve, zgjedhjet u kryen me sukses\u201d, u tha Sekulic gazetar\u00ebve nga selia e DPS, njofton N1.<\/p>\n<p>Por ndryshe nga Sekulic, thot\u00eb nj\u00eb zyrtar i Frontit Demokratik.<\/p>\n<p>Emilio Labudoviq ka th\u00ebn\u00eb n\u00eb fjalimin e tij t\u00eb par\u00eb p\u00ebr publikun n\u00eb selin\u00eb e koalicionit opozitar, q\u00eb tashm\u00eb kan\u00eb siguruar m\u00eb shum\u00eb ul\u00ebse se Partia Demokratike e Socialist\u00ebve<\/p>\n<p>Ai ka th\u00ebn\u00eb se Fronti Demokratik bashk\u00eb me partner\u00eb kan\u00eb 42 ul\u00ebse n\u00eb Parlament, dhe k\u00ebshtu, sipas tij, kan\u00eb \u201csiguruar lirin\u00eb\u201d.<\/p>\n<p>Gjithsesi, n\u00eb dit\u00ebt n\u00eb vijim do t\u00eb dihet se kush do t\u00eb formoj\u00eb qeverin\u00eb e re \u2013 do t\u00eb vazhdoj\u00eb Gjukanoviq q\u00eb edhe pas 25 vjet\u00ebsh t\u00eb jet\u00eb n\u00eb krye t\u00eb Malit t\u00eb Zi, apo do t\u00eb largohet pas udh\u00ebheqje 25 vje\u00e7are n\u00eb krye t\u00eb malazez\u00ebve nga pozita t\u00eb ndryshme shtet\u00ebrore.<\/p>\n<p>Bota Sot<\/p>\n<\/div>\n","protected":false},"excerpt":{"rendered":"<p>Partia Demokratike e Socialist\u00ebve e kryeministrit t\u00eb deritanish\u00ebm malazias, Milo Gjukanoviq, pas fitores n\u00eb zgjedhjet e s\u00eb diel\u00ebs, ku fituan 41.1 p\u00ebr qind t\u00eb votave, apo 35 ul\u00ebse n\u00eb Parlament, pretendon se tashm\u00eb i ka numrat e mjaftuesh\u00ebm p\u00ebr te formuar edhe qeverin\u00eb e re. Por edhe Fronti Demokratik, grupacioni i dyt\u00eb politik q\u00eb t\u00eb [&hellip;]<\/p>\n","protected":false},"author":1,"featured_media":0,"comment_status":"closed","ping_status":"closed","sticky":false,"template":"","format":"standard","meta":{"spay_email":"","jetpack_publicize_message":"","jetpack_is_tweetstorm":false,"jetpack_publicize_feature_enabled":true},"categories":[14],"tags":[],"jetpack_publicize_connections":[],"yoast_head":"<!-- This site is optimized with the Yoast SEO plugin v19.1 - https:\/\/yoast.com\/wordpress\/plugins\/seo\/ -->\n<title>Kush do ta formoj\u00eb Qeverin\u00eb e re n\u00eb Mal t\u00eb Zi? - Lajme nga Ulqini<\/title>\n<meta name=\"description\" content=\"Partia Demokratike e Socialist\u00ebve e kryeministrit t\u00eb deritanish\u00ebm malazias, Milo Gjukanoviq, pas fitores n\u00eb zgjedhjet e s\u00eb diel\u00ebs, ku fituan 41.1 p\u00ebr qind\" \/>\n<meta name=\"robots\" content=\"index, follow, max-snippet:-1, max-image-preview:large, max-video-preview:-1\" \/>\n<link rel=\"canonical\" href=\"https:\/\/www.visit-ulcinj.com\/blog\/2016\/10\/17\/kush-ta-formoje-qeverine-e-re-ne-mal-te-zi\/\" \/>\n<meta property=\"og:locale\" content=\"en_US\" \/>\n<meta property=\"og:type\" content=\"article\" \/>\n<meta property=\"og:title\" content=\"Kush do ta formoj\u00eb Qeverin\u00eb e re n\u00eb Mal t\u00eb Zi? - Lajme nga Ulqini\" \/>\n<meta property=\"og:description\" content=\"Partia Demokratike e Socialist\u00ebve e kryeministrit t\u00eb deritanish\u00ebm malazias, Milo Gjukanoviq, pas fitores n\u00eb zgjedhjet e s\u00eb diel\u00ebs, ku fituan 41.1 p\u00ebr qind\" \/>\n<meta property=\"og:url\" content=\"https:\/\/www.visit-ulcinj.com\/blog\/2016\/10\/17\/kush-ta-formoje-qeverine-e-re-ne-mal-te-zi\/\" \/>\n<meta property=\"og:site_name\" content=\"Lajme nga Ulqini\" \/>\n<meta property=\"article:published_time\" content=\"2016-10-17T04:22:43+00:00\" \/>\n<meta property=\"og:image\" content=\"http:\/\/www.visit-ulcinj.com\/blog\/wp-content\/uploads\/2016\/10\/Raspored-mandata-novog-saziva-parlamenta-CDT.jpg\" \/>\n<meta name=\"twitter:label1\" content=\"Written by\" \/>\n\t<meta name=\"twitter:data1\" content=\"ulqini\" \/>\n\t<meta name=\"twitter:label2\" content=\"Est. reading time\" \/>\n\t<meta name=\"twitter:data2\" content=\"1 minute\" \/>\n<script type=\"application\/ld+json\" class=\"yoast-schema-graph\">{\"@context\":\"https:\/\/schema.org\",\"@graph\":[{\"@type\":\"WebSite\",\"@id\":\"https:\/\/www.visit-ulcinj.com\/blog\/#website\",\"url\":\"https:\/\/www.visit-ulcinj.com\/blog\/\",\"name\":\"Lajme nga Ulqini\",\"description\":\"Lajme,Vijesti,Ulqini,Ulqin,Crna Gora,Mali i Zi\",\"potentialAction\":[{\"@type\":\"SearchAction\",\"target\":{\"@type\":\"EntryPoint\",\"urlTemplate\":\"https:\/\/www.visit-ulcinj.com\/blog\/?s={search_term_string}\"},\"query-input\":\"required name=search_term_string\"}],\"inLanguage\":\"en-US\"},{\"@type\":\"ImageObject\",\"inLanguage\":\"en-US\",\"@id\":\"https:\/\/www.visit-ulcinj.com\/blog\/2016\/10\/17\/kush-ta-formoje-qeverine-e-re-ne-mal-te-zi\/#primaryimage\",\"url\":\"https:\/\/www.visit-ulcinj.com\/blog\/wp-content\/uploads\/2016\/10\/Raspored-mandata-novog-saziva-parlamenta-CDT.jpg\",\"contentUrl\":\"https:\/\/www.visit-ulcinj.com\/blog\/wp-content\/uploads\/2016\/10\/Raspored-mandata-novog-saziva-parlamenta-CDT.jpg\",\"width\":900,\"height\":636},{\"@type\":\"WebPage\",\"@id\":\"https:\/\/www.visit-ulcinj.com\/blog\/2016\/10\/17\/kush-ta-formoje-qeverine-e-re-ne-mal-te-zi\/#webpage\",\"url\":\"https:\/\/www.visit-ulcinj.com\/blog\/2016\/10\/17\/kush-ta-formoje-qeverine-e-re-ne-mal-te-zi\/\",\"name\":\"Kush do ta formoj\u00eb Qeverin\u00eb e re n\u00eb Mal t\u00eb Zi? - Lajme nga Ulqini\",\"isPartOf\":{\"@id\":\"https:\/\/www.visit-ulcinj.com\/blog\/#website\"},\"primaryImageOfPage\":{\"@id\":\"https:\/\/www.visit-ulcinj.com\/blog\/2016\/10\/17\/kush-ta-formoje-qeverine-e-re-ne-mal-te-zi\/#primaryimage\"},\"datePublished\":\"2016-10-17T04:22:43+00:00\",\"dateModified\":\"2016-10-17T04:22:43+00:00\",\"author\":{\"@id\":\"https:\/\/www.visit-ulcinj.com\/blog\/#\/schema\/person\/dcab619c614d3038751c63bc2aadc06d\"},\"description\":\"Partia Demokratike e Socialist\u00ebve e kryeministrit t\u00eb deritanish\u00ebm malazias, Milo Gjukanoviq, pas fitores n\u00eb zgjedhjet e s\u00eb diel\u00ebs, ku fituan 41.1 p\u00ebr qind\",\"breadcrumb\":{\"@id\":\"https:\/\/www.visit-ulcinj.com\/blog\/2016\/10\/17\/kush-ta-formoje-qeverine-e-re-ne-mal-te-zi\/#breadcrumb\"},\"inLanguage\":\"en-US\",\"potentialAction\":[{\"@type\":\"ReadAction\",\"target\":[\"https:\/\/www.visit-ulcinj.com\/blog\/2016\/10\/17\/kush-ta-formoje-qeverine-e-re-ne-mal-te-zi\/\"]}]},{\"@type\":\"BreadcrumbList\",\"@id\":\"https:\/\/www.visit-ulcinj.com\/blog\/2016\/10\/17\/kush-ta-formoje-qeverine-e-re-ne-mal-te-zi\/#breadcrumb\",\"itemListElement\":[{\"@type\":\"ListItem\",\"position\":1,\"name\":\"Kush do ta formoj\u00eb Qeverin\u00eb e re n\u00eb Mal t\u00eb Zi?\"}]},{\"@type\":\"Person\",\"@id\":\"https:\/\/www.visit-ulcinj.com\/blog\/#\/schema\/person\/dcab619c614d3038751c63bc2aadc06d\",\"name\":\"ulqini\",\"sameAs\":[\"http:\/\/www.visit-ulcinj.com\"],\"url\":\"https:\/\/www.visit-ulcinj.com\/blog\/author\/admin\/\"}]}<\/script>\n<!-- \/ Yoast SEO plugin. -->","yoast_head_json":{"title":"Kush do ta formoj\u00eb Qeverin\u00eb e re n\u00eb Mal t\u00eb Zi? - Lajme nga Ulqini","description":"Partia Demokratike e Socialist\u00ebve e kryeministrit t\u00eb deritanish\u00ebm malazias, Milo Gjukanoviq, pas fitores n\u00eb zgjedhjet e s\u00eb diel\u00ebs, ku fituan 41.1 p\u00ebr qind","robots":{"index":"index","follow":"follow","max-snippet":"max-snippet:-1","max-image-preview":"max-image-preview:large","max-video-preview":"max-video-preview:-1"},"canonical":"https:\/\/www.visit-ulcinj.com\/blog\/2016\/10\/17\/kush-ta-formoje-qeverine-e-re-ne-mal-te-zi\/","og_locale":"en_US","og_type":"article","og_title":"Kush do ta formoj\u00eb Qeverin\u00eb e re n\u00eb Mal t\u00eb Zi? - Lajme nga Ulqini","og_description":"Partia Demokratike e Socialist\u00ebve e kryeministrit t\u00eb deritanish\u00ebm malazias, Milo Gjukanoviq, pas fitores n\u00eb zgjedhjet e s\u00eb diel\u00ebs, ku fituan 41.1 p\u00ebr qind","og_url":"https:\/\/www.visit-ulcinj.com\/blog\/2016\/10\/17\/kush-ta-formoje-qeverine-e-re-ne-mal-te-zi\/","og_site_name":"Lajme nga Ulqini","article_published_time":"2016-10-17T04:22:43+00:00","og_image":[{"url":"http:\/\/www.visit-ulcinj.com\/blog\/wp-content\/uploads\/2016\/10\/Raspored-mandata-novog-saziva-parlamenta-CDT.jpg"}],"twitter_misc":{"Written by":"ulqini","Est. reading time":"1 minute"},"schema":{"@context":"https:\/\/schema.org","@graph":[{"@type":"WebSite","@id":"https:\/\/www.visit-ulcinj.com\/blog\/#website","url":"https:\/\/www.visit-ulcinj.com\/blog\/","name":"Lajme nga Ulqini","description":"Lajme,Vijesti,Ulqini,Ulqin,Crna Gora,Mali i Zi","potentialAction":[{"@type":"SearchAction","target":{"@type":"EntryPoint","urlTemplate":"https:\/\/www.visit-ulcinj.com\/blog\/?s={search_term_string}"},"query-input":"required name=search_term_string"}],"inLanguage":"en-US"},{"@type":"ImageObject","inLanguage":"en-US","@id":"https:\/\/www.visit-ulcinj.com\/blog\/2016\/10\/17\/kush-ta-formoje-qeverine-e-re-ne-mal-te-zi\/#primaryimage","url":"https:\/\/www.visit-ulcinj.com\/blog\/wp-content\/uploads\/2016\/10\/Raspored-mandata-novog-saziva-parlamenta-CDT.jpg","contentUrl":"https:\/\/www.visit-ulcinj.com\/blog\/wp-content\/uploads\/2016\/10\/Raspored-mandata-novog-saziva-parlamenta-CDT.jpg","width":900,"height":636},{"@type":"WebPage","@id":"https:\/\/www.visit-ulcinj.com\/blog\/2016\/10\/17\/kush-ta-formoje-qeverine-e-re-ne-mal-te-zi\/#webpage","url":"https:\/\/www.visit-ulcinj.com\/blog\/2016\/10\/17\/kush-ta-formoje-qeverine-e-re-ne-mal-te-zi\/","name":"Kush do ta formoj\u00eb Qeverin\u00eb e re n\u00eb Mal t\u00eb Zi? - Lajme nga Ulqini","isPartOf":{"@id":"https:\/\/www.visit-ulcinj.com\/blog\/#website"},"primaryImageOfPage":{"@id":"https:\/\/www.visit-ulcinj.com\/blog\/2016\/10\/17\/kush-ta-formoje-qeverine-e-re-ne-mal-te-zi\/#primaryimage"},"datePublished":"2016-10-17T04:22:43+00:00","dateModified":"2016-10-17T04:22:43+00:00","author":{"@id":"https:\/\/www.visit-ulcinj.com\/blog\/#\/schema\/person\/dcab619c614d3038751c63bc2aadc06d"},"description":"Partia Demokratike e Socialist\u00ebve e kryeministrit t\u00eb deritanish\u00ebm malazias, Milo Gjukanoviq, pas fitores n\u00eb zgjedhjet e s\u00eb diel\u00ebs, ku fituan 41.1 p\u00ebr qind","breadcrumb":{"@id":"https:\/\/www.visit-ulcinj.com\/blog\/2016\/10\/17\/kush-ta-formoje-qeverine-e-re-ne-mal-te-zi\/#breadcrumb"},"inLanguage":"en-US","potentialAction":[{"@type":"ReadAction","target":["https:\/\/www.visit-ulcinj.com\/blog\/2016\/10\/17\/kush-ta-formoje-qeverine-e-re-ne-mal-te-zi\/"]}]},{"@type":"BreadcrumbList","@id":"https:\/\/www.visit-ulcinj.com\/blog\/2016\/10\/17\/kush-ta-formoje-qeverine-e-re-ne-mal-te-zi\/#breadcrumb","itemListElement":[{"@type":"ListItem","position":1,"name":"Kush do ta formoj\u00eb Qeverin\u00eb e re n\u00eb Mal t\u00eb Zi?"}]},{"@type":"Person","@id":"https:\/\/www.visit-ulcinj.com\/blog\/#\/schema\/person\/dcab619c614d3038751c63bc2aadc06d","name":"ulqini","sameAs":["http:\/\/www.visit-ulcinj.com"],"url":"https:\/\/www.visit-ulcinj.com\/blog\/author\/admin\/"}]}},"jetpack_featured_media_url":"","jetpack_sharing_enabled":true,"jetpack_shortlink":"https:\/\/wp.me\/pe6lTn-q6W","_links":{"self":[{"href":"https:\/\/www.visit-ulcinj.com\/blog\/wp-json\/wp\/v2\/posts\/100374"}],"collection":[{"href":"https:\/\/www.visit-ulcinj.com\/blog\/wp-json\/wp\/v2\/posts"}],"about":[{"href":"https:\/\/www.visit-ulcinj.com\/blog\/wp-json\/wp\/v2\/types\/post"}],"author":[{"embeddable":true,"href":"https:\/\/www.visit-ulcinj.com\/blog\/wp-json\/wp\/v2\/users\/1"}],"replies":[{"embeddable":true,"href":"https:\/\/www.visit-ulcinj.com\/blog\/wp-json\/wp\/v2\/comments?post=100374"}],"version-history":[{"count":1,"href":"https:\/\/www.visit-ulcinj.com\/blog\/wp-json\/wp\/v2\/posts\/100374\/revisions"}],"predecessor-version":[{"id":100376,"href":"https:\/\/www.visit-ulcinj.com\/blog\/wp-json\/wp\/v2\/posts\/100374\/revisions\/100376"}],"wp:attachment":[{"href":"https:\/\/www.visit-ulcinj.com\/blog\/wp-json\/wp\/v2\/media?parent=100374"}],"wp:term":[{"taxonomy":"category","embeddable":true,"href":"https:\/\/www.visit-ulcinj.com\/blog\/wp-json\/wp\/v2\/categories?post=100374"},{"taxonomy":"post_tag","embeddable":true,"href":"https:\/\/www.visit-ulcinj.com\/blog\/wp-json\/wp\/v2\/tags?post=100374"}],"curies":[{"name":"wp","href":"https:\/\/api.w.org\/{rel}","templated":true}]}}