{"id":100389,"date":"2016-10-17T16:30:26","date_gmt":"2016-10-17T15:30:26","guid":{"rendered":"http:\/\/www.visit-ulcinj.com\/blog\/?p=100389"},"modified":"2016-10-18T16:52:16","modified_gmt":"2016-10-18T15:52:16","slug":"nika-lideret-shqiptare-pas-humbjes-le-te-ndjekin-shembullin-pajoviqit-doreheqje","status":"publish","type":"post","link":"https:\/\/www.visit-ulcinj.com\/blog\/2016\/10\/17\/nika-lideret-shqiptare-pas-humbjes-le-te-ndjekin-shembullin-pajoviqit-doreheqje\/","title":{"rendered":"Nika: Lider\u00ebt shqiptar\u00eb pas humbjes, le t\u00eb ndjekin shembullin Pajoviqit me dor\u00ebheqje&#8230; ?!!"},"content":{"rendered":"<p><img loading=\"lazy\" class=\"wp-image-63749\" src=\"http:\/\/www.visit-ulcinj.com\/blog\/wp-content\/uploads\/2012\/09\/gencinimanbegu-vaseljsinistaj-mehmetzenka-mehmetbardhi.jpg\" alt=\"Predstavnici albanskih stranaka (Foto: Luka Zekovi?)\" width=\"508\" height=\"344\" srcset=\"https:\/\/www.visit-ulcinj.com\/blog\/wp-content\/uploads\/2012\/09\/gencinimanbegu-vaseljsinistaj-mehmetzenka-mehmetbardhi.jpg 1000w, https:\/\/www.visit-ulcinj.com\/blog\/wp-content\/uploads\/2012\/09\/gencinimanbegu-vaseljsinistaj-mehmetzenka-mehmetbardhi-300x203.jpg 300w\" sizes=\"(max-width: 508px) 100vw, 508px\" \/><\/p>\n<p><em><strong>Shkruan Muhamet \u00a0Nika<\/strong><\/em><\/p>\n<p>Llogaria e shqiptar\u00ebve n\u00eb k\u00ebto zgjedhje \u00a0ishte katastrof\u00eb &#8230;, se pse \u00a0po shihet q\u00eb \u00a0\u00e7do nj\u00ebra\u00a0 nga tri listat shqiptare\u00a0 , i \u00e7uan \u00a0\u201c prej\u00a0 mendjes s\u00eb\u00a0 madhe..\u201d m\u00eb t\u00eb pakt\u00ebn nga 1500 vota\u201dt\u00eb djegura \u201c\u2013partive\u00a0 qytetare\u00a0\u00a0 serbo \u00e7etnike \u00a0edhe pse ishin mir\u00eb t\u00eb informuara p\u00ebr k\u00ebt\u00eb q\u00eb ndodhi\u00a0 NGA P\u00cbRVOJA E\u00a0 KALUAR.<\/p>\n<p>Vet\u00ebm \u00a0koalicioni i partive , &#8230;. ME NJ\u00cb Q\u00cbLLIM, i \u00a0\u00e7oi diku 3500 vota \u00a0te ndonj\u00eb \u00e7etnik q\u00eb nuk fitonte pa ne (k\u00ebto vota) &#8230;?! E \u00a0na del se mbi \u00a05 mij\u00eb shqiptar\u00eb paskan votuar serbomalazez\u00ebt&#8230;?!<\/p>\n<p>Nga ana e tjet\u00ebr\u00a0 del q\u00eb t\u00eb jet\u00eb shkrir\u00eb \u00a0\u00a0komplet \u00a0elektorati i Udsh-s\u00eb&#8230;, ose\u00a0 gjysma e Forc\u00ebs- q\u00eb edhe kjo ka\u00a0 tep\u00ebr mund\u00ebsi..?!!\u00a0 T\u00ebr\u00eb kjo \u00a0q\u00eb ndodhi \u00a0do t\u00eb duhej t\u2019i b\u00ebnte t\u00eb skuqeshin si lider\u00eb dhe n\u00eb t\u00eb mir\u00eb t\u00eb partive q\u00eb drejtojn\u00eb \u00a0t\u00eb gjith\u00eb \u00a0tok&#8230;, \u00a0t\u00eb japin dor\u00ebheqje\u00a0 si zoti Pajeviq. ..?! Shembullin e kan\u00eb t\u00eb qart\u00eb&#8230;, duke mos ndjekur shembullin e Bardhit, i vet\u00eb shpallur\u00a0 lider i Lidhjes, pa vota t\u00eb cilat \u00a0duket se ia mori sekretari i par\u00eb i Lidhjes \u2013Nikoll\u00eb\u00a0 Camaj, lista e tret\u00eb- 1500 vota&#8230;?!<\/p>\n<p>P\u00ebr gjith\u00eb k\u00ebt\u00eb q\u00eb themi \u2013 rreth ligjit aktual diskriminues del q\u00eb \u00a0jan\u00eb fajtor\u00eb garnitura\u00a0 e m\u00eb poshtme e deputet\u00ebve \u00a0\u00a0t\u00eb cil\u00ebt kur u miratua ligji n\u00eb parlament&#8230;, \u00a0u pa se \u00a0vet\u00ebm Genci qeshte dhe qeshja po i vazhdon, n\u00eb raport me tjer\u00ebt- Ai\u00a0 din se si\u00a0 iu drodhi&#8230;?!!<\/p>\n<p>Disponimin e at\u00ebhersh\u00ebm \u00a0\u00a0t\u00eb deputet\u00ebve shqiptar \u00a0e shprehnin\u00a0 fytyrat \u00a0si \u00a0n\u00eb fotografi &#8211; dit\u00ebn e miratimit t\u00eb ligjit?! Fjala \u00ebsht\u00eb p\u00ebr Koh\u00ebn \u00a0kur\u00a0 ligji po kthehej nga komisioni i venecias n\u00eb t\u00eb cilin shqiptar\u00ebt nuk u ankuan te evropianet-\u00a0 ashtu si opozita tjet\u00ebr dhe na del se ligji \u00ebsht\u00eb brenda standardeve evropiane&#8230; ?!<\/p>\n<p><strong><em>Zoti vonon po nuk harron- fitues moral\u00a0 nga listat shqiptare\u00a0 \u00ebsht\u00eb Nikoll\u00eb \u00a0Camaj?!<\/em><\/strong><\/p>\n<p>Ky pasi e injoruan\u00a0 deri n\u00eb kulm dhe mbase \u00a0mund t\u00eb thon\u00eb se ky e ka fajin , sepse \u201ci dogji 1500 vota\u201d, konstatimi nuk q\u00ebndron sepse e p\u00ebrzun\u00eb\u00a0 secili n\u00eb form\u00ebn e vet dhe e injoruan e m\u00eb s\u00eb shumti\u00a0 Mehmet Brdhi.<\/p>\n<p>Cekim se Nikoll\u00eb Camaj del t\u00eb jet\u00eb\u00a0 sekretari i par\u00eb i lidhjes demokratike i zgjedhur n\u00eb Kuvendin\u00a0 Themelues\u00a0 t\u00eb\u00a0 Kodrave \u2013 viti 1990 ,\u00a0 ku nuk shohim t\u00eb \u00a0ishin asnj\u00eb nga ata q\u00eb garuan n\u00eb listat zgjedhore. N\u00eb se\u00a0 t\u00eb rren\u00eb dhia- i thon\u00eb nj\u00eb fjal\u00ebs popullore \u00a0\u00a0, nuk t\u00eb rren\u00eb briri&#8230;?! Shih m\u00eb posht\u00eb faksimilen e aktit t\u00eb themelimit \u00a0t\u00eb Lidhjes Demokratike Shqiptare n\u00eb Mal t\u00eb Zi.<\/p>\n<p>Duket e pa besueshme por k\u00ebshtu ish&#8230;?!!<\/p>\n<p><a href=\"http:\/\/www.visit-ulcinj.com\/blog\/wp-content\/uploads\/2016\/10\/Dokumenti-i-LDMZ.jpg\"><img loading=\"lazy\" class=\"alignleft wp-image-100390\" src=\"http:\/\/www.visit-ulcinj.com\/blog\/wp-content\/uploads\/2016\/10\/Dokumenti-i-LDMZ.jpg\" alt=\"Dokumenti i LDMZ\" width=\"508\" height=\"560\" srcset=\"https:\/\/www.visit-ulcinj.com\/blog\/wp-content\/uploads\/2016\/10\/Dokumenti-i-LDMZ.jpg 507w, https:\/\/www.visit-ulcinj.com\/blog\/wp-content\/uploads\/2016\/10\/Dokumenti-i-LDMZ-272x300.jpg 272w\" sizes=\"(max-width: 508px) 100vw, 508px\" \/><\/a><\/p>\n<p><a href=\"http:\/\/www.visit-ulcinj.com\/blog\/wp-content\/uploads\/2014\/11\/Muhamet-Nika.jpg\"><img loading=\"lazy\" class=\"alignleft wp-image-86143 size-thumbnail\" src=\"http:\/\/www.visit-ulcinj.com\/blog\/wp-content\/uploads\/2014\/11\/Muhamet-Nika-150x150.jpg\" alt=\"Muhamet Nika\" width=\"150\" height=\"150\" \/><\/a><strong>Sudski tuma\u010d- P\u00ebrkthyes gjyq\u00ebsor \u201c MUHAMET NIKA \u201d Ulcinj- Ulqin<\/strong><\/p>\n<p><strong>Adresa:<\/strong> zgrada SO ULCINJ- nd\u00ebrtesa e KK Ulqin<\/p>\n<p><strong>Telefon-i: <\/strong> 068 264 122<\/p>\n<p><strong>Email-i <\/strong>: <strong><a href=\"mailto:muhamet-nika@hotmail.com\">muhamet-nika@hotmail.com<\/a><\/strong><\/p>\n<p>Albanski jezik- prof. Albanskog jezika<\/p>\n<p>Gjuh\u00eb shqipe- prof. I gjuh\u00ebs shqipe<\/p>\n<p><strong>Pik\u00ebpamjet e shprehura n\u00eb faqen \u201cOPINIONE\u201d nuk p\u00ebrfaq\u00ebsojn\u00eb domosdoshm\u00ebrisht politik\u00ebn redaksionale t\u00eb \u201eLajmeve nga Ulqini\u201e<\/strong><\/p>\n","protected":false},"excerpt":{"rendered":"<p>Shkruan Muhamet \u00a0Nika Llogaria e shqiptar\u00ebve n\u00eb k\u00ebto zgjedhje \u00a0ishte katastrof\u00eb &#8230;, se pse \u00a0po shihet q\u00eb \u00a0\u00e7do nj\u00ebra\u00a0 nga tri listat shqiptare\u00a0 , i \u00e7uan \u00a0\u201c prej\u00a0 mendjes s\u00eb\u00a0 madhe..\u201d m\u00eb t\u00eb pakt\u00ebn nga 1500 vota\u201dt\u00eb djegura \u201c\u2013partive\u00a0 qytetare\u00a0\u00a0 serbo \u00e7etnike \u00a0edhe pse ishin mir\u00eb t\u00eb informuara p\u00ebr k\u00ebt\u00eb q\u00eb ndodhi\u00a0 NGA P\u00cbRVOJA E\u00a0 [&hellip;]<\/p>\n","protected":false},"author":1,"featured_media":0,"comment_status":"closed","ping_status":"closed","sticky":false,"template":"","format":"standard","meta":{"spay_email":"","jetpack_publicize_message":"","jetpack_is_tweetstorm":false,"jetpack_publicize_feature_enabled":true},"categories":[1,14249],"tags":[],"jetpack_publicize_connections":[],"yoast_head":"<!-- This site is optimized with the Yoast SEO plugin v19.1 - https:\/\/yoast.com\/wordpress\/plugins\/seo\/ -->\n<title>Nika: Lider\u00ebt shqiptar\u00eb pas humbjes, le t\u00eb ndjekin shembullin Pajoviqit me dor\u00ebheqje... ?!! - Lajme nga Ulqini<\/title>\n<meta name=\"description\" content=\"Shkruan Muhamet \u00a0Nika Llogaria e shqiptar\u00ebve n\u00eb k\u00ebto zgjedhje \u00a0ishte katastrof\u00eb ..., se pse \u00a0po shihet q\u00eb \u00a0\u00e7do nj\u00ebra\u00a0 nga tri listat shqiptare\u00a0 , i \u00e7uan\" \/>\n<meta name=\"robots\" content=\"index, follow, max-snippet:-1, max-image-preview:large, max-video-preview:-1\" \/>\n<link rel=\"canonical\" href=\"https:\/\/www.visit-ulcinj.com\/blog\/2016\/10\/17\/nika-lideret-shqiptare-pas-humbjes-le-te-ndjekin-shembullin-pajoviqit-doreheqje\/\" \/>\n<meta property=\"og:locale\" content=\"en_US\" \/>\n<meta property=\"og:type\" content=\"article\" \/>\n<meta property=\"og:title\" content=\"Nika: Lider\u00ebt shqiptar\u00eb pas humbjes, le t\u00eb ndjekin shembullin Pajoviqit me dor\u00ebheqje... ?!! - Lajme nga Ulqini\" \/>\n<meta property=\"og:description\" content=\"Shkruan Muhamet \u00a0Nika Llogaria e shqiptar\u00ebve n\u00eb k\u00ebto zgjedhje \u00a0ishte katastrof\u00eb ..., se pse \u00a0po shihet q\u00eb \u00a0\u00e7do nj\u00ebra\u00a0 nga tri listat shqiptare\u00a0 , i \u00e7uan\" \/>\n<meta property=\"og:url\" content=\"https:\/\/www.visit-ulcinj.com\/blog\/2016\/10\/17\/nika-lideret-shqiptare-pas-humbjes-le-te-ndjekin-shembullin-pajoviqit-doreheqje\/\" \/>\n<meta property=\"og:site_name\" content=\"Lajme nga Ulqini\" \/>\n<meta property=\"article:published_time\" content=\"2016-10-17T15:30:26+00:00\" \/>\n<meta property=\"article:modified_time\" content=\"2016-10-18T15:52:16+00:00\" \/>\n<meta property=\"og:image\" content=\"http:\/\/www.visit-ulcinj.com\/blog\/wp-content\/uploads\/2012\/09\/gencinimanbegu-vaseljsinistaj-mehmetzenka-mehmetbardhi.jpg\" \/>\n<meta name=\"twitter:label1\" content=\"Written by\" \/>\n\t<meta name=\"twitter:data1\" content=\"ulqini\" \/>\n\t<meta name=\"twitter:label2\" content=\"Est. reading time\" \/>\n\t<meta name=\"twitter:data2\" content=\"2 minutes\" \/>\n<script type=\"application\/ld+json\" class=\"yoast-schema-graph\">{\"@context\":\"https:\/\/schema.org\",\"@graph\":[{\"@type\":\"WebSite\",\"@id\":\"https:\/\/www.visit-ulcinj.com\/blog\/#website\",\"url\":\"https:\/\/www.visit-ulcinj.com\/blog\/\",\"name\":\"Lajme nga Ulqini\",\"description\":\"Lajme,Vijesti,Ulqini,Ulqin,Crna Gora,Mali i Zi\",\"potentialAction\":[{\"@type\":\"SearchAction\",\"target\":{\"@type\":\"EntryPoint\",\"urlTemplate\":\"https:\/\/www.visit-ulcinj.com\/blog\/?s={search_term_string}\"},\"query-input\":\"required name=search_term_string\"}],\"inLanguage\":\"en-US\"},{\"@type\":\"ImageObject\",\"inLanguage\":\"en-US\",\"@id\":\"https:\/\/www.visit-ulcinj.com\/blog\/2016\/10\/17\/nika-lideret-shqiptare-pas-humbjes-le-te-ndjekin-shembullin-pajoviqit-doreheqje\/#primaryimage\",\"url\":\"https:\/\/www.visit-ulcinj.com\/blog\/wp-content\/uploads\/2012\/09\/gencinimanbegu-vaseljsinistaj-mehmetzenka-mehmetbardhi.jpg\",\"contentUrl\":\"https:\/\/www.visit-ulcinj.com\/blog\/wp-content\/uploads\/2012\/09\/gencinimanbegu-vaseljsinistaj-mehmetzenka-mehmetbardhi.jpg\",\"width\":\"1000\",\"height\":\"677\",\"caption\":\"Predstavnici albanskih stranaka (Foto: Luka Zekovi?)\"},{\"@type\":\"WebPage\",\"@id\":\"https:\/\/www.visit-ulcinj.com\/blog\/2016\/10\/17\/nika-lideret-shqiptare-pas-humbjes-le-te-ndjekin-shembullin-pajoviqit-doreheqje\/#webpage\",\"url\":\"https:\/\/www.visit-ulcinj.com\/blog\/2016\/10\/17\/nika-lideret-shqiptare-pas-humbjes-le-te-ndjekin-shembullin-pajoviqit-doreheqje\/\",\"name\":\"Nika: Lider\u00ebt shqiptar\u00eb pas humbjes, le t\u00eb ndjekin shembullin Pajoviqit me dor\u00ebheqje... ?!! - Lajme nga Ulqini\",\"isPartOf\":{\"@id\":\"https:\/\/www.visit-ulcinj.com\/blog\/#website\"},\"primaryImageOfPage\":{\"@id\":\"https:\/\/www.visit-ulcinj.com\/blog\/2016\/10\/17\/nika-lideret-shqiptare-pas-humbjes-le-te-ndjekin-shembullin-pajoviqit-doreheqje\/#primaryimage\"},\"datePublished\":\"2016-10-17T15:30:26+00:00\",\"dateModified\":\"2016-10-18T15:52:16+00:00\",\"author\":{\"@id\":\"https:\/\/www.visit-ulcinj.com\/blog\/#\/schema\/person\/dcab619c614d3038751c63bc2aadc06d\"},\"description\":\"Shkruan Muhamet \u00a0Nika Llogaria e shqiptar\u00ebve n\u00eb k\u00ebto zgjedhje \u00a0ishte katastrof\u00eb ..., se pse \u00a0po shihet q\u00eb \u00a0\u00e7do nj\u00ebra\u00a0 nga tri listat shqiptare\u00a0 , i \u00e7uan\",\"breadcrumb\":{\"@id\":\"https:\/\/www.visit-ulcinj.com\/blog\/2016\/10\/17\/nika-lideret-shqiptare-pas-humbjes-le-te-ndjekin-shembullin-pajoviqit-doreheqje\/#breadcrumb\"},\"inLanguage\":\"en-US\",\"potentialAction\":[{\"@type\":\"ReadAction\",\"target\":[\"https:\/\/www.visit-ulcinj.com\/blog\/2016\/10\/17\/nika-lideret-shqiptare-pas-humbjes-le-te-ndjekin-shembullin-pajoviqit-doreheqje\/\"]}]},{\"@type\":\"BreadcrumbList\",\"@id\":\"https:\/\/www.visit-ulcinj.com\/blog\/2016\/10\/17\/nika-lideret-shqiptare-pas-humbjes-le-te-ndjekin-shembullin-pajoviqit-doreheqje\/#breadcrumb\",\"itemListElement\":[{\"@type\":\"ListItem\",\"position\":1,\"name\":\"Nika: Lider\u00ebt shqiptar\u00eb pas humbjes, le t\u00eb ndjekin shembullin Pajoviqit me dor\u00ebheqje&#8230; ?!!\"}]},{\"@type\":\"Person\",\"@id\":\"https:\/\/www.visit-ulcinj.com\/blog\/#\/schema\/person\/dcab619c614d3038751c63bc2aadc06d\",\"name\":\"ulqini\",\"sameAs\":[\"http:\/\/www.visit-ulcinj.com\"],\"url\":\"https:\/\/www.visit-ulcinj.com\/blog\/author\/admin\/\"}]}<\/script>\n<!-- \/ Yoast SEO plugin. -->","yoast_head_json":{"title":"Nika: Lider\u00ebt shqiptar\u00eb pas humbjes, le t\u00eb ndjekin shembullin Pajoviqit me dor\u00ebheqje... ?!! - Lajme nga Ulqini","description":"Shkruan Muhamet \u00a0Nika Llogaria e shqiptar\u00ebve n\u00eb k\u00ebto zgjedhje \u00a0ishte katastrof\u00eb ..., se pse \u00a0po shihet q\u00eb \u00a0\u00e7do nj\u00ebra\u00a0 nga tri listat shqiptare\u00a0 , i \u00e7uan","robots":{"index":"index","follow":"follow","max-snippet":"max-snippet:-1","max-image-preview":"max-image-preview:large","max-video-preview":"max-video-preview:-1"},"canonical":"https:\/\/www.visit-ulcinj.com\/blog\/2016\/10\/17\/nika-lideret-shqiptare-pas-humbjes-le-te-ndjekin-shembullin-pajoviqit-doreheqje\/","og_locale":"en_US","og_type":"article","og_title":"Nika: Lider\u00ebt shqiptar\u00eb pas humbjes, le t\u00eb ndjekin shembullin Pajoviqit me dor\u00ebheqje... ?!! - Lajme nga Ulqini","og_description":"Shkruan Muhamet \u00a0Nika Llogaria e shqiptar\u00ebve n\u00eb k\u00ebto zgjedhje \u00a0ishte katastrof\u00eb ..., se pse \u00a0po shihet q\u00eb \u00a0\u00e7do nj\u00ebra\u00a0 nga tri listat shqiptare\u00a0 , i \u00e7uan","og_url":"https:\/\/www.visit-ulcinj.com\/blog\/2016\/10\/17\/nika-lideret-shqiptare-pas-humbjes-le-te-ndjekin-shembullin-pajoviqit-doreheqje\/","og_site_name":"Lajme nga Ulqini","article_published_time":"2016-10-17T15:30:26+00:00","article_modified_time":"2016-10-18T15:52:16+00:00","og_image":[{"url":"http:\/\/www.visit-ulcinj.com\/blog\/wp-content\/uploads\/2012\/09\/gencinimanbegu-vaseljsinistaj-mehmetzenka-mehmetbardhi.jpg"}],"twitter_misc":{"Written by":"ulqini","Est. reading time":"2 minutes"},"schema":{"@context":"https:\/\/schema.org","@graph":[{"@type":"WebSite","@id":"https:\/\/www.visit-ulcinj.com\/blog\/#website","url":"https:\/\/www.visit-ulcinj.com\/blog\/","name":"Lajme nga Ulqini","description":"Lajme,Vijesti,Ulqini,Ulqin,Crna Gora,Mali i Zi","potentialAction":[{"@type":"SearchAction","target":{"@type":"EntryPoint","urlTemplate":"https:\/\/www.visit-ulcinj.com\/blog\/?s={search_term_string}"},"query-input":"required name=search_term_string"}],"inLanguage":"en-US"},{"@type":"ImageObject","inLanguage":"en-US","@id":"https:\/\/www.visit-ulcinj.com\/blog\/2016\/10\/17\/nika-lideret-shqiptare-pas-humbjes-le-te-ndjekin-shembullin-pajoviqit-doreheqje\/#primaryimage","url":"https:\/\/www.visit-ulcinj.com\/blog\/wp-content\/uploads\/2012\/09\/gencinimanbegu-vaseljsinistaj-mehmetzenka-mehmetbardhi.jpg","contentUrl":"https:\/\/www.visit-ulcinj.com\/blog\/wp-content\/uploads\/2012\/09\/gencinimanbegu-vaseljsinistaj-mehmetzenka-mehmetbardhi.jpg","width":"1000","height":"677","caption":"Predstavnici albanskih stranaka (Foto: Luka Zekovi?)"},{"@type":"WebPage","@id":"https:\/\/www.visit-ulcinj.com\/blog\/2016\/10\/17\/nika-lideret-shqiptare-pas-humbjes-le-te-ndjekin-shembullin-pajoviqit-doreheqje\/#webpage","url":"https:\/\/www.visit-ulcinj.com\/blog\/2016\/10\/17\/nika-lideret-shqiptare-pas-humbjes-le-te-ndjekin-shembullin-pajoviqit-doreheqje\/","name":"Nika: Lider\u00ebt shqiptar\u00eb pas humbjes, le t\u00eb ndjekin shembullin Pajoviqit me dor\u00ebheqje... ?!! - Lajme nga Ulqini","isPartOf":{"@id":"https:\/\/www.visit-ulcinj.com\/blog\/#website"},"primaryImageOfPage":{"@id":"https:\/\/www.visit-ulcinj.com\/blog\/2016\/10\/17\/nika-lideret-shqiptare-pas-humbjes-le-te-ndjekin-shembullin-pajoviqit-doreheqje\/#primaryimage"},"datePublished":"2016-10-17T15:30:26+00:00","dateModified":"2016-10-18T15:52:16+00:00","author":{"@id":"https:\/\/www.visit-ulcinj.com\/blog\/#\/schema\/person\/dcab619c614d3038751c63bc2aadc06d"},"description":"Shkruan Muhamet \u00a0Nika Llogaria e shqiptar\u00ebve n\u00eb k\u00ebto zgjedhje \u00a0ishte katastrof\u00eb ..., se pse \u00a0po shihet q\u00eb \u00a0\u00e7do nj\u00ebra\u00a0 nga tri listat shqiptare\u00a0 , i \u00e7uan","breadcrumb":{"@id":"https:\/\/www.visit-ulcinj.com\/blog\/2016\/10\/17\/nika-lideret-shqiptare-pas-humbjes-le-te-ndjekin-shembullin-pajoviqit-doreheqje\/#breadcrumb"},"inLanguage":"en-US","potentialAction":[{"@type":"ReadAction","target":["https:\/\/www.visit-ulcinj.com\/blog\/2016\/10\/17\/nika-lideret-shqiptare-pas-humbjes-le-te-ndjekin-shembullin-pajoviqit-doreheqje\/"]}]},{"@type":"BreadcrumbList","@id":"https:\/\/www.visit-ulcinj.com\/blog\/2016\/10\/17\/nika-lideret-shqiptare-pas-humbjes-le-te-ndjekin-shembullin-pajoviqit-doreheqje\/#breadcrumb","itemListElement":[{"@type":"ListItem","position":1,"name":"Nika: Lider\u00ebt shqiptar\u00eb pas humbjes, le t\u00eb ndjekin shembullin Pajoviqit me dor\u00ebheqje&#8230; ?!!"}]},{"@type":"Person","@id":"https:\/\/www.visit-ulcinj.com\/blog\/#\/schema\/person\/dcab619c614d3038751c63bc2aadc06d","name":"ulqini","sameAs":["http:\/\/www.visit-ulcinj.com"],"url":"https:\/\/www.visit-ulcinj.com\/blog\/author\/admin\/"}]}},"jetpack_featured_media_url":"","jetpack_sharing_enabled":true,"jetpack_shortlink":"https:\/\/wp.me\/pe6lTn-q7b","_links":{"self":[{"href":"https:\/\/www.visit-ulcinj.com\/blog\/wp-json\/wp\/v2\/posts\/100389"}],"collection":[{"href":"https:\/\/www.visit-ulcinj.com\/blog\/wp-json\/wp\/v2\/posts"}],"about":[{"href":"https:\/\/www.visit-ulcinj.com\/blog\/wp-json\/wp\/v2\/types\/post"}],"author":[{"embeddable":true,"href":"https:\/\/www.visit-ulcinj.com\/blog\/wp-json\/wp\/v2\/users\/1"}],"replies":[{"embeddable":true,"href":"https:\/\/www.visit-ulcinj.com\/blog\/wp-json\/wp\/v2\/comments?post=100389"}],"version-history":[{"count":4,"href":"https:\/\/www.visit-ulcinj.com\/blog\/wp-json\/wp\/v2\/posts\/100389\/revisions"}],"predecessor-version":[{"id":100403,"href":"https:\/\/www.visit-ulcinj.com\/blog\/wp-json\/wp\/v2\/posts\/100389\/revisions\/100403"}],"wp:attachment":[{"href":"https:\/\/www.visit-ulcinj.com\/blog\/wp-json\/wp\/v2\/media?parent=100389"}],"wp:term":[{"taxonomy":"category","embeddable":true,"href":"https:\/\/www.visit-ulcinj.com\/blog\/wp-json\/wp\/v2\/categories?post=100389"},{"taxonomy":"post_tag","embeddable":true,"href":"https:\/\/www.visit-ulcinj.com\/blog\/wp-json\/wp\/v2\/tags?post=100389"}],"curies":[{"name":"wp","href":"https:\/\/api.w.org\/{rel}","templated":true}]}}