{"id":100408,"date":"2016-10-18T17:06:43","date_gmt":"2016-10-18T16:06:43","guid":{"rendered":"http:\/\/www.visit-ulcinj.com\/blog\/?p=100408"},"modified":"2016-10-18T17:06:43","modified_gmt":"2016-10-18T16:06:43","slug":"xhemal-peroviq-shqiptaret-fituan-pasqyren-e-vet","status":"publish","type":"post","link":"https:\/\/www.visit-ulcinj.com\/blog\/2016\/10\/18\/xhemal-peroviq-shqiptaret-fituan-pasqyren-e-vet\/","title":{"rendered":"Xhemal Peroviq: \u201cShqiptaret fituan pasqyr\u00ebn e vet&#8221;"},"content":{"rendered":"<p><a href=\"http:\/\/www.visit-ulcinj.com\/blog\/wp-content\/uploads\/2016\/10\/Xhemal-Peroviq.jpg\"><img loading=\"lazy\" class=\"alignleft wp-image-100409\" src=\"http:\/\/www.visit-ulcinj.com\/blog\/wp-content\/uploads\/2016\/10\/Xhemal-Peroviq.jpg\" alt=\"Xhemal-Peroviq\" width=\"508\" height=\"395\" srcset=\"https:\/\/www.visit-ulcinj.com\/blog\/wp-content\/uploads\/2016\/10\/Xhemal-Peroviq.jpg 737w, https:\/\/www.visit-ulcinj.com\/blog\/wp-content\/uploads\/2016\/10\/Xhemal-Peroviq-300x233.jpg 300w\" sizes=\"(max-width: 508px) 100vw, 508px\" \/><\/a>Njoh\u00ebsi i proceseve politike n\u00eb Mal t\u00eb Zi n\u00eb nj\u00eb prononcim p\u00ebr <em>Gazeta e Re<\/em>, Xhemal Peroviq, konsideron se zgjedhjet e djeshme jan\u00eb vazhdim\u00ebsi e politik\u00ebs monopoliste t\u00eb, si\u00e7 thot\u00eb ai \u201cregjimit i cili kontrollon \u00e7do segment t\u00eb jet\u00ebs dhe at\u00eb jo vet\u00ebm publik por edhe privat\u00eb\u201d.<\/p>\n<p>\u201cMali i Zi \u00ebsht\u00eb vend i vog\u00ebl ku regjimi i korruptuar dhe krimi i organizuar, q\u00eb lidhet me narkokartelet, ka mund\u00ebsi t\u00eb dirigjoj\u00eb pothuajse \u00e7do familje\u201d, thot\u00eb Peroviq dhe shton\u00eb se regjimi nuk ka fituar kurr\u00eb m\u00eb shum\u00eb sesa i duhet, gjithmon\u00eb rreth 41 \u2013 45 %.<\/p>\n<p>K\u00ebt\u00eb pozicion ai e sheh si realitet i hidhur dhe thot\u00eb se \u201cShqiptaret fituan pasqyr\u00ebn e vet, realitetin e hidhur, si rezultat i toleranc\u00ebs ndaj te gjitha veprimeve t\u00eb k\u00ebtij pushteti n\u00eb d\u00ebm t\u00eb shqiptar\u00ebve: shkat\u00ebrrimi i ekonomis\u00eb, turizmit, bujq\u00ebsis\u00eb, diskriminimit n\u00eb arsim, kultur\u00eb, etj.\u201d<\/p>\n<p>Pra, thot\u00eb ai se \u201csi rezultat i k\u00ebrc\u00ebnimeve dhe varshm\u00ebris\u00eb nga pushteti, sot del DPS partia me e fort\u00eb n\u00eb Ulqin, kurse listat shqiptare edhe pse marrin 9500 vota dhe vet\u00ebm nj\u00eb deputet (p.sh. nj\u00eb deputet, partis\u00eb n\u00eb pushtet i \u201ekushton\u201c rreth 4200 vota).\u201d<\/p>\n<p>Gjendjen e subjekteve politike shqiptare pas procesit zgjedhor t\u00eb mbajtur dje n\u00eb Mal t\u00eb Zi, Peroviq e arsyeton me faktin e \u201cp\u00ebr\u00e7arjeve dhe luft\u00ebs politike absurde mes vete\u201d. Ai t\u00ebrheq v\u00ebrejtjen se \u201cn\u00ebse urgjentisht nuk do veprohet ndryshe, vala e shp\u00ebrnguljes do t\u00eb vazhdoj dhe intensifikohet\u201d.\/Ul.info<\/p>\n","protected":false},"excerpt":{"rendered":"<p>Njoh\u00ebsi i proceseve politike n\u00eb Mal t\u00eb Zi n\u00eb nj\u00eb prononcim p\u00ebr Gazeta e Re, Xhemal Peroviq, konsideron se zgjedhjet e djeshme jan\u00eb vazhdim\u00ebsi e politik\u00ebs monopoliste t\u00eb, si\u00e7 thot\u00eb ai \u201cregjimit i cili kontrollon \u00e7do segment t\u00eb jet\u00ebs dhe at\u00eb jo vet\u00ebm publik por edhe privat\u00eb\u201d. \u201cMali i Zi \u00ebsht\u00eb vend i vog\u00ebl ku [&hellip;]<\/p>\n","protected":false},"author":1,"featured_media":0,"comment_status":"closed","ping_status":"closed","sticky":false,"template":"","format":"standard","meta":{"spay_email":"","jetpack_publicize_message":"","jetpack_is_tweetstorm":false,"jetpack_publicize_feature_enabled":true},"categories":[12],"tags":[],"jetpack_publicize_connections":[],"yoast_head":"<!-- This site is optimized with the Yoast SEO plugin v19.1 - https:\/\/yoast.com\/wordpress\/plugins\/seo\/ -->\n<title>Xhemal Peroviq: \u201cShqiptaret fituan pasqyr\u00ebn e vet&quot; - Lajme nga Ulqini<\/title>\n<meta name=\"description\" content=\"Njoh\u00ebsi i proceseve politike n\u00eb Mal t\u00eb Zi n\u00eb nj\u00eb prononcim p\u00ebr Gazeta e Re, Xhemal Peroviq, konsideron se zgjedhjet e djeshme jan\u00eb vazhdim\u00ebsi e politik\u00ebs\" \/>\n<meta name=\"robots\" content=\"index, follow, max-snippet:-1, max-image-preview:large, max-video-preview:-1\" \/>\n<link rel=\"canonical\" href=\"https:\/\/www.visit-ulcinj.com\/blog\/2016\/10\/18\/xhemal-peroviq-shqiptaret-fituan-pasqyren-e-vet\/\" \/>\n<meta property=\"og:locale\" content=\"en_US\" \/>\n<meta property=\"og:type\" content=\"article\" \/>\n<meta property=\"og:title\" content=\"Xhemal Peroviq: \u201cShqiptaret fituan pasqyr\u00ebn e vet&quot; - Lajme nga Ulqini\" \/>\n<meta property=\"og:description\" content=\"Njoh\u00ebsi i proceseve politike n\u00eb Mal t\u00eb Zi n\u00eb nj\u00eb prononcim p\u00ebr Gazeta e Re, Xhemal Peroviq, konsideron se zgjedhjet e djeshme jan\u00eb vazhdim\u00ebsi e politik\u00ebs\" \/>\n<meta property=\"og:url\" content=\"https:\/\/www.visit-ulcinj.com\/blog\/2016\/10\/18\/xhemal-peroviq-shqiptaret-fituan-pasqyren-e-vet\/\" \/>\n<meta property=\"og:site_name\" content=\"Lajme nga Ulqini\" \/>\n<meta property=\"article:published_time\" content=\"2016-10-18T16:06:43+00:00\" \/>\n<meta property=\"og:image\" content=\"http:\/\/www.visit-ulcinj.com\/blog\/wp-content\/uploads\/2016\/10\/Xhemal-Peroviq.jpg\" \/>\n<meta name=\"twitter:label1\" content=\"Written by\" \/>\n\t<meta name=\"twitter:data1\" content=\"ulqini\" \/>\n\t<meta name=\"twitter:label2\" content=\"Est. reading time\" \/>\n\t<meta name=\"twitter:data2\" content=\"1 minute\" \/>\n<script type=\"application\/ld+json\" class=\"yoast-schema-graph\">{\"@context\":\"https:\/\/schema.org\",\"@graph\":[{\"@type\":\"WebSite\",\"@id\":\"https:\/\/www.visit-ulcinj.com\/blog\/#website\",\"url\":\"https:\/\/www.visit-ulcinj.com\/blog\/\",\"name\":\"Lajme nga Ulqini\",\"description\":\"Lajme,Vijesti,Ulqini,Ulqin,Crna Gora,Mali i Zi\",\"potentialAction\":[{\"@type\":\"SearchAction\",\"target\":{\"@type\":\"EntryPoint\",\"urlTemplate\":\"https:\/\/www.visit-ulcinj.com\/blog\/?s={search_term_string}\"},\"query-input\":\"required name=search_term_string\"}],\"inLanguage\":\"en-US\"},{\"@type\":\"ImageObject\",\"inLanguage\":\"en-US\",\"@id\":\"https:\/\/www.visit-ulcinj.com\/blog\/2016\/10\/18\/xhemal-peroviq-shqiptaret-fituan-pasqyren-e-vet\/#primaryimage\",\"url\":\"https:\/\/www.visit-ulcinj.com\/blog\/wp-content\/uploads\/2016\/10\/Xhemal-Peroviq.jpg\",\"contentUrl\":\"https:\/\/www.visit-ulcinj.com\/blog\/wp-content\/uploads\/2016\/10\/Xhemal-Peroviq.jpg\",\"width\":737,\"height\":573},{\"@type\":\"WebPage\",\"@id\":\"https:\/\/www.visit-ulcinj.com\/blog\/2016\/10\/18\/xhemal-peroviq-shqiptaret-fituan-pasqyren-e-vet\/#webpage\",\"url\":\"https:\/\/www.visit-ulcinj.com\/blog\/2016\/10\/18\/xhemal-peroviq-shqiptaret-fituan-pasqyren-e-vet\/\",\"name\":\"Xhemal Peroviq: \u201cShqiptaret fituan pasqyr\u00ebn e vet\\\" - Lajme nga Ulqini\",\"isPartOf\":{\"@id\":\"https:\/\/www.visit-ulcinj.com\/blog\/#website\"},\"primaryImageOfPage\":{\"@id\":\"https:\/\/www.visit-ulcinj.com\/blog\/2016\/10\/18\/xhemal-peroviq-shqiptaret-fituan-pasqyren-e-vet\/#primaryimage\"},\"datePublished\":\"2016-10-18T16:06:43+00:00\",\"dateModified\":\"2016-10-18T16:06:43+00:00\",\"author\":{\"@id\":\"https:\/\/www.visit-ulcinj.com\/blog\/#\/schema\/person\/dcab619c614d3038751c63bc2aadc06d\"},\"description\":\"Njoh\u00ebsi i proceseve politike n\u00eb Mal t\u00eb Zi n\u00eb nj\u00eb prononcim p\u00ebr Gazeta e Re, Xhemal Peroviq, konsideron se zgjedhjet e djeshme jan\u00eb vazhdim\u00ebsi e politik\u00ebs\",\"breadcrumb\":{\"@id\":\"https:\/\/www.visit-ulcinj.com\/blog\/2016\/10\/18\/xhemal-peroviq-shqiptaret-fituan-pasqyren-e-vet\/#breadcrumb\"},\"inLanguage\":\"en-US\",\"potentialAction\":[{\"@type\":\"ReadAction\",\"target\":[\"https:\/\/www.visit-ulcinj.com\/blog\/2016\/10\/18\/xhemal-peroviq-shqiptaret-fituan-pasqyren-e-vet\/\"]}]},{\"@type\":\"BreadcrumbList\",\"@id\":\"https:\/\/www.visit-ulcinj.com\/blog\/2016\/10\/18\/xhemal-peroviq-shqiptaret-fituan-pasqyren-e-vet\/#breadcrumb\",\"itemListElement\":[{\"@type\":\"ListItem\",\"position\":1,\"name\":\"Xhemal Peroviq: \u201cShqiptaret fituan pasqyr\u00ebn e vet&#8221;\"}]},{\"@type\":\"Person\",\"@id\":\"https:\/\/www.visit-ulcinj.com\/blog\/#\/schema\/person\/dcab619c614d3038751c63bc2aadc06d\",\"name\":\"ulqini\",\"sameAs\":[\"http:\/\/www.visit-ulcinj.com\"],\"url\":\"https:\/\/www.visit-ulcinj.com\/blog\/author\/admin\/\"}]}<\/script>\n<!-- \/ Yoast SEO plugin. -->","yoast_head_json":{"title":"Xhemal Peroviq: \u201cShqiptaret fituan pasqyr\u00ebn e vet\" - Lajme nga Ulqini","description":"Njoh\u00ebsi i proceseve politike n\u00eb Mal t\u00eb Zi n\u00eb nj\u00eb prononcim p\u00ebr Gazeta e Re, Xhemal Peroviq, konsideron se zgjedhjet e djeshme jan\u00eb vazhdim\u00ebsi e politik\u00ebs","robots":{"index":"index","follow":"follow","max-snippet":"max-snippet:-1","max-image-preview":"max-image-preview:large","max-video-preview":"max-video-preview:-1"},"canonical":"https:\/\/www.visit-ulcinj.com\/blog\/2016\/10\/18\/xhemal-peroviq-shqiptaret-fituan-pasqyren-e-vet\/","og_locale":"en_US","og_type":"article","og_title":"Xhemal Peroviq: \u201cShqiptaret fituan pasqyr\u00ebn e vet\" - Lajme nga Ulqini","og_description":"Njoh\u00ebsi i proceseve politike n\u00eb Mal t\u00eb Zi n\u00eb nj\u00eb prononcim p\u00ebr Gazeta e Re, Xhemal Peroviq, konsideron se zgjedhjet e djeshme jan\u00eb vazhdim\u00ebsi e politik\u00ebs","og_url":"https:\/\/www.visit-ulcinj.com\/blog\/2016\/10\/18\/xhemal-peroviq-shqiptaret-fituan-pasqyren-e-vet\/","og_site_name":"Lajme nga Ulqini","article_published_time":"2016-10-18T16:06:43+00:00","og_image":[{"url":"http:\/\/www.visit-ulcinj.com\/blog\/wp-content\/uploads\/2016\/10\/Xhemal-Peroviq.jpg"}],"twitter_misc":{"Written by":"ulqini","Est. reading time":"1 minute"},"schema":{"@context":"https:\/\/schema.org","@graph":[{"@type":"WebSite","@id":"https:\/\/www.visit-ulcinj.com\/blog\/#website","url":"https:\/\/www.visit-ulcinj.com\/blog\/","name":"Lajme nga Ulqini","description":"Lajme,Vijesti,Ulqini,Ulqin,Crna Gora,Mali i Zi","potentialAction":[{"@type":"SearchAction","target":{"@type":"EntryPoint","urlTemplate":"https:\/\/www.visit-ulcinj.com\/blog\/?s={search_term_string}"},"query-input":"required name=search_term_string"}],"inLanguage":"en-US"},{"@type":"ImageObject","inLanguage":"en-US","@id":"https:\/\/www.visit-ulcinj.com\/blog\/2016\/10\/18\/xhemal-peroviq-shqiptaret-fituan-pasqyren-e-vet\/#primaryimage","url":"https:\/\/www.visit-ulcinj.com\/blog\/wp-content\/uploads\/2016\/10\/Xhemal-Peroviq.jpg","contentUrl":"https:\/\/www.visit-ulcinj.com\/blog\/wp-content\/uploads\/2016\/10\/Xhemal-Peroviq.jpg","width":737,"height":573},{"@type":"WebPage","@id":"https:\/\/www.visit-ulcinj.com\/blog\/2016\/10\/18\/xhemal-peroviq-shqiptaret-fituan-pasqyren-e-vet\/#webpage","url":"https:\/\/www.visit-ulcinj.com\/blog\/2016\/10\/18\/xhemal-peroviq-shqiptaret-fituan-pasqyren-e-vet\/","name":"Xhemal Peroviq: \u201cShqiptaret fituan pasqyr\u00ebn e vet\" - Lajme nga Ulqini","isPartOf":{"@id":"https:\/\/www.visit-ulcinj.com\/blog\/#website"},"primaryImageOfPage":{"@id":"https:\/\/www.visit-ulcinj.com\/blog\/2016\/10\/18\/xhemal-peroviq-shqiptaret-fituan-pasqyren-e-vet\/#primaryimage"},"datePublished":"2016-10-18T16:06:43+00:00","dateModified":"2016-10-18T16:06:43+00:00","author":{"@id":"https:\/\/www.visit-ulcinj.com\/blog\/#\/schema\/person\/dcab619c614d3038751c63bc2aadc06d"},"description":"Njoh\u00ebsi i proceseve politike n\u00eb Mal t\u00eb Zi n\u00eb nj\u00eb prononcim p\u00ebr Gazeta e Re, Xhemal Peroviq, konsideron se zgjedhjet e djeshme jan\u00eb vazhdim\u00ebsi e politik\u00ebs","breadcrumb":{"@id":"https:\/\/www.visit-ulcinj.com\/blog\/2016\/10\/18\/xhemal-peroviq-shqiptaret-fituan-pasqyren-e-vet\/#breadcrumb"},"inLanguage":"en-US","potentialAction":[{"@type":"ReadAction","target":["https:\/\/www.visit-ulcinj.com\/blog\/2016\/10\/18\/xhemal-peroviq-shqiptaret-fituan-pasqyren-e-vet\/"]}]},{"@type":"BreadcrumbList","@id":"https:\/\/www.visit-ulcinj.com\/blog\/2016\/10\/18\/xhemal-peroviq-shqiptaret-fituan-pasqyren-e-vet\/#breadcrumb","itemListElement":[{"@type":"ListItem","position":1,"name":"Xhemal Peroviq: \u201cShqiptaret fituan pasqyr\u00ebn e vet&#8221;"}]},{"@type":"Person","@id":"https:\/\/www.visit-ulcinj.com\/blog\/#\/schema\/person\/dcab619c614d3038751c63bc2aadc06d","name":"ulqini","sameAs":["http:\/\/www.visit-ulcinj.com"],"url":"https:\/\/www.visit-ulcinj.com\/blog\/author\/admin\/"}]}},"jetpack_featured_media_url":"","jetpack_sharing_enabled":true,"jetpack_shortlink":"https:\/\/wp.me\/pe6lTn-q7u","_links":{"self":[{"href":"https:\/\/www.visit-ulcinj.com\/blog\/wp-json\/wp\/v2\/posts\/100408"}],"collection":[{"href":"https:\/\/www.visit-ulcinj.com\/blog\/wp-json\/wp\/v2\/posts"}],"about":[{"href":"https:\/\/www.visit-ulcinj.com\/blog\/wp-json\/wp\/v2\/types\/post"}],"author":[{"embeddable":true,"href":"https:\/\/www.visit-ulcinj.com\/blog\/wp-json\/wp\/v2\/users\/1"}],"replies":[{"embeddable":true,"href":"https:\/\/www.visit-ulcinj.com\/blog\/wp-json\/wp\/v2\/comments?post=100408"}],"version-history":[{"count":1,"href":"https:\/\/www.visit-ulcinj.com\/blog\/wp-json\/wp\/v2\/posts\/100408\/revisions"}],"predecessor-version":[{"id":100410,"href":"https:\/\/www.visit-ulcinj.com\/blog\/wp-json\/wp\/v2\/posts\/100408\/revisions\/100410"}],"wp:attachment":[{"href":"https:\/\/www.visit-ulcinj.com\/blog\/wp-json\/wp\/v2\/media?parent=100408"}],"wp:term":[{"taxonomy":"category","embeddable":true,"href":"https:\/\/www.visit-ulcinj.com\/blog\/wp-json\/wp\/v2\/categories?post=100408"},{"taxonomy":"post_tag","embeddable":true,"href":"https:\/\/www.visit-ulcinj.com\/blog\/wp-json\/wp\/v2\/tags?post=100408"}],"curies":[{"name":"wp","href":"https:\/\/api.w.org\/{rel}","templated":true}]}}