{"id":100419,"date":"2016-10-18T17:52:05","date_gmt":"2016-10-18T16:52:05","guid":{"rendered":"http:\/\/www.visit-ulcinj.com\/blog\/?p=100419"},"modified":"2016-10-21T17:22:41","modified_gmt":"2016-10-21T16:22:41","slug":"nazif-cungu-rrefen-votimet-votat-ne-mal-te-zi-u-blene-asimilimi-shqiptareve-ne-plave-e-guci-dramatik","status":"publish","type":"post","link":"https:\/\/www.visit-ulcinj.com\/blog\/2016\/10\/18\/nazif-cungu-rrefen-votimet-votat-ne-mal-te-zi-u-blene-asimilimi-shqiptareve-ne-plave-e-guci-dramatik\/","title":{"rendered":"Nazif Cungu rr\u00ebfen votimet: Votat n\u00eb Mal t\u00eb Zi u blen\u00eb, asimilimi i shqiptar\u00ebve n\u00eb Plav\u00eb e Guci, dramatik"},"content":{"rendered":"<p><strong><em><a href=\"http:\/\/www.visit-ulcinj.com\/blog\/wp-content\/uploads\/2016\/10\/Nazif-Cungu-Votimet-Ulqin.jpg\"><img loading=\"lazy\" class=\"alignleft wp-image-100420\" src=\"http:\/\/www.visit-ulcinj.com\/blog\/wp-content\/uploads\/2016\/10\/Nazif-Cungu-Votimet-Ulqin.jpg\" alt=\"Nazif Cungu-Votimet-Ulqin\" width=\"508\" height=\"339\" srcset=\"https:\/\/www.visit-ulcinj.com\/blog\/wp-content\/uploads\/2016\/10\/Nazif-Cungu-Votimet-Ulqin.jpg 960w, https:\/\/www.visit-ulcinj.com\/blog\/wp-content\/uploads\/2016\/10\/Nazif-Cungu-Votimet-Ulqin-300x200.jpg 300w, https:\/\/www.visit-ulcinj.com\/blog\/wp-content\/uploads\/2016\/10\/Nazif-Cungu-Votimet-Ulqin-768x512.jpg 768w\" sizes=\"(max-width: 508px) 100vw, 508px\" \/><\/a>Zgjedhjet n\u00eb Malin e Zi kaluan pa incidente dhe shp\u00ebrb\u00ebrja e Parlamentit t\u00eb \u201cvjet\u00ebr\u201d u duartrokit. Megjithat\u00eb, kryetari i Komun\u00ebs s\u00eb Ulqinit, Nazif Cungu, nuk \u00ebsht\u00eb shum\u00eb i k\u00ebnaqur me rezultatet. Cungu, i cili \u00ebsht\u00eb nj\u00ebkoh\u00ebsisht edhe kryetar i Forc\u00ebs s\u00eb Re Demokratike shqet\u00ebsohet p\u00ebr p\u00ebr\u00e7arjen e shqiptar\u00ebve n\u00eb tri lista, gj\u00eb q\u00eb jo vet\u00ebm ka eliminuar mund\u00ebsin\u00eb e nj\u00eb deputeti t\u00eb tret\u00eb n\u00eb Parlamentin e Malit t\u00eb Zi, por rrezikon edhe deputetin e dyt\u00eb, duke ulur n\u00eb minimum p\u00ebrfaq\u00ebsimin e shqiptar\u00ebve n\u00eb qeverin\u00eb e re. \u201cGjendja social-ekonomike e shqiptar\u00ebve t\u00eb Malit t\u00eb Zi si pasoj\u00eb e diskriminimit q\u00eb vazhdon p\u00ebr mbi nj\u00eb shekull, l\u00eb shum\u00eb p\u00ebr t\u00eb d\u00ebshiruar dhe prandaj ka m\u00eb shum\u00eb shanse q\u00eb ata t\u00eb detyrohen t\u00eb shesin vot\u00ebn p\u00ebr nj\u00eb shp\u00ebrblim material\u201d, shprehet Nazif Cungu p\u00ebr \u201cGazeta Shqiptare\u201d, teksa pranon me keqardhje q\u00eb n\u00eb em\u00ebr t\u00eb fqinj\u00ebsis\u00eb s\u00eb mir\u00eb, Tirana zyrtare i ka braktisur bashk\u00ebkomb\u00ebsit e saj n\u00eb Malin e Zi.<\/em><\/strong><\/p>\n<p>***<\/p>\n<p><strong>Sapo jan\u00eb mbyllur votimet n\u00eb zgjedhjet parlamentare t\u00eb Malit t\u00eb Zi, cila \u00ebsht\u00eb p\u00ebrshtypja juaj p\u00ebr fushat\u00ebn zgjedhore t\u00eb k\u00ebtij viti dhe si e gjykoni procesin elektoral?<\/strong><strong><br \/>\n<\/strong>Fushata ka qen\u00eb m\u00eb agresive se fushatat e m\u00ebparshme parlamentare dhe niveli i organizimit dhe sofistikimit t\u00eb marketingut politik ka arritur nivel sip\u00ebror. K\u00ebto zgjedhje vijn\u00eb pas nj\u00eb periudhe krize t\u00eb brendshme politike me protesta dhe formimit t\u00eb nj\u00eb koalicionit t\u00eb madh me opozit\u00ebn, prandaj ishte e pritshme q\u00eb edhe fushata ta reflektonte k\u00ebt\u00eb klim\u00eb t\u00eb tensionuar. Ky intensitet ka pasur impaktin e vet edhe tek pjes\u00ebmarrja n\u00eb votime, e cila sivjet ka qen\u00eb m\u00eb e lart\u00eb se n\u00eb zgjedhjet e m\u00ebparshme parlamentare. P\u00ebr sa i p\u00ebrket procesit zgjedhor, jan\u00eb denoncuar parregullsi t\u00eb vogla sporadike tek-tuk, por n\u00eb p\u00ebrgjith\u00ebsi procesi zgjedhor ka kaluar pa konfliktualitet. Fenomeni m\u00eb problematik q\u00eb \u00ebsht\u00eb v\u00ebn\u00eb re ka qen\u00eb ai i blerjes s\u00eb vot\u00ebs, i cili prek sidomos segmentet e varfra t\u00eb shoq\u00ebris\u00eb e k\u00ebtu futen edhe shqiptar\u00ebt. Gjendja social-ekonomike e shqiptar\u00ebve t\u00eb Malit t\u00eb Zi si pasoj\u00eb e diskriminimit q\u00eb vazhdon p\u00ebr mbi nj\u00eb shekull, l\u00eb shum\u00eb p\u00ebr t\u00eb d\u00ebshiruar dhe prandaj ka m\u00eb shum\u00eb shanse q\u00eb ata t\u00eb detyrohen t\u00eb shesin vot\u00ebn p\u00ebr nj\u00eb shp\u00ebrblim material.<\/p>\n<p><strong>Cilat kan\u00eb qen\u00eb temat kryesore t\u00eb debateve elektorale dhe \u00e7far\u00eb sfidash do t\u00eb ket\u00eb parlamenti i ardhsh\u00ebm i Malit t\u00eb Zi?<\/strong><strong><br \/>\n<\/strong>Debati elektoral \u00ebsht\u00eb n\u00eb nivel shtet\u00ebror, \u00ebsht\u00eb zhvilluar n\u00eb dy boshte. I pari dhe m\u00eb i r\u00ebnd\u00ebsishmi kishte t\u00eb b\u00ebnte me orientimin gjeopolitik t\u00eb Malit t\u00eb Zi drejt NATO-s dhe Bashkimit Evropian dhe k\u00ebtu qeveria e Gjukanoviqit ka hasur n\u00eb nj\u00eb kund\u00ebrshtim t\u00eb ashp\u00ebr t\u00eb partive politike serbe. K\u00ebto parti, q\u00eb n\u00eb shumic\u00ebn e rasteve jan\u00eb t\u00eb dirigjuara nga jasht\u00eb Malit t\u00eb Zi, e kan\u00eb kund\u00ebrshtuar ashp\u00ebr procesin e integrimit Euro- Atlantik dhe kan\u00eb shprehur hapur simpatin\u00eb e tyre pro ruse. B\u00ebhet fjal\u00eb p\u00ebr t\u00eb nj\u00ebjtat parti, q\u00eb dikur ishin kund\u00ebr pavar\u00ebsimit t\u00eb Malit t\u00eb Zi n\u00eb referendumin e dhjet\u00eb viteve m\u00eb par\u00eb. Kjo \u00ebsht\u00eb arsyeja p\u00ebrse gjat\u00eb k\u00ebsaj fushate \u00ebsht\u00eb v\u00ebn\u00eb re edhe nj\u00eb shtrirje e madhe e ndikimit t\u00eb Mosk\u00ebs dhe Beogradit, sidomos n\u00ebp\u00ebrmjet financimeve t\u00eb partive opozitare serbe.<\/p>\n<p>N\u00eb ket\u00eb aspekt partit\u00eb tona shqiptare jan\u00eb t\u00eb pozicionuara qart\u00eb sikurse gjat\u00eb referendumit n\u00eb favor t\u00eb konsolidimit t\u00eb shtetit t\u00eb pavarur e demokratik t\u00eb Malit t\u00eb Zi dhe mb\u00ebshtesim pa kushte an\u00ebtar\u00ebsimin n\u00eb NATO dhe BE. Boshti i dyt\u00eb ka qen\u00eb debati i brendsh\u00ebm politik, q\u00eb ka pasur t\u00eb b\u00ebj\u00eb kryesisht me ekonomin\u00eb dhe konsolidimin e demokracis\u00eb dhe sundimit t\u00eb ligjit. Mali i Zi ka hyr\u00eb prej disa vitesh n\u00eb nj\u00eb kriz\u00eb t\u00eb madhe ekonomike dhe n\u00eb nj\u00eb stanjacion p\u00ebr sa i p\u00ebrket konsolidimit t\u00eb sundimit t\u00eb ligjit dhe demokracis\u00eb. \u00cbsht\u00eb b\u00ebr\u00eb tashm\u00eb e domosdoshme q\u00eb t\u00eb nd\u00ebrmerren reforma rr\u00ebnj\u00ebsore dhe energjike p\u00ebr ta p\u00ebrmir\u00ebsuar situat\u00ebn dhe p\u00ebr t\u00eb garantuar mir\u00ebqenie p\u00ebr qytetar\u00ebt e k\u00ebtij shteti. K\u00ebto dy do t\u00eb jen\u00eb sfidat kryesore me t\u00eb cilat do t\u00eb p\u00ebrballet parlamenti q\u00eb do dal\u00eb prej k\u00ebtyre zgjedhjeve.<\/p>\n<p><strong>Si ballafaqohet faktori politik shqiptar n\u00eb Mal t\u00eb Zi me k\u00ebto zgjedhje dhe \u00e7far\u00eb implikimesh priten p\u00ebr partit\u00eb shqiptare?<\/strong><strong><br \/>\n<\/strong>Faktori shqiptar ndodhet m\u00eb i dob\u00ebt se kurr\u00eb dhe n\u00eb kushtet e mbijetes\u00ebs. Si pasoj\u00eb e diskriminimit t\u00eb r\u00ebnd\u00eb, fshatra e krahina t\u00eb t\u00ebra e kan\u00eb braktisur identitetin ton\u00eb komb\u00ebtar e jan\u00eb asimiluar. Mjafton t\u00eb shikohet Rozhaja e Plava e Gucia p\u00ebr t\u00eb par\u00eb sa masive e dramatike ka qen\u00eb ky asimilim. Po ashtu, trojet shqiptare jen\u00eb m\u00eb t\u00eb neglizhuarat p\u00ebr sa u p\u00ebrket fondeve infrastrukturore, nd\u00ebrkoh\u00eb q\u00eb edhe n\u00eb t\u00eb kaluar\u00ebn kan\u00eb munguar investimet n\u00eb nd\u00ebrmarrje publike. Ne jemi diskriminuar dhe vazhdojm\u00eb t\u00eb diskriminohemi edhe sot p\u00ebr sa i p\u00ebrket pun\u00ebsimit n\u00eb institucione shtet\u00ebrore dhe sot ne jemi populli m\u00eb pak i p\u00ebrfaq\u00ebsuar me kuadro n\u00eb institucionet shtet\u00ebrore n\u00eb Malin e Zi, me vet\u00ebm 1% t\u00eb kuadrove, nd\u00ebrkoh\u00eb q\u00eb p\u00ebrb\u00ebjm\u00eb s\u00eb paku 5% t\u00eb popullsis\u00eb. Kjo ka b\u00ebr\u00eb q\u00eb populli shqiptar n\u00eb Mal t\u00eb Zi t\u00eb detyrohet t\u00eb ket\u00eb nivelin m\u00eb t\u00eb lart\u00eb t\u00eb emigracionit me p\u00ebraf\u00ebrsisht 60% n\u00eb disa zona.<\/p>\n<p>T\u00eb dyja k\u00ebto fenomene kan\u00eb vazhduar edhe gjat\u00eb viteve t\u00eb fundit dhe brenda dy censusesh, 2001-2011, p\u00ebrqindja e shqiptar\u00ebve ra nga 7% drejt 5%. Sikur t\u00eb mos mjaftoj\u00eb pak\u00ebsimi i numrit t\u00eb shqiptar\u00ebve, si pasoj\u00eb e gjendjes s\u00eb r\u00ebnd\u00eb ekonomike dhe presionit t\u00eb madh nj\u00eb pjes\u00eb e votuesve tan\u00eb, pothuaj \u00e7ereku, votojn\u00eb p\u00ebr parti malazeze e jo p\u00ebr partit\u00eb etnike shqiptare. Diskriminimi politik ndaj shqiptar\u00ebve arriti kulmin kur u ndryshua sistemi zgjedhor n\u00eb 2009 dhe na u hoq\u00ebn pes\u00eb deputet\u00ebt e garantuar me ligj dhe tani maksimumi q\u00eb mund t\u00eb nxjerrin shqiptar\u00ebt jan\u00eb vet\u00ebm tre deputet\u00eb. Mir\u00ebpo situata jon\u00eb \u00ebsht\u00eb b\u00ebr\u00eb edhe m\u00eb dramatike si pasoj\u00eb e p\u00ebr\u00e7arjes, sepse n\u00eb vend q\u00eb t\u00eb garonim me nj\u00eb list\u00eb t\u00eb p\u00ebrbashk\u00ebt, jemi t\u00eb p\u00ebr\u00e7ar\u00eb n\u00eb tri lista, gj\u00eb q\u00eb \u00ebsht\u00eb absurde duke ditur sa t\u00eb pakt\u00eb jemi. Mund t\u00eb jet\u00eb e kuptueshme dhe e pranueshme deri diku t\u00eb garojm\u00eb me dy lista p\u00ebr hir t\u00eb pluralizmit mir\u00ebpo tre \u00ebsht\u00eb absurde, sepse lista e tret\u00eb n\u00eb kushtet aktuale e ka t\u00eb pamundur t\u00eb siguroj\u00eb nj\u00eb deputet vet\u00eb, por thjesht ua pamund\u00ebson dy listave t\u00eb para q\u00eb t\u00eb marrin deputetin e tret\u00eb shqiptar. Kjo \u00ebsht\u00eb nj\u00eb p\u00ebrs\u00ebritje e situat\u00ebs s\u00eb zgjedhjeve t\u00eb kaluara parlamentare t\u00eb vitit 2012, kur lista e re u krijua n\u00eb momentin e fundit pak koh\u00eb para zgjedhjeve mori 531, duke \u00e7uar d\u00ebm deputetin e tret\u00eb shqiptar.<\/p>\n<p>Sikur vet\u00ebm 250 prej k\u00ebtyre votave t\u00eb k\u00ebsaj liste t\u00eb kishin shkuar tek nj\u00eb list\u00eb tjet\u00ebr zgjedhore, shqiptar\u00ebt do t\u00eb kishin nj\u00eb deputet t\u00eb tret\u00eb dhe nuk do katandiseshin me dy. E nj\u00ebjta gj\u00eb po ndodh sivjet n\u00eb Mal t\u00eb Zi, nj\u00eb list\u00eb e re e improvizuar pak jav\u00eb para zgjedhjeve rrezikon jo vet\u00ebm mandatin e tret\u00eb, por edhe t\u00eb dytin shqiptar. Kjo gj\u00eb \u00ebsht\u00eb b\u00ebr\u00eb tanim\u00eb nj\u00eb tradit\u00eb e hidhur q\u00eb nuk mund t\u00eb konsiderohet m\u00eb thjesht\u00eb rast\u00ebsi, por t\u00eb l\u00eb t\u00eb mendosh m\u00eb t\u00eb keqen. Un\u00eb nuk dua t\u00eb dukem konspirativ, por kjo situat\u00eb t\u00eb l\u00eb t\u00eb mendosh p\u00ebr nj\u00eb infiltrim tek faktori politik shqiptar t\u00eb kund\u00ebrshtar\u00ebve tradicional\u00eb t\u00eb t\u00eb drejtave t\u00eb shqiptar\u00ebve, t\u00eb cil\u00ebt e din\u00eb mir\u00eb se p\u00ebr\u00e7arja na b\u00ebn m\u00eb t\u00eb dob\u00ebt e t\u00eb pafuqish\u00ebm. Bashkimi i faktorit shqiptar n\u00eb Mal t\u00eb Zi u sh\u00ebrben jo vet\u00ebm interesave tona komb\u00ebtare, por edhe interesave t\u00eb Malit t\u00eb Zi, pasi ne jemi faktor konstruktiv p\u00ebr konsolidimin e k\u00ebtij shteti dhe integrimin Euro-Atlantik. Prandaj n\u00eb k\u00ebt\u00eb aspekt ne kemi shum\u00eb nevoj\u00eb nga Tirana e Prishtina q\u00eb t\u00eb na ndihmojn\u00eb p\u00ebr t\u00eb parandaluar d\u00ebmet q\u00eb na vijn\u00eb nga elementet e huaja p\u00ebr\u00e7ar\u00ebse.<\/p>\n<p><strong>Me cilat subjekte jeni t\u00eb gatsh\u00ebm t\u00eb bashk\u00ebpunoni kur t\u00eb vij koha e koalicioneve paszgjedhore?<\/strong><strong><br \/>\n<\/strong>Koalicioni ku un\u00eb b\u00ebj pjes\u00eb \u00ebsht\u00eb faktori politik m\u00eb i fuqish\u00ebm shqiptar dhe ka nj\u00eb program t\u00eb qart\u00eb e t\u00eb plot\u00eb politik. Kuptohet q\u00eb pas zgjedhjeve, ne do bashk\u00ebpunojm\u00eb me ato parti politike n\u00eb Mal t\u00eb Zi, q\u00eb pajtohen me vizionin ton\u00eb politik dhe na mund\u00ebsojn\u00eb q\u00eb t\u00eb p\u00ebrmbushim k\u00ebt\u00eb platform\u00eb, e cila mbron interesat e popullit shqiptar t\u00eb Malit. Ne synojm\u00eb mbrojtjen e identitetit, simboleve, gjuh\u00ebs, traditave, monumenteve dhe arsimit ton\u00eb komb\u00ebtar. Po ashtu synojm\u00eb ndaljen e diskriminimit, e asimilimit dhe e emigracionit. Ne do t\u00eb promovojm\u00eb nj\u00eb p\u00ebrfaq\u00ebsim t\u00eb drejt\u00eb t\u00eb kuadrove shqiptar\u00eb n\u00eb institucionet shtet\u00ebrore t\u00eb Malit t\u00eb Zi, sepse t\u00eb rinjt\u00eb tan\u00eb jan\u00eb neglizhuar n\u00eb pun\u00ebsimet n\u00eb institucionet qendrore.<\/p>\n<p>Po ashtu, p\u00ebrpiqemi q\u00eb t\u00eb luftojm\u00eb diskriminimin ekonomik, duke garantuar m\u00eb shum\u00eb investime infrastrukturore dhe sh\u00ebrbime m\u00eb t\u00eb mira publike n\u00eb trojet e banuara nga shqiptar\u00ebt. Koalicioni yn\u00eb nj\u00ebherazi promovon integrimet Euro-Atlantike t\u00eb shtetit t\u00eb Malit t\u00eb Zi, sepse jemi t\u00eb vet\u00ebdijsh\u00ebm se k\u00ebto procese integruese garantojn\u00eb maksimumin e respektit p\u00ebr t\u00eb drejtat e pakicave komb\u00ebtare si dhe maksimumin e mir\u00ebqenies ekonomike dhe stabilitetit n\u00eb Mal t\u00eb Zi e rajon. Kuptohet q\u00eb edhe ne kemi disa vija t\u00eb kuqe p\u00ebr sa i p\u00ebrket bashk\u00ebpunimit sikurse jan\u00eb respektimi i t\u00eb drejtave dhe lirive t\u00eb shqiptar\u00ebve, respektimi dhe konsolidimi i marr\u00ebdh\u00ebnieve me shtetet fqinje t\u00eb banuara me shqiptar\u00eb si Kosova e Shqip\u00ebria si dhe orientimi i qart\u00eb gjeostrategjik drejt aleanc\u00ebs me Shtetet e Bashkuara t\u00eb Amerik\u00ebs dhe aleat\u00ebt e tjer\u00eb t\u00eb NATO-s.<\/p>\n<p><strong>Si e shikoni marr\u00ebdh\u00ebnien mes Malit t\u00eb Zi dhe Shqip\u00ebris\u00eb dhe \u00e7far\u00eb rekomandimesh do t\u00eb kishit p\u00ebr Tiran\u00ebn zyrtare?<\/strong><strong><br \/>\n<\/strong>Ne e p\u00ebrkrahim p\u00ebrmir\u00ebsimin e marr\u00ebdh\u00ebnieve mes Tiran\u00ebs dhe Podgoric\u00ebs dhe jemi t\u00eb g\u00ebzuar q\u00eb t\u00eb dy shtetet i p\u00ebrkasin realitetit Euro-Atlantik. Ne e p\u00ebrsh\u00ebndesim mb\u00ebshtetjen q\u00eb Tirana i ka dh\u00ebn\u00eb an\u00ebtar\u00ebsimit t\u00eb Malit t\u00eb Zi n\u00eb NATO, duke qen\u00eb shteti i par\u00eb an\u00ebtar q\u00eb e ka ratifikuar k\u00ebt\u00eb marr\u00ebveshje. Mir\u00ebpo m\u00eb duhet t\u00eb them gjithashtu q\u00eb kemi rezerva p\u00ebr sa i p\u00ebrket v\u00ebmendjes kushtuar t\u00eb drejtave dhe interesave t\u00eb shqiptar\u00ebve n\u00eb Mal t\u00eb Zi, t\u00eb cilat kemi par\u00eb se shpesh jan\u00eb neglizhuar p\u00ebr hir t\u00eb fqinj\u00ebsis\u00eb s\u00eb mir\u00eb mes dy shteteve. Ne jemi t\u00eb vet\u00ebdijsh\u00ebm q\u00eb faktori nd\u00ebrkomb\u00ebtar e ka kriter t\u00eb integrimit evropian fqinj\u00ebsin\u00eb e mir\u00eb dhe raportin sa m\u00eb pozitiv bilateral mes Shqip\u00ebris\u00eb dhe Malit t\u00eb Zi. Mir\u00ebpo, nj\u00ebherazi presim prej Tiran\u00ebs q\u00eb t\u00eb p\u00ebrmbush\u00eb edhe obligimin kushtetues t\u00eb kujdeset p\u00ebr shqiptar\u00ebt jasht\u00eb shtetit am\u00eb e mos t\u00eb kujdeset vet\u00ebm p\u00ebr imazhin q\u00eb krijon n\u00eb Bruksel.<\/p>\n<p>Nd\u00ebrkoh\u00eb q\u00eb Podgorica dhe Tirana zyrtare nd\u00ebrmarrin vizita t\u00eb nd\u00ebrsjella t\u00eb niveleve m\u00eb t\u00eb larta dhe flasin p\u00ebr marr\u00ebdh\u00ebnie t\u00eb shk\u00eblqyera tek ne ka vazhduar sikurse e p\u00ebrmenda m\u00eb sip\u00ebr diskriminimi, asimilimi, emigracioni dhe varf\u00ebrimi i popullit shqiptar. Neve na u ndryshua sistemi zgjedhor dhe na u hoq\u00ebn pes\u00eb mandate t\u00eb garantuara p\u00ebr pakic\u00ebn shqiptare k\u00ebtu dhe asnj\u00eb z\u00eb nuk u ngrit nga Tirana zyrtare p\u00ebr t\u00eb na mbrojtur nga kjo padrejt\u00ebsi. Prandaj ne shpresojm\u00eb q\u00eb marr\u00ebdh\u00ebniet Tiran\u00eb- Podgoric\u00eb t\u00eb kusht\u00ebzohen edhe nga trajtimi q\u00eb Podgorica u b\u00ebn shqiptar\u00ebve q\u00eb jetojn\u00eb n\u00eb trojet e tyre shekullore, q\u00eb jan\u00eb prej 130 vitesh brenda shtetit t\u00eb Malit t\u00eb Zi. Po ashtu, shpresojm\u00eb q\u00eb Tirana t\u00eb marr\u00eb m\u00eb seriozisht e t\u00eb shtyj\u00eb p\u00ebrpara sa m\u00eb fuqish\u00ebm disa projekte infrastrukturore me interes komb\u00ebtar, si\u00e7 jan\u00eb nd\u00ebrtimi i disa pikave t\u00eb reja nd\u00ebrkufitare p\u00ebr t\u2019i nxjerr\u00eb viset tona nga izolimi dhe p\u00ebr t\u00eb lidhur m\u00eb shum\u00eb shqiptar\u00ebt mes nj\u00ebritjetrit.<\/p>\n<p>K\u00ebshtu p\u00ebr shembull, edhe pse kan\u00eb kaluar pes\u00eb vite nga n\u00ebnshkrimi i marr\u00ebveshjes p\u00ebr krijimin e pik\u00ebs kufitare nd\u00ebrmjet Shqip\u00ebris\u00eb dhe Malit t\u00eb Zi n\u00eb Qaf\u00eb t\u00eb Vranic\u00ebs, q\u00eb do t\u00eb lidhte Plav\u00ebn me Tropoj\u00ebn n\u00ebp\u00ebrmjet \u00c7eremit, asgj\u00eb nuk \u00ebsht\u00eb materializuar ende nga t\u00eb dyja shtetet. Nj\u00eb tjet\u00ebr vendkalim kufitar me r\u00ebnd\u00ebsi \u00ebsht\u00eb ajo n\u00eb Skje- Zogaj buz\u00eb liqenit, e cila do t\u00eb integroj\u00eb ofert\u00ebn turistike t\u00eb bregut t\u00eb liqenit t\u00eb Shkodr\u00ebs dhe nxirrte nga izolimi krahin\u00ebn e l\u00ebn\u00eb pas dore t\u00eb Kraj\u00ebs n\u00eb Malin e Zi. Kjo rrug\u00eb dhe kjo pik\u00eb kufitare ka kosto minimale, pasi rruga ekzistuese e asfaltuar Shkod\u00ebr- Shirok\u00eb-Zogaj \u00ebsht\u00eb vet\u00ebm dy-tri kilometra larg rrug\u00ebs s\u00eb asfaltuar t\u00eb Skjes\u00eb n\u00eb territorin e Malit t\u00eb Zi. Mir\u00ebpo nga ana tjet\u00ebr do t\u00eb shp\u00ebtonte Kraj\u00ebn nga izolimi dhe varf\u00ebria dhe do ndalte emigracionin, i cili ka zbrazur tashm\u00eb 70% e k\u00ebsaj krahine shqiptare. Me leverdi t\u00eb madhe do t\u00eb ishte edhe nd\u00ebrtimi i nj\u00eb pik\u00eb e re kufitare sip\u00ebr Bun\u00ebs dhe i rrug\u00ebs p\u00ebrkat\u00ebse n\u00eb Sh\u00ebn Koll-Pulaj, e cila do t\u00eb integroj\u00eb ofert\u00ebn turistike t\u00eb Plazhit t\u00eb Madh me at\u00eb t\u00eb Velipoj\u00ebs.<\/p>\n<p><strong>Koha Jon\u00eb<\/strong><\/p>\n","protected":false},"excerpt":{"rendered":"<p>Zgjedhjet n\u00eb Malin e Zi kaluan pa incidente dhe shp\u00ebrb\u00ebrja e Parlamentit t\u00eb \u201cvjet\u00ebr\u201d u duartrokit. Megjithat\u00eb, kryetari i Komun\u00ebs s\u00eb Ulqinit, Nazif Cungu, nuk \u00ebsht\u00eb shum\u00eb i k\u00ebnaqur me rezultatet. Cungu, i cili \u00ebsht\u00eb nj\u00ebkoh\u00ebsisht edhe kryetar i Forc\u00ebs s\u00eb Re Demokratike shqet\u00ebsohet p\u00ebr p\u00ebr\u00e7arjen e shqiptar\u00ebve n\u00eb tri lista, gj\u00eb q\u00eb jo vet\u00ebm [&hellip;]<\/p>\n","protected":false},"author":1,"featured_media":0,"comment_status":"closed","ping_status":"closed","sticky":false,"template":"","format":"standard","meta":{"spay_email":"","jetpack_publicize_message":"","jetpack_is_tweetstorm":false,"jetpack_publicize_feature_enabled":true},"categories":[6],"tags":[],"jetpack_publicize_connections":[],"yoast_head":"<!-- This site is optimized with the Yoast SEO plugin v19.1 - https:\/\/yoast.com\/wordpress\/plugins\/seo\/ -->\n<title>Nazif Cungu rr\u00ebfen votimet: Votat n\u00eb Mal t\u00eb Zi u blen\u00eb, asimilimi i shqiptar\u00ebve n\u00eb Plav\u00eb e Guci, dramatik - Lajme nga Ulqini<\/title>\n<meta name=\"description\" content=\"Zgjedhjet n\u00eb Malin e Zi kaluan pa incidente dhe shp\u00ebrb\u00ebrja e Parlamentit t\u00eb \u201cvjet\u00ebr\u201d u duartrokit. Megjithat\u00eb, kryetari i Komun\u00ebs s\u00eb Ulqinit, Nazif Cungu,\" \/>\n<meta name=\"robots\" content=\"index, follow, max-snippet:-1, max-image-preview:large, max-video-preview:-1\" \/>\n<link rel=\"canonical\" href=\"https:\/\/www.visit-ulcinj.com\/blog\/2016\/10\/18\/nazif-cungu-rrefen-votimet-votat-ne-mal-te-zi-u-blene-asimilimi-shqiptareve-ne-plave-e-guci-dramatik\/\" \/>\n<meta property=\"og:locale\" content=\"en_US\" \/>\n<meta property=\"og:type\" content=\"article\" \/>\n<meta property=\"og:title\" content=\"Nazif Cungu rr\u00ebfen votimet: Votat n\u00eb Mal t\u00eb Zi u blen\u00eb, asimilimi i shqiptar\u00ebve n\u00eb Plav\u00eb e Guci, dramatik - Lajme nga Ulqini\" \/>\n<meta property=\"og:description\" content=\"Zgjedhjet n\u00eb Malin e Zi kaluan pa incidente dhe shp\u00ebrb\u00ebrja e Parlamentit t\u00eb \u201cvjet\u00ebr\u201d u duartrokit. Megjithat\u00eb, kryetari i Komun\u00ebs s\u00eb Ulqinit, Nazif Cungu,\" \/>\n<meta property=\"og:url\" content=\"https:\/\/www.visit-ulcinj.com\/blog\/2016\/10\/18\/nazif-cungu-rrefen-votimet-votat-ne-mal-te-zi-u-blene-asimilimi-shqiptareve-ne-plave-e-guci-dramatik\/\" \/>\n<meta property=\"og:site_name\" content=\"Lajme nga Ulqini\" \/>\n<meta property=\"article:published_time\" content=\"2016-10-18T16:52:05+00:00\" \/>\n<meta property=\"article:modified_time\" content=\"2016-10-21T16:22:41+00:00\" \/>\n<meta property=\"og:image\" content=\"http:\/\/www.visit-ulcinj.com\/blog\/wp-content\/uploads\/2016\/10\/Nazif-Cungu-Votimet-Ulqin.jpg\" \/>\n<meta name=\"twitter:label1\" content=\"Written by\" \/>\n\t<meta name=\"twitter:data1\" content=\"ulqini\" \/>\n\t<meta name=\"twitter:label2\" content=\"Est. reading time\" \/>\n\t<meta name=\"twitter:data2\" content=\"12 minutes\" \/>\n<script type=\"application\/ld+json\" class=\"yoast-schema-graph\">{\"@context\":\"https:\/\/schema.org\",\"@graph\":[{\"@type\":\"WebSite\",\"@id\":\"https:\/\/www.visit-ulcinj.com\/blog\/#website\",\"url\":\"https:\/\/www.visit-ulcinj.com\/blog\/\",\"name\":\"Lajme nga Ulqini\",\"description\":\"Lajme,Vijesti,Ulqini,Ulqin,Crna Gora,Mali i Zi\",\"potentialAction\":[{\"@type\":\"SearchAction\",\"target\":{\"@type\":\"EntryPoint\",\"urlTemplate\":\"https:\/\/www.visit-ulcinj.com\/blog\/?s={search_term_string}\"},\"query-input\":\"required name=search_term_string\"}],\"inLanguage\":\"en-US\"},{\"@type\":\"ImageObject\",\"inLanguage\":\"en-US\",\"@id\":\"https:\/\/www.visit-ulcinj.com\/blog\/2016\/10\/18\/nazif-cungu-rrefen-votimet-votat-ne-mal-te-zi-u-blene-asimilimi-shqiptareve-ne-plave-e-guci-dramatik\/#primaryimage\",\"url\":\"https:\/\/www.visit-ulcinj.com\/blog\/wp-content\/uploads\/2016\/10\/Nazif-Cungu-Votimet-Ulqin.jpg\",\"contentUrl\":\"https:\/\/www.visit-ulcinj.com\/blog\/wp-content\/uploads\/2016\/10\/Nazif-Cungu-Votimet-Ulqin.jpg\",\"width\":960,\"height\":640},{\"@type\":\"WebPage\",\"@id\":\"https:\/\/www.visit-ulcinj.com\/blog\/2016\/10\/18\/nazif-cungu-rrefen-votimet-votat-ne-mal-te-zi-u-blene-asimilimi-shqiptareve-ne-plave-e-guci-dramatik\/#webpage\",\"url\":\"https:\/\/www.visit-ulcinj.com\/blog\/2016\/10\/18\/nazif-cungu-rrefen-votimet-votat-ne-mal-te-zi-u-blene-asimilimi-shqiptareve-ne-plave-e-guci-dramatik\/\",\"name\":\"Nazif Cungu rr\u00ebfen votimet: Votat n\u00eb Mal t\u00eb Zi u blen\u00eb, asimilimi i shqiptar\u00ebve n\u00eb Plav\u00eb e Guci, dramatik - Lajme nga Ulqini\",\"isPartOf\":{\"@id\":\"https:\/\/www.visit-ulcinj.com\/blog\/#website\"},\"primaryImageOfPage\":{\"@id\":\"https:\/\/www.visit-ulcinj.com\/blog\/2016\/10\/18\/nazif-cungu-rrefen-votimet-votat-ne-mal-te-zi-u-blene-asimilimi-shqiptareve-ne-plave-e-guci-dramatik\/#primaryimage\"},\"datePublished\":\"2016-10-18T16:52:05+00:00\",\"dateModified\":\"2016-10-21T16:22:41+00:00\",\"author\":{\"@id\":\"https:\/\/www.visit-ulcinj.com\/blog\/#\/schema\/person\/dcab619c614d3038751c63bc2aadc06d\"},\"description\":\"Zgjedhjet n\u00eb Malin e Zi kaluan pa incidente dhe shp\u00ebrb\u00ebrja e Parlamentit t\u00eb \u201cvjet\u00ebr\u201d u duartrokit. Megjithat\u00eb, kryetari i Komun\u00ebs s\u00eb Ulqinit, Nazif Cungu,\",\"breadcrumb\":{\"@id\":\"https:\/\/www.visit-ulcinj.com\/blog\/2016\/10\/18\/nazif-cungu-rrefen-votimet-votat-ne-mal-te-zi-u-blene-asimilimi-shqiptareve-ne-plave-e-guci-dramatik\/#breadcrumb\"},\"inLanguage\":\"en-US\",\"potentialAction\":[{\"@type\":\"ReadAction\",\"target\":[\"https:\/\/www.visit-ulcinj.com\/blog\/2016\/10\/18\/nazif-cungu-rrefen-votimet-votat-ne-mal-te-zi-u-blene-asimilimi-shqiptareve-ne-plave-e-guci-dramatik\/\"]}]},{\"@type\":\"BreadcrumbList\",\"@id\":\"https:\/\/www.visit-ulcinj.com\/blog\/2016\/10\/18\/nazif-cungu-rrefen-votimet-votat-ne-mal-te-zi-u-blene-asimilimi-shqiptareve-ne-plave-e-guci-dramatik\/#breadcrumb\",\"itemListElement\":[{\"@type\":\"ListItem\",\"position\":1,\"name\":\"Nazif Cungu rr\u00ebfen votimet: Votat n\u00eb Mal t\u00eb Zi u blen\u00eb, asimilimi i shqiptar\u00ebve n\u00eb Plav\u00eb e Guci, dramatik\"}]},{\"@type\":\"Person\",\"@id\":\"https:\/\/www.visit-ulcinj.com\/blog\/#\/schema\/person\/dcab619c614d3038751c63bc2aadc06d\",\"name\":\"ulqini\",\"sameAs\":[\"http:\/\/www.visit-ulcinj.com\"],\"url\":\"https:\/\/www.visit-ulcinj.com\/blog\/author\/admin\/\"}]}<\/script>\n<!-- \/ Yoast SEO plugin. -->","yoast_head_json":{"title":"Nazif Cungu rr\u00ebfen votimet: Votat n\u00eb Mal t\u00eb Zi u blen\u00eb, asimilimi i shqiptar\u00ebve n\u00eb Plav\u00eb e Guci, dramatik - Lajme nga Ulqini","description":"Zgjedhjet n\u00eb Malin e Zi kaluan pa incidente dhe shp\u00ebrb\u00ebrja e Parlamentit t\u00eb \u201cvjet\u00ebr\u201d u duartrokit. Megjithat\u00eb, kryetari i Komun\u00ebs s\u00eb Ulqinit, Nazif Cungu,","robots":{"index":"index","follow":"follow","max-snippet":"max-snippet:-1","max-image-preview":"max-image-preview:large","max-video-preview":"max-video-preview:-1"},"canonical":"https:\/\/www.visit-ulcinj.com\/blog\/2016\/10\/18\/nazif-cungu-rrefen-votimet-votat-ne-mal-te-zi-u-blene-asimilimi-shqiptareve-ne-plave-e-guci-dramatik\/","og_locale":"en_US","og_type":"article","og_title":"Nazif Cungu rr\u00ebfen votimet: Votat n\u00eb Mal t\u00eb Zi u blen\u00eb, asimilimi i shqiptar\u00ebve n\u00eb Plav\u00eb e Guci, dramatik - Lajme nga Ulqini","og_description":"Zgjedhjet n\u00eb Malin e Zi kaluan pa incidente dhe shp\u00ebrb\u00ebrja e Parlamentit t\u00eb \u201cvjet\u00ebr\u201d u duartrokit. Megjithat\u00eb, kryetari i Komun\u00ebs s\u00eb Ulqinit, Nazif Cungu,","og_url":"https:\/\/www.visit-ulcinj.com\/blog\/2016\/10\/18\/nazif-cungu-rrefen-votimet-votat-ne-mal-te-zi-u-blene-asimilimi-shqiptareve-ne-plave-e-guci-dramatik\/","og_site_name":"Lajme nga Ulqini","article_published_time":"2016-10-18T16:52:05+00:00","article_modified_time":"2016-10-21T16:22:41+00:00","og_image":[{"url":"http:\/\/www.visit-ulcinj.com\/blog\/wp-content\/uploads\/2016\/10\/Nazif-Cungu-Votimet-Ulqin.jpg"}],"twitter_misc":{"Written by":"ulqini","Est. reading time":"12 minutes"},"schema":{"@context":"https:\/\/schema.org","@graph":[{"@type":"WebSite","@id":"https:\/\/www.visit-ulcinj.com\/blog\/#website","url":"https:\/\/www.visit-ulcinj.com\/blog\/","name":"Lajme nga Ulqini","description":"Lajme,Vijesti,Ulqini,Ulqin,Crna Gora,Mali i Zi","potentialAction":[{"@type":"SearchAction","target":{"@type":"EntryPoint","urlTemplate":"https:\/\/www.visit-ulcinj.com\/blog\/?s={search_term_string}"},"query-input":"required name=search_term_string"}],"inLanguage":"en-US"},{"@type":"ImageObject","inLanguage":"en-US","@id":"https:\/\/www.visit-ulcinj.com\/blog\/2016\/10\/18\/nazif-cungu-rrefen-votimet-votat-ne-mal-te-zi-u-blene-asimilimi-shqiptareve-ne-plave-e-guci-dramatik\/#primaryimage","url":"https:\/\/www.visit-ulcinj.com\/blog\/wp-content\/uploads\/2016\/10\/Nazif-Cungu-Votimet-Ulqin.jpg","contentUrl":"https:\/\/www.visit-ulcinj.com\/blog\/wp-content\/uploads\/2016\/10\/Nazif-Cungu-Votimet-Ulqin.jpg","width":960,"height":640},{"@type":"WebPage","@id":"https:\/\/www.visit-ulcinj.com\/blog\/2016\/10\/18\/nazif-cungu-rrefen-votimet-votat-ne-mal-te-zi-u-blene-asimilimi-shqiptareve-ne-plave-e-guci-dramatik\/#webpage","url":"https:\/\/www.visit-ulcinj.com\/blog\/2016\/10\/18\/nazif-cungu-rrefen-votimet-votat-ne-mal-te-zi-u-blene-asimilimi-shqiptareve-ne-plave-e-guci-dramatik\/","name":"Nazif Cungu rr\u00ebfen votimet: Votat n\u00eb Mal t\u00eb Zi u blen\u00eb, asimilimi i shqiptar\u00ebve n\u00eb Plav\u00eb e Guci, dramatik - Lajme nga Ulqini","isPartOf":{"@id":"https:\/\/www.visit-ulcinj.com\/blog\/#website"},"primaryImageOfPage":{"@id":"https:\/\/www.visit-ulcinj.com\/blog\/2016\/10\/18\/nazif-cungu-rrefen-votimet-votat-ne-mal-te-zi-u-blene-asimilimi-shqiptareve-ne-plave-e-guci-dramatik\/#primaryimage"},"datePublished":"2016-10-18T16:52:05+00:00","dateModified":"2016-10-21T16:22:41+00:00","author":{"@id":"https:\/\/www.visit-ulcinj.com\/blog\/#\/schema\/person\/dcab619c614d3038751c63bc2aadc06d"},"description":"Zgjedhjet n\u00eb Malin e Zi kaluan pa incidente dhe shp\u00ebrb\u00ebrja e Parlamentit t\u00eb \u201cvjet\u00ebr\u201d u duartrokit. Megjithat\u00eb, kryetari i Komun\u00ebs s\u00eb Ulqinit, Nazif Cungu,","breadcrumb":{"@id":"https:\/\/www.visit-ulcinj.com\/blog\/2016\/10\/18\/nazif-cungu-rrefen-votimet-votat-ne-mal-te-zi-u-blene-asimilimi-shqiptareve-ne-plave-e-guci-dramatik\/#breadcrumb"},"inLanguage":"en-US","potentialAction":[{"@type":"ReadAction","target":["https:\/\/www.visit-ulcinj.com\/blog\/2016\/10\/18\/nazif-cungu-rrefen-votimet-votat-ne-mal-te-zi-u-blene-asimilimi-shqiptareve-ne-plave-e-guci-dramatik\/"]}]},{"@type":"BreadcrumbList","@id":"https:\/\/www.visit-ulcinj.com\/blog\/2016\/10\/18\/nazif-cungu-rrefen-votimet-votat-ne-mal-te-zi-u-blene-asimilimi-shqiptareve-ne-plave-e-guci-dramatik\/#breadcrumb","itemListElement":[{"@type":"ListItem","position":1,"name":"Nazif Cungu rr\u00ebfen votimet: Votat n\u00eb Mal t\u00eb Zi u blen\u00eb, asimilimi i shqiptar\u00ebve n\u00eb Plav\u00eb e Guci, dramatik"}]},{"@type":"Person","@id":"https:\/\/www.visit-ulcinj.com\/blog\/#\/schema\/person\/dcab619c614d3038751c63bc2aadc06d","name":"ulqini","sameAs":["http:\/\/www.visit-ulcinj.com"],"url":"https:\/\/www.visit-ulcinj.com\/blog\/author\/admin\/"}]}},"jetpack_featured_media_url":"","jetpack_sharing_enabled":true,"jetpack_shortlink":"https:\/\/wp.me\/pe6lTn-q7F","_links":{"self":[{"href":"https:\/\/www.visit-ulcinj.com\/blog\/wp-json\/wp\/v2\/posts\/100419"}],"collection":[{"href":"https:\/\/www.visit-ulcinj.com\/blog\/wp-json\/wp\/v2\/posts"}],"about":[{"href":"https:\/\/www.visit-ulcinj.com\/blog\/wp-json\/wp\/v2\/types\/post"}],"author":[{"embeddable":true,"href":"https:\/\/www.visit-ulcinj.com\/blog\/wp-json\/wp\/v2\/users\/1"}],"replies":[{"embeddable":true,"href":"https:\/\/www.visit-ulcinj.com\/blog\/wp-json\/wp\/v2\/comments?post=100419"}],"version-history":[{"count":1,"href":"https:\/\/www.visit-ulcinj.com\/blog\/wp-json\/wp\/v2\/posts\/100419\/revisions"}],"predecessor-version":[{"id":100421,"href":"https:\/\/www.visit-ulcinj.com\/blog\/wp-json\/wp\/v2\/posts\/100419\/revisions\/100421"}],"wp:attachment":[{"href":"https:\/\/www.visit-ulcinj.com\/blog\/wp-json\/wp\/v2\/media?parent=100419"}],"wp:term":[{"taxonomy":"category","embeddable":true,"href":"https:\/\/www.visit-ulcinj.com\/blog\/wp-json\/wp\/v2\/categories?post=100419"},{"taxonomy":"post_tag","embeddable":true,"href":"https:\/\/www.visit-ulcinj.com\/blog\/wp-json\/wp\/v2\/tags?post=100419"}],"curies":[{"name":"wp","href":"https:\/\/api.w.org\/{rel}","templated":true}]}}