{"id":100426,"date":"2016-10-19T12:24:35","date_gmt":"2016-10-19T11:24:35","guid":{"rendered":"http:\/\/www.visit-ulcinj.com\/blog\/?p=100426"},"modified":"2016-10-19T12:24:35","modified_gmt":"2016-10-19T11:24:35","slug":"nikolle-camaj-vetmi-qe-mori-para-per-vete-eshte-isat-jakupi","status":"publish","type":"post","link":"https:\/\/www.visit-ulcinj.com\/blog\/2016\/10\/19\/nikolle-camaj-vetmi-qe-mori-para-per-vete-eshte-isat-jakupi\/","title":{"rendered":"Nikoll\u00eb Camaj: I vetmi q\u00eb mori para p\u00ebr vete \u00ebsht\u00eb Isat Jakupi"},"content":{"rendered":"<p><a href=\"http:\/\/www.visit-ulcinj.com\/blog\/wp-content\/uploads\/2009\/01\/nikolle-camaj3.jpg\"><img loading=\"lazy\" class=\"alignleft wp-image-9818 size-medium\" src=\"http:\/\/www.visit-ulcinj.com\/blog\/wp-content\/uploads\/2009\/01\/nikolle-camaj3-244x300.jpg\" alt=\"nikolle-camaj3\" width=\"244\" height=\"300\" srcset=\"https:\/\/www.visit-ulcinj.com\/blog\/wp-content\/uploads\/2009\/01\/nikolle-camaj3-244x300.jpg 244w, https:\/\/www.visit-ulcinj.com\/blog\/wp-content\/uploads\/2009\/01\/nikolle-camaj3.jpg 259w\" sizes=\"(max-width: 244px) 100vw, 244px\" \/><\/a>Pasi q\u00eb portali jon\u00eb publikoj\u00eb akuzat e Isat Jakupit drejtuar partnerit t\u00eb tij Nikoll\u00eb Camaj se \u00ebsht\u00eb shitur p\u00ebr 22000 euro.Camaj n\u00eb facebook ka sulmuar <strong>portalin Mal\u00ebsi.ME<\/strong> duke na quajtur portal t\u00eb udbes.Portali jon\u00eb nuk ka\u00a0asgj\u00eb kundra Nikoll\u00eb Camaj dhe nuk mund t\u00eb\u00a0kuptojm\u00eb k\u00ebt\u00eb sulm t\u00eb Camaj drejtuar portalit ton\u00eb pasi q\u00eb detyra jon\u00eb \u00ebsht\u00eb t\u00eb publikojm\u00eb lajme dhe ne nuk kemi shpikur asgj\u00eb por kemi publikuar at\u00eb q\u00eb ka th\u00ebn\u00eb partneri i tij.<\/p>\n<p>Camaj poashtu shkruan se prej 22000 eurave t\u00eb fushates q\u00eb u takojn\u00eb t\u00eb gjitha subjekteve q\u00eb marrin pjes\u00eb n\u00eb zgjedhje i vetmi person q\u00eb ka marr\u00eb ndonje cent p\u00ebr vete \u00ebsht\u00eb Isat Jakupi, i cili per 7 nenshkrime dhe 4 vota q\u00eb u ka sjell\u00eb u ka kushtua mbi 1200 euro, prej te cilave 700 i ka marre ai personalisht. Camaj thot\u00eb q\u00eb n\u00eb moment q\u00eb nuk i kan\u00eb dhan\u00eb tjera mjete ai k\u00ebrc\u00ebnoi se do te merret me k\u00ebso zhgarravinash, shkruan Camaj.<\/p>\n<p><strong>Mal\u00ebsi.ME <\/strong><\/p>\n<p><a href=\"http:\/\/www.visit-ulcinj.com\/blog\/wp-content\/uploads\/2016\/10\/Nikolle-Camaj-Facebook.jpg\"><img loading=\"lazy\" class=\"alignleft wp-image-100427\" src=\"http:\/\/www.visit-ulcinj.com\/blog\/wp-content\/uploads\/2016\/10\/Nikolle-Camaj-Facebook.jpg\" alt=\"Nikolle-Camaj-Facebook\" width=\"508\" height=\"285\" srcset=\"https:\/\/www.visit-ulcinj.com\/blog\/wp-content\/uploads\/2016\/10\/Nikolle-Camaj-Facebook.jpg 492w, https:\/\/www.visit-ulcinj.com\/blog\/wp-content\/uploads\/2016\/10\/Nikolle-Camaj-Facebook-300x168.jpg 300w\" sizes=\"(max-width: 508px) 100vw, 508px\" \/><\/a><\/p>\n","protected":false},"excerpt":{"rendered":"<p>Pasi q\u00eb portali jon\u00eb publikoj\u00eb akuzat e Isat Jakupit drejtuar partnerit t\u00eb tij Nikoll\u00eb Camaj se \u00ebsht\u00eb shitur p\u00ebr 22000 euro.Camaj n\u00eb facebook ka sulmuar portalin Mal\u00ebsi.ME duke na quajtur portal t\u00eb udbes.Portali jon\u00eb nuk ka\u00a0asgj\u00eb kundra Nikoll\u00eb Camaj dhe nuk mund t\u00eb\u00a0kuptojm\u00eb k\u00ebt\u00eb sulm t\u00eb Camaj drejtuar portalit ton\u00eb pasi q\u00eb detyra jon\u00eb \u00ebsht\u00eb [&hellip;]<\/p>\n","protected":false},"author":1,"featured_media":0,"comment_status":"closed","ping_status":"closed","sticky":false,"template":"","format":"standard","meta":{"spay_email":"","jetpack_publicize_message":"","jetpack_is_tweetstorm":false,"jetpack_publicize_feature_enabled":true},"categories":[13],"tags":[],"jetpack_publicize_connections":[],"yoast_head":"<!-- This site is optimized with the Yoast SEO plugin v19.1 - https:\/\/yoast.com\/wordpress\/plugins\/seo\/ -->\n<title>Nikoll\u00eb Camaj: I vetmi q\u00eb mori para p\u00ebr vete \u00ebsht\u00eb Isat Jakupi - Lajme nga Ulqini<\/title>\n<meta name=\"description\" content=\"Pasi q\u00eb portali jon\u00eb publikoj\u00eb akuzat e Isat Jakupit drejtuar partnerit t\u00eb tij Nikoll\u00eb Camaj se \u00ebsht\u00eb shitur p\u00ebr 22000 euro.Camaj n\u00eb facebook ka sulmuar\" \/>\n<meta name=\"robots\" content=\"index, follow, max-snippet:-1, max-image-preview:large, max-video-preview:-1\" \/>\n<link rel=\"canonical\" href=\"https:\/\/www.visit-ulcinj.com\/blog\/2016\/10\/19\/nikolle-camaj-vetmi-qe-mori-para-per-vete-eshte-isat-jakupi\/\" \/>\n<meta property=\"og:locale\" content=\"en_US\" \/>\n<meta property=\"og:type\" content=\"article\" \/>\n<meta property=\"og:title\" content=\"Nikoll\u00eb Camaj: I vetmi q\u00eb mori para p\u00ebr vete \u00ebsht\u00eb Isat Jakupi - Lajme nga Ulqini\" \/>\n<meta property=\"og:description\" content=\"Pasi q\u00eb portali jon\u00eb publikoj\u00eb akuzat e Isat Jakupit drejtuar partnerit t\u00eb tij Nikoll\u00eb Camaj se \u00ebsht\u00eb shitur p\u00ebr 22000 euro.Camaj n\u00eb facebook ka sulmuar\" \/>\n<meta property=\"og:url\" content=\"https:\/\/www.visit-ulcinj.com\/blog\/2016\/10\/19\/nikolle-camaj-vetmi-qe-mori-para-per-vete-eshte-isat-jakupi\/\" \/>\n<meta property=\"og:site_name\" content=\"Lajme nga Ulqini\" \/>\n<meta property=\"article:published_time\" content=\"2016-10-19T11:24:35+00:00\" \/>\n<meta property=\"og:image\" content=\"http:\/\/www.visit-ulcinj.com\/blog\/wp-content\/uploads\/2009\/01\/nikolle-camaj3-244x300.jpg\" \/>\n<meta name=\"twitter:label1\" content=\"Written by\" \/>\n\t<meta name=\"twitter:data1\" content=\"ulqini\" \/>\n\t<meta name=\"twitter:label2\" content=\"Est. reading time\" \/>\n\t<meta name=\"twitter:data2\" content=\"1 minute\" \/>\n<script type=\"application\/ld+json\" class=\"yoast-schema-graph\">{\"@context\":\"https:\/\/schema.org\",\"@graph\":[{\"@type\":\"WebSite\",\"@id\":\"https:\/\/www.visit-ulcinj.com\/blog\/#website\",\"url\":\"https:\/\/www.visit-ulcinj.com\/blog\/\",\"name\":\"Lajme nga Ulqini\",\"description\":\"Lajme,Vijesti,Ulqini,Ulqin,Crna Gora,Mali i Zi\",\"potentialAction\":[{\"@type\":\"SearchAction\",\"target\":{\"@type\":\"EntryPoint\",\"urlTemplate\":\"https:\/\/www.visit-ulcinj.com\/blog\/?s={search_term_string}\"},\"query-input\":\"required name=search_term_string\"}],\"inLanguage\":\"en-US\"},{\"@type\":\"ImageObject\",\"inLanguage\":\"en-US\",\"@id\":\"https:\/\/www.visit-ulcinj.com\/blog\/2016\/10\/19\/nikolle-camaj-vetmi-qe-mori-para-per-vete-eshte-isat-jakupi\/#primaryimage\",\"url\":\"https:\/\/www.visit-ulcinj.com\/blog\/wp-content\/uploads\/2009\/01\/nikolle-camaj3.jpg\",\"contentUrl\":\"https:\/\/www.visit-ulcinj.com\/blog\/wp-content\/uploads\/2009\/01\/nikolle-camaj3.jpg\",\"width\":\"259\",\"height\":\"318\"},{\"@type\":\"WebPage\",\"@id\":\"https:\/\/www.visit-ulcinj.com\/blog\/2016\/10\/19\/nikolle-camaj-vetmi-qe-mori-para-per-vete-eshte-isat-jakupi\/#webpage\",\"url\":\"https:\/\/www.visit-ulcinj.com\/blog\/2016\/10\/19\/nikolle-camaj-vetmi-qe-mori-para-per-vete-eshte-isat-jakupi\/\",\"name\":\"Nikoll\u00eb Camaj: I vetmi q\u00eb mori para p\u00ebr vete \u00ebsht\u00eb Isat Jakupi - Lajme nga Ulqini\",\"isPartOf\":{\"@id\":\"https:\/\/www.visit-ulcinj.com\/blog\/#website\"},\"primaryImageOfPage\":{\"@id\":\"https:\/\/www.visit-ulcinj.com\/blog\/2016\/10\/19\/nikolle-camaj-vetmi-qe-mori-para-per-vete-eshte-isat-jakupi\/#primaryimage\"},\"datePublished\":\"2016-10-19T11:24:35+00:00\",\"dateModified\":\"2016-10-19T11:24:35+00:00\",\"author\":{\"@id\":\"https:\/\/www.visit-ulcinj.com\/blog\/#\/schema\/person\/dcab619c614d3038751c63bc2aadc06d\"},\"description\":\"Pasi q\u00eb portali jon\u00eb publikoj\u00eb akuzat e Isat Jakupit drejtuar partnerit t\u00eb tij Nikoll\u00eb Camaj se \u00ebsht\u00eb shitur p\u00ebr 22000 euro.Camaj n\u00eb facebook ka sulmuar\",\"breadcrumb\":{\"@id\":\"https:\/\/www.visit-ulcinj.com\/blog\/2016\/10\/19\/nikolle-camaj-vetmi-qe-mori-para-per-vete-eshte-isat-jakupi\/#breadcrumb\"},\"inLanguage\":\"en-US\",\"potentialAction\":[{\"@type\":\"ReadAction\",\"target\":[\"https:\/\/www.visit-ulcinj.com\/blog\/2016\/10\/19\/nikolle-camaj-vetmi-qe-mori-para-per-vete-eshte-isat-jakupi\/\"]}]},{\"@type\":\"BreadcrumbList\",\"@id\":\"https:\/\/www.visit-ulcinj.com\/blog\/2016\/10\/19\/nikolle-camaj-vetmi-qe-mori-para-per-vete-eshte-isat-jakupi\/#breadcrumb\",\"itemListElement\":[{\"@type\":\"ListItem\",\"position\":1,\"name\":\"Nikoll\u00eb Camaj: I vetmi q\u00eb mori para p\u00ebr vete \u00ebsht\u00eb Isat Jakupi\"}]},{\"@type\":\"Person\",\"@id\":\"https:\/\/www.visit-ulcinj.com\/blog\/#\/schema\/person\/dcab619c614d3038751c63bc2aadc06d\",\"name\":\"ulqini\",\"sameAs\":[\"http:\/\/www.visit-ulcinj.com\"],\"url\":\"https:\/\/www.visit-ulcinj.com\/blog\/author\/admin\/\"}]}<\/script>\n<!-- \/ Yoast SEO plugin. -->","yoast_head_json":{"title":"Nikoll\u00eb Camaj: I vetmi q\u00eb mori para p\u00ebr vete \u00ebsht\u00eb Isat Jakupi - Lajme nga Ulqini","description":"Pasi q\u00eb portali jon\u00eb publikoj\u00eb akuzat e Isat Jakupit drejtuar partnerit t\u00eb tij Nikoll\u00eb Camaj se \u00ebsht\u00eb shitur p\u00ebr 22000 euro.Camaj n\u00eb facebook ka sulmuar","robots":{"index":"index","follow":"follow","max-snippet":"max-snippet:-1","max-image-preview":"max-image-preview:large","max-video-preview":"max-video-preview:-1"},"canonical":"https:\/\/www.visit-ulcinj.com\/blog\/2016\/10\/19\/nikolle-camaj-vetmi-qe-mori-para-per-vete-eshte-isat-jakupi\/","og_locale":"en_US","og_type":"article","og_title":"Nikoll\u00eb Camaj: I vetmi q\u00eb mori para p\u00ebr vete \u00ebsht\u00eb Isat Jakupi - Lajme nga Ulqini","og_description":"Pasi q\u00eb portali jon\u00eb publikoj\u00eb akuzat e Isat Jakupit drejtuar partnerit t\u00eb tij Nikoll\u00eb Camaj se \u00ebsht\u00eb shitur p\u00ebr 22000 euro.Camaj n\u00eb facebook ka sulmuar","og_url":"https:\/\/www.visit-ulcinj.com\/blog\/2016\/10\/19\/nikolle-camaj-vetmi-qe-mori-para-per-vete-eshte-isat-jakupi\/","og_site_name":"Lajme nga Ulqini","article_published_time":"2016-10-19T11:24:35+00:00","og_image":[{"url":"http:\/\/www.visit-ulcinj.com\/blog\/wp-content\/uploads\/2009\/01\/nikolle-camaj3-244x300.jpg"}],"twitter_misc":{"Written by":"ulqini","Est. reading time":"1 minute"},"schema":{"@context":"https:\/\/schema.org","@graph":[{"@type":"WebSite","@id":"https:\/\/www.visit-ulcinj.com\/blog\/#website","url":"https:\/\/www.visit-ulcinj.com\/blog\/","name":"Lajme nga Ulqini","description":"Lajme,Vijesti,Ulqini,Ulqin,Crna Gora,Mali i Zi","potentialAction":[{"@type":"SearchAction","target":{"@type":"EntryPoint","urlTemplate":"https:\/\/www.visit-ulcinj.com\/blog\/?s={search_term_string}"},"query-input":"required name=search_term_string"}],"inLanguage":"en-US"},{"@type":"ImageObject","inLanguage":"en-US","@id":"https:\/\/www.visit-ulcinj.com\/blog\/2016\/10\/19\/nikolle-camaj-vetmi-qe-mori-para-per-vete-eshte-isat-jakupi\/#primaryimage","url":"https:\/\/www.visit-ulcinj.com\/blog\/wp-content\/uploads\/2009\/01\/nikolle-camaj3.jpg","contentUrl":"https:\/\/www.visit-ulcinj.com\/blog\/wp-content\/uploads\/2009\/01\/nikolle-camaj3.jpg","width":"259","height":"318"},{"@type":"WebPage","@id":"https:\/\/www.visit-ulcinj.com\/blog\/2016\/10\/19\/nikolle-camaj-vetmi-qe-mori-para-per-vete-eshte-isat-jakupi\/#webpage","url":"https:\/\/www.visit-ulcinj.com\/blog\/2016\/10\/19\/nikolle-camaj-vetmi-qe-mori-para-per-vete-eshte-isat-jakupi\/","name":"Nikoll\u00eb Camaj: I vetmi q\u00eb mori para p\u00ebr vete \u00ebsht\u00eb Isat Jakupi - Lajme nga Ulqini","isPartOf":{"@id":"https:\/\/www.visit-ulcinj.com\/blog\/#website"},"primaryImageOfPage":{"@id":"https:\/\/www.visit-ulcinj.com\/blog\/2016\/10\/19\/nikolle-camaj-vetmi-qe-mori-para-per-vete-eshte-isat-jakupi\/#primaryimage"},"datePublished":"2016-10-19T11:24:35+00:00","dateModified":"2016-10-19T11:24:35+00:00","author":{"@id":"https:\/\/www.visit-ulcinj.com\/blog\/#\/schema\/person\/dcab619c614d3038751c63bc2aadc06d"},"description":"Pasi q\u00eb portali jon\u00eb publikoj\u00eb akuzat e Isat Jakupit drejtuar partnerit t\u00eb tij Nikoll\u00eb Camaj se \u00ebsht\u00eb shitur p\u00ebr 22000 euro.Camaj n\u00eb facebook ka sulmuar","breadcrumb":{"@id":"https:\/\/www.visit-ulcinj.com\/blog\/2016\/10\/19\/nikolle-camaj-vetmi-qe-mori-para-per-vete-eshte-isat-jakupi\/#breadcrumb"},"inLanguage":"en-US","potentialAction":[{"@type":"ReadAction","target":["https:\/\/www.visit-ulcinj.com\/blog\/2016\/10\/19\/nikolle-camaj-vetmi-qe-mori-para-per-vete-eshte-isat-jakupi\/"]}]},{"@type":"BreadcrumbList","@id":"https:\/\/www.visit-ulcinj.com\/blog\/2016\/10\/19\/nikolle-camaj-vetmi-qe-mori-para-per-vete-eshte-isat-jakupi\/#breadcrumb","itemListElement":[{"@type":"ListItem","position":1,"name":"Nikoll\u00eb Camaj: I vetmi q\u00eb mori para p\u00ebr vete \u00ebsht\u00eb Isat Jakupi"}]},{"@type":"Person","@id":"https:\/\/www.visit-ulcinj.com\/blog\/#\/schema\/person\/dcab619c614d3038751c63bc2aadc06d","name":"ulqini","sameAs":["http:\/\/www.visit-ulcinj.com"],"url":"https:\/\/www.visit-ulcinj.com\/blog\/author\/admin\/"}]}},"jetpack_featured_media_url":"","jetpack_sharing_enabled":true,"jetpack_shortlink":"https:\/\/wp.me\/pe6lTn-q7M","_links":{"self":[{"href":"https:\/\/www.visit-ulcinj.com\/blog\/wp-json\/wp\/v2\/posts\/100426"}],"collection":[{"href":"https:\/\/www.visit-ulcinj.com\/blog\/wp-json\/wp\/v2\/posts"}],"about":[{"href":"https:\/\/www.visit-ulcinj.com\/blog\/wp-json\/wp\/v2\/types\/post"}],"author":[{"embeddable":true,"href":"https:\/\/www.visit-ulcinj.com\/blog\/wp-json\/wp\/v2\/users\/1"}],"replies":[{"embeddable":true,"href":"https:\/\/www.visit-ulcinj.com\/blog\/wp-json\/wp\/v2\/comments?post=100426"}],"version-history":[{"count":1,"href":"https:\/\/www.visit-ulcinj.com\/blog\/wp-json\/wp\/v2\/posts\/100426\/revisions"}],"predecessor-version":[{"id":100428,"href":"https:\/\/www.visit-ulcinj.com\/blog\/wp-json\/wp\/v2\/posts\/100426\/revisions\/100428"}],"wp:attachment":[{"href":"https:\/\/www.visit-ulcinj.com\/blog\/wp-json\/wp\/v2\/media?parent=100426"}],"wp:term":[{"taxonomy":"category","embeddable":true,"href":"https:\/\/www.visit-ulcinj.com\/blog\/wp-json\/wp\/v2\/categories?post=100426"},{"taxonomy":"post_tag","embeddable":true,"href":"https:\/\/www.visit-ulcinj.com\/blog\/wp-json\/wp\/v2\/tags?post=100426"}],"curies":[{"name":"wp","href":"https:\/\/api.w.org\/{rel}","templated":true}]}}