{"id":100436,"date":"2016-10-19T14:06:00","date_gmt":"2016-10-19T13:06:00","guid":{"rendered":"http:\/\/www.visit-ulcinj.com\/blog\/?p=100436"},"modified":"2016-10-19T14:06:00","modified_gmt":"2016-10-19T13:06:00","slug":"komuna-paguan-faturen-e-pds-se-ne-nje-restorant-ne-katerkolle-vijesti","status":"publish","type":"post","link":"https:\/\/www.visit-ulcinj.com\/blog\/2016\/10\/19\/komuna-paguan-faturen-e-pds-se-ne-nje-restorant-ne-katerkolle-vijesti\/","title":{"rendered":"Komuna paguan fatur\u00ebn e PDS-s\u00eb n\u00eb nj\u00eb restorant n\u00eb Kat\u00ebrkoll\u00eb &#8211; Vijesti"},"content":{"rendered":"<p><a href=\"http:\/\/www.visit-ulcinj.com\/blog\/wp-content\/uploads\/2016\/10\/Komuna-paguan-fatur\u00ebn-e-PDS-s\u00eb-RACUN-FATURA-Sead-Osmanovic-Ulcinj_Ulqin.jpg\"><img loading=\"lazy\" class=\"alignleft wp-image-100437\" src=\"http:\/\/www.visit-ulcinj.com\/blog\/wp-content\/uploads\/2016\/10\/Komuna-paguan-fatur\u00ebn-e-PDS-s\u00eb-RACUN-FATURA-Sead-Osmanovic-Ulcinj_Ulqin.jpg\" alt=\"Komuna paguan fatur\u00ebn e PDS-s\u00eb -RACUN-FATURA-Sead-Osmanovic-Ulcinj_Ulqin\" width=\"508\" height=\"666\" srcset=\"https:\/\/www.visit-ulcinj.com\/blog\/wp-content\/uploads\/2016\/10\/Komuna-paguan-fatur\u00ebn-e-PDS-s\u00eb-RACUN-FATURA-Sead-Osmanovic-Ulcinj_Ulqin.jpg 726w, https:\/\/www.visit-ulcinj.com\/blog\/wp-content\/uploads\/2016\/10\/Komuna-paguan-fatur\u00ebn-e-PDS-s\u00eb-RACUN-FATURA-Sead-Osmanovic-Ulcinj_Ulqin-229x300.jpg 229w\" sizes=\"(max-width: 508px) 100vw, 508px\" \/><\/a>Festa e p\u00ebrkrah\u00ebsve t\u00eb PDS-s\u00eb n\u00eb nj\u00eb restorant n\u00eb Kat\u00ebrkoll\u00eb, me rastin e pritjes s\u00eb shefit t\u00eb partis\u00eb Millo Gjukanoviq n\u00eb dit\u00ebn kur kjo parti kishte promovimin parazgjedhor n\u00eb Ulqin, kushtoj 2.290 euro, nd\u00ebrsa fatura \u00ebsht\u00eb paguar ose do t\u00eb paguhet nga arka e qytetit.<\/p>\n<p>N\u00eb fatur\u00eb, n\u00eb rubrik\u00ebn \u201clloji i prodhimit dhe sh\u00ebrbimit\u201d(vrsta proizvoda i usluga) shkruan \u201ckoktej me rastin e vizit\u00ebs s\u00eb M.Gjukanoviq\u201d(Koktej povodom posjete M.Djukanovica). Me k\u00ebt\u00eb komuna ka pranuar detyrimin e vet q\u00eb t\u00eb paguaj\u00eb fatur\u00ebn.<\/p>\n<p>P\u00ebrve\u00e7 n\u00ebnshkrimit t\u00eb pronarit n\u00eb fatur\u00eb \u00ebsht\u00eb edhe n\u00ebnshkrimi i sekretarit p\u00ebr buxhet dhe financa Sead Osmanoviq, i cili \u00ebsht\u00eb funksionar i lart\u00eb komunal i PDS-s\u00eb. P\u00ebr \u201cVijesti\u201d k\u00ebt\u00eb gj\u00eb e pohoi edhe pronari i restorantit.<\/p>\n<p>\u201cKryeministri nuk ishte tek un\u00eb, ishin t\u00eb tjer\u00ebt\u201d, tha ai mbr\u00ebm\u00eb p\u00ebr \u201cVijesti\u201d. Shefi i PDS-s\u00eb n\u00eb Ulqin Loro Nrekiq tha se fatura ishte 229 euro, e jo 2.290. \u201cDikush mesiguri d\u00ebshiron t\u00eb b\u00ebj\u00eb ndonj\u00eb bum dhe t\u00eb na d\u00ebmtoj\u00eb. N\u00ebse dikush ka falsifikuar fatur\u00ebn, ekzistojn\u00eb institucionet e sistemit q\u00eb merren me k\u00ebt\u00eb pun\u00eb\u201d, shtoi Nrekiq.<\/p>\n<p>Mbr\u00ebm\u00eb von\u00eb, pronari i restorantit tha se fatura nuk \u00ebsht\u00eb paguar, por q\u00eb vlera e saj ishte 290 euro.<\/p>\n<p>Se a e ka paguar Komuna fatur\u00ebn e PDS-s\u00eb n\u00eb Kat\u00ebrkoll\u00eb asgj\u00eb nuk din\u00eb as kryetari Nazif Cungu, Forca e t\u00eb cilit \u00ebsht\u00eb partner i koalicionit me Gjukanoviqin n\u00eb nivel shtet\u00ebror dhe lokal.<\/p>\n<p>\u201cAsnj\u00eb virman nuk e kam n\u00ebnshkruar dhe nuk di p\u00ebr \u00e7far\u00eb fature b\u00ebhet fjal\u00eb\u201d, tha Cungu.\/Ul.info<\/p>\n","protected":false},"excerpt":{"rendered":"<p>Festa e p\u00ebrkrah\u00ebsve t\u00eb PDS-s\u00eb n\u00eb nj\u00eb restorant n\u00eb Kat\u00ebrkoll\u00eb, me rastin e pritjes s\u00eb shefit t\u00eb partis\u00eb Millo Gjukanoviq n\u00eb dit\u00ebn kur kjo parti kishte promovimin parazgjedhor n\u00eb Ulqin, kushtoj 2.290 euro, nd\u00ebrsa fatura \u00ebsht\u00eb paguar ose do t\u00eb paguhet nga arka e qytetit. N\u00eb fatur\u00eb, n\u00eb rubrik\u00ebn \u201clloji i prodhimit dhe sh\u00ebrbimit\u201d(vrsta proizvoda [&hellip;]<\/p>\n","protected":false},"author":1,"featured_media":0,"comment_status":"closed","ping_status":"closed","sticky":false,"template":"","format":"standard","meta":{"spay_email":"","jetpack_publicize_message":"","jetpack_is_tweetstorm":false,"jetpack_publicize_feature_enabled":true},"categories":[10],"tags":[],"jetpack_publicize_connections":[],"yoast_head":"<!-- This site is optimized with the Yoast SEO plugin v19.1 - https:\/\/yoast.com\/wordpress\/plugins\/seo\/ -->\n<title>Komuna paguan fatur\u00ebn e PDS-s\u00eb n\u00eb nj\u00eb restorant n\u00eb Kat\u00ebrkoll\u00eb - Vijesti - Lajme nga Ulqini<\/title>\n<meta name=\"description\" content=\"Festa e p\u00ebrkrah\u00ebsve t\u00eb PDS-s\u00eb n\u00eb nj\u00eb restorant n\u00eb Kat\u00ebrkoll\u00eb, me rastin e pritjes s\u00eb shefit t\u00eb partis\u00eb Millo Gjukanoviq n\u00eb dit\u00ebn kur kjo parti kishte\" \/>\n<meta name=\"robots\" content=\"index, follow, max-snippet:-1, max-image-preview:large, max-video-preview:-1\" \/>\n<link rel=\"canonical\" href=\"https:\/\/www.visit-ulcinj.com\/blog\/2016\/10\/19\/komuna-paguan-faturen-e-pds-se-ne-nje-restorant-ne-katerkolle-vijesti\/\" \/>\n<meta property=\"og:locale\" content=\"en_US\" \/>\n<meta property=\"og:type\" content=\"article\" \/>\n<meta property=\"og:title\" content=\"Komuna paguan fatur\u00ebn e PDS-s\u00eb n\u00eb nj\u00eb restorant n\u00eb Kat\u00ebrkoll\u00eb - Vijesti - Lajme nga Ulqini\" \/>\n<meta property=\"og:description\" content=\"Festa e p\u00ebrkrah\u00ebsve t\u00eb PDS-s\u00eb n\u00eb nj\u00eb restorant n\u00eb Kat\u00ebrkoll\u00eb, me rastin e pritjes s\u00eb shefit t\u00eb partis\u00eb Millo Gjukanoviq n\u00eb dit\u00ebn kur kjo parti kishte\" \/>\n<meta property=\"og:url\" content=\"https:\/\/www.visit-ulcinj.com\/blog\/2016\/10\/19\/komuna-paguan-faturen-e-pds-se-ne-nje-restorant-ne-katerkolle-vijesti\/\" \/>\n<meta property=\"og:site_name\" content=\"Lajme nga Ulqini\" \/>\n<meta property=\"article:published_time\" content=\"2016-10-19T13:06:00+00:00\" \/>\n<meta name=\"twitter:label1\" content=\"Written by\" \/>\n\t<meta name=\"twitter:data1\" content=\"ulqini\" \/>\n\t<meta name=\"twitter:label2\" content=\"Est. reading time\" \/>\n\t<meta name=\"twitter:data2\" content=\"1 minute\" \/>\n<script type=\"application\/ld+json\" class=\"yoast-schema-graph\">{\"@context\":\"https:\/\/schema.org\",\"@graph\":[{\"@type\":\"WebSite\",\"@id\":\"https:\/\/www.visit-ulcinj.com\/blog\/#website\",\"url\":\"https:\/\/www.visit-ulcinj.com\/blog\/\",\"name\":\"Lajme nga Ulqini\",\"description\":\"Lajme,Vijesti,Ulqini,Ulqin,Crna Gora,Mali i Zi\",\"potentialAction\":[{\"@type\":\"SearchAction\",\"target\":{\"@type\":\"EntryPoint\",\"urlTemplate\":\"https:\/\/www.visit-ulcinj.com\/blog\/?s={search_term_string}\"},\"query-input\":\"required name=search_term_string\"}],\"inLanguage\":\"en-US\"},{\"@type\":\"WebPage\",\"@id\":\"https:\/\/www.visit-ulcinj.com\/blog\/2016\/10\/19\/komuna-paguan-faturen-e-pds-se-ne-nje-restorant-ne-katerkolle-vijesti\/#webpage\",\"url\":\"https:\/\/www.visit-ulcinj.com\/blog\/2016\/10\/19\/komuna-paguan-faturen-e-pds-se-ne-nje-restorant-ne-katerkolle-vijesti\/\",\"name\":\"Komuna paguan fatur\u00ebn e PDS-s\u00eb n\u00eb nj\u00eb restorant n\u00eb Kat\u00ebrkoll\u00eb - Vijesti - Lajme nga Ulqini\",\"isPartOf\":{\"@id\":\"https:\/\/www.visit-ulcinj.com\/blog\/#website\"},\"datePublished\":\"2016-10-19T13:06:00+00:00\",\"dateModified\":\"2016-10-19T13:06:00+00:00\",\"author\":{\"@id\":\"https:\/\/www.visit-ulcinj.com\/blog\/#\/schema\/person\/dcab619c614d3038751c63bc2aadc06d\"},\"description\":\"Festa e p\u00ebrkrah\u00ebsve t\u00eb PDS-s\u00eb n\u00eb nj\u00eb restorant n\u00eb Kat\u00ebrkoll\u00eb, me rastin e pritjes s\u00eb shefit t\u00eb partis\u00eb Millo Gjukanoviq n\u00eb dit\u00ebn kur kjo parti kishte\",\"breadcrumb\":{\"@id\":\"https:\/\/www.visit-ulcinj.com\/blog\/2016\/10\/19\/komuna-paguan-faturen-e-pds-se-ne-nje-restorant-ne-katerkolle-vijesti\/#breadcrumb\"},\"inLanguage\":\"en-US\",\"potentialAction\":[{\"@type\":\"ReadAction\",\"target\":[\"https:\/\/www.visit-ulcinj.com\/blog\/2016\/10\/19\/komuna-paguan-faturen-e-pds-se-ne-nje-restorant-ne-katerkolle-vijesti\/\"]}]},{\"@type\":\"BreadcrumbList\",\"@id\":\"https:\/\/www.visit-ulcinj.com\/blog\/2016\/10\/19\/komuna-paguan-faturen-e-pds-se-ne-nje-restorant-ne-katerkolle-vijesti\/#breadcrumb\",\"itemListElement\":[{\"@type\":\"ListItem\",\"position\":1,\"name\":\"Komuna paguan fatur\u00ebn e PDS-s\u00eb n\u00eb nj\u00eb restorant n\u00eb Kat\u00ebrkoll\u00eb &#8211; Vijesti\"}]},{\"@type\":\"Person\",\"@id\":\"https:\/\/www.visit-ulcinj.com\/blog\/#\/schema\/person\/dcab619c614d3038751c63bc2aadc06d\",\"name\":\"ulqini\",\"sameAs\":[\"http:\/\/www.visit-ulcinj.com\"],\"url\":\"https:\/\/www.visit-ulcinj.com\/blog\/author\/admin\/\"}]}<\/script>\n<!-- \/ Yoast SEO plugin. -->","yoast_head_json":{"title":"Komuna paguan fatur\u00ebn e PDS-s\u00eb n\u00eb nj\u00eb restorant n\u00eb Kat\u00ebrkoll\u00eb - Vijesti - Lajme nga Ulqini","description":"Festa e p\u00ebrkrah\u00ebsve t\u00eb PDS-s\u00eb n\u00eb nj\u00eb restorant n\u00eb Kat\u00ebrkoll\u00eb, me rastin e pritjes s\u00eb shefit t\u00eb partis\u00eb Millo Gjukanoviq n\u00eb dit\u00ebn kur kjo parti kishte","robots":{"index":"index","follow":"follow","max-snippet":"max-snippet:-1","max-image-preview":"max-image-preview:large","max-video-preview":"max-video-preview:-1"},"canonical":"https:\/\/www.visit-ulcinj.com\/blog\/2016\/10\/19\/komuna-paguan-faturen-e-pds-se-ne-nje-restorant-ne-katerkolle-vijesti\/","og_locale":"en_US","og_type":"article","og_title":"Komuna paguan fatur\u00ebn e PDS-s\u00eb n\u00eb nj\u00eb restorant n\u00eb Kat\u00ebrkoll\u00eb - Vijesti - Lajme nga Ulqini","og_description":"Festa e p\u00ebrkrah\u00ebsve t\u00eb PDS-s\u00eb n\u00eb nj\u00eb restorant n\u00eb Kat\u00ebrkoll\u00eb, me rastin e pritjes s\u00eb shefit t\u00eb partis\u00eb Millo Gjukanoviq n\u00eb dit\u00ebn kur kjo parti kishte","og_url":"https:\/\/www.visit-ulcinj.com\/blog\/2016\/10\/19\/komuna-paguan-faturen-e-pds-se-ne-nje-restorant-ne-katerkolle-vijesti\/","og_site_name":"Lajme nga Ulqini","article_published_time":"2016-10-19T13:06:00+00:00","twitter_misc":{"Written by":"ulqini","Est. reading time":"1 minute"},"schema":{"@context":"https:\/\/schema.org","@graph":[{"@type":"WebSite","@id":"https:\/\/www.visit-ulcinj.com\/blog\/#website","url":"https:\/\/www.visit-ulcinj.com\/blog\/","name":"Lajme nga Ulqini","description":"Lajme,Vijesti,Ulqini,Ulqin,Crna Gora,Mali i Zi","potentialAction":[{"@type":"SearchAction","target":{"@type":"EntryPoint","urlTemplate":"https:\/\/www.visit-ulcinj.com\/blog\/?s={search_term_string}"},"query-input":"required name=search_term_string"}],"inLanguage":"en-US"},{"@type":"WebPage","@id":"https:\/\/www.visit-ulcinj.com\/blog\/2016\/10\/19\/komuna-paguan-faturen-e-pds-se-ne-nje-restorant-ne-katerkolle-vijesti\/#webpage","url":"https:\/\/www.visit-ulcinj.com\/blog\/2016\/10\/19\/komuna-paguan-faturen-e-pds-se-ne-nje-restorant-ne-katerkolle-vijesti\/","name":"Komuna paguan fatur\u00ebn e PDS-s\u00eb n\u00eb nj\u00eb restorant n\u00eb Kat\u00ebrkoll\u00eb - Vijesti - Lajme nga Ulqini","isPartOf":{"@id":"https:\/\/www.visit-ulcinj.com\/blog\/#website"},"datePublished":"2016-10-19T13:06:00+00:00","dateModified":"2016-10-19T13:06:00+00:00","author":{"@id":"https:\/\/www.visit-ulcinj.com\/blog\/#\/schema\/person\/dcab619c614d3038751c63bc2aadc06d"},"description":"Festa e p\u00ebrkrah\u00ebsve t\u00eb PDS-s\u00eb n\u00eb nj\u00eb restorant n\u00eb Kat\u00ebrkoll\u00eb, me rastin e pritjes s\u00eb shefit t\u00eb partis\u00eb Millo Gjukanoviq n\u00eb dit\u00ebn kur kjo parti kishte","breadcrumb":{"@id":"https:\/\/www.visit-ulcinj.com\/blog\/2016\/10\/19\/komuna-paguan-faturen-e-pds-se-ne-nje-restorant-ne-katerkolle-vijesti\/#breadcrumb"},"inLanguage":"en-US","potentialAction":[{"@type":"ReadAction","target":["https:\/\/www.visit-ulcinj.com\/blog\/2016\/10\/19\/komuna-paguan-faturen-e-pds-se-ne-nje-restorant-ne-katerkolle-vijesti\/"]}]},{"@type":"BreadcrumbList","@id":"https:\/\/www.visit-ulcinj.com\/blog\/2016\/10\/19\/komuna-paguan-faturen-e-pds-se-ne-nje-restorant-ne-katerkolle-vijesti\/#breadcrumb","itemListElement":[{"@type":"ListItem","position":1,"name":"Komuna paguan fatur\u00ebn e PDS-s\u00eb n\u00eb nj\u00eb restorant n\u00eb Kat\u00ebrkoll\u00eb &#8211; Vijesti"}]},{"@type":"Person","@id":"https:\/\/www.visit-ulcinj.com\/blog\/#\/schema\/person\/dcab619c614d3038751c63bc2aadc06d","name":"ulqini","sameAs":["http:\/\/www.visit-ulcinj.com"],"url":"https:\/\/www.visit-ulcinj.com\/blog\/author\/admin\/"}]}},"jetpack_featured_media_url":"","jetpack_sharing_enabled":true,"jetpack_shortlink":"https:\/\/wp.me\/pe6lTn-q7W","_links":{"self":[{"href":"https:\/\/www.visit-ulcinj.com\/blog\/wp-json\/wp\/v2\/posts\/100436"}],"collection":[{"href":"https:\/\/www.visit-ulcinj.com\/blog\/wp-json\/wp\/v2\/posts"}],"about":[{"href":"https:\/\/www.visit-ulcinj.com\/blog\/wp-json\/wp\/v2\/types\/post"}],"author":[{"embeddable":true,"href":"https:\/\/www.visit-ulcinj.com\/blog\/wp-json\/wp\/v2\/users\/1"}],"replies":[{"embeddable":true,"href":"https:\/\/www.visit-ulcinj.com\/blog\/wp-json\/wp\/v2\/comments?post=100436"}],"version-history":[{"count":2,"href":"https:\/\/www.visit-ulcinj.com\/blog\/wp-json\/wp\/v2\/posts\/100436\/revisions"}],"predecessor-version":[{"id":100455,"href":"https:\/\/www.visit-ulcinj.com\/blog\/wp-json\/wp\/v2\/posts\/100436\/revisions\/100455"}],"wp:attachment":[{"href":"https:\/\/www.visit-ulcinj.com\/blog\/wp-json\/wp\/v2\/media?parent=100436"}],"wp:term":[{"taxonomy":"category","embeddable":true,"href":"https:\/\/www.visit-ulcinj.com\/blog\/wp-json\/wp\/v2\/categories?post=100436"},{"taxonomy":"post_tag","embeddable":true,"href":"https:\/\/www.visit-ulcinj.com\/blog\/wp-json\/wp\/v2\/tags?post=100436"}],"curies":[{"name":"wp","href":"https:\/\/api.w.org\/{rel}","templated":true}]}}