{"id":100439,"date":"2016-10-19T14:15:10","date_gmt":"2016-10-19T13:15:10","guid":{"rendered":"http:\/\/www.visit-ulcinj.com\/blog\/?p=100439"},"modified":"2016-10-19T14:15:10","modified_gmt":"2016-10-19T13:15:10","slug":"gani-mehmetaj-shkolla-arabe-ne-katundin-shqiptar-ne-fushen-e-ulqinit","status":"publish","type":"post","link":"https:\/\/www.visit-ulcinj.com\/blog\/2016\/10\/19\/gani-mehmetaj-shkolla-arabe-ne-katundin-shqiptar-ne-fushen-e-ulqinit\/","title":{"rendered":"Gani Mehmetaj: Shkolla arabe n\u00eb katundin shqiptar n\u00eb Fush\u00ebn e Ulqinit"},"content":{"rendered":"<p><a href=\"http:\/\/www.visit-ulcinj.com\/blog\/wp-content\/uploads\/2016\/10\/Gani-Mehmetaj.jpg\"><img loading=\"lazy\" class=\"alignleft wp-image-100440\" src=\"http:\/\/www.visit-ulcinj.com\/blog\/wp-content\/uploads\/2016\/10\/Gani-Mehmetaj.jpg\" alt=\"Gani-Mehmetaj\" width=\"508\" height=\"511\" \/><\/a>Nd\u00ebrkaq, n\u00eb Fush\u00ebn e Ulqinit, Turqia po e nd\u00ebrton medresen\u00eb e vajzave sllave myslimane p\u00ebr t\u00eb ndryshuar struktur\u00ebn etnike shqiptare t\u00eb Ulqinit. \u2013 Medreseja turke-islamike paraqet goditje t\u00eb pariparueshme p\u00ebr turizmin shqiptar t\u00eb Ulqinit e katundeve.Ulqinak\u00ebt jetojn\u00eb nga turizmi.<\/p>\n<p>Miku im nga Mali i Zi m\u00eb lajm\u00ebroi se, u hap internati arab p\u00ebr nx\u00ebn\u00ebsit e Medreses\u00eb n\u00eb Milesh t\u00eb Mal\u00ebsis\u00eb nga presidenti i Malit t\u00eb Zi, Filip Vujanovi\u00e7, n\u00eb prani t\u00eb ambasadores s\u00eb Emirateve t\u00eb Bashkuara arabe (donatore), ambasadorit turk n\u00eb Podgoric\u00eb dhe kryetarit t\u00eb Bashk\u00ebsis\u00eb Islame t\u00eb k\u00ebtij mini shteti.<br \/>\nMedreseja e internati arab-islamik n\u00eb katundin shqiptar, Milesh t\u00eb Gjelosh Gjokajt t\u00eb famsh\u00ebm, \u00ebsht\u00eb provokim i rreziksh\u00ebm, \u00ebsht\u00eb p\u00ebrpjekje e tri subjekteve q\u00eb e hap\u00ebn shkoll\u00ebn arabe t\u00eb nxisin konflikte n\u00eb mes t\u00eb sllav\u00ebve mysliman\u00eb e shqiptar\u00ebve katolik\u00eb. \u00c7\u2019u duhet shqiptar\u00ebve shkolla arabe?<br \/>\nShqiptar\u00ebt e Mal\u00ebsis\u00eb n\u00eb t\u00eb kaluar\u00ebn e af\u00ebrt e kund\u00ebrshtuan disa her\u00eb pushtetin e dhunsh\u00ebm, nd\u00ebrsa policia u soll brutalisht ndaj tyre. Shqiptar\u00ebt e Mal\u00ebsis\u00eb nuk jan\u00eb t\u00eb gatsh\u00ebm ta pranojn\u00eb pozit\u00ebn e kombit t\u00eb n\u00ebp\u00ebrk\u00ebmbur, prandaj Vujanovi\u00e7 duket q\u00eb ftoi arab\u00ebt e turqit t\u00eb b\u00ebhen vija e par\u00eb e frontit kund\u00ebr shqiptar\u00ebve, m\u00eb shkruan miku im.<br \/>\nTurqit e malazez\u00eb i kan\u00eb p\u00ebrdor\u00eb vazhdimisht sllav\u00ebt e myslimanizuar pyk\u00eb kund\u00ebr shqiptar\u00ebve, megjith\u00ebse mysliman\u00ebt fatkeq para 100 vjet\u00ebsh ishin t\u00eb kombit ton\u00eb. Dikur mal\u00ebsor\u00ebt u dol\u00ebn n\u00eb ndihm\u00eb kur i masakronin malazez\u00ebt e serb\u00ebt, nd\u00ebrsa tash t\u00eb ndihmuarit po ua fusin thik\u00ebn pas shpine. Kryetari i Bashk\u00ebsis\u00eb Mysliman\u00ebve, i cili i prin shkomb\u00ebtarizimit \u00ebsht\u00eb nj\u00eb fatkeq shqiptar i sllavizuar, nd\u00ebrsa tash p\u00ebrpiqet t\u2019i shkomb\u00ebtarizoj edhe t\u00eb tjer\u00ebt.<br \/>\nNd\u00ebrkaq, presidenti malazez, asnj\u00ebher\u00eb nuk \u00ebsht\u00eb brengosur p\u00ebr shkollat shqipe, t\u00eb cilat po i mbyllin p\u00ebr t\u2019i z\u00ebvend\u00ebsuar m\u00eb shkolla fetare arabe.<br \/>\nSikur nuk mjaftonte ky provokim, n\u00eb Fush\u00ebn e Ulqinit, Turqia po e nd\u00ebrton medresen\u00eb e vajzave sllave myslimane p\u00ebr t\u00eb ndryshuar struktur\u00ebn etnike shqiptare. Turqit kan\u00eb p\u00ebrhapur propagand\u00eb sikur do t\u00eb hapin medrese e internat p\u00ebr vajzat shqiptare, mir\u00ebpo ulqinak\u00ebt e din\u00eb fare mir\u00eb se vajzat shqiptare nuk do t\u00eb shkojn\u00eb kurr\u00eb n\u00eb shkolla arabe e turke, edhe donator\u00ebt e din\u00eb k\u00ebt\u00eb gj\u00eb, k\u00ebshtu q\u00eb fshehurazi planifikojn\u00eb t\u00eb sjellin sllave q\u00eb ta ndryshojn\u00eb struktur\u00ebn etnike shqiptare. M\u00eb k\u00ebt\u00eb veprim Turqia m\u00eb ndihm\u00ebn e sllav\u00ebve synon t\u00eb tensionoj situat\u00ebn n\u00eb Ulqin.<br \/>\nMiku im, i shqet\u00ebsuar m\u00eb k\u00ebto veprime shkomb\u00ebtarizuese, druan se mund t\u00eb shp\u00ebrthej\u00eb ndonj\u00eb pak\u00ebnaq\u00ebsi e ulqinak\u00ebve kund\u00ebr shkoll\u00ebs arabe, kund\u00ebr k\u00ebsaj \u00e7erdhe islamike, ku mund t\u00eb rekrutohen vajza skllave seksi p\u00ebr luft\u00ebtar\u00ebt e tok\u00ebs s\u00eb Shamit e p\u00ebr luft\u00ebtar\u00ebt e ISIS-it. \u201cDo t\u00eb sill\u00ebn mjekrroshat n\u00ebp\u00ebr Fush\u00ebn e Ulqinit si mizat n\u00ebp\u00ebr plehra\u201d, m\u00eb shkruan miku im.<br \/>\nMedreseja turke-islamike paraqet goditje t\u00eb pariparueshme p\u00ebr turizmin shqiptar t\u00eb Ulqinit e katundeve. Nd\u00ebrkaq ulqinak\u00ebt jetojn\u00eb nga turizmi. \u201cMedreseve turko-arabe do t\u2019ua shohim sherrin, do t\u00eb na ikin turist\u00ebt, tutje ku nuk ka ul\u00ebrima vehabist\u00ebsh e anadollak\u00ebsh\u201d, m\u00eb shkruan i mllefosur miku im.<\/p>\n<p><strong>Infokusi<\/strong><\/p>\n","protected":false},"excerpt":{"rendered":"<p>Nd\u00ebrkaq, n\u00eb Fush\u00ebn e Ulqinit, Turqia po e nd\u00ebrton medresen\u00eb e vajzave sllave myslimane p\u00ebr t\u00eb ndryshuar struktur\u00ebn etnike shqiptare t\u00eb Ulqinit. \u2013 Medreseja turke-islamike paraqet goditje t\u00eb pariparueshme p\u00ebr turizmin shqiptar t\u00eb Ulqinit e katundeve.Ulqinak\u00ebt jetojn\u00eb nga turizmi. Miku im nga Mali i Zi m\u00eb lajm\u00ebroi se, u hap internati arab p\u00ebr nx\u00ebn\u00ebsit e [&hellip;]<\/p>\n","protected":false},"author":1,"featured_media":0,"comment_status":"closed","ping_status":"closed","sticky":false,"template":"","format":"standard","meta":{"spay_email":"","jetpack_publicize_message":"","jetpack_is_tweetstorm":false,"jetpack_publicize_feature_enabled":true},"categories":[11],"tags":[],"jetpack_publicize_connections":[],"yoast_head":"<!-- This site is optimized with the Yoast SEO plugin v19.1 - https:\/\/yoast.com\/wordpress\/plugins\/seo\/ -->\n<title>Gani Mehmetaj: Shkolla arabe n\u00eb katundin shqiptar n\u00eb Fush\u00ebn e Ulqinit - Lajme nga Ulqini<\/title>\n<meta name=\"description\" content=\"Nd\u00ebrkaq, n\u00eb Fush\u00ebn e Ulqinit, Turqia po e nd\u00ebrton medresen\u00eb e vajzave sllave myslimane p\u00ebr t\u00eb ndryshuar struktur\u00ebn etnike shqiptare t\u00eb Ulqinit. \u2013\" \/>\n<meta name=\"robots\" content=\"index, follow, max-snippet:-1, max-image-preview:large, max-video-preview:-1\" \/>\n<link rel=\"canonical\" href=\"https:\/\/www.visit-ulcinj.com\/blog\/2016\/10\/19\/gani-mehmetaj-shkolla-arabe-ne-katundin-shqiptar-ne-fushen-e-ulqinit\/\" \/>\n<meta property=\"og:locale\" content=\"en_US\" \/>\n<meta property=\"og:type\" content=\"article\" \/>\n<meta property=\"og:title\" content=\"Gani Mehmetaj: Shkolla arabe n\u00eb katundin shqiptar n\u00eb Fush\u00ebn e Ulqinit - Lajme nga Ulqini\" \/>\n<meta property=\"og:description\" content=\"Nd\u00ebrkaq, n\u00eb Fush\u00ebn e Ulqinit, Turqia po e nd\u00ebrton medresen\u00eb e vajzave sllave myslimane p\u00ebr t\u00eb ndryshuar struktur\u00ebn etnike shqiptare t\u00eb Ulqinit. \u2013\" \/>\n<meta property=\"og:url\" content=\"https:\/\/www.visit-ulcinj.com\/blog\/2016\/10\/19\/gani-mehmetaj-shkolla-arabe-ne-katundin-shqiptar-ne-fushen-e-ulqinit\/\" \/>\n<meta property=\"og:site_name\" content=\"Lajme nga Ulqini\" \/>\n<meta property=\"article:published_time\" content=\"2016-10-19T13:15:10+00:00\" \/>\n<meta property=\"og:image\" content=\"http:\/\/www.visit-ulcinj.com\/blog\/wp-content\/uploads\/2016\/10\/Gani-Mehmetaj.jpg\" \/>\n<meta name=\"twitter:label1\" content=\"Written by\" \/>\n\t<meta name=\"twitter:data1\" content=\"ulqini\" \/>\n\t<meta name=\"twitter:label2\" content=\"Est. reading time\" \/>\n\t<meta name=\"twitter:data2\" content=\"3 minutes\" \/>\n<script type=\"application\/ld+json\" class=\"yoast-schema-graph\">{\"@context\":\"https:\/\/schema.org\",\"@graph\":[{\"@type\":\"WebSite\",\"@id\":\"https:\/\/www.visit-ulcinj.com\/blog\/#website\",\"url\":\"https:\/\/www.visit-ulcinj.com\/blog\/\",\"name\":\"Lajme nga Ulqini\",\"description\":\"Lajme,Vijesti,Ulqini,Ulqin,Crna Gora,Mali i Zi\",\"potentialAction\":[{\"@type\":\"SearchAction\",\"target\":{\"@type\":\"EntryPoint\",\"urlTemplate\":\"https:\/\/www.visit-ulcinj.com\/blog\/?s={search_term_string}\"},\"query-input\":\"required name=search_term_string\"}],\"inLanguage\":\"en-US\"},{\"@type\":\"ImageObject\",\"inLanguage\":\"en-US\",\"@id\":\"https:\/\/www.visit-ulcinj.com\/blog\/2016\/10\/19\/gani-mehmetaj-shkolla-arabe-ne-katundin-shqiptar-ne-fushen-e-ulqinit\/#primaryimage\",\"url\":\"http:\/\/www.visit-ulcinj.com\/blog\/wp-content\/uploads\/2016\/10\/Gani-Mehmetaj.jpg\",\"contentUrl\":\"http:\/\/www.visit-ulcinj.com\/blog\/wp-content\/uploads\/2016\/10\/Gani-Mehmetaj.jpg\"},{\"@type\":\"WebPage\",\"@id\":\"https:\/\/www.visit-ulcinj.com\/blog\/2016\/10\/19\/gani-mehmetaj-shkolla-arabe-ne-katundin-shqiptar-ne-fushen-e-ulqinit\/#webpage\",\"url\":\"https:\/\/www.visit-ulcinj.com\/blog\/2016\/10\/19\/gani-mehmetaj-shkolla-arabe-ne-katundin-shqiptar-ne-fushen-e-ulqinit\/\",\"name\":\"Gani Mehmetaj: Shkolla arabe n\u00eb katundin shqiptar n\u00eb Fush\u00ebn e Ulqinit - Lajme nga Ulqini\",\"isPartOf\":{\"@id\":\"https:\/\/www.visit-ulcinj.com\/blog\/#website\"},\"primaryImageOfPage\":{\"@id\":\"https:\/\/www.visit-ulcinj.com\/blog\/2016\/10\/19\/gani-mehmetaj-shkolla-arabe-ne-katundin-shqiptar-ne-fushen-e-ulqinit\/#primaryimage\"},\"datePublished\":\"2016-10-19T13:15:10+00:00\",\"dateModified\":\"2016-10-19T13:15:10+00:00\",\"author\":{\"@id\":\"https:\/\/www.visit-ulcinj.com\/blog\/#\/schema\/person\/dcab619c614d3038751c63bc2aadc06d\"},\"description\":\"Nd\u00ebrkaq, n\u00eb Fush\u00ebn e Ulqinit, Turqia po e nd\u00ebrton medresen\u00eb e vajzave sllave myslimane p\u00ebr t\u00eb ndryshuar struktur\u00ebn etnike shqiptare t\u00eb Ulqinit. \u2013\",\"breadcrumb\":{\"@id\":\"https:\/\/www.visit-ulcinj.com\/blog\/2016\/10\/19\/gani-mehmetaj-shkolla-arabe-ne-katundin-shqiptar-ne-fushen-e-ulqinit\/#breadcrumb\"},\"inLanguage\":\"en-US\",\"potentialAction\":[{\"@type\":\"ReadAction\",\"target\":[\"https:\/\/www.visit-ulcinj.com\/blog\/2016\/10\/19\/gani-mehmetaj-shkolla-arabe-ne-katundin-shqiptar-ne-fushen-e-ulqinit\/\"]}]},{\"@type\":\"BreadcrumbList\",\"@id\":\"https:\/\/www.visit-ulcinj.com\/blog\/2016\/10\/19\/gani-mehmetaj-shkolla-arabe-ne-katundin-shqiptar-ne-fushen-e-ulqinit\/#breadcrumb\",\"itemListElement\":[{\"@type\":\"ListItem\",\"position\":1,\"name\":\"Gani Mehmetaj: Shkolla arabe n\u00eb katundin shqiptar n\u00eb Fush\u00ebn e Ulqinit\"}]},{\"@type\":\"Person\",\"@id\":\"https:\/\/www.visit-ulcinj.com\/blog\/#\/schema\/person\/dcab619c614d3038751c63bc2aadc06d\",\"name\":\"ulqini\",\"sameAs\":[\"http:\/\/www.visit-ulcinj.com\"],\"url\":\"https:\/\/www.visit-ulcinj.com\/blog\/author\/admin\/\"}]}<\/script>\n<!-- \/ Yoast SEO plugin. -->","yoast_head_json":{"title":"Gani Mehmetaj: Shkolla arabe n\u00eb katundin shqiptar n\u00eb Fush\u00ebn e Ulqinit - Lajme nga Ulqini","description":"Nd\u00ebrkaq, n\u00eb Fush\u00ebn e Ulqinit, Turqia po e nd\u00ebrton medresen\u00eb e vajzave sllave myslimane p\u00ebr t\u00eb ndryshuar struktur\u00ebn etnike shqiptare t\u00eb Ulqinit. \u2013","robots":{"index":"index","follow":"follow","max-snippet":"max-snippet:-1","max-image-preview":"max-image-preview:large","max-video-preview":"max-video-preview:-1"},"canonical":"https:\/\/www.visit-ulcinj.com\/blog\/2016\/10\/19\/gani-mehmetaj-shkolla-arabe-ne-katundin-shqiptar-ne-fushen-e-ulqinit\/","og_locale":"en_US","og_type":"article","og_title":"Gani Mehmetaj: Shkolla arabe n\u00eb katundin shqiptar n\u00eb Fush\u00ebn e Ulqinit - Lajme nga Ulqini","og_description":"Nd\u00ebrkaq, n\u00eb Fush\u00ebn e Ulqinit, Turqia po e nd\u00ebrton medresen\u00eb e vajzave sllave myslimane p\u00ebr t\u00eb ndryshuar struktur\u00ebn etnike shqiptare t\u00eb Ulqinit. \u2013","og_url":"https:\/\/www.visit-ulcinj.com\/blog\/2016\/10\/19\/gani-mehmetaj-shkolla-arabe-ne-katundin-shqiptar-ne-fushen-e-ulqinit\/","og_site_name":"Lajme nga Ulqini","article_published_time":"2016-10-19T13:15:10+00:00","og_image":[{"url":"http:\/\/www.visit-ulcinj.com\/blog\/wp-content\/uploads\/2016\/10\/Gani-Mehmetaj.jpg"}],"twitter_misc":{"Written by":"ulqini","Est. reading time":"3 minutes"},"schema":{"@context":"https:\/\/schema.org","@graph":[{"@type":"WebSite","@id":"https:\/\/www.visit-ulcinj.com\/blog\/#website","url":"https:\/\/www.visit-ulcinj.com\/blog\/","name":"Lajme nga Ulqini","description":"Lajme,Vijesti,Ulqini,Ulqin,Crna Gora,Mali i Zi","potentialAction":[{"@type":"SearchAction","target":{"@type":"EntryPoint","urlTemplate":"https:\/\/www.visit-ulcinj.com\/blog\/?s={search_term_string}"},"query-input":"required name=search_term_string"}],"inLanguage":"en-US"},{"@type":"ImageObject","inLanguage":"en-US","@id":"https:\/\/www.visit-ulcinj.com\/blog\/2016\/10\/19\/gani-mehmetaj-shkolla-arabe-ne-katundin-shqiptar-ne-fushen-e-ulqinit\/#primaryimage","url":"http:\/\/www.visit-ulcinj.com\/blog\/wp-content\/uploads\/2016\/10\/Gani-Mehmetaj.jpg","contentUrl":"http:\/\/www.visit-ulcinj.com\/blog\/wp-content\/uploads\/2016\/10\/Gani-Mehmetaj.jpg"},{"@type":"WebPage","@id":"https:\/\/www.visit-ulcinj.com\/blog\/2016\/10\/19\/gani-mehmetaj-shkolla-arabe-ne-katundin-shqiptar-ne-fushen-e-ulqinit\/#webpage","url":"https:\/\/www.visit-ulcinj.com\/blog\/2016\/10\/19\/gani-mehmetaj-shkolla-arabe-ne-katundin-shqiptar-ne-fushen-e-ulqinit\/","name":"Gani Mehmetaj: Shkolla arabe n\u00eb katundin shqiptar n\u00eb Fush\u00ebn e Ulqinit - Lajme nga Ulqini","isPartOf":{"@id":"https:\/\/www.visit-ulcinj.com\/blog\/#website"},"primaryImageOfPage":{"@id":"https:\/\/www.visit-ulcinj.com\/blog\/2016\/10\/19\/gani-mehmetaj-shkolla-arabe-ne-katundin-shqiptar-ne-fushen-e-ulqinit\/#primaryimage"},"datePublished":"2016-10-19T13:15:10+00:00","dateModified":"2016-10-19T13:15:10+00:00","author":{"@id":"https:\/\/www.visit-ulcinj.com\/blog\/#\/schema\/person\/dcab619c614d3038751c63bc2aadc06d"},"description":"Nd\u00ebrkaq, n\u00eb Fush\u00ebn e Ulqinit, Turqia po e nd\u00ebrton medresen\u00eb e vajzave sllave myslimane p\u00ebr t\u00eb ndryshuar struktur\u00ebn etnike shqiptare t\u00eb Ulqinit. \u2013","breadcrumb":{"@id":"https:\/\/www.visit-ulcinj.com\/blog\/2016\/10\/19\/gani-mehmetaj-shkolla-arabe-ne-katundin-shqiptar-ne-fushen-e-ulqinit\/#breadcrumb"},"inLanguage":"en-US","potentialAction":[{"@type":"ReadAction","target":["https:\/\/www.visit-ulcinj.com\/blog\/2016\/10\/19\/gani-mehmetaj-shkolla-arabe-ne-katundin-shqiptar-ne-fushen-e-ulqinit\/"]}]},{"@type":"BreadcrumbList","@id":"https:\/\/www.visit-ulcinj.com\/blog\/2016\/10\/19\/gani-mehmetaj-shkolla-arabe-ne-katundin-shqiptar-ne-fushen-e-ulqinit\/#breadcrumb","itemListElement":[{"@type":"ListItem","position":1,"name":"Gani Mehmetaj: Shkolla arabe n\u00eb katundin shqiptar n\u00eb Fush\u00ebn e Ulqinit"}]},{"@type":"Person","@id":"https:\/\/www.visit-ulcinj.com\/blog\/#\/schema\/person\/dcab619c614d3038751c63bc2aadc06d","name":"ulqini","sameAs":["http:\/\/www.visit-ulcinj.com"],"url":"https:\/\/www.visit-ulcinj.com\/blog\/author\/admin\/"}]}},"jetpack_featured_media_url":"","jetpack_sharing_enabled":true,"jetpack_shortlink":"https:\/\/wp.me\/pe6lTn-q7Z","_links":{"self":[{"href":"https:\/\/www.visit-ulcinj.com\/blog\/wp-json\/wp\/v2\/posts\/100439"}],"collection":[{"href":"https:\/\/www.visit-ulcinj.com\/blog\/wp-json\/wp\/v2\/posts"}],"about":[{"href":"https:\/\/www.visit-ulcinj.com\/blog\/wp-json\/wp\/v2\/types\/post"}],"author":[{"embeddable":true,"href":"https:\/\/www.visit-ulcinj.com\/blog\/wp-json\/wp\/v2\/users\/1"}],"replies":[{"embeddable":true,"href":"https:\/\/www.visit-ulcinj.com\/blog\/wp-json\/wp\/v2\/comments?post=100439"}],"version-history":[{"count":1,"href":"https:\/\/www.visit-ulcinj.com\/blog\/wp-json\/wp\/v2\/posts\/100439\/revisions"}],"predecessor-version":[{"id":100441,"href":"https:\/\/www.visit-ulcinj.com\/blog\/wp-json\/wp\/v2\/posts\/100439\/revisions\/100441"}],"wp:attachment":[{"href":"https:\/\/www.visit-ulcinj.com\/blog\/wp-json\/wp\/v2\/media?parent=100439"}],"wp:term":[{"taxonomy":"category","embeddable":true,"href":"https:\/\/www.visit-ulcinj.com\/blog\/wp-json\/wp\/v2\/categories?post=100439"},{"taxonomy":"post_tag","embeddable":true,"href":"https:\/\/www.visit-ulcinj.com\/blog\/wp-json\/wp\/v2\/tags?post=100439"}],"curies":[{"name":"wp","href":"https:\/\/api.w.org\/{rel}","templated":true}]}}