{"id":100442,"date":"2016-10-19T14:19:54","date_gmt":"2016-10-19T13:19:54","guid":{"rendered":"http:\/\/www.visit-ulcinj.com\/blog\/?p=100442"},"modified":"2016-10-19T14:19:54","modified_gmt":"2016-10-19T13:19:54","slug":"cungu-per-deshtimin-e-shqiptareve-ne-mal-te-zi-fajesohet-edhe-kosova","status":"publish","type":"post","link":"https:\/\/www.visit-ulcinj.com\/blog\/2016\/10\/19\/cungu-per-deshtimin-e-shqiptareve-ne-mal-te-zi-fajesohet-edhe-kosova\/","title":{"rendered":"Cungu: P\u00ebr d\u00ebshtimin e shqiptar\u00ebve n\u00eb Mal t\u00eb Zi faj\u00ebsohet edhe Kosova"},"content":{"rendered":"<p><strong><a href=\"http:\/\/www.visit-ulcinj.com\/blog\/wp-content\/uploads\/2016\/10\/Nazif-Cungu-Kryetar-i-Ulqinit.jpg\"><img loading=\"lazy\" class=\"alignleft wp-image-100443\" src=\"http:\/\/www.visit-ulcinj.com\/blog\/wp-content\/uploads\/2016\/10\/Nazif-Cungu-Kryetar-i-Ulqinit.jpg\" alt=\"Nazif-Cungu-Kryetar-i-Ulqinit\" width=\"508\" height=\"339\" srcset=\"https:\/\/www.visit-ulcinj.com\/blog\/wp-content\/uploads\/2016\/10\/Nazif-Cungu-Kryetar-i-Ulqinit.jpg 960w, https:\/\/www.visit-ulcinj.com\/blog\/wp-content\/uploads\/2016\/10\/Nazif-Cungu-Kryetar-i-Ulqinit-300x200.jpg 300w, https:\/\/www.visit-ulcinj.com\/blog\/wp-content\/uploads\/2016\/10\/Nazif-Cungu-Kryetar-i-Ulqinit-768x512.jpg 768w\" sizes=\"(max-width: 508px) 100vw, 508px\" \/><\/a>Ulqin, 19 tetor 2016<\/strong> \u2013 Shqiptar\u00ebt n\u00eb Mal t\u00eb Zi kan\u00eb arritur ta sigurojn\u00eb vet\u00ebm nj\u00eb vend n\u00eb parlament pas zgjedhjeve t\u00eb fundit, t\u00eb mbajtura para pak dit\u00ebsh. P\u00ebrfaq\u00ebsues t\u00eb subjekteve shqiptare atje kan\u00eb th\u00ebn\u00eb se arsyeja kryesore, sa i takon k\u00ebtij d\u00ebshtimi, ka qen\u00eb shp\u00ebrndarja e listave t\u00eb subjekteve politike. Mir\u00ebpo nj\u00eb pjes\u00eb t\u00eb fajit lidhur me k\u00ebt\u00eb \u00e7\u00ebshtje, sipas tyre, e bart edhe Kosova pasi q\u00eb, ashtu si ata jan\u00eb shprehur, ajo nuk ka kontribuuar asnj\u00ebher\u00eb n\u00eb p\u00ebrafrimin e pakic\u00ebs shqiptare n\u00eb k\u00ebt\u00eb shtet.<\/p>\n<p>Pavar\u00ebsisht k\u00ebsaj, njoh\u00ebsit e rrethanave politike n\u00eb Kosov\u00eb e Shqip\u00ebri vler\u00ebsojn\u00eb se rezultati jo i mir\u00eb ka ardhur si pasoj\u00eb e mosunitetit t\u00eb pal\u00ebs shqiptare. Andaj, nj\u00eb gj\u00eb e till\u00eb, si\u00e7 pretendojn\u00eb ata, do t\u2019u kushtoj\u00eb mjaft shum\u00eb shqiptar\u00ebve. M\u00eb tutje, analist\u00ebt politik\u00eb e kan\u00eb cil\u00ebsuar si katastrofal rezultatin e zgjedhjeve t\u00eb fundit, t\u00eb mbajtura n\u00eb Mal t\u00eb Zi.<\/p>\n<p>&nbsp;<\/p>\n<p><strong>Rezultati, humbje p\u00ebr t\u00eb gjith\u00eb shqiptar\u00ebt e Malit t\u00eb Zi<\/strong><\/p>\n<p>&nbsp;<\/p>\n<p>Kryetari i Komun\u00ebs s\u00eb Ulqinit, nj\u00ebher\u00ebsh kryetar i Forc\u00ebs s\u00eb Re Demokratike, Nazif Cungu, ka vler\u00ebsuar p\u00ebr \u201cZ\u00ebrin\u201d se shp\u00ebrndarja e shqiptar\u00ebve nuk ka qen\u00eb aspak veprim i duhur.<\/p>\n<p>\u201cShp\u00ebrndarja n\u00eb tri lista ka qen\u00eb gabim. Ka qen\u00eb e mjaftueshme t\u00eb shkojm\u00eb me dy lista sidomos sikur t\u00eb kishim shkuar me nj\u00eb list\u00eb, e kemi pasur mund\u00ebsin\u00eb ta marrim mandatin ose tre mandate\u201d, ka deklaruar ai p\u00ebr \u201cZ\u00ebrin\u201d.<\/p>\n<p>Sipas Cungut, subjektet e tjera nuk kan\u00eb d\u00ebgjuar dhe nuk kan\u00eb dashur t\u00eb shkojn\u00eb me nj\u00eb list\u00eb. Andaj, si\u00e7 thot\u00eb ai, ka ardhur deri te nj\u00eb p\u00ebr\u00e7arje e cila ka kushtuar.<\/p>\n<p>I pari i Ulqinit n\u00eb vazhdim ka faj\u00ebsuar institucionet e Kosov\u00ebs p\u00ebr nj\u00eb gj\u00eb t\u00eb till\u00eb.<\/p>\n<p>\u201cInstitucionet e Kosov\u00ebs nuk kan\u00eb reaguar ndoshta me koh\u00eb p\u00ebr t\u00eb na ndihmuar n\u00eb p\u00ebrafrimin e lider\u00ebve tan\u00eb shqiptar\u00eb n\u00eb Mal t\u00eb Zi\u201d, ka shtuar ai. (r.m.)<\/p>\n<p><strong>illyriapress<\/strong><\/p>\n","protected":false},"excerpt":{"rendered":"<p>Ulqin, 19 tetor 2016 \u2013 Shqiptar\u00ebt n\u00eb Mal t\u00eb Zi kan\u00eb arritur ta sigurojn\u00eb vet\u00ebm nj\u00eb vend n\u00eb parlament pas zgjedhjeve t\u00eb fundit, t\u00eb mbajtura para pak dit\u00ebsh. P\u00ebrfaq\u00ebsues t\u00eb subjekteve shqiptare atje kan\u00eb th\u00ebn\u00eb se arsyeja kryesore, sa i takon k\u00ebtij d\u00ebshtimi, ka qen\u00eb shp\u00ebrndarja e listave t\u00eb subjekteve politike. Mir\u00ebpo nj\u00eb pjes\u00eb t\u00eb [&hellip;]<\/p>\n","protected":false},"author":1,"featured_media":0,"comment_status":"closed","ping_status":"closed","sticky":false,"template":"","format":"standard","meta":{"spay_email":"","jetpack_publicize_message":"","jetpack_is_tweetstorm":false,"jetpack_publicize_feature_enabled":true},"categories":[6950],"tags":[],"jetpack_publicize_connections":[],"yoast_head":"<!-- This site is optimized with the Yoast SEO plugin v19.1 - https:\/\/yoast.com\/wordpress\/plugins\/seo\/ -->\n<title>Cungu: P\u00ebr d\u00ebshtimin e shqiptar\u00ebve n\u00eb Mal t\u00eb Zi faj\u00ebsohet edhe Kosova - Lajme nga Ulqini<\/title>\n<meta name=\"description\" content=\"Ulqin, 19 tetor 2016 \u2013 Shqiptar\u00ebt n\u00eb Mal t\u00eb Zi kan\u00eb arritur ta sigurojn\u00eb vet\u00ebm nj\u00eb vend n\u00eb parlament pas zgjedhjeve t\u00eb fundit, t\u00eb mbajtura para pak\" \/>\n<meta name=\"robots\" content=\"index, follow, max-snippet:-1, max-image-preview:large, max-video-preview:-1\" \/>\n<link rel=\"canonical\" href=\"https:\/\/www.visit-ulcinj.com\/blog\/2016\/10\/19\/cungu-per-deshtimin-e-shqiptareve-ne-mal-te-zi-fajesohet-edhe-kosova\/\" \/>\n<meta property=\"og:locale\" content=\"en_US\" \/>\n<meta property=\"og:type\" content=\"article\" \/>\n<meta property=\"og:title\" content=\"Cungu: P\u00ebr d\u00ebshtimin e shqiptar\u00ebve n\u00eb Mal t\u00eb Zi faj\u00ebsohet edhe Kosova - Lajme nga Ulqini\" \/>\n<meta property=\"og:description\" content=\"Ulqin, 19 tetor 2016 \u2013 Shqiptar\u00ebt n\u00eb Mal t\u00eb Zi kan\u00eb arritur ta sigurojn\u00eb vet\u00ebm nj\u00eb vend n\u00eb parlament pas zgjedhjeve t\u00eb fundit, t\u00eb mbajtura para pak\" \/>\n<meta property=\"og:url\" content=\"https:\/\/www.visit-ulcinj.com\/blog\/2016\/10\/19\/cungu-per-deshtimin-e-shqiptareve-ne-mal-te-zi-fajesohet-edhe-kosova\/\" \/>\n<meta property=\"og:site_name\" content=\"Lajme nga Ulqini\" \/>\n<meta property=\"article:published_time\" content=\"2016-10-19T13:19:54+00:00\" \/>\n<meta property=\"og:image\" content=\"http:\/\/www.visit-ulcinj.com\/blog\/wp-content\/uploads\/2016\/10\/Nazif-Cungu-Kryetar-i-Ulqinit.jpg\" \/>\n<meta name=\"twitter:label1\" content=\"Written by\" \/>\n\t<meta name=\"twitter:data1\" content=\"ulqini\" \/>\n\t<meta name=\"twitter:label2\" content=\"Est. reading time\" \/>\n\t<meta name=\"twitter:data2\" content=\"2 minutes\" \/>\n<script type=\"application\/ld+json\" class=\"yoast-schema-graph\">{\"@context\":\"https:\/\/schema.org\",\"@graph\":[{\"@type\":\"WebSite\",\"@id\":\"https:\/\/www.visit-ulcinj.com\/blog\/#website\",\"url\":\"https:\/\/www.visit-ulcinj.com\/blog\/\",\"name\":\"Lajme nga Ulqini\",\"description\":\"Lajme,Vijesti,Ulqini,Ulqin,Crna Gora,Mali i Zi\",\"potentialAction\":[{\"@type\":\"SearchAction\",\"target\":{\"@type\":\"EntryPoint\",\"urlTemplate\":\"https:\/\/www.visit-ulcinj.com\/blog\/?s={search_term_string}\"},\"query-input\":\"required name=search_term_string\"}],\"inLanguage\":\"en-US\"},{\"@type\":\"ImageObject\",\"inLanguage\":\"en-US\",\"@id\":\"https:\/\/www.visit-ulcinj.com\/blog\/2016\/10\/19\/cungu-per-deshtimin-e-shqiptareve-ne-mal-te-zi-fajesohet-edhe-kosova\/#primaryimage\",\"url\":\"https:\/\/www.visit-ulcinj.com\/blog\/wp-content\/uploads\/2016\/10\/Nazif-Cungu-Kryetar-i-Ulqinit.jpg\",\"contentUrl\":\"https:\/\/www.visit-ulcinj.com\/blog\/wp-content\/uploads\/2016\/10\/Nazif-Cungu-Kryetar-i-Ulqinit.jpg\",\"width\":960,\"height\":640},{\"@type\":\"WebPage\",\"@id\":\"https:\/\/www.visit-ulcinj.com\/blog\/2016\/10\/19\/cungu-per-deshtimin-e-shqiptareve-ne-mal-te-zi-fajesohet-edhe-kosova\/#webpage\",\"url\":\"https:\/\/www.visit-ulcinj.com\/blog\/2016\/10\/19\/cungu-per-deshtimin-e-shqiptareve-ne-mal-te-zi-fajesohet-edhe-kosova\/\",\"name\":\"Cungu: P\u00ebr d\u00ebshtimin e shqiptar\u00ebve n\u00eb Mal t\u00eb Zi faj\u00ebsohet edhe Kosova - Lajme nga Ulqini\",\"isPartOf\":{\"@id\":\"https:\/\/www.visit-ulcinj.com\/blog\/#website\"},\"primaryImageOfPage\":{\"@id\":\"https:\/\/www.visit-ulcinj.com\/blog\/2016\/10\/19\/cungu-per-deshtimin-e-shqiptareve-ne-mal-te-zi-fajesohet-edhe-kosova\/#primaryimage\"},\"datePublished\":\"2016-10-19T13:19:54+00:00\",\"dateModified\":\"2016-10-19T13:19:54+00:00\",\"author\":{\"@id\":\"https:\/\/www.visit-ulcinj.com\/blog\/#\/schema\/person\/dcab619c614d3038751c63bc2aadc06d\"},\"description\":\"Ulqin, 19 tetor 2016 \u2013 Shqiptar\u00ebt n\u00eb Mal t\u00eb Zi kan\u00eb arritur ta sigurojn\u00eb vet\u00ebm nj\u00eb vend n\u00eb parlament pas zgjedhjeve t\u00eb fundit, t\u00eb mbajtura para pak\",\"breadcrumb\":{\"@id\":\"https:\/\/www.visit-ulcinj.com\/blog\/2016\/10\/19\/cungu-per-deshtimin-e-shqiptareve-ne-mal-te-zi-fajesohet-edhe-kosova\/#breadcrumb\"},\"inLanguage\":\"en-US\",\"potentialAction\":[{\"@type\":\"ReadAction\",\"target\":[\"https:\/\/www.visit-ulcinj.com\/blog\/2016\/10\/19\/cungu-per-deshtimin-e-shqiptareve-ne-mal-te-zi-fajesohet-edhe-kosova\/\"]}]},{\"@type\":\"BreadcrumbList\",\"@id\":\"https:\/\/www.visit-ulcinj.com\/blog\/2016\/10\/19\/cungu-per-deshtimin-e-shqiptareve-ne-mal-te-zi-fajesohet-edhe-kosova\/#breadcrumb\",\"itemListElement\":[{\"@type\":\"ListItem\",\"position\":1,\"name\":\"Cungu: P\u00ebr d\u00ebshtimin e shqiptar\u00ebve n\u00eb Mal t\u00eb Zi faj\u00ebsohet edhe Kosova\"}]},{\"@type\":\"Person\",\"@id\":\"https:\/\/www.visit-ulcinj.com\/blog\/#\/schema\/person\/dcab619c614d3038751c63bc2aadc06d\",\"name\":\"ulqini\",\"sameAs\":[\"http:\/\/www.visit-ulcinj.com\"],\"url\":\"https:\/\/www.visit-ulcinj.com\/blog\/author\/admin\/\"}]}<\/script>\n<!-- \/ Yoast SEO plugin. -->","yoast_head_json":{"title":"Cungu: P\u00ebr d\u00ebshtimin e shqiptar\u00ebve n\u00eb Mal t\u00eb Zi faj\u00ebsohet edhe Kosova - Lajme nga Ulqini","description":"Ulqin, 19 tetor 2016 \u2013 Shqiptar\u00ebt n\u00eb Mal t\u00eb Zi kan\u00eb arritur ta sigurojn\u00eb vet\u00ebm nj\u00eb vend n\u00eb parlament pas zgjedhjeve t\u00eb fundit, t\u00eb mbajtura para pak","robots":{"index":"index","follow":"follow","max-snippet":"max-snippet:-1","max-image-preview":"max-image-preview:large","max-video-preview":"max-video-preview:-1"},"canonical":"https:\/\/www.visit-ulcinj.com\/blog\/2016\/10\/19\/cungu-per-deshtimin-e-shqiptareve-ne-mal-te-zi-fajesohet-edhe-kosova\/","og_locale":"en_US","og_type":"article","og_title":"Cungu: P\u00ebr d\u00ebshtimin e shqiptar\u00ebve n\u00eb Mal t\u00eb Zi faj\u00ebsohet edhe Kosova - Lajme nga Ulqini","og_description":"Ulqin, 19 tetor 2016 \u2013 Shqiptar\u00ebt n\u00eb Mal t\u00eb Zi kan\u00eb arritur ta sigurojn\u00eb vet\u00ebm nj\u00eb vend n\u00eb parlament pas zgjedhjeve t\u00eb fundit, t\u00eb mbajtura para pak","og_url":"https:\/\/www.visit-ulcinj.com\/blog\/2016\/10\/19\/cungu-per-deshtimin-e-shqiptareve-ne-mal-te-zi-fajesohet-edhe-kosova\/","og_site_name":"Lajme nga Ulqini","article_published_time":"2016-10-19T13:19:54+00:00","og_image":[{"url":"http:\/\/www.visit-ulcinj.com\/blog\/wp-content\/uploads\/2016\/10\/Nazif-Cungu-Kryetar-i-Ulqinit.jpg"}],"twitter_misc":{"Written by":"ulqini","Est. reading time":"2 minutes"},"schema":{"@context":"https:\/\/schema.org","@graph":[{"@type":"WebSite","@id":"https:\/\/www.visit-ulcinj.com\/blog\/#website","url":"https:\/\/www.visit-ulcinj.com\/blog\/","name":"Lajme nga Ulqini","description":"Lajme,Vijesti,Ulqini,Ulqin,Crna Gora,Mali i Zi","potentialAction":[{"@type":"SearchAction","target":{"@type":"EntryPoint","urlTemplate":"https:\/\/www.visit-ulcinj.com\/blog\/?s={search_term_string}"},"query-input":"required name=search_term_string"}],"inLanguage":"en-US"},{"@type":"ImageObject","inLanguage":"en-US","@id":"https:\/\/www.visit-ulcinj.com\/blog\/2016\/10\/19\/cungu-per-deshtimin-e-shqiptareve-ne-mal-te-zi-fajesohet-edhe-kosova\/#primaryimage","url":"https:\/\/www.visit-ulcinj.com\/blog\/wp-content\/uploads\/2016\/10\/Nazif-Cungu-Kryetar-i-Ulqinit.jpg","contentUrl":"https:\/\/www.visit-ulcinj.com\/blog\/wp-content\/uploads\/2016\/10\/Nazif-Cungu-Kryetar-i-Ulqinit.jpg","width":960,"height":640},{"@type":"WebPage","@id":"https:\/\/www.visit-ulcinj.com\/blog\/2016\/10\/19\/cungu-per-deshtimin-e-shqiptareve-ne-mal-te-zi-fajesohet-edhe-kosova\/#webpage","url":"https:\/\/www.visit-ulcinj.com\/blog\/2016\/10\/19\/cungu-per-deshtimin-e-shqiptareve-ne-mal-te-zi-fajesohet-edhe-kosova\/","name":"Cungu: P\u00ebr d\u00ebshtimin e shqiptar\u00ebve n\u00eb Mal t\u00eb Zi faj\u00ebsohet edhe Kosova - Lajme nga Ulqini","isPartOf":{"@id":"https:\/\/www.visit-ulcinj.com\/blog\/#website"},"primaryImageOfPage":{"@id":"https:\/\/www.visit-ulcinj.com\/blog\/2016\/10\/19\/cungu-per-deshtimin-e-shqiptareve-ne-mal-te-zi-fajesohet-edhe-kosova\/#primaryimage"},"datePublished":"2016-10-19T13:19:54+00:00","dateModified":"2016-10-19T13:19:54+00:00","author":{"@id":"https:\/\/www.visit-ulcinj.com\/blog\/#\/schema\/person\/dcab619c614d3038751c63bc2aadc06d"},"description":"Ulqin, 19 tetor 2016 \u2013 Shqiptar\u00ebt n\u00eb Mal t\u00eb Zi kan\u00eb arritur ta sigurojn\u00eb vet\u00ebm nj\u00eb vend n\u00eb parlament pas zgjedhjeve t\u00eb fundit, t\u00eb mbajtura para pak","breadcrumb":{"@id":"https:\/\/www.visit-ulcinj.com\/blog\/2016\/10\/19\/cungu-per-deshtimin-e-shqiptareve-ne-mal-te-zi-fajesohet-edhe-kosova\/#breadcrumb"},"inLanguage":"en-US","potentialAction":[{"@type":"ReadAction","target":["https:\/\/www.visit-ulcinj.com\/blog\/2016\/10\/19\/cungu-per-deshtimin-e-shqiptareve-ne-mal-te-zi-fajesohet-edhe-kosova\/"]}]},{"@type":"BreadcrumbList","@id":"https:\/\/www.visit-ulcinj.com\/blog\/2016\/10\/19\/cungu-per-deshtimin-e-shqiptareve-ne-mal-te-zi-fajesohet-edhe-kosova\/#breadcrumb","itemListElement":[{"@type":"ListItem","position":1,"name":"Cungu: P\u00ebr d\u00ebshtimin e shqiptar\u00ebve n\u00eb Mal t\u00eb Zi faj\u00ebsohet edhe Kosova"}]},{"@type":"Person","@id":"https:\/\/www.visit-ulcinj.com\/blog\/#\/schema\/person\/dcab619c614d3038751c63bc2aadc06d","name":"ulqini","sameAs":["http:\/\/www.visit-ulcinj.com"],"url":"https:\/\/www.visit-ulcinj.com\/blog\/author\/admin\/"}]}},"jetpack_featured_media_url":"","jetpack_sharing_enabled":true,"jetpack_shortlink":"https:\/\/wp.me\/pe6lTn-q82","_links":{"self":[{"href":"https:\/\/www.visit-ulcinj.com\/blog\/wp-json\/wp\/v2\/posts\/100442"}],"collection":[{"href":"https:\/\/www.visit-ulcinj.com\/blog\/wp-json\/wp\/v2\/posts"}],"about":[{"href":"https:\/\/www.visit-ulcinj.com\/blog\/wp-json\/wp\/v2\/types\/post"}],"author":[{"embeddable":true,"href":"https:\/\/www.visit-ulcinj.com\/blog\/wp-json\/wp\/v2\/users\/1"}],"replies":[{"embeddable":true,"href":"https:\/\/www.visit-ulcinj.com\/blog\/wp-json\/wp\/v2\/comments?post=100442"}],"version-history":[{"count":1,"href":"https:\/\/www.visit-ulcinj.com\/blog\/wp-json\/wp\/v2\/posts\/100442\/revisions"}],"predecessor-version":[{"id":100444,"href":"https:\/\/www.visit-ulcinj.com\/blog\/wp-json\/wp\/v2\/posts\/100442\/revisions\/100444"}],"wp:attachment":[{"href":"https:\/\/www.visit-ulcinj.com\/blog\/wp-json\/wp\/v2\/media?parent=100442"}],"wp:term":[{"taxonomy":"category","embeddable":true,"href":"https:\/\/www.visit-ulcinj.com\/blog\/wp-json\/wp\/v2\/categories?post=100442"},{"taxonomy":"post_tag","embeddable":true,"href":"https:\/\/www.visit-ulcinj.com\/blog\/wp-json\/wp\/v2\/tags?post=100442"}],"curies":[{"name":"wp","href":"https:\/\/api.w.org\/{rel}","templated":true}]}}