{"id":100447,"date":"2016-10-19T17:18:32","date_gmt":"2016-10-19T16:18:32","guid":{"rendered":"http:\/\/www.visit-ulcinj.com\/blog\/?p=100447"},"modified":"2016-10-19T17:19:54","modified_gmt":"2016-10-19T16:19:54","slug":"antena-m-nimanbegu-koalicioni-shqiptaret-te-vendosur-nuk-i-mbyllin-dyert-e-askujt","status":"publish","type":"post","link":"https:\/\/www.visit-ulcinj.com\/blog\/2016\/10\/19\/antena-m-nimanbegu-koalicioni-shqiptaret-te-vendosur-nuk-i-mbyllin-dyert-e-askujt\/","title":{"rendered":"Antena M &#8211; Nimanbegu: Koalicioni \u201cShqiptar\u00ebt t\u00eb vendosur\u201d, nuk i mbyllin dyert e askujt"},"content":{"rendered":"<p><a href=\"http:\/\/www.visit-ulcinj.com\/blog\/wp-content\/uploads\/2016\/10\/Thirrje-p\u00ebr-vota-serbe-Reagon-Genci-Nimanbegu.jpg\"><img loading=\"lazy\" class=\"alignleft wp-image-100345\" src=\"http:\/\/www.visit-ulcinj.com\/blog\/wp-content\/uploads\/2016\/10\/Thirrje-p\u00ebr-vota-serbe-Reagon-Genci-Nimanbegu.jpg\" alt=\"Thirrje p\u00ebr vota serbe - Reagon Genci Nimanbegu\" width=\"508\" height=\"339\" srcset=\"https:\/\/www.visit-ulcinj.com\/blog\/wp-content\/uploads\/2016\/10\/Thirrje-p\u00ebr-vota-serbe-Reagon-Genci-Nimanbegu.jpg 960w, https:\/\/www.visit-ulcinj.com\/blog\/wp-content\/uploads\/2016\/10\/Thirrje-p\u00ebr-vota-serbe-Reagon-Genci-Nimanbegu-300x200.jpg 300w, https:\/\/www.visit-ulcinj.com\/blog\/wp-content\/uploads\/2016\/10\/Thirrje-p\u00ebr-vota-serbe-Reagon-Genci-Nimanbegu-768x512.jpg 768w\" sizes=\"(max-width: 508px) 100vw, 508px\" \/><\/a>Lideri i FORCA-s Genci Nimanbegu ka theksuar se koalicioni \u201cShqiptar\u00ebt t\u00eb vendosur\u201d, nuk i mbyllin dyert e askujt, kur \u00ebsht\u00eb fjala p\u00ebr bashk\u00ebpunim me subjektet tjera politike. Megjithat\u00eb, i kan\u00eb parimet dhe k\u00ebrkesat e veta programore. Tri partit\u00eb shqiptare, an\u00ebtare t\u00eb koalicionit \u201cShqiptar\u00ebt t\u00eb vendosur\u201d, kan\u00eb zhvilluar konsultime brenda koalicionit. Nimanbegu ka theksuar se jan\u00eb t\u00eb vendosur n\u00eb q\u00ebllimin q\u00eb t\u00eb b\u00ebhen ndryshime t\u00eb shumta n\u00eb Mal t\u00eb Zi.<\/p>\n<p>Ai ka shtuar se t\u00eb gjitha partit\u00eb e pakicave nuk kan\u00eb q\u00ebndrime dhe probleme t\u00eb nj\u00ebjta. Ne shqiptar\u00ebt kemi problem t\u00eb ve\u00e7ant\u00eb, por kemi edhe probleme t\u00eb p\u00ebrbashk\u00ebta me partit\u00eb t\u00eb cilat p\u00ebrfaq\u00ebsojn\u00eb boshnjak\u00ebt dhe kroat\u00ebt n\u00eb Mal t\u00eb Zi. Ne d\u00ebshirojm\u00eb q\u00eb ta vazhdojm\u00eb k\u00ebt\u00eb bashk\u00ebpunim. Jemi t\u00eb vendosur q\u00eb ta nd\u00ebrpresim procesin negativ ndaj shqiptar\u00ebve n\u00eb Mal t\u00eb Zi, ka theksuar Nimanbegu p\u00ebr radio Antena M.<\/p>\n<p>RTCG<\/p>\n","protected":false},"excerpt":{"rendered":"<p>Lideri i FORCA-s Genci Nimanbegu ka theksuar se koalicioni \u201cShqiptar\u00ebt t\u00eb vendosur\u201d, nuk i mbyllin dyert e askujt, kur \u00ebsht\u00eb fjala p\u00ebr bashk\u00ebpunim me subjektet tjera politike. Megjithat\u00eb, i kan\u00eb parimet dhe k\u00ebrkesat e veta programore. Tri partit\u00eb shqiptare, an\u00ebtare t\u00eb koalicionit \u201cShqiptar\u00ebt t\u00eb vendosur\u201d, kan\u00eb zhvilluar konsultime brenda koalicionit. Nimanbegu ka theksuar se jan\u00eb [&hellip;]<\/p>\n","protected":false},"author":1,"featured_media":0,"comment_status":"closed","ping_status":"closed","sticky":false,"template":"","format":"standard","meta":{"spay_email":"","jetpack_publicize_message":"","jetpack_is_tweetstorm":false,"jetpack_publicize_feature_enabled":true},"categories":[14],"tags":[],"jetpack_publicize_connections":[],"yoast_head":"<!-- This site is optimized with the Yoast SEO plugin v19.1 - https:\/\/yoast.com\/wordpress\/plugins\/seo\/ -->\n<title>Antena M - Nimanbegu: Koalicioni \u201cShqiptar\u00ebt t\u00eb vendosur\u201d, nuk i mbyllin dyert e askujt - Lajme nga Ulqini<\/title>\n<meta name=\"description\" content=\"Lideri i FORCA-s Genci Nimanbegu ka theksuar se koalicioni \u201cShqiptar\u00ebt t\u00eb vendosur\u201d, nuk i mbyllin dyert e askujt, kur \u00ebsht\u00eb fjala p\u00ebr bashk\u00ebpunim me\" \/>\n<meta name=\"robots\" content=\"index, follow, max-snippet:-1, max-image-preview:large, max-video-preview:-1\" \/>\n<link rel=\"canonical\" href=\"https:\/\/www.visit-ulcinj.com\/blog\/2016\/10\/19\/antena-m-nimanbegu-koalicioni-shqiptaret-te-vendosur-nuk-i-mbyllin-dyert-e-askujt\/\" \/>\n<meta property=\"og:locale\" content=\"en_US\" \/>\n<meta property=\"og:type\" content=\"article\" \/>\n<meta property=\"og:title\" content=\"Antena M - Nimanbegu: Koalicioni \u201cShqiptar\u00ebt t\u00eb vendosur\u201d, nuk i mbyllin dyert e askujt - Lajme nga Ulqini\" \/>\n<meta property=\"og:description\" content=\"Lideri i FORCA-s Genci Nimanbegu ka theksuar se koalicioni \u201cShqiptar\u00ebt t\u00eb vendosur\u201d, nuk i mbyllin dyert e askujt, kur \u00ebsht\u00eb fjala p\u00ebr bashk\u00ebpunim me\" \/>\n<meta property=\"og:url\" content=\"https:\/\/www.visit-ulcinj.com\/blog\/2016\/10\/19\/antena-m-nimanbegu-koalicioni-shqiptaret-te-vendosur-nuk-i-mbyllin-dyert-e-askujt\/\" \/>\n<meta property=\"og:site_name\" content=\"Lajme nga Ulqini\" \/>\n<meta property=\"article:published_time\" content=\"2016-10-19T16:18:32+00:00\" \/>\n<meta property=\"article:modified_time\" content=\"2016-10-19T16:19:54+00:00\" \/>\n<meta name=\"twitter:label1\" content=\"Written by\" \/>\n\t<meta name=\"twitter:data1\" content=\"ulqini\" \/>\n\t<meta name=\"twitter:label2\" content=\"Est. reading time\" \/>\n\t<meta name=\"twitter:data2\" content=\"1 minute\" \/>\n<script type=\"application\/ld+json\" class=\"yoast-schema-graph\">{\"@context\":\"https:\/\/schema.org\",\"@graph\":[{\"@type\":\"WebSite\",\"@id\":\"https:\/\/www.visit-ulcinj.com\/blog\/#website\",\"url\":\"https:\/\/www.visit-ulcinj.com\/blog\/\",\"name\":\"Lajme nga Ulqini\",\"description\":\"Lajme,Vijesti,Ulqini,Ulqin,Crna Gora,Mali i Zi\",\"potentialAction\":[{\"@type\":\"SearchAction\",\"target\":{\"@type\":\"EntryPoint\",\"urlTemplate\":\"https:\/\/www.visit-ulcinj.com\/blog\/?s={search_term_string}\"},\"query-input\":\"required name=search_term_string\"}],\"inLanguage\":\"en-US\"},{\"@type\":\"WebPage\",\"@id\":\"https:\/\/www.visit-ulcinj.com\/blog\/2016\/10\/19\/antena-m-nimanbegu-koalicioni-shqiptaret-te-vendosur-nuk-i-mbyllin-dyert-e-askujt\/#webpage\",\"url\":\"https:\/\/www.visit-ulcinj.com\/blog\/2016\/10\/19\/antena-m-nimanbegu-koalicioni-shqiptaret-te-vendosur-nuk-i-mbyllin-dyert-e-askujt\/\",\"name\":\"Antena M - Nimanbegu: Koalicioni \u201cShqiptar\u00ebt t\u00eb vendosur\u201d, nuk i mbyllin dyert e askujt - Lajme nga Ulqini\",\"isPartOf\":{\"@id\":\"https:\/\/www.visit-ulcinj.com\/blog\/#website\"},\"datePublished\":\"2016-10-19T16:18:32+00:00\",\"dateModified\":\"2016-10-19T16:19:54+00:00\",\"author\":{\"@id\":\"https:\/\/www.visit-ulcinj.com\/blog\/#\/schema\/person\/dcab619c614d3038751c63bc2aadc06d\"},\"description\":\"Lideri i FORCA-s Genci Nimanbegu ka theksuar se koalicioni \u201cShqiptar\u00ebt t\u00eb vendosur\u201d, nuk i mbyllin dyert e askujt, kur \u00ebsht\u00eb fjala p\u00ebr bashk\u00ebpunim me\",\"breadcrumb\":{\"@id\":\"https:\/\/www.visit-ulcinj.com\/blog\/2016\/10\/19\/antena-m-nimanbegu-koalicioni-shqiptaret-te-vendosur-nuk-i-mbyllin-dyert-e-askujt\/#breadcrumb\"},\"inLanguage\":\"en-US\",\"potentialAction\":[{\"@type\":\"ReadAction\",\"target\":[\"https:\/\/www.visit-ulcinj.com\/blog\/2016\/10\/19\/antena-m-nimanbegu-koalicioni-shqiptaret-te-vendosur-nuk-i-mbyllin-dyert-e-askujt\/\"]}]},{\"@type\":\"BreadcrumbList\",\"@id\":\"https:\/\/www.visit-ulcinj.com\/blog\/2016\/10\/19\/antena-m-nimanbegu-koalicioni-shqiptaret-te-vendosur-nuk-i-mbyllin-dyert-e-askujt\/#breadcrumb\",\"itemListElement\":[{\"@type\":\"ListItem\",\"position\":1,\"name\":\"Antena M &#8211; Nimanbegu: Koalicioni \u201cShqiptar\u00ebt t\u00eb vendosur\u201d, nuk i mbyllin dyert e askujt\"}]},{\"@type\":\"Person\",\"@id\":\"https:\/\/www.visit-ulcinj.com\/blog\/#\/schema\/person\/dcab619c614d3038751c63bc2aadc06d\",\"name\":\"ulqini\",\"sameAs\":[\"http:\/\/www.visit-ulcinj.com\"],\"url\":\"https:\/\/www.visit-ulcinj.com\/blog\/author\/admin\/\"}]}<\/script>\n<!-- \/ Yoast SEO plugin. -->","yoast_head_json":{"title":"Antena M - Nimanbegu: Koalicioni \u201cShqiptar\u00ebt t\u00eb vendosur\u201d, nuk i mbyllin dyert e askujt - Lajme nga Ulqini","description":"Lideri i FORCA-s Genci Nimanbegu ka theksuar se koalicioni \u201cShqiptar\u00ebt t\u00eb vendosur\u201d, nuk i mbyllin dyert e askujt, kur \u00ebsht\u00eb fjala p\u00ebr bashk\u00ebpunim me","robots":{"index":"index","follow":"follow","max-snippet":"max-snippet:-1","max-image-preview":"max-image-preview:large","max-video-preview":"max-video-preview:-1"},"canonical":"https:\/\/www.visit-ulcinj.com\/blog\/2016\/10\/19\/antena-m-nimanbegu-koalicioni-shqiptaret-te-vendosur-nuk-i-mbyllin-dyert-e-askujt\/","og_locale":"en_US","og_type":"article","og_title":"Antena M - Nimanbegu: Koalicioni \u201cShqiptar\u00ebt t\u00eb vendosur\u201d, nuk i mbyllin dyert e askujt - Lajme nga Ulqini","og_description":"Lideri i FORCA-s Genci Nimanbegu ka theksuar se koalicioni \u201cShqiptar\u00ebt t\u00eb vendosur\u201d, nuk i mbyllin dyert e askujt, kur \u00ebsht\u00eb fjala p\u00ebr bashk\u00ebpunim me","og_url":"https:\/\/www.visit-ulcinj.com\/blog\/2016\/10\/19\/antena-m-nimanbegu-koalicioni-shqiptaret-te-vendosur-nuk-i-mbyllin-dyert-e-askujt\/","og_site_name":"Lajme nga Ulqini","article_published_time":"2016-10-19T16:18:32+00:00","article_modified_time":"2016-10-19T16:19:54+00:00","twitter_misc":{"Written by":"ulqini","Est. reading time":"1 minute"},"schema":{"@context":"https:\/\/schema.org","@graph":[{"@type":"WebSite","@id":"https:\/\/www.visit-ulcinj.com\/blog\/#website","url":"https:\/\/www.visit-ulcinj.com\/blog\/","name":"Lajme nga Ulqini","description":"Lajme,Vijesti,Ulqini,Ulqin,Crna Gora,Mali i Zi","potentialAction":[{"@type":"SearchAction","target":{"@type":"EntryPoint","urlTemplate":"https:\/\/www.visit-ulcinj.com\/blog\/?s={search_term_string}"},"query-input":"required name=search_term_string"}],"inLanguage":"en-US"},{"@type":"WebPage","@id":"https:\/\/www.visit-ulcinj.com\/blog\/2016\/10\/19\/antena-m-nimanbegu-koalicioni-shqiptaret-te-vendosur-nuk-i-mbyllin-dyert-e-askujt\/#webpage","url":"https:\/\/www.visit-ulcinj.com\/blog\/2016\/10\/19\/antena-m-nimanbegu-koalicioni-shqiptaret-te-vendosur-nuk-i-mbyllin-dyert-e-askujt\/","name":"Antena M - Nimanbegu: Koalicioni \u201cShqiptar\u00ebt t\u00eb vendosur\u201d, nuk i mbyllin dyert e askujt - Lajme nga Ulqini","isPartOf":{"@id":"https:\/\/www.visit-ulcinj.com\/blog\/#website"},"datePublished":"2016-10-19T16:18:32+00:00","dateModified":"2016-10-19T16:19:54+00:00","author":{"@id":"https:\/\/www.visit-ulcinj.com\/blog\/#\/schema\/person\/dcab619c614d3038751c63bc2aadc06d"},"description":"Lideri i FORCA-s Genci Nimanbegu ka theksuar se koalicioni \u201cShqiptar\u00ebt t\u00eb vendosur\u201d, nuk i mbyllin dyert e askujt, kur \u00ebsht\u00eb fjala p\u00ebr bashk\u00ebpunim me","breadcrumb":{"@id":"https:\/\/www.visit-ulcinj.com\/blog\/2016\/10\/19\/antena-m-nimanbegu-koalicioni-shqiptaret-te-vendosur-nuk-i-mbyllin-dyert-e-askujt\/#breadcrumb"},"inLanguage":"en-US","potentialAction":[{"@type":"ReadAction","target":["https:\/\/www.visit-ulcinj.com\/blog\/2016\/10\/19\/antena-m-nimanbegu-koalicioni-shqiptaret-te-vendosur-nuk-i-mbyllin-dyert-e-askujt\/"]}]},{"@type":"BreadcrumbList","@id":"https:\/\/www.visit-ulcinj.com\/blog\/2016\/10\/19\/antena-m-nimanbegu-koalicioni-shqiptaret-te-vendosur-nuk-i-mbyllin-dyert-e-askujt\/#breadcrumb","itemListElement":[{"@type":"ListItem","position":1,"name":"Antena M &#8211; Nimanbegu: Koalicioni \u201cShqiptar\u00ebt t\u00eb vendosur\u201d, nuk i mbyllin dyert e askujt"}]},{"@type":"Person","@id":"https:\/\/www.visit-ulcinj.com\/blog\/#\/schema\/person\/dcab619c614d3038751c63bc2aadc06d","name":"ulqini","sameAs":["http:\/\/www.visit-ulcinj.com"],"url":"https:\/\/www.visit-ulcinj.com\/blog\/author\/admin\/"}]}},"jetpack_featured_media_url":"","jetpack_sharing_enabled":true,"jetpack_shortlink":"https:\/\/wp.me\/pe6lTn-q87","_links":{"self":[{"href":"https:\/\/www.visit-ulcinj.com\/blog\/wp-json\/wp\/v2\/posts\/100447"}],"collection":[{"href":"https:\/\/www.visit-ulcinj.com\/blog\/wp-json\/wp\/v2\/posts"}],"about":[{"href":"https:\/\/www.visit-ulcinj.com\/blog\/wp-json\/wp\/v2\/types\/post"}],"author":[{"embeddable":true,"href":"https:\/\/www.visit-ulcinj.com\/blog\/wp-json\/wp\/v2\/users\/1"}],"replies":[{"embeddable":true,"href":"https:\/\/www.visit-ulcinj.com\/blog\/wp-json\/wp\/v2\/comments?post=100447"}],"version-history":[{"count":3,"href":"https:\/\/www.visit-ulcinj.com\/blog\/wp-json\/wp\/v2\/posts\/100447\/revisions"}],"predecessor-version":[{"id":100450,"href":"https:\/\/www.visit-ulcinj.com\/blog\/wp-json\/wp\/v2\/posts\/100447\/revisions\/100450"}],"wp:attachment":[{"href":"https:\/\/www.visit-ulcinj.com\/blog\/wp-json\/wp\/v2\/media?parent=100447"}],"wp:term":[{"taxonomy":"category","embeddable":true,"href":"https:\/\/www.visit-ulcinj.com\/blog\/wp-json\/wp\/v2\/categories?post=100447"},{"taxonomy":"post_tag","embeddable":true,"href":"https:\/\/www.visit-ulcinj.com\/blog\/wp-json\/wp\/v2\/tags?post=100447"}],"curies":[{"name":"wp","href":"https:\/\/api.w.org\/{rel}","templated":true}]}}