{"id":100451,"date":"2016-10-19T17:24:49","date_gmt":"2016-10-19T16:24:49","guid":{"rendered":"http:\/\/www.visit-ulcinj.com\/blog\/?p=100451"},"modified":"2016-10-19T17:24:49","modified_gmt":"2016-10-19T16:24:49","slug":"nimanbegu-ne-zatvaramo-nicija-vrata","status":"publish","type":"post","link":"https:\/\/www.visit-ulcinj.com\/blog\/2016\/10\/19\/nimanbegu-ne-zatvaramo-nicija-vrata\/","title":{"rendered":"Nimanbegu: Ne zatvaramo ni\u010dija vrata"},"content":{"rendered":"<p><a href=\"http:\/\/www.visit-ulcinj.com\/blog\/wp-content\/uploads\/2016\/10\/Genci-Nimanbegu-Forca.jpg\"><img loading=\"lazy\" class=\"alignleft wp-image-100452\" src=\"http:\/\/www.visit-ulcinj.com\/blog\/wp-content\/uploads\/2016\/10\/Genci-Nimanbegu-Forca.jpg\" alt=\"Genci Nimanbegu-Forca\" width=\"508\" height=\"339\" srcset=\"https:\/\/www.visit-ulcinj.com\/blog\/wp-content\/uploads\/2016\/10\/Genci-Nimanbegu-Forca.jpg 960w, https:\/\/www.visit-ulcinj.com\/blog\/wp-content\/uploads\/2016\/10\/Genci-Nimanbegu-Forca-300x200.jpg 300w, https:\/\/www.visit-ulcinj.com\/blog\/wp-content\/uploads\/2016\/10\/Genci-Nimanbegu-Forca-768x512.jpg 768w\" sizes=\"(max-width: 508px) 100vw, 508px\" \/><\/a>Lider Force, Genci Nimanbegu, kazao je da koalicija &#8220;Albanci odlu\u010dno&#8221; ne zatvara ni\u010dija vrata kada je rije\u010d o saradnji s ostalim politi\u010dkim subjektima. Imaju. me\u0111utim, svoja programska na\u010dela i zahtjeve.<\/p>\n<p>Tri albanske partije, \u010dlanice koalicije Albanci odlu\u010dno, obavile su konsultacije unutar koalicije. Nimanbegu ka\u017ee da su odlu\u010dni u namjeri da se izvr\u0161e brojne promjene u Crnoj Gori.<\/p>\n<div class=\"itemFullText\">\n<p>On je rekao da sve manjinske partije nemaju iste stavove i problematiku.<\/p>\n<p>&#8220;Mi Albanci imamo posebnu problematiku, ali imamo i zajedni\u010dkih problema sa partijama koje predstavljaju Bo\u0161njake i Hrvate u Crnoj Gori. \u017delimo da nastavimo tu saradnju. Narednih dana \u0107emo da vidimo \u0161to je to \u0161to mo\u017eemo usaglasiti zajedno. Odlu\u010dni smo da prekinemo negativan proces koji ide prema Albancima u Crnoj Gori &#8220;, kazao je Nimanbegu za Antenu M.<\/p>\n<p>Kada je u pitanju saradnja sa ostalim politi\u010dkim subjektima Nibanbegu ka\u017ee: &#8220;Mi ne zatvaramo ni\u010dija vrata. Imamo na\u0161a programska na\u010dela i zahtjeve i vidje\u0107emo \u0161to \u0107e se de\u0161avati&#8221;.<\/p>\n<\/div>\n","protected":false},"excerpt":{"rendered":"<p>Lider Force, Genci Nimanbegu, kazao je da koalicija &#8220;Albanci odlu\u010dno&#8221; ne zatvara ni\u010dija vrata kada je rije\u010d o saradnji s ostalim politi\u010dkim subjektima. Imaju. me\u0111utim, svoja programska na\u010dela i zahtjeve. Tri albanske partije, \u010dlanice koalicije Albanci odlu\u010dno, obavile su konsultacije unutar koalicije. Nimanbegu ka\u017ee da su odlu\u010dni u namjeri da se izvr\u0161e brojne promjene u [&hellip;]<\/p>\n","protected":false},"author":1,"featured_media":0,"comment_status":"closed","ping_status":"closed","sticky":false,"template":"","format":"standard","meta":{"spay_email":"","jetpack_publicize_message":"","jetpack_is_tweetstorm":false,"jetpack_publicize_feature_enabled":true},"categories":[8337],"tags":[],"jetpack_publicize_connections":[],"yoast_head":"<!-- This site is optimized with the Yoast SEO plugin v19.1 - https:\/\/yoast.com\/wordpress\/plugins\/seo\/ -->\n<title>Nimanbegu: Ne zatvaramo ni\u010dija vrata - Lajme nga Ulqini<\/title>\n<meta name=\"description\" content=\"Lider Force, Genci Nimanbegu, kazao je da koalicija &quot;Albanci odlu\u010dno&quot; ne zatvara ni\u010dija vrata kada je rije\u010d o saradnji s ostalim politi\u010dkim subjektima.\" \/>\n<meta name=\"robots\" content=\"index, follow, max-snippet:-1, max-image-preview:large, max-video-preview:-1\" \/>\n<link rel=\"canonical\" href=\"https:\/\/www.visit-ulcinj.com\/blog\/2016\/10\/19\/nimanbegu-ne-zatvaramo-nicija-vrata\/\" \/>\n<meta property=\"og:locale\" content=\"en_US\" \/>\n<meta property=\"og:type\" content=\"article\" \/>\n<meta property=\"og:title\" content=\"Nimanbegu: Ne zatvaramo ni\u010dija vrata - Lajme nga Ulqini\" \/>\n<meta property=\"og:description\" content=\"Lider Force, Genci Nimanbegu, kazao je da koalicija &quot;Albanci odlu\u010dno&quot; ne zatvara ni\u010dija vrata kada je rije\u010d o saradnji s ostalim politi\u010dkim subjektima.\" \/>\n<meta property=\"og:url\" content=\"https:\/\/www.visit-ulcinj.com\/blog\/2016\/10\/19\/nimanbegu-ne-zatvaramo-nicija-vrata\/\" \/>\n<meta property=\"og:site_name\" content=\"Lajme nga Ulqini\" \/>\n<meta property=\"article:published_time\" content=\"2016-10-19T16:24:49+00:00\" \/>\n<meta property=\"og:image\" content=\"http:\/\/www.visit-ulcinj.com\/blog\/wp-content\/uploads\/2016\/10\/Genci-Nimanbegu-Forca.jpg\" \/>\n<meta name=\"twitter:label1\" content=\"Written by\" \/>\n\t<meta name=\"twitter:data1\" content=\"ulqini\" \/>\n\t<meta name=\"twitter:label2\" content=\"Est. reading time\" \/>\n\t<meta name=\"twitter:data2\" content=\"1 minute\" \/>\n<script type=\"application\/ld+json\" class=\"yoast-schema-graph\">{\"@context\":\"https:\/\/schema.org\",\"@graph\":[{\"@type\":\"WebSite\",\"@id\":\"https:\/\/www.visit-ulcinj.com\/blog\/#website\",\"url\":\"https:\/\/www.visit-ulcinj.com\/blog\/\",\"name\":\"Lajme nga Ulqini\",\"description\":\"Lajme,Vijesti,Ulqini,Ulqin,Crna Gora,Mali i Zi\",\"potentialAction\":[{\"@type\":\"SearchAction\",\"target\":{\"@type\":\"EntryPoint\",\"urlTemplate\":\"https:\/\/www.visit-ulcinj.com\/blog\/?s={search_term_string}\"},\"query-input\":\"required name=search_term_string\"}],\"inLanguage\":\"en-US\"},{\"@type\":\"ImageObject\",\"inLanguage\":\"en-US\",\"@id\":\"https:\/\/www.visit-ulcinj.com\/blog\/2016\/10\/19\/nimanbegu-ne-zatvaramo-nicija-vrata\/#primaryimage\",\"url\":\"https:\/\/www.visit-ulcinj.com\/blog\/wp-content\/uploads\/2016\/10\/Genci-Nimanbegu-Forca.jpg\",\"contentUrl\":\"https:\/\/www.visit-ulcinj.com\/blog\/wp-content\/uploads\/2016\/10\/Genci-Nimanbegu-Forca.jpg\",\"width\":960,\"height\":640},{\"@type\":\"WebPage\",\"@id\":\"https:\/\/www.visit-ulcinj.com\/blog\/2016\/10\/19\/nimanbegu-ne-zatvaramo-nicija-vrata\/#webpage\",\"url\":\"https:\/\/www.visit-ulcinj.com\/blog\/2016\/10\/19\/nimanbegu-ne-zatvaramo-nicija-vrata\/\",\"name\":\"Nimanbegu: Ne zatvaramo ni\u010dija vrata - Lajme nga Ulqini\",\"isPartOf\":{\"@id\":\"https:\/\/www.visit-ulcinj.com\/blog\/#website\"},\"primaryImageOfPage\":{\"@id\":\"https:\/\/www.visit-ulcinj.com\/blog\/2016\/10\/19\/nimanbegu-ne-zatvaramo-nicija-vrata\/#primaryimage\"},\"datePublished\":\"2016-10-19T16:24:49+00:00\",\"dateModified\":\"2016-10-19T16:24:49+00:00\",\"author\":{\"@id\":\"https:\/\/www.visit-ulcinj.com\/blog\/#\/schema\/person\/dcab619c614d3038751c63bc2aadc06d\"},\"description\":\"Lider Force, Genci Nimanbegu, kazao je da koalicija \\\"Albanci odlu\u010dno\\\" ne zatvara ni\u010dija vrata kada je rije\u010d o saradnji s ostalim politi\u010dkim subjektima.\",\"breadcrumb\":{\"@id\":\"https:\/\/www.visit-ulcinj.com\/blog\/2016\/10\/19\/nimanbegu-ne-zatvaramo-nicija-vrata\/#breadcrumb\"},\"inLanguage\":\"en-US\",\"potentialAction\":[{\"@type\":\"ReadAction\",\"target\":[\"https:\/\/www.visit-ulcinj.com\/blog\/2016\/10\/19\/nimanbegu-ne-zatvaramo-nicija-vrata\/\"]}]},{\"@type\":\"BreadcrumbList\",\"@id\":\"https:\/\/www.visit-ulcinj.com\/blog\/2016\/10\/19\/nimanbegu-ne-zatvaramo-nicija-vrata\/#breadcrumb\",\"itemListElement\":[{\"@type\":\"ListItem\",\"position\":1,\"name\":\"Nimanbegu: Ne zatvaramo ni\u010dija vrata\"}]},{\"@type\":\"Person\",\"@id\":\"https:\/\/www.visit-ulcinj.com\/blog\/#\/schema\/person\/dcab619c614d3038751c63bc2aadc06d\",\"name\":\"ulqini\",\"sameAs\":[\"http:\/\/www.visit-ulcinj.com\"],\"url\":\"https:\/\/www.visit-ulcinj.com\/blog\/author\/admin\/\"}]}<\/script>\n<!-- \/ Yoast SEO plugin. -->","yoast_head_json":{"title":"Nimanbegu: Ne zatvaramo ni\u010dija vrata - Lajme nga Ulqini","description":"Lider Force, Genci Nimanbegu, kazao je da koalicija \"Albanci odlu\u010dno\" ne zatvara ni\u010dija vrata kada je rije\u010d o saradnji s ostalim politi\u010dkim subjektima.","robots":{"index":"index","follow":"follow","max-snippet":"max-snippet:-1","max-image-preview":"max-image-preview:large","max-video-preview":"max-video-preview:-1"},"canonical":"https:\/\/www.visit-ulcinj.com\/blog\/2016\/10\/19\/nimanbegu-ne-zatvaramo-nicija-vrata\/","og_locale":"en_US","og_type":"article","og_title":"Nimanbegu: Ne zatvaramo ni\u010dija vrata - Lajme nga Ulqini","og_description":"Lider Force, Genci Nimanbegu, kazao je da koalicija \"Albanci odlu\u010dno\" ne zatvara ni\u010dija vrata kada je rije\u010d o saradnji s ostalim politi\u010dkim subjektima.","og_url":"https:\/\/www.visit-ulcinj.com\/blog\/2016\/10\/19\/nimanbegu-ne-zatvaramo-nicija-vrata\/","og_site_name":"Lajme nga Ulqini","article_published_time":"2016-10-19T16:24:49+00:00","og_image":[{"url":"http:\/\/www.visit-ulcinj.com\/blog\/wp-content\/uploads\/2016\/10\/Genci-Nimanbegu-Forca.jpg"}],"twitter_misc":{"Written by":"ulqini","Est. reading time":"1 minute"},"schema":{"@context":"https:\/\/schema.org","@graph":[{"@type":"WebSite","@id":"https:\/\/www.visit-ulcinj.com\/blog\/#website","url":"https:\/\/www.visit-ulcinj.com\/blog\/","name":"Lajme nga Ulqini","description":"Lajme,Vijesti,Ulqini,Ulqin,Crna Gora,Mali i Zi","potentialAction":[{"@type":"SearchAction","target":{"@type":"EntryPoint","urlTemplate":"https:\/\/www.visit-ulcinj.com\/blog\/?s={search_term_string}"},"query-input":"required name=search_term_string"}],"inLanguage":"en-US"},{"@type":"ImageObject","inLanguage":"en-US","@id":"https:\/\/www.visit-ulcinj.com\/blog\/2016\/10\/19\/nimanbegu-ne-zatvaramo-nicija-vrata\/#primaryimage","url":"https:\/\/www.visit-ulcinj.com\/blog\/wp-content\/uploads\/2016\/10\/Genci-Nimanbegu-Forca.jpg","contentUrl":"https:\/\/www.visit-ulcinj.com\/blog\/wp-content\/uploads\/2016\/10\/Genci-Nimanbegu-Forca.jpg","width":960,"height":640},{"@type":"WebPage","@id":"https:\/\/www.visit-ulcinj.com\/blog\/2016\/10\/19\/nimanbegu-ne-zatvaramo-nicija-vrata\/#webpage","url":"https:\/\/www.visit-ulcinj.com\/blog\/2016\/10\/19\/nimanbegu-ne-zatvaramo-nicija-vrata\/","name":"Nimanbegu: Ne zatvaramo ni\u010dija vrata - Lajme nga Ulqini","isPartOf":{"@id":"https:\/\/www.visit-ulcinj.com\/blog\/#website"},"primaryImageOfPage":{"@id":"https:\/\/www.visit-ulcinj.com\/blog\/2016\/10\/19\/nimanbegu-ne-zatvaramo-nicija-vrata\/#primaryimage"},"datePublished":"2016-10-19T16:24:49+00:00","dateModified":"2016-10-19T16:24:49+00:00","author":{"@id":"https:\/\/www.visit-ulcinj.com\/blog\/#\/schema\/person\/dcab619c614d3038751c63bc2aadc06d"},"description":"Lider Force, Genci Nimanbegu, kazao je da koalicija \"Albanci odlu\u010dno\" ne zatvara ni\u010dija vrata kada je rije\u010d o saradnji s ostalim politi\u010dkim subjektima.","breadcrumb":{"@id":"https:\/\/www.visit-ulcinj.com\/blog\/2016\/10\/19\/nimanbegu-ne-zatvaramo-nicija-vrata\/#breadcrumb"},"inLanguage":"en-US","potentialAction":[{"@type":"ReadAction","target":["https:\/\/www.visit-ulcinj.com\/blog\/2016\/10\/19\/nimanbegu-ne-zatvaramo-nicija-vrata\/"]}]},{"@type":"BreadcrumbList","@id":"https:\/\/www.visit-ulcinj.com\/blog\/2016\/10\/19\/nimanbegu-ne-zatvaramo-nicija-vrata\/#breadcrumb","itemListElement":[{"@type":"ListItem","position":1,"name":"Nimanbegu: Ne zatvaramo ni\u010dija vrata"}]},{"@type":"Person","@id":"https:\/\/www.visit-ulcinj.com\/blog\/#\/schema\/person\/dcab619c614d3038751c63bc2aadc06d","name":"ulqini","sameAs":["http:\/\/www.visit-ulcinj.com"],"url":"https:\/\/www.visit-ulcinj.com\/blog\/author\/admin\/"}]}},"jetpack_featured_media_url":"","jetpack_sharing_enabled":true,"jetpack_shortlink":"https:\/\/wp.me\/pe6lTn-q8b","_links":{"self":[{"href":"https:\/\/www.visit-ulcinj.com\/blog\/wp-json\/wp\/v2\/posts\/100451"}],"collection":[{"href":"https:\/\/www.visit-ulcinj.com\/blog\/wp-json\/wp\/v2\/posts"}],"about":[{"href":"https:\/\/www.visit-ulcinj.com\/blog\/wp-json\/wp\/v2\/types\/post"}],"author":[{"embeddable":true,"href":"https:\/\/www.visit-ulcinj.com\/blog\/wp-json\/wp\/v2\/users\/1"}],"replies":[{"embeddable":true,"href":"https:\/\/www.visit-ulcinj.com\/blog\/wp-json\/wp\/v2\/comments?post=100451"}],"version-history":[{"count":1,"href":"https:\/\/www.visit-ulcinj.com\/blog\/wp-json\/wp\/v2\/posts\/100451\/revisions"}],"predecessor-version":[{"id":100453,"href":"https:\/\/www.visit-ulcinj.com\/blog\/wp-json\/wp\/v2\/posts\/100451\/revisions\/100453"}],"wp:attachment":[{"href":"https:\/\/www.visit-ulcinj.com\/blog\/wp-json\/wp\/v2\/media?parent=100451"}],"wp:term":[{"taxonomy":"category","embeddable":true,"href":"https:\/\/www.visit-ulcinj.com\/blog\/wp-json\/wp\/v2\/categories?post=100451"},{"taxonomy":"post_tag","embeddable":true,"href":"https:\/\/www.visit-ulcinj.com\/blog\/wp-json\/wp\/v2\/tags?post=100451"}],"curies":[{"name":"wp","href":"https:\/\/api.w.org\/{rel}","templated":true}]}}