{"id":100456,"date":"2016-10-20T14:17:09","date_gmt":"2016-10-20T13:17:09","guid":{"rendered":"http:\/\/www.visit-ulcinj.com\/blog\/?p=100456"},"modified":"2016-10-20T14:17:09","modified_gmt":"2016-10-20T13:17:09","slug":"arben-ratkoceri-shqiptareve-te-maqedonise-ju-ndodhe-scenario-ulqini","status":"publish","type":"post","link":"https:\/\/www.visit-ulcinj.com\/blog\/2016\/10\/20\/arben-ratkoceri-shqiptareve-te-maqedonise-ju-ndodhe-scenario-ulqini\/","title":{"rendered":"Arben Ratkoceri: Shqiptar\u00ebve t\u00eb Maqedonis\u00eb do ju ndodh\u00eb scenario Ulqini"},"content":{"rendered":"<p><a href=\"http:\/\/www.visit-ulcinj.com\/blog\/wp-content\/uploads\/2016\/10\/Arben-Ratkoceri-1.jpg\"><img loading=\"lazy\" class=\"alignleft wp-image-100457\" src=\"http:\/\/www.visit-ulcinj.com\/blog\/wp-content\/uploads\/2016\/10\/Arben-Ratkoceri-1.jpg\" alt=\"Arben Ratkoceri-1\" width=\"508\" height=\"286\" srcset=\"https:\/\/www.visit-ulcinj.com\/blog\/wp-content\/uploads\/2016\/10\/Arben-Ratkoceri-1.jpg 600w, https:\/\/www.visit-ulcinj.com\/blog\/wp-content\/uploads\/2016\/10\/Arben-Ratkoceri-1-300x169.jpg 300w\" sizes=\"(max-width: 508px) 100vw, 508px\" \/><\/a>Themeluesi dhe drejtuesi i gazet\u00ebs Koha Arben Ratkoceri, n\u00eb emisionin Clik Plus ka pohuar se shqiptar\u00ebve t\u00eb Maqedonis\u00eb me shum\u00eb gjasa do ju ndodh\u00eb skenari i shqiptar\u00ebve t\u00eb Malit t\u00eb Zi, njofton Tetova sot.<\/p>\n<p>\u201cDuke analizuar rrethanat politike n\u00eb t\u00eb cilat po ec\u00eb vendi dhe vet\u00eb ne shqiptar\u00ebt, mendoj se m\u00eb shum\u00eb gjasa do t\u00eb na p\u00ebrs\u00ebritet skenari i partive politike shqiptar\u00eb n\u00eb Mal t\u00eb Zi kur t\u00eb nj\u00ebjtit duke u shpartallua n\u00eb disa lista zgjedhore, p\u00ebsuan fiasko. Kjo do t\u00eb ndodh\u00eb edhe tek ne sepse deri m\u00eb tani shqiptar\u00ebt n\u00eb Maqedoni priten t\u00eb dalin s\u00eb paku me kat\u00ebr lista zgjedhore, 1. BDI, 2. PDSH, 3. LR-PDSH \/ UNITETI\/RDK, 4.BESA\/PPD\/RDK e Fadil Zendelit.\u201d, ka pohuar Ratkoceri, raporton Tetova Sot.<\/p>\n","protected":false},"excerpt":{"rendered":"<p>Themeluesi dhe drejtuesi i gazet\u00ebs Koha Arben Ratkoceri, n\u00eb emisionin Clik Plus ka pohuar se shqiptar\u00ebve t\u00eb Maqedonis\u00eb me shum\u00eb gjasa do ju ndodh\u00eb skenari i shqiptar\u00ebve t\u00eb Malit t\u00eb Zi, njofton Tetova sot. \u201cDuke analizuar rrethanat politike n\u00eb t\u00eb cilat po ec\u00eb vendi dhe vet\u00eb ne shqiptar\u00ebt, mendoj se m\u00eb shum\u00eb gjasa do t\u00eb [&hellip;]<\/p>\n","protected":false},"author":1,"featured_media":0,"comment_status":"closed","ping_status":"closed","sticky":false,"template":"","format":"standard","meta":{"spay_email":"","jetpack_publicize_message":"","jetpack_is_tweetstorm":false,"jetpack_publicize_feature_enabled":true},"categories":[14],"tags":[],"jetpack_publicize_connections":[],"yoast_head":"<!-- This site is optimized with the Yoast SEO plugin v19.1 - https:\/\/yoast.com\/wordpress\/plugins\/seo\/ -->\n<title>Arben Ratkoceri: Shqiptar\u00ebve t\u00eb Maqedonis\u00eb do ju ndodh\u00eb scenario Ulqini - Lajme nga Ulqini<\/title>\n<meta name=\"description\" content=\"Themeluesi dhe drejtuesi i gazet\u00ebs Koha Arben Ratkoceri, n\u00eb emisionin Clik Plus ka pohuar se shqiptar\u00ebve t\u00eb Maqedonis\u00eb me shum\u00eb gjasa do ju ndodh\u00eb skenari\" \/>\n<meta name=\"robots\" content=\"index, follow, max-snippet:-1, max-image-preview:large, max-video-preview:-1\" \/>\n<link rel=\"canonical\" href=\"https:\/\/www.visit-ulcinj.com\/blog\/2016\/10\/20\/arben-ratkoceri-shqiptareve-te-maqedonise-ju-ndodhe-scenario-ulqini\/\" \/>\n<meta property=\"og:locale\" content=\"en_US\" \/>\n<meta property=\"og:type\" content=\"article\" \/>\n<meta property=\"og:title\" content=\"Arben Ratkoceri: Shqiptar\u00ebve t\u00eb Maqedonis\u00eb do ju ndodh\u00eb scenario Ulqini - Lajme nga Ulqini\" \/>\n<meta property=\"og:description\" content=\"Themeluesi dhe drejtuesi i gazet\u00ebs Koha Arben Ratkoceri, n\u00eb emisionin Clik Plus ka pohuar se shqiptar\u00ebve t\u00eb Maqedonis\u00eb me shum\u00eb gjasa do ju ndodh\u00eb skenari\" \/>\n<meta property=\"og:url\" content=\"https:\/\/www.visit-ulcinj.com\/blog\/2016\/10\/20\/arben-ratkoceri-shqiptareve-te-maqedonise-ju-ndodhe-scenario-ulqini\/\" \/>\n<meta property=\"og:site_name\" content=\"Lajme nga Ulqini\" \/>\n<meta property=\"article:published_time\" content=\"2016-10-20T13:17:09+00:00\" \/>\n<meta property=\"og:image\" content=\"http:\/\/www.visit-ulcinj.com\/blog\/wp-content\/uploads\/2016\/10\/Arben-Ratkoceri-1.jpg\" \/>\n<meta name=\"twitter:label1\" content=\"Written by\" \/>\n\t<meta name=\"twitter:data1\" content=\"ulqini\" \/>\n\t<meta name=\"twitter:label2\" content=\"Est. reading time\" \/>\n\t<meta name=\"twitter:data2\" content=\"1 minute\" \/>\n<script type=\"application\/ld+json\" class=\"yoast-schema-graph\">{\"@context\":\"https:\/\/schema.org\",\"@graph\":[{\"@type\":\"WebSite\",\"@id\":\"https:\/\/www.visit-ulcinj.com\/blog\/#website\",\"url\":\"https:\/\/www.visit-ulcinj.com\/blog\/\",\"name\":\"Lajme nga Ulqini\",\"description\":\"Lajme,Vijesti,Ulqini,Ulqin,Crna Gora,Mali i Zi\",\"potentialAction\":[{\"@type\":\"SearchAction\",\"target\":{\"@type\":\"EntryPoint\",\"urlTemplate\":\"https:\/\/www.visit-ulcinj.com\/blog\/?s={search_term_string}\"},\"query-input\":\"required name=search_term_string\"}],\"inLanguage\":\"en-US\"},{\"@type\":\"ImageObject\",\"inLanguage\":\"en-US\",\"@id\":\"https:\/\/www.visit-ulcinj.com\/blog\/2016\/10\/20\/arben-ratkoceri-shqiptareve-te-maqedonise-ju-ndodhe-scenario-ulqini\/#primaryimage\",\"url\":\"https:\/\/www.visit-ulcinj.com\/blog\/wp-content\/uploads\/2016\/10\/Arben-Ratkoceri-1.jpg\",\"contentUrl\":\"https:\/\/www.visit-ulcinj.com\/blog\/wp-content\/uploads\/2016\/10\/Arben-Ratkoceri-1.jpg\",\"width\":600,\"height\":338},{\"@type\":\"WebPage\",\"@id\":\"https:\/\/www.visit-ulcinj.com\/blog\/2016\/10\/20\/arben-ratkoceri-shqiptareve-te-maqedonise-ju-ndodhe-scenario-ulqini\/#webpage\",\"url\":\"https:\/\/www.visit-ulcinj.com\/blog\/2016\/10\/20\/arben-ratkoceri-shqiptareve-te-maqedonise-ju-ndodhe-scenario-ulqini\/\",\"name\":\"Arben Ratkoceri: Shqiptar\u00ebve t\u00eb Maqedonis\u00eb do ju ndodh\u00eb scenario Ulqini - Lajme nga Ulqini\",\"isPartOf\":{\"@id\":\"https:\/\/www.visit-ulcinj.com\/blog\/#website\"},\"primaryImageOfPage\":{\"@id\":\"https:\/\/www.visit-ulcinj.com\/blog\/2016\/10\/20\/arben-ratkoceri-shqiptareve-te-maqedonise-ju-ndodhe-scenario-ulqini\/#primaryimage\"},\"datePublished\":\"2016-10-20T13:17:09+00:00\",\"dateModified\":\"2016-10-20T13:17:09+00:00\",\"author\":{\"@id\":\"https:\/\/www.visit-ulcinj.com\/blog\/#\/schema\/person\/dcab619c614d3038751c63bc2aadc06d\"},\"description\":\"Themeluesi dhe drejtuesi i gazet\u00ebs Koha Arben Ratkoceri, n\u00eb emisionin Clik Plus ka pohuar se shqiptar\u00ebve t\u00eb Maqedonis\u00eb me shum\u00eb gjasa do ju ndodh\u00eb skenari\",\"breadcrumb\":{\"@id\":\"https:\/\/www.visit-ulcinj.com\/blog\/2016\/10\/20\/arben-ratkoceri-shqiptareve-te-maqedonise-ju-ndodhe-scenario-ulqini\/#breadcrumb\"},\"inLanguage\":\"en-US\",\"potentialAction\":[{\"@type\":\"ReadAction\",\"target\":[\"https:\/\/www.visit-ulcinj.com\/blog\/2016\/10\/20\/arben-ratkoceri-shqiptareve-te-maqedonise-ju-ndodhe-scenario-ulqini\/\"]}]},{\"@type\":\"BreadcrumbList\",\"@id\":\"https:\/\/www.visit-ulcinj.com\/blog\/2016\/10\/20\/arben-ratkoceri-shqiptareve-te-maqedonise-ju-ndodhe-scenario-ulqini\/#breadcrumb\",\"itemListElement\":[{\"@type\":\"ListItem\",\"position\":1,\"name\":\"Arben Ratkoceri: Shqiptar\u00ebve t\u00eb Maqedonis\u00eb do ju ndodh\u00eb scenario Ulqini\"}]},{\"@type\":\"Person\",\"@id\":\"https:\/\/www.visit-ulcinj.com\/blog\/#\/schema\/person\/dcab619c614d3038751c63bc2aadc06d\",\"name\":\"ulqini\",\"sameAs\":[\"http:\/\/www.visit-ulcinj.com\"],\"url\":\"https:\/\/www.visit-ulcinj.com\/blog\/author\/admin\/\"}]}<\/script>\n<!-- \/ Yoast SEO plugin. -->","yoast_head_json":{"title":"Arben Ratkoceri: Shqiptar\u00ebve t\u00eb Maqedonis\u00eb do ju ndodh\u00eb scenario Ulqini - Lajme nga Ulqini","description":"Themeluesi dhe drejtuesi i gazet\u00ebs Koha Arben Ratkoceri, n\u00eb emisionin Clik Plus ka pohuar se shqiptar\u00ebve t\u00eb Maqedonis\u00eb me shum\u00eb gjasa do ju ndodh\u00eb skenari","robots":{"index":"index","follow":"follow","max-snippet":"max-snippet:-1","max-image-preview":"max-image-preview:large","max-video-preview":"max-video-preview:-1"},"canonical":"https:\/\/www.visit-ulcinj.com\/blog\/2016\/10\/20\/arben-ratkoceri-shqiptareve-te-maqedonise-ju-ndodhe-scenario-ulqini\/","og_locale":"en_US","og_type":"article","og_title":"Arben Ratkoceri: Shqiptar\u00ebve t\u00eb Maqedonis\u00eb do ju ndodh\u00eb scenario Ulqini - Lajme nga Ulqini","og_description":"Themeluesi dhe drejtuesi i gazet\u00ebs Koha Arben Ratkoceri, n\u00eb emisionin Clik Plus ka pohuar se shqiptar\u00ebve t\u00eb Maqedonis\u00eb me shum\u00eb gjasa do ju ndodh\u00eb skenari","og_url":"https:\/\/www.visit-ulcinj.com\/blog\/2016\/10\/20\/arben-ratkoceri-shqiptareve-te-maqedonise-ju-ndodhe-scenario-ulqini\/","og_site_name":"Lajme nga Ulqini","article_published_time":"2016-10-20T13:17:09+00:00","og_image":[{"url":"http:\/\/www.visit-ulcinj.com\/blog\/wp-content\/uploads\/2016\/10\/Arben-Ratkoceri-1.jpg"}],"twitter_misc":{"Written by":"ulqini","Est. reading time":"1 minute"},"schema":{"@context":"https:\/\/schema.org","@graph":[{"@type":"WebSite","@id":"https:\/\/www.visit-ulcinj.com\/blog\/#website","url":"https:\/\/www.visit-ulcinj.com\/blog\/","name":"Lajme nga Ulqini","description":"Lajme,Vijesti,Ulqini,Ulqin,Crna Gora,Mali i Zi","potentialAction":[{"@type":"SearchAction","target":{"@type":"EntryPoint","urlTemplate":"https:\/\/www.visit-ulcinj.com\/blog\/?s={search_term_string}"},"query-input":"required name=search_term_string"}],"inLanguage":"en-US"},{"@type":"ImageObject","inLanguage":"en-US","@id":"https:\/\/www.visit-ulcinj.com\/blog\/2016\/10\/20\/arben-ratkoceri-shqiptareve-te-maqedonise-ju-ndodhe-scenario-ulqini\/#primaryimage","url":"https:\/\/www.visit-ulcinj.com\/blog\/wp-content\/uploads\/2016\/10\/Arben-Ratkoceri-1.jpg","contentUrl":"https:\/\/www.visit-ulcinj.com\/blog\/wp-content\/uploads\/2016\/10\/Arben-Ratkoceri-1.jpg","width":600,"height":338},{"@type":"WebPage","@id":"https:\/\/www.visit-ulcinj.com\/blog\/2016\/10\/20\/arben-ratkoceri-shqiptareve-te-maqedonise-ju-ndodhe-scenario-ulqini\/#webpage","url":"https:\/\/www.visit-ulcinj.com\/blog\/2016\/10\/20\/arben-ratkoceri-shqiptareve-te-maqedonise-ju-ndodhe-scenario-ulqini\/","name":"Arben Ratkoceri: Shqiptar\u00ebve t\u00eb Maqedonis\u00eb do ju ndodh\u00eb scenario Ulqini - Lajme nga Ulqini","isPartOf":{"@id":"https:\/\/www.visit-ulcinj.com\/blog\/#website"},"primaryImageOfPage":{"@id":"https:\/\/www.visit-ulcinj.com\/blog\/2016\/10\/20\/arben-ratkoceri-shqiptareve-te-maqedonise-ju-ndodhe-scenario-ulqini\/#primaryimage"},"datePublished":"2016-10-20T13:17:09+00:00","dateModified":"2016-10-20T13:17:09+00:00","author":{"@id":"https:\/\/www.visit-ulcinj.com\/blog\/#\/schema\/person\/dcab619c614d3038751c63bc2aadc06d"},"description":"Themeluesi dhe drejtuesi i gazet\u00ebs Koha Arben Ratkoceri, n\u00eb emisionin Clik Plus ka pohuar se shqiptar\u00ebve t\u00eb Maqedonis\u00eb me shum\u00eb gjasa do ju ndodh\u00eb skenari","breadcrumb":{"@id":"https:\/\/www.visit-ulcinj.com\/blog\/2016\/10\/20\/arben-ratkoceri-shqiptareve-te-maqedonise-ju-ndodhe-scenario-ulqini\/#breadcrumb"},"inLanguage":"en-US","potentialAction":[{"@type":"ReadAction","target":["https:\/\/www.visit-ulcinj.com\/blog\/2016\/10\/20\/arben-ratkoceri-shqiptareve-te-maqedonise-ju-ndodhe-scenario-ulqini\/"]}]},{"@type":"BreadcrumbList","@id":"https:\/\/www.visit-ulcinj.com\/blog\/2016\/10\/20\/arben-ratkoceri-shqiptareve-te-maqedonise-ju-ndodhe-scenario-ulqini\/#breadcrumb","itemListElement":[{"@type":"ListItem","position":1,"name":"Arben Ratkoceri: Shqiptar\u00ebve t\u00eb Maqedonis\u00eb do ju ndodh\u00eb scenario Ulqini"}]},{"@type":"Person","@id":"https:\/\/www.visit-ulcinj.com\/blog\/#\/schema\/person\/dcab619c614d3038751c63bc2aadc06d","name":"ulqini","sameAs":["http:\/\/www.visit-ulcinj.com"],"url":"https:\/\/www.visit-ulcinj.com\/blog\/author\/admin\/"}]}},"jetpack_featured_media_url":"","jetpack_sharing_enabled":true,"jetpack_shortlink":"https:\/\/wp.me\/pe6lTn-q8g","_links":{"self":[{"href":"https:\/\/www.visit-ulcinj.com\/blog\/wp-json\/wp\/v2\/posts\/100456"}],"collection":[{"href":"https:\/\/www.visit-ulcinj.com\/blog\/wp-json\/wp\/v2\/posts"}],"about":[{"href":"https:\/\/www.visit-ulcinj.com\/blog\/wp-json\/wp\/v2\/types\/post"}],"author":[{"embeddable":true,"href":"https:\/\/www.visit-ulcinj.com\/blog\/wp-json\/wp\/v2\/users\/1"}],"replies":[{"embeddable":true,"href":"https:\/\/www.visit-ulcinj.com\/blog\/wp-json\/wp\/v2\/comments?post=100456"}],"version-history":[{"count":1,"href":"https:\/\/www.visit-ulcinj.com\/blog\/wp-json\/wp\/v2\/posts\/100456\/revisions"}],"predecessor-version":[{"id":100458,"href":"https:\/\/www.visit-ulcinj.com\/blog\/wp-json\/wp\/v2\/posts\/100456\/revisions\/100458"}],"wp:attachment":[{"href":"https:\/\/www.visit-ulcinj.com\/blog\/wp-json\/wp\/v2\/media?parent=100456"}],"wp:term":[{"taxonomy":"category","embeddable":true,"href":"https:\/\/www.visit-ulcinj.com\/blog\/wp-json\/wp\/v2\/categories?post=100456"},{"taxonomy":"post_tag","embeddable":true,"href":"https:\/\/www.visit-ulcinj.com\/blog\/wp-json\/wp\/v2\/tags?post=100456"}],"curies":[{"name":"wp","href":"https:\/\/api.w.org\/{rel}","templated":true}]}}