{"id":100462,"date":"2016-10-20T14:50:24","date_gmt":"2016-10-20T13:50:24","guid":{"rendered":"http:\/\/www.visit-ulcinj.com\/blog\/?p=100462"},"modified":"2016-10-21T16:51:56","modified_gmt":"2016-10-21T15:51:56","slug":"nika-cfare-corbe-po-pergtitet-sekretarit-te-komunes-osmanoviqit-dhe-nga-cilat-kuzhina","status":"publish","type":"post","link":"https:\/\/www.visit-ulcinj.com\/blog\/2016\/10\/20\/nika-cfare-corbe-po-pergtitet-sekretarit-te-komunes-osmanoviqit-dhe-nga-cilat-kuzhina\/","title":{"rendered":"Nika: \u00c7far\u00eb \u00e7orbe po i p\u00ebrgtitet sekretarit t\u00eb komun\u00ebs Osmanoviqit dhe nga cilat kuzhina..?!!!"},"content":{"rendered":"<p><strong><em><a href=\"http:\/\/www.visit-ulcinj.com\/blog\/wp-content\/uploads\/2016\/10\/Osmanoviq-Vijesti.jpg\"><img loading=\"lazy\" class=\"alignleft wp-image-100464\" src=\"http:\/\/www.visit-ulcinj.com\/blog\/wp-content\/uploads\/2016\/10\/Osmanoviq-Vijesti.jpg\" alt=\"Osmanoviq-Vijesti\" width=\"508\" height=\"703\" srcset=\"https:\/\/www.visit-ulcinj.com\/blog\/wp-content\/uploads\/2016\/10\/Osmanoviq-Vijesti.jpg 596w, https:\/\/www.visit-ulcinj.com\/blog\/wp-content\/uploads\/2016\/10\/Osmanoviq-Vijesti-217x300.jpg 217w\" sizes=\"(max-width: 508px) 100vw, 508px\" \/><\/a>Shkruan Muhamet Nika<\/em><\/strong><\/p>\n<p><strong>Autori i k\u00ebtij shkrimi \u00ebsht\u00eb njeri bukur mir\u00eb\u00a0 i informuar\u00a0 n\u00eb fush\u00ebn e funksionimit t\u00eb mekanizmit t\u00eb pushtetit lokal dhe atij qendror \u00a0nd\u00ebrsa p\u00ebr t\u00eb argumentuar k\u00ebt\u00eb , pohoj \u00a0se deri tash\u00a0\u00a0 ka kryer k\u00ebto funksione : 3 mandate k\u00ebshilltar\u00eb n\u00eb kk, deputet, drejtor, kryetar parlamenti, n\u00ebnkryetar komune , krye shef e shef arkivi \u00a0etj.<\/strong><\/p>\n<p>Andaj e gjith\u00eb kjo m\u00eb jep t\u00eb drejt\u00eb t\u00eb \u00a0dyshoj \u00a0\u201cse dikush \u201c apo\u201d disa\u201d, \u00a0n\u00eb m\u00ebnyr\u00eb t\u00eb organizuar nga \u00a0pozitat e klanit nepotist(familjar\u00eb) partiak\u00a0 ose \u00a0koalicioneve &#8211; brenda e \u00a0jasht\u00eb\u00a0 komun\u00ebs, duke u orvatur\u00a0 t\u00eb privatizojn\u00eb\u00a0 funksionet\u00a0 e ndryshme \u00a0\u00a0bashk\u00eb me\u00a0 parti,\u00a0\u00a0 p\u00ebrpiqen t\u00eb \u00a0p\u00ebrulin e gjunj\u00ebzojn\u00eb partnerin e\u00a0 koalicionit apo personin, duke e njollosur\u00a0 pasi ta ken\u00eb v\u00ebn\u00eb n\u00eb shtyll\u00ebn e turpi \u00a0e \u00a0ken\u00eb manipuluar \u00a0organet e ndjekjes ..?!<\/p>\n<p>Gjynah i shkreti\u00a0 sekretar \u2013shum\u00eb i ri p\u00ebr tu p\u00ebrballur me njer\u00ebz\u00a0 t\u00eb k\u00ebtij kalibri ..?!!<\/p>\n<p><strong><em>Kuptohet me kusht \u00a0n\u00eb se pronari i lokalit nuk e ka plot\u00ebsuar gabimisht \u00a0fatur\u00ebn dhe n\u00eb vend se\u00a0 ta adresoj\u00eb n\u00eb parti \u00a0DPS \u2013 ta ket\u00eb adresuar n\u00eb komun\u00eb, \u00a0konstatimi\u00a0 mund t\u00eb q\u00ebndroj\u00eb , \u00a0pasi fatura \u00a0kurr\u00eb nuk arriti n\u00eb adres\u00ebn e nisur sipas librit interno t\u00eb post\u00ebs p\u00ebr vend n\u00eb komun\u00eb ?!<\/em><\/strong><\/p>\n<p>Fjala \u00ebsht\u00eb p\u00ebr nj\u00eb fatur\u00eb t\u00eb b\u00ebr\u00eb nga sekretari p\u00ebr buxhet e financa i komun\u00ebs s\u00eb Ulqinit, \u00a0dit\u00ebn e gostis\u00eb &#8211;\u00a0 pritjes s\u00eb Gjukanoviqit \u00a0n\u00eb Kat\u00ebrkoll\u00eb\u00a0 p\u00ebr t\u00eb cil\u00ebn disa thon\u00eb se kushtoi 290 e disa 2900 \u00a0euro dhe q\u00eb\u00a0 u adresua\u00a0 n\u00eb adres\u00eb\u00a0 t\u00eb komun\u00ebs nga Milloja&#8230;?! N\u00eb \u00e7ka\u00a0 krejt dyshoj q\u00eb\u00a0 Gjukanoviq t\u00eb ket\u00eb r\u00ebn\u00eb \u00a0ngusht\u00a0 e kaq posht\u00eb \u00a0, sa t\u00eb k\u00ebrkoj\u00eb mbulimin e nj\u00eb shpenzimi t\u00eb k\u00ebtill\u00eb nga komuna nga nj\u00eb sekretar lokal i Dpsit&#8230;?!<\/p>\n<p>Shpejt\u00ebsia e ngritjes s\u00eb \u00e7\u00ebshtjes\u00a0 n\u00eb afer\u00eb- si ish shef i arkivit, m\u00eb jep t\u00eb drejt\u00eb\u00a0 t\u00eb \u00a0dyshoj n\u00eb ndonj\u00eb shantazhim- \u201creketiranje &#8230;\u201d t\u00eb Osmanoviqit- nga grupi i caktuar\u00a0 n\u00eb komun\u00eb..?!! Por q\u00eb duam t\u00eb shtojm\u00eb q\u00eb \u00a0v\u00ebrtete \u00a0\u00a0me k\u00ebt\u00eb fatur\u00eb , \u00a0nuk ka dyshim se sekretari, \u00a0ia punoi \u00a0si\u00a0 Osmai k\u00ebng\u00ebs\u00a0 Osman \u00a0Aga-\u00a0 Jalla \u2013 jalla&#8230; osmane , osmane &#8230;.?!!<\/p>\n<p>Pa dyshim\u00a0 q\u00eb\u00a0 akuza del t\u00eb jet\u00eb,\u00a0\u00a0 si puna e asaj dhis\u00eb\u00a0 e cila\u00a0 i tha\u00a0 deles,\u00a0 kur\u00a0 kap\u00ebrcej hendekun\u00a0 &#8211;\u00a0\u00a0 s\u2019ke marre\u00a0 e ta\u00a0 pash&#8230;,\u00a0\u00a0 nd\u00ebrsa\u00a0 p\u00ebr\u00a0 vet\u00eb\u00a0 harronte\u00a0\u00a0 q\u00eb\u00a0 kish\u00a0 lindur\u00a0\u00a0 me bisht p\u00ebrpjet\u00eb &#8230; dhe\u00a0 se\u00a0 i shihet &#8230;\u00a0 t\u00ebr\u00eb koh\u00ebn e\u00a0 p\u00ebr k\u00ebt\u00eb\u00a0 hi\u00e7 merak &#8230;?!!<\/p>\n<p>&nbsp;<\/p>\n<p>Ajo q\u00eb m\u00eb habiti dhe m\u00eb shtyri t\u2019i b\u00ebj \u00a0nj\u00eb analiz\u00eb \u00a0nga k\u00ebndi i subjektivizmit t\u00eb mundsh\u00ebm- \u00e7\u00ebshtjes, \u00a0ishte \u00a0\u00a0\u00a0padia e Ur\u00ebs,\u00a0 dor\u00ebzuar n\u00eb prokurori , \u00e7udit\u00ebrisht \u00a0me nj\u00eb efikasitet ekstrem vet\u00ebtime- \u00a0qysh m\u00eb\u00a0 19 .10 2016,\u00a0 pra q\u00eb me \u00a0\u00a0dat\u00ebn e publikimit t\u00eb saj n\u00eb Gazet\u00ebn Vjesti ,<\/p>\n<p><strong><em>Padia e Ur\u00ebs dhe shkrimi i Vjestit \u2013 krahaso datat?!<\/em><\/strong><\/p>\n<p><a href=\"http:\/\/www.visit-ulcinj.com\/blog\/wp-content\/uploads\/2016\/10\/Dokument-Ura-Ulcinj.jpg\"><img loading=\"lazy\" class=\"alignleft wp-image-100463\" src=\"http:\/\/www.visit-ulcinj.com\/blog\/wp-content\/uploads\/2016\/10\/Dokument-Ura-Ulcinj.jpg\" alt=\"Dokument -Ura-Ulcinj\" width=\"508\" height=\"708\" srcset=\"https:\/\/www.visit-ulcinj.com\/blog\/wp-content\/uploads\/2016\/10\/Dokument-Ura-Ulcinj.jpg 717w, https:\/\/www.visit-ulcinj.com\/blog\/wp-content\/uploads\/2016\/10\/Dokument-Ura-Ulcinj-215x300.jpg 215w\" sizes=\"(max-width: 508px) 100vw, 508px\" \/><\/a><\/p>\n<p><strong>Osmanoviqi m\u00eb tep\u00ebr n\u00eb k\u00ebt\u00eb situat\u00eb del t\u00eb jet\u00eb nj\u00eb i sinqert\u00eb dhe i pa pjekur se sa nj\u00eb i rafinuar me t\u00eb cil\u00ebt punon e q\u00eb kan\u00eb kaluar n\u00ebp\u00ebr 9 sita..?!<\/strong><br \/>\n<strong> &#8211; Shih fatura nuk ka pasur nevoj\u00eb t\u00eb figuroj\u00eb n\u00eb em\u00ebr t\u00eb Gjukanoviqit dhe kuptohet se do kish qen\u00eb valide..?!!E kur ta ket\u00eb realizuar, ka mundur q\u00eb n\u00eb shpin\u00eb t\u00eb saj , t\u00eb shkruaj \u2013 P\u00ebr Gjukanoviqin n\u00ebse do i duhej p\u00ebr kujtes\u00eb&#8230;?!!<\/strong><\/p>\n<p>Nd\u00ebrsa k\u00ebta , n\u00eb t\u00eb nj\u00ebjt\u00ebn koh\u00eb harrojn\u00eb t\u00eb padisin n\u00eb prokurori edhe p\u00ebr fatura tjera t\u00eb \u201cdyshimta..\u201d zgjedhore etj, q\u00eb sipas nevoj\u00ebs &#8211; shefi i kontrollit t\u00eb brendsh\u00ebm \u2013 njeriu i Cungut, plason n\u00eb opinion- n\u00eb m\u00ebnyr\u00eb t\u00eb pa autorizuar \u2013 t\u00eb ligjshme, fatura tjera t\u00eb \u201cdyshimta&#8230;.\u201d?!<br \/>\nTjet\u00ebr, p\u00ebrve\u00e7 se habit\u00eb fakti q\u00eb zbulimi i afer\u00ebs dhe padia ngjan\u00eb n\u00eb nj\u00eb dit\u00eb , n\u00eb kuptimin pa u b\u00ebr\u00eb dor\u00ebzim pranimi p\u00ebr realizim, p\u00ebr mes librit t\u00eb post\u00ebs interne \u2013 q\u00eb \u00ebsht\u00eb kusht p\u00ebr t\u00eb nisur nes\u00ebr., nj\u00eb procedur\u00eb hetimi , \u00e7\u00ebshtja do hapte edhe shum\u00eb pun\u00eb tjra?!! N\u00eb kuptimin kush e nisi e pse ( a ishte kjo n\u00eb kuad\u00ebr t\u00eb p\u00ebrshkrimit t\u00eb vendit t\u00eb pun\u00ebs- q\u00eb paguhen me vendim), kush e pranoi n\u00eb komun\u00eb nga pun\u00ebtor\u00ebt e arkivit, kush dhe kur e pse e publikoi \u2013 pa arritur n\u00eb adres\u00ebn caktuar p\u00ebrmes \u201c interna dostavna knjig\u00ebs &#8230;?!! \u00c7far\u00eb del nga kuriri i shp\u00ebrndarjes s\u00eb post\u00ebs me evidenc\u00eb zyrtare e t\u00eb protokolluar&#8230;?!<br \/>\nJuridikisht vepra nuk mund t\u00eb trajtohet e kryer n\u00ebse autori- nuk figuron q\u00eb me n\u00ebnshkrim ta ket\u00eb pranuar p\u00ebrmes post\u00ebs zyrtare. A thua se me k\u00ebt\u00eb , dikush p\u00ebrs\u00ebri po tenton, t\u2019ia hedh\u00eb pun\u00ebtor\u00ebve t\u00eb arkivit- mbase po&#8230;?!<br \/>\nPo pse ndodh ky shantazh- arsyeja dihet , Osmanoviqi , me ligj dhe faktikisht ka t\u00eb koncentruar n\u00eb duart e veta shum\u00eb pushtet mbi mjetet , n\u00ebse ka edhe n\u00ebnshkrim t\u00eb deponuar- me t\u00eb cilin mund t\u00eb realizoj\u00eb sa t\u00eb doj\u00eb fatura&#8230; edhe pa dijen e Cungut&#8230;?!<br \/>\nMir\u00ebpo po t\u00eb komentohej holl\u00eb e holl\u00eb ligji n\u00eb k\u00ebt\u00eb rast Cungu , nuk ka nevoj\u00eb fare t\u00eb ket\u00eb n\u00ebnshkrim t\u00eb deponuar p\u00ebr k\u00ebt\u00eb \u00e7\u00ebshtje. N\u00eb komuna tjera ke sa t\u00eb duash raste q\u00eb kryetar\u00ebt e komun\u00ebs nuk merren me k\u00ebt\u00eb pun\u00eb?! E aq m\u00eb tep\u00ebr n\u00ebse n\u00eb pushtet jan\u00eb pakic\u00eb si n\u00eb rastin konkret- mbase pas k\u00ebsaj afere ka ardhur koha p\u00ebr tu korrigjuar \u00e7\u00ebshtja n\u00eb nivel koalicioni rreth t\u00eb drejt\u00ebs n\u00eb n\u00ebnshkrim &#8230;?!! Sqarojm\u00eb se n\u00ebnshkrimet e deponuara t\u00eb dy fishta , b\u00ebheshin at\u00ebher\u00eb kur ishin do koalicione tjera LD-Udsh- PPD&#8230;?!! Zat\u00ebn edhe n\u00eb fatur\u00eb nuk ke vend p\u00ebr n\u00ebnshkrim t\u00eb dyfisht\u00eb sepse ligji nuk e parasheh. E n\u00ebse Osmanoviq nuk e ka t\u00eb deponuar n\u00ebnshkrimin at\u00ebher\u00eb i takon.<br \/>\nNjoftoj k\u00ebtu p\u00ebr fund k\u00ebta t\u00eb Ur\u00ebs, q\u00eb t\u00eb shpejtojn\u00eb e t\u00eb m\u00eb padisin edhe mua n\u00eb prokurori-\u201d te p\u00ebrfolurin..\u201d e sh\u00ebrbimit t\u00eb kontabilitetit- rreth dy faturave q\u00eb b\u00ebra ose tentoja t\u00eb b\u00ebja , p\u00ebr t\u00eb cilat \u2013si zakonisht raporton portali i njohur partiak &#8211; para se t\u2019i lajm\u00ebroj un\u00eb n\u00eb prokurori p\u00ebr shantazh e p\u00ebr do shkelje tjera ligjore&#8230;?!<br \/>\nShih si m\u00eb paraqesin k\u00ebta t\u00eb\u201d Kontrollit t\u00eb Brendsh\u00ebm- Forc\u00ebs(komun\u00ebs), me k\u00ebto fotografi q\u00eb shp\u00ebrndajn\u00eb koh\u00eb pas kohe , e sa her\u00eb u \u00e7ohet ( ose s\u2019 u \u00e7ohet&#8230;), kur u shp\u00ebrthen ndonj\u00eb afer\u00eb partie&#8230;?!! hahata- hata..?!!<\/p>\n<p style=\"line-height: 28.5pt; background: white; margin: 0cm 0cm 14.25pt 0cm;\"><strong><span lang=\"EN-US\" style=\"font-size: 22.5pt; font-family: 'Arial',sans-serif; color: #111111;\">\u201cEtiketim: Muhamet Nika<\/span><\/strong><\/p>\n<p style=\"line-height: 28.5pt; background: white; margin: 0cm 0cm 14.25pt 0cm;\"><a href=\"http:\/\/www.visit-ulcinj.com\/blog\/wp-content\/uploads\/2009\/03\/muhamet-nika_shprehu-edhe-ti1.jpg\"><img loading=\"lazy\" class=\"alignleft wp-image-15357\" src=\"http:\/\/www.visit-ulcinj.com\/blog\/wp-content\/uploads\/2009\/03\/muhamet-nika_shprehu-edhe-ti1.jpg\" alt=\"muhamet-nika_shprehu-edhe-ti1\" width=\"508\" height=\"254\" srcset=\"https:\/\/www.visit-ulcinj.com\/blog\/wp-content\/uploads\/2009\/03\/muhamet-nika_shprehu-edhe-ti1.jpg 724w, https:\/\/www.visit-ulcinj.com\/blog\/wp-content\/uploads\/2009\/03\/muhamet-nika_shprehu-edhe-ti1-300x150.jpg 300w\" sizes=\"(max-width: 508px) 100vw, 508px\" \/><\/a><\/p>\n<p><a href=\"http:\/\/lajm.me\/category\/aktuale\/\"><strong>Aktuale<\/strong><\/a><\/p>\n<h3><a href=\"http:\/\/lajm.me\/muhamed-nika-merr-1800-euro-nga-kryetari-i-komunes\/\">Muhamed Nika merr 1800 euro nga Kryetari i Komun\u00ebs?<\/a><\/h3>\n<p><a href=\"http:\/\/lajm.me\/author\/admin2\/\"><strong>Lajm.Me<\/strong><\/a><strong>\u00a0<\/strong>&#8211;\u00a010\/01\/2016<\/p>\n<p><a href=\"http:\/\/lajm.me\/muhamed-nika-merr-1800-euro-nga-kryetari-i-komunes\/#comments\"><strong>2<\/strong><\/a><\/p>\n<p>Kryetari i Komun\u00ebs para disa koh\u00ebve ka miratuar vendimin q\u00eb t\u00eb financohet libri me tem\u00eb mbi gazetarin\u00eb investiguese online n\u00eb lidhje me korrupsionin e&#8230;<\/p>\n<p>&nbsp;<\/p>\n<p><a href=\"http:\/\/lajm.me\/category\/aktuale\/\"><strong>Aktuale<\/strong><\/a><\/p>\n<h3><a href=\"http:\/\/lajm.me\/ku-shkuan-2500e-alkaten\/\">Ku shkuan 2500\u20ac alkaten?<\/a><\/h3>\n<p><a href=\"http:\/\/lajm.me\/author\/admin\/\"><strong>admin<\/strong><\/a><strong>\u00a0<\/strong>&#8211;\u00a007\/07\/2015<\/p>\n<p><a href=\"http:\/\/lajm.me\/ku-shkuan-2500e-alkaten\/#comments\"><strong>2<\/strong><\/a><\/p>\n<p>Dim\u00eb q\u00eb kompanit\u00eb e\u00a0ndryshme her\u00eb pas here nisin procese gjyq\u00ebsore ndaj Komun\u00ebs dhe zyrtar\u00ebve t\u00eb saj. Sipas disa burimeve radh\u00ebn e ka kompania &#8220;Gradja&#8230;\u201d..<\/p>\n","protected":false},"excerpt":{"rendered":"<p>Shkruan Muhamet Nika Autori i k\u00ebtij shkrimi \u00ebsht\u00eb njeri bukur mir\u00eb\u00a0 i informuar\u00a0 n\u00eb fush\u00ebn e funksionimit t\u00eb mekanizmit t\u00eb pushtetit lokal dhe atij qendror \u00a0nd\u00ebrsa p\u00ebr t\u00eb argumentuar k\u00ebt\u00eb , pohoj \u00a0se deri tash\u00a0\u00a0 ka kryer k\u00ebto funksione : 3 mandate k\u00ebshilltar\u00eb n\u00eb kk, deputet, drejtor, kryetar parlamenti, n\u00ebnkryetar komune , krye shef e [&hellip;]<\/p>\n","protected":false},"author":1,"featured_media":0,"comment_status":"closed","ping_status":"closed","sticky":false,"template":"","format":"standard","meta":{"spay_email":"","jetpack_publicize_message":"","jetpack_is_tweetstorm":false,"jetpack_publicize_feature_enabled":true},"categories":[1,14249],"tags":[],"jetpack_publicize_connections":[],"yoast_head":"<!-- This site is optimized with the Yoast SEO plugin v19.1 - https:\/\/yoast.com\/wordpress\/plugins\/seo\/ -->\n<title>Nika: \u00c7far\u00eb \u00e7orbe po i p\u00ebrgtitet sekretarit t\u00eb komun\u00ebs Osmanoviqit dhe nga cilat kuzhina..?!!! - Lajme nga Ulqini<\/title>\n<meta name=\"description\" content=\"Shkruan Muhamet Nika Autori i k\u00ebtij shkrimi \u00ebsht\u00eb njeri bukur mir\u00eb\u00a0 i informuar\u00a0 n\u00eb fush\u00ebn e funksionimit t\u00eb mekanizmit t\u00eb pushtetit lokal dhe atij\" \/>\n<meta name=\"robots\" content=\"index, follow, max-snippet:-1, max-image-preview:large, max-video-preview:-1\" \/>\n<link rel=\"canonical\" href=\"https:\/\/www.visit-ulcinj.com\/blog\/2016\/10\/20\/nika-cfare-corbe-po-pergtitet-sekretarit-te-komunes-osmanoviqit-dhe-nga-cilat-kuzhina\/\" \/>\n<meta property=\"og:locale\" content=\"en_US\" \/>\n<meta property=\"og:type\" content=\"article\" \/>\n<meta property=\"og:title\" content=\"Nika: \u00c7far\u00eb \u00e7orbe po i p\u00ebrgtitet sekretarit t\u00eb komun\u00ebs Osmanoviqit dhe nga cilat kuzhina..?!!! - Lajme nga Ulqini\" \/>\n<meta property=\"og:description\" content=\"Shkruan Muhamet Nika Autori i k\u00ebtij shkrimi \u00ebsht\u00eb njeri bukur mir\u00eb\u00a0 i informuar\u00a0 n\u00eb fush\u00ebn e funksionimit t\u00eb mekanizmit t\u00eb pushtetit lokal dhe atij\" \/>\n<meta property=\"og:url\" content=\"https:\/\/www.visit-ulcinj.com\/blog\/2016\/10\/20\/nika-cfare-corbe-po-pergtitet-sekretarit-te-komunes-osmanoviqit-dhe-nga-cilat-kuzhina\/\" \/>\n<meta property=\"og:site_name\" content=\"Lajme nga Ulqini\" \/>\n<meta property=\"article:published_time\" content=\"2016-10-20T13:50:24+00:00\" \/>\n<meta property=\"article:modified_time\" content=\"2016-10-21T15:51:56+00:00\" \/>\n<meta property=\"og:image\" content=\"http:\/\/www.visit-ulcinj.com\/blog\/wp-content\/uploads\/2016\/10\/Osmanoviq-Vijesti.jpg\" \/>\n<meta name=\"twitter:label1\" content=\"Written by\" \/>\n\t<meta name=\"twitter:data1\" content=\"ulqini\" \/>\n\t<meta name=\"twitter:label2\" content=\"Est. reading time\" \/>\n\t<meta name=\"twitter:data2\" content=\"6 minutes\" \/>\n<script type=\"application\/ld+json\" class=\"yoast-schema-graph\">{\"@context\":\"https:\/\/schema.org\",\"@graph\":[{\"@type\":\"WebSite\",\"@id\":\"https:\/\/www.visit-ulcinj.com\/blog\/#website\",\"url\":\"https:\/\/www.visit-ulcinj.com\/blog\/\",\"name\":\"Lajme nga Ulqini\",\"description\":\"Lajme,Vijesti,Ulqini,Ulqin,Crna Gora,Mali i Zi\",\"potentialAction\":[{\"@type\":\"SearchAction\",\"target\":{\"@type\":\"EntryPoint\",\"urlTemplate\":\"https:\/\/www.visit-ulcinj.com\/blog\/?s={search_term_string}\"},\"query-input\":\"required name=search_term_string\"}],\"inLanguage\":\"en-US\"},{\"@type\":\"ImageObject\",\"inLanguage\":\"en-US\",\"@id\":\"https:\/\/www.visit-ulcinj.com\/blog\/2016\/10\/20\/nika-cfare-corbe-po-pergtitet-sekretarit-te-komunes-osmanoviqit-dhe-nga-cilat-kuzhina\/#primaryimage\",\"url\":\"https:\/\/www.visit-ulcinj.com\/blog\/wp-content\/uploads\/2016\/10\/Osmanoviq-Vijesti.jpg\",\"contentUrl\":\"https:\/\/www.visit-ulcinj.com\/blog\/wp-content\/uploads\/2016\/10\/Osmanoviq-Vijesti.jpg\",\"width\":596,\"height\":825},{\"@type\":\"WebPage\",\"@id\":\"https:\/\/www.visit-ulcinj.com\/blog\/2016\/10\/20\/nika-cfare-corbe-po-pergtitet-sekretarit-te-komunes-osmanoviqit-dhe-nga-cilat-kuzhina\/#webpage\",\"url\":\"https:\/\/www.visit-ulcinj.com\/blog\/2016\/10\/20\/nika-cfare-corbe-po-pergtitet-sekretarit-te-komunes-osmanoviqit-dhe-nga-cilat-kuzhina\/\",\"name\":\"Nika: \u00c7far\u00eb \u00e7orbe po i p\u00ebrgtitet sekretarit t\u00eb komun\u00ebs Osmanoviqit dhe nga cilat kuzhina..?!!! - Lajme nga Ulqini\",\"isPartOf\":{\"@id\":\"https:\/\/www.visit-ulcinj.com\/blog\/#website\"},\"primaryImageOfPage\":{\"@id\":\"https:\/\/www.visit-ulcinj.com\/blog\/2016\/10\/20\/nika-cfare-corbe-po-pergtitet-sekretarit-te-komunes-osmanoviqit-dhe-nga-cilat-kuzhina\/#primaryimage\"},\"datePublished\":\"2016-10-20T13:50:24+00:00\",\"dateModified\":\"2016-10-21T15:51:56+00:00\",\"author\":{\"@id\":\"https:\/\/www.visit-ulcinj.com\/blog\/#\/schema\/person\/dcab619c614d3038751c63bc2aadc06d\"},\"description\":\"Shkruan Muhamet Nika Autori i k\u00ebtij shkrimi \u00ebsht\u00eb njeri bukur mir\u00eb\u00a0 i informuar\u00a0 n\u00eb fush\u00ebn e funksionimit t\u00eb mekanizmit t\u00eb pushtetit lokal dhe atij\",\"breadcrumb\":{\"@id\":\"https:\/\/www.visit-ulcinj.com\/blog\/2016\/10\/20\/nika-cfare-corbe-po-pergtitet-sekretarit-te-komunes-osmanoviqit-dhe-nga-cilat-kuzhina\/#breadcrumb\"},\"inLanguage\":\"en-US\",\"potentialAction\":[{\"@type\":\"ReadAction\",\"target\":[\"https:\/\/www.visit-ulcinj.com\/blog\/2016\/10\/20\/nika-cfare-corbe-po-pergtitet-sekretarit-te-komunes-osmanoviqit-dhe-nga-cilat-kuzhina\/\"]}]},{\"@type\":\"BreadcrumbList\",\"@id\":\"https:\/\/www.visit-ulcinj.com\/blog\/2016\/10\/20\/nika-cfare-corbe-po-pergtitet-sekretarit-te-komunes-osmanoviqit-dhe-nga-cilat-kuzhina\/#breadcrumb\",\"itemListElement\":[{\"@type\":\"ListItem\",\"position\":1,\"name\":\"Nika: \u00c7far\u00eb \u00e7orbe po i p\u00ebrgtitet sekretarit t\u00eb komun\u00ebs Osmanoviqit dhe nga cilat kuzhina..?!!!\"}]},{\"@type\":\"Person\",\"@id\":\"https:\/\/www.visit-ulcinj.com\/blog\/#\/schema\/person\/dcab619c614d3038751c63bc2aadc06d\",\"name\":\"ulqini\",\"sameAs\":[\"http:\/\/www.visit-ulcinj.com\"],\"url\":\"https:\/\/www.visit-ulcinj.com\/blog\/author\/admin\/\"}]}<\/script>\n<!-- \/ Yoast SEO plugin. -->","yoast_head_json":{"title":"Nika: \u00c7far\u00eb \u00e7orbe po i p\u00ebrgtitet sekretarit t\u00eb komun\u00ebs Osmanoviqit dhe nga cilat kuzhina..?!!! - Lajme nga Ulqini","description":"Shkruan Muhamet Nika Autori i k\u00ebtij shkrimi \u00ebsht\u00eb njeri bukur mir\u00eb\u00a0 i informuar\u00a0 n\u00eb fush\u00ebn e funksionimit t\u00eb mekanizmit t\u00eb pushtetit lokal dhe atij","robots":{"index":"index","follow":"follow","max-snippet":"max-snippet:-1","max-image-preview":"max-image-preview:large","max-video-preview":"max-video-preview:-1"},"canonical":"https:\/\/www.visit-ulcinj.com\/blog\/2016\/10\/20\/nika-cfare-corbe-po-pergtitet-sekretarit-te-komunes-osmanoviqit-dhe-nga-cilat-kuzhina\/","og_locale":"en_US","og_type":"article","og_title":"Nika: \u00c7far\u00eb \u00e7orbe po i p\u00ebrgtitet sekretarit t\u00eb komun\u00ebs Osmanoviqit dhe nga cilat kuzhina..?!!! - Lajme nga Ulqini","og_description":"Shkruan Muhamet Nika Autori i k\u00ebtij shkrimi \u00ebsht\u00eb njeri bukur mir\u00eb\u00a0 i informuar\u00a0 n\u00eb fush\u00ebn e funksionimit t\u00eb mekanizmit t\u00eb pushtetit lokal dhe atij","og_url":"https:\/\/www.visit-ulcinj.com\/blog\/2016\/10\/20\/nika-cfare-corbe-po-pergtitet-sekretarit-te-komunes-osmanoviqit-dhe-nga-cilat-kuzhina\/","og_site_name":"Lajme nga Ulqini","article_published_time":"2016-10-20T13:50:24+00:00","article_modified_time":"2016-10-21T15:51:56+00:00","og_image":[{"url":"http:\/\/www.visit-ulcinj.com\/blog\/wp-content\/uploads\/2016\/10\/Osmanoviq-Vijesti.jpg"}],"twitter_misc":{"Written by":"ulqini","Est. reading time":"6 minutes"},"schema":{"@context":"https:\/\/schema.org","@graph":[{"@type":"WebSite","@id":"https:\/\/www.visit-ulcinj.com\/blog\/#website","url":"https:\/\/www.visit-ulcinj.com\/blog\/","name":"Lajme nga Ulqini","description":"Lajme,Vijesti,Ulqini,Ulqin,Crna Gora,Mali i Zi","potentialAction":[{"@type":"SearchAction","target":{"@type":"EntryPoint","urlTemplate":"https:\/\/www.visit-ulcinj.com\/blog\/?s={search_term_string}"},"query-input":"required name=search_term_string"}],"inLanguage":"en-US"},{"@type":"ImageObject","inLanguage":"en-US","@id":"https:\/\/www.visit-ulcinj.com\/blog\/2016\/10\/20\/nika-cfare-corbe-po-pergtitet-sekretarit-te-komunes-osmanoviqit-dhe-nga-cilat-kuzhina\/#primaryimage","url":"https:\/\/www.visit-ulcinj.com\/blog\/wp-content\/uploads\/2016\/10\/Osmanoviq-Vijesti.jpg","contentUrl":"https:\/\/www.visit-ulcinj.com\/blog\/wp-content\/uploads\/2016\/10\/Osmanoviq-Vijesti.jpg","width":596,"height":825},{"@type":"WebPage","@id":"https:\/\/www.visit-ulcinj.com\/blog\/2016\/10\/20\/nika-cfare-corbe-po-pergtitet-sekretarit-te-komunes-osmanoviqit-dhe-nga-cilat-kuzhina\/#webpage","url":"https:\/\/www.visit-ulcinj.com\/blog\/2016\/10\/20\/nika-cfare-corbe-po-pergtitet-sekretarit-te-komunes-osmanoviqit-dhe-nga-cilat-kuzhina\/","name":"Nika: \u00c7far\u00eb \u00e7orbe po i p\u00ebrgtitet sekretarit t\u00eb komun\u00ebs Osmanoviqit dhe nga cilat kuzhina..?!!! - Lajme nga Ulqini","isPartOf":{"@id":"https:\/\/www.visit-ulcinj.com\/blog\/#website"},"primaryImageOfPage":{"@id":"https:\/\/www.visit-ulcinj.com\/blog\/2016\/10\/20\/nika-cfare-corbe-po-pergtitet-sekretarit-te-komunes-osmanoviqit-dhe-nga-cilat-kuzhina\/#primaryimage"},"datePublished":"2016-10-20T13:50:24+00:00","dateModified":"2016-10-21T15:51:56+00:00","author":{"@id":"https:\/\/www.visit-ulcinj.com\/blog\/#\/schema\/person\/dcab619c614d3038751c63bc2aadc06d"},"description":"Shkruan Muhamet Nika Autori i k\u00ebtij shkrimi \u00ebsht\u00eb njeri bukur mir\u00eb\u00a0 i informuar\u00a0 n\u00eb fush\u00ebn e funksionimit t\u00eb mekanizmit t\u00eb pushtetit lokal dhe atij","breadcrumb":{"@id":"https:\/\/www.visit-ulcinj.com\/blog\/2016\/10\/20\/nika-cfare-corbe-po-pergtitet-sekretarit-te-komunes-osmanoviqit-dhe-nga-cilat-kuzhina\/#breadcrumb"},"inLanguage":"en-US","potentialAction":[{"@type":"ReadAction","target":["https:\/\/www.visit-ulcinj.com\/blog\/2016\/10\/20\/nika-cfare-corbe-po-pergtitet-sekretarit-te-komunes-osmanoviqit-dhe-nga-cilat-kuzhina\/"]}]},{"@type":"BreadcrumbList","@id":"https:\/\/www.visit-ulcinj.com\/blog\/2016\/10\/20\/nika-cfare-corbe-po-pergtitet-sekretarit-te-komunes-osmanoviqit-dhe-nga-cilat-kuzhina\/#breadcrumb","itemListElement":[{"@type":"ListItem","position":1,"name":"Nika: \u00c7far\u00eb \u00e7orbe po i p\u00ebrgtitet sekretarit t\u00eb komun\u00ebs Osmanoviqit dhe nga cilat kuzhina..?!!!"}]},{"@type":"Person","@id":"https:\/\/www.visit-ulcinj.com\/blog\/#\/schema\/person\/dcab619c614d3038751c63bc2aadc06d","name":"ulqini","sameAs":["http:\/\/www.visit-ulcinj.com"],"url":"https:\/\/www.visit-ulcinj.com\/blog\/author\/admin\/"}]}},"jetpack_featured_media_url":"","jetpack_sharing_enabled":true,"jetpack_shortlink":"https:\/\/wp.me\/pe6lTn-q8m","_links":{"self":[{"href":"https:\/\/www.visit-ulcinj.com\/blog\/wp-json\/wp\/v2\/posts\/100462"}],"collection":[{"href":"https:\/\/www.visit-ulcinj.com\/blog\/wp-json\/wp\/v2\/posts"}],"about":[{"href":"https:\/\/www.visit-ulcinj.com\/blog\/wp-json\/wp\/v2\/types\/post"}],"author":[{"embeddable":true,"href":"https:\/\/www.visit-ulcinj.com\/blog\/wp-json\/wp\/v2\/users\/1"}],"replies":[{"embeddable":true,"href":"https:\/\/www.visit-ulcinj.com\/blog\/wp-json\/wp\/v2\/comments?post=100462"}],"version-history":[{"count":4,"href":"https:\/\/www.visit-ulcinj.com\/blog\/wp-json\/wp\/v2\/posts\/100462\/revisions"}],"predecessor-version":[{"id":100468,"href":"https:\/\/www.visit-ulcinj.com\/blog\/wp-json\/wp\/v2\/posts\/100462\/revisions\/100468"}],"wp:attachment":[{"href":"https:\/\/www.visit-ulcinj.com\/blog\/wp-json\/wp\/v2\/media?parent=100462"}],"wp:term":[{"taxonomy":"category","embeddable":true,"href":"https:\/\/www.visit-ulcinj.com\/blog\/wp-json\/wp\/v2\/categories?post=100462"},{"taxonomy":"post_tag","embeddable":true,"href":"https:\/\/www.visit-ulcinj.com\/blog\/wp-json\/wp\/v2\/tags?post=100462"}],"curies":[{"name":"wp","href":"https:\/\/api.w.org\/{rel}","templated":true}]}}