{"id":100469,"date":"2016-10-20T20:04:59","date_gmt":"2016-10-20T19:04:59","guid":{"rendered":"http:\/\/www.visit-ulcinj.com\/blog\/?p=100469"},"modified":"2016-10-20T20:04:59","modified_gmt":"2016-10-20T19:04:59","slug":"ndjenja-e-krenarise-per-shqiptaret","status":"publish","type":"post","link":"https:\/\/www.visit-ulcinj.com\/blog\/2016\/10\/20\/ndjenja-e-krenarise-per-shqiptaret\/","title":{"rendered":"Ndjenja e krenaris\u00eb p\u00ebr shqiptar\u00ebt"},"content":{"rendered":"<p><strong><a href=\"http:\/\/www.visit-ulcinj.com\/blog\/wp-content\/uploads\/2016\/10\/Mark-Gjonaj-Bill-Clynton.jpg\"><img loading=\"lazy\" class=\"alignleft wp-image-100470\" src=\"http:\/\/www.visit-ulcinj.com\/blog\/wp-content\/uploads\/2016\/10\/Mark-Gjonaj-Bill-Clynton.jpg\" alt=\"Mark-Gjonaj-Bill-Clynton\" width=\"508\" height=\"381\" \/><\/a>Gjek\u00eb \u00a0Gjonaj<\/strong><\/p>\n<p>E martja e dyt\u00eb \u00a0\u00a0e muajit t\u00eb ardhsh\u00ebm p\u00ebr shtetasit amerikan\u00eb do t\u00eb jet\u00eb e ve\u00e7ant\u00eb. At\u00eb dit\u00eb, m\u00eb 8 n\u00ebntor, \u00a0\u00a0amerikan\u00ebt kan\u00eb p\u00ebr t\u2019ju drejtuar qendrave t\u00eb votimit p\u00ebr t\u00eb dh\u00ebn\u00eb vot\u00ebn e tyre, p\u00ebr Presidentin e ardhsh\u00ebm t\u00eb Shteteve t\u00eb Bashkuara t\u00eb Amerik\u00ebs. N\u00eb zgjedhjen e presidentit m\u00eb t\u00eb fuqish\u00ebm n\u00eb bot\u00eb do t\u00eb votojn\u00eb edhe amerikan\u00ebt me origjin\u00eb shqiptare, q\u00eb jan\u00eb shtetas.\u00a0 Komuniteti shqiptaro-amerikan do t\u00eb ket\u00eb mund\u00ebsin\u00eb t\u00eb p\u00ebrcaktohet \u00a0me vot\u00ebn e lir\u00eb p\u00ebr kandidatin demokrat Hillari Klinton dhe at\u00eb republikan Donald Tramp. T\u00eb nj\u00ebjt\u00ebn dit\u00eb \u00a0votuesit shqiptar\u00eb me psaport\u00eb amerikane\u00a0 do t\u00eb mund t\u00eb hedhin vot\u00ebn e tyre edhe p\u00ebr \u00a0t\u00eb gjith\u00eb an\u00ebtar\u00ebt e Dhom\u00ebs s\u00eb Deputet\u00ebve dhe p\u00ebr nj\u00eb num\u00ebr \u00a0an\u00ebtar\u00ebsh t\u00eb ri t\u00eb Senatit Amerikan.<\/p>\n<p>P\u00ebr her\u00eb t\u00eb par\u00eb n\u00eb historin\u00eb e zgjedhjeve \u00a0amerikane \u00a0do t\u00eb p\u00ebrdoren formular\u00ebt e votimit edhe n\u00eb gjuh\u00ebn shqipe \u00a0n\u00eb\u00a0 Nju-Jork. Kjo mbase do t\u00eb jet\u00eb nj\u00eb nd\u00ebr arritjet m\u00eb t\u00eb m\u00ebdha e shqiptar\u00ebve n\u00eb Nju-Jork, t\u00eb cil\u00ebn e b\u00ebri t\u00eb mundur asamblisti i par\u00eb shqiptar n\u00eb Asamblen\u00eb e shtetit t\u00eb Nju-Jorkut, Mark Gjonaj. Ai n\u00eb nj\u00eb deklarat\u00eb \u00a0p\u00ebr mediat amerikane nd\u00ebr t\u00eb tjera \u00ebsht\u00eb shprehur\u00a0&#8220;Barriera e gjuh\u00ebs ka qen\u00eb p\u00ebngese\u00eb p\u00ebr shum\u00eb qytetar\u00eb t\u00eb Nju- Jorkut dhe jam i g\u00ebzuar q\u00eb ky shtet ka nd\u00ebrmarr\u00eb hapa q\u00eb demokracia t\u00eb jet\u00eb gjith\u00ebp\u00ebrfshir\u00ebse. Kjo ka qen\u00eb nj\u00eb nga prioritetet e mia q\u00eb kur jam zgjedhur, q\u00eb t\u00eb punoj q\u00eb z\u00ebrat e t\u00eb gjith\u00eb komuniteteve t\u00eb d\u00ebgjohen dhe te sigurojm\u00eb \u00a0q\u00eb ata t\u00eb kuptojn\u00eb m\u00eb mir\u00eb procesin e votimit dhe zgjerimin e pjes\u00ebmarrjes\u00a0n\u00eb zgjedhje, di\u00e7ka me shum\u00eb \u00a0rend\u00ebsi p\u00ebr demokracin\u00eb ton\u00eb.&#8221;<\/p>\n<p>Lajm tjet\u00ebr \u00a0i mir\u00eb \u00a0p\u00ebr t\u00eb gjith\u00eb ne shqiptar\u00ebt \u00ebsht\u00eb edhe njoftimi \u00a0zyrtar \u00a0se prokurorja aktive shqiptare \u00a0Suzana Shkreli,\u00a0e bija e Zef dhe Maria Shkreli, me prind\u00ebr nga \u00a0Amulli i Ulqinit dhe Gruda e \u00a0Mal\u00ebsis\u00eb s\u00eb Madhe, e cila emigroi n\u00eb Shtetet e Bashkuara s\u00eb bashku me familjen e saj n\u00eb k\u00ebrkim t\u00eb nj\u00eb jete m\u00eb t\u00eb mir\u00eb, \u00ebsht\u00eb nominuar p\u00ebr kaandidate \u00a0n\u00eb Kongresin Amerikan. Ajo\u00a0 do t\u00eb ket\u00eb shansin \u00a0e v\u00ebshtir\u00eb por jo t\u00eb pamundur \u00a0q\u00eb n\u00eb zgjedhjet e p\u00ebrgjithshme amerikane m\u00eb 8 n\u00ebntor t\u00eb k\u00ebtij viti \u00a0t\u00eb hyj\u00eb \u00a0n\u00eb histori si shqiptaro-amerikanja e par\u00eb n\u00eb Kongresin Amerikan \u00a0n\u00eb shtetin e Michiganit, si kandidate e Partis\u00eb Demokratike t\u00eb Amerik\u00ebs. Mbetet t\u00eb besojm\u00eb\u00a0 dhe t\u00eb shpresojm\u00eb se \u00a0\u00a0Suzana Shkreli, me mb\u00ebshtetjen e fort\u00eb \u00a0t\u00eb kandidates p\u00ebr president t\u00eb Amerik\u00ebs Hillari Klinton, \u00a0partis\u00eb s\u00eb saj dhe me vot\u00ebn \u00a0e \u00a0amerikan\u00ebve dhe shqiptar\u00ebve \u00a0t\u00eb zon\u00ebs s\u00eb saj elektorale \u00a0n\u00eb distriktin e 8-t\u00eb do t\u00eb b\u00ebj\u00eb \u00a0at\u00eb mrrekulli \u00a0q\u00eb nuk e b\u00ebri asnj\u00eb fem\u00ebr shqiptare para saj \u00a0n\u00eb Shtetet e Bashkuara t\u00eb Amerik\u00ebs. N\u00ebse ndodh kjo fitore\u00a0 historike\u00a0 e Suzana Shkrelit t\u00eb gjith\u00eb shqiptar\u00ebt do t\u00eb\u00a0 ndihen \u00a0krenar\u00eb.<\/p>\n<p>Ulqin, 18 tetor 2016<\/p>\n","protected":false},"excerpt":{"rendered":"<p>Gjek\u00eb \u00a0Gjonaj E martja e dyt\u00eb \u00a0\u00a0e muajit t\u00eb ardhsh\u00ebm p\u00ebr shtetasit amerikan\u00eb do t\u00eb jet\u00eb e ve\u00e7ant\u00eb. At\u00eb dit\u00eb, m\u00eb 8 n\u00ebntor, \u00a0\u00a0amerikan\u00ebt kan\u00eb p\u00ebr t\u2019ju drejtuar qendrave t\u00eb votimit p\u00ebr t\u00eb dh\u00ebn\u00eb vot\u00ebn e tyre, p\u00ebr Presidentin e ardhsh\u00ebm t\u00eb Shteteve t\u00eb Bashkuara t\u00eb Amerik\u00ebs. N\u00eb zgjedhjen e presidentit m\u00eb t\u00eb fuqish\u00ebm n\u00eb [&hellip;]<\/p>\n","protected":false},"author":1,"featured_media":0,"comment_status":"closed","ping_status":"closed","sticky":false,"template":"","format":"standard","meta":{"spay_email":"","jetpack_publicize_message":"","jetpack_is_tweetstorm":false,"jetpack_publicize_feature_enabled":true},"categories":[7],"tags":[],"jetpack_publicize_connections":[],"yoast_head":"<!-- This site is optimized with the Yoast SEO plugin v19.1 - https:\/\/yoast.com\/wordpress\/plugins\/seo\/ -->\n<title>Ndjenja e krenaris\u00eb p\u00ebr shqiptar\u00ebt - Lajme nga Ulqini<\/title>\n<meta name=\"description\" content=\"Gjek\u00eb \u00a0Gjonaj E martja e dyt\u00eb \u00a0\u00a0e muajit t\u00eb ardhsh\u00ebm p\u00ebr shtetasit amerikan\u00eb do t\u00eb jet\u00eb e ve\u00e7ant\u00eb. At\u00eb dit\u00eb, m\u00eb 8 n\u00ebntor, \u00a0\u00a0amerikan\u00ebt kan\u00eb p\u00ebr t\u2019ju\" \/>\n<meta name=\"robots\" content=\"index, follow, max-snippet:-1, max-image-preview:large, max-video-preview:-1\" \/>\n<link rel=\"canonical\" href=\"https:\/\/www.visit-ulcinj.com\/blog\/2016\/10\/20\/ndjenja-e-krenarise-per-shqiptaret\/\" \/>\n<meta property=\"og:locale\" content=\"en_US\" \/>\n<meta property=\"og:type\" content=\"article\" \/>\n<meta property=\"og:title\" content=\"Ndjenja e krenaris\u00eb p\u00ebr shqiptar\u00ebt - Lajme nga Ulqini\" \/>\n<meta property=\"og:description\" content=\"Gjek\u00eb \u00a0Gjonaj E martja e dyt\u00eb \u00a0\u00a0e muajit t\u00eb ardhsh\u00ebm p\u00ebr shtetasit amerikan\u00eb do t\u00eb jet\u00eb e ve\u00e7ant\u00eb. At\u00eb dit\u00eb, m\u00eb 8 n\u00ebntor, \u00a0\u00a0amerikan\u00ebt kan\u00eb p\u00ebr t\u2019ju\" \/>\n<meta property=\"og:url\" content=\"https:\/\/www.visit-ulcinj.com\/blog\/2016\/10\/20\/ndjenja-e-krenarise-per-shqiptaret\/\" \/>\n<meta property=\"og:site_name\" content=\"Lajme nga Ulqini\" \/>\n<meta property=\"article:published_time\" content=\"2016-10-20T19:04:59+00:00\" \/>\n<meta property=\"og:image\" content=\"http:\/\/www.visit-ulcinj.com\/blog\/wp-content\/uploads\/2016\/10\/Mark-Gjonaj-Bill-Clynton.jpg\" \/>\n<meta name=\"twitter:label1\" content=\"Written by\" \/>\n\t<meta name=\"twitter:data1\" content=\"ulqini\" \/>\n\t<meta name=\"twitter:label2\" content=\"Est. reading time\" \/>\n\t<meta name=\"twitter:data2\" content=\"3 minutes\" \/>\n<script type=\"application\/ld+json\" class=\"yoast-schema-graph\">{\"@context\":\"https:\/\/schema.org\",\"@graph\":[{\"@type\":\"WebSite\",\"@id\":\"https:\/\/www.visit-ulcinj.com\/blog\/#website\",\"url\":\"https:\/\/www.visit-ulcinj.com\/blog\/\",\"name\":\"Lajme nga Ulqini\",\"description\":\"Lajme,Vijesti,Ulqini,Ulqin,Crna Gora,Mali i Zi\",\"potentialAction\":[{\"@type\":\"SearchAction\",\"target\":{\"@type\":\"EntryPoint\",\"urlTemplate\":\"https:\/\/www.visit-ulcinj.com\/blog\/?s={search_term_string}\"},\"query-input\":\"required name=search_term_string\"}],\"inLanguage\":\"en-US\"},{\"@type\":\"ImageObject\",\"inLanguage\":\"en-US\",\"@id\":\"https:\/\/www.visit-ulcinj.com\/blog\/2016\/10\/20\/ndjenja-e-krenarise-per-shqiptaret\/#primaryimage\",\"url\":\"http:\/\/www.visit-ulcinj.com\/blog\/wp-content\/uploads\/2016\/10\/Mark-Gjonaj-Bill-Clynton.jpg\",\"contentUrl\":\"http:\/\/www.visit-ulcinj.com\/blog\/wp-content\/uploads\/2016\/10\/Mark-Gjonaj-Bill-Clynton.jpg\"},{\"@type\":\"WebPage\",\"@id\":\"https:\/\/www.visit-ulcinj.com\/blog\/2016\/10\/20\/ndjenja-e-krenarise-per-shqiptaret\/#webpage\",\"url\":\"https:\/\/www.visit-ulcinj.com\/blog\/2016\/10\/20\/ndjenja-e-krenarise-per-shqiptaret\/\",\"name\":\"Ndjenja e krenaris\u00eb p\u00ebr shqiptar\u00ebt - Lajme nga Ulqini\",\"isPartOf\":{\"@id\":\"https:\/\/www.visit-ulcinj.com\/blog\/#website\"},\"primaryImageOfPage\":{\"@id\":\"https:\/\/www.visit-ulcinj.com\/blog\/2016\/10\/20\/ndjenja-e-krenarise-per-shqiptaret\/#primaryimage\"},\"datePublished\":\"2016-10-20T19:04:59+00:00\",\"dateModified\":\"2016-10-20T19:04:59+00:00\",\"author\":{\"@id\":\"https:\/\/www.visit-ulcinj.com\/blog\/#\/schema\/person\/dcab619c614d3038751c63bc2aadc06d\"},\"description\":\"Gjek\u00eb \u00a0Gjonaj E martja e dyt\u00eb \u00a0\u00a0e muajit t\u00eb ardhsh\u00ebm p\u00ebr shtetasit amerikan\u00eb do t\u00eb jet\u00eb e ve\u00e7ant\u00eb. At\u00eb dit\u00eb, m\u00eb 8 n\u00ebntor, \u00a0\u00a0amerikan\u00ebt kan\u00eb p\u00ebr t\u2019ju\",\"breadcrumb\":{\"@id\":\"https:\/\/www.visit-ulcinj.com\/blog\/2016\/10\/20\/ndjenja-e-krenarise-per-shqiptaret\/#breadcrumb\"},\"inLanguage\":\"en-US\",\"potentialAction\":[{\"@type\":\"ReadAction\",\"target\":[\"https:\/\/www.visit-ulcinj.com\/blog\/2016\/10\/20\/ndjenja-e-krenarise-per-shqiptaret\/\"]}]},{\"@type\":\"BreadcrumbList\",\"@id\":\"https:\/\/www.visit-ulcinj.com\/blog\/2016\/10\/20\/ndjenja-e-krenarise-per-shqiptaret\/#breadcrumb\",\"itemListElement\":[{\"@type\":\"ListItem\",\"position\":1,\"name\":\"Ndjenja e krenaris\u00eb p\u00ebr shqiptar\u00ebt\"}]},{\"@type\":\"Person\",\"@id\":\"https:\/\/www.visit-ulcinj.com\/blog\/#\/schema\/person\/dcab619c614d3038751c63bc2aadc06d\",\"name\":\"ulqini\",\"sameAs\":[\"http:\/\/www.visit-ulcinj.com\"],\"url\":\"https:\/\/www.visit-ulcinj.com\/blog\/author\/admin\/\"}]}<\/script>\n<!-- \/ Yoast SEO plugin. -->","yoast_head_json":{"title":"Ndjenja e krenaris\u00eb p\u00ebr shqiptar\u00ebt - Lajme nga Ulqini","description":"Gjek\u00eb \u00a0Gjonaj E martja e dyt\u00eb \u00a0\u00a0e muajit t\u00eb ardhsh\u00ebm p\u00ebr shtetasit amerikan\u00eb do t\u00eb jet\u00eb e ve\u00e7ant\u00eb. At\u00eb dit\u00eb, m\u00eb 8 n\u00ebntor, \u00a0\u00a0amerikan\u00ebt kan\u00eb p\u00ebr t\u2019ju","robots":{"index":"index","follow":"follow","max-snippet":"max-snippet:-1","max-image-preview":"max-image-preview:large","max-video-preview":"max-video-preview:-1"},"canonical":"https:\/\/www.visit-ulcinj.com\/blog\/2016\/10\/20\/ndjenja-e-krenarise-per-shqiptaret\/","og_locale":"en_US","og_type":"article","og_title":"Ndjenja e krenaris\u00eb p\u00ebr shqiptar\u00ebt - Lajme nga Ulqini","og_description":"Gjek\u00eb \u00a0Gjonaj E martja e dyt\u00eb \u00a0\u00a0e muajit t\u00eb ardhsh\u00ebm p\u00ebr shtetasit amerikan\u00eb do t\u00eb jet\u00eb e ve\u00e7ant\u00eb. At\u00eb dit\u00eb, m\u00eb 8 n\u00ebntor, \u00a0\u00a0amerikan\u00ebt kan\u00eb p\u00ebr t\u2019ju","og_url":"https:\/\/www.visit-ulcinj.com\/blog\/2016\/10\/20\/ndjenja-e-krenarise-per-shqiptaret\/","og_site_name":"Lajme nga Ulqini","article_published_time":"2016-10-20T19:04:59+00:00","og_image":[{"url":"http:\/\/www.visit-ulcinj.com\/blog\/wp-content\/uploads\/2016\/10\/Mark-Gjonaj-Bill-Clynton.jpg"}],"twitter_misc":{"Written by":"ulqini","Est. reading time":"3 minutes"},"schema":{"@context":"https:\/\/schema.org","@graph":[{"@type":"WebSite","@id":"https:\/\/www.visit-ulcinj.com\/blog\/#website","url":"https:\/\/www.visit-ulcinj.com\/blog\/","name":"Lajme nga Ulqini","description":"Lajme,Vijesti,Ulqini,Ulqin,Crna Gora,Mali i Zi","potentialAction":[{"@type":"SearchAction","target":{"@type":"EntryPoint","urlTemplate":"https:\/\/www.visit-ulcinj.com\/blog\/?s={search_term_string}"},"query-input":"required name=search_term_string"}],"inLanguage":"en-US"},{"@type":"ImageObject","inLanguage":"en-US","@id":"https:\/\/www.visit-ulcinj.com\/blog\/2016\/10\/20\/ndjenja-e-krenarise-per-shqiptaret\/#primaryimage","url":"http:\/\/www.visit-ulcinj.com\/blog\/wp-content\/uploads\/2016\/10\/Mark-Gjonaj-Bill-Clynton.jpg","contentUrl":"http:\/\/www.visit-ulcinj.com\/blog\/wp-content\/uploads\/2016\/10\/Mark-Gjonaj-Bill-Clynton.jpg"},{"@type":"WebPage","@id":"https:\/\/www.visit-ulcinj.com\/blog\/2016\/10\/20\/ndjenja-e-krenarise-per-shqiptaret\/#webpage","url":"https:\/\/www.visit-ulcinj.com\/blog\/2016\/10\/20\/ndjenja-e-krenarise-per-shqiptaret\/","name":"Ndjenja e krenaris\u00eb p\u00ebr shqiptar\u00ebt - Lajme nga Ulqini","isPartOf":{"@id":"https:\/\/www.visit-ulcinj.com\/blog\/#website"},"primaryImageOfPage":{"@id":"https:\/\/www.visit-ulcinj.com\/blog\/2016\/10\/20\/ndjenja-e-krenarise-per-shqiptaret\/#primaryimage"},"datePublished":"2016-10-20T19:04:59+00:00","dateModified":"2016-10-20T19:04:59+00:00","author":{"@id":"https:\/\/www.visit-ulcinj.com\/blog\/#\/schema\/person\/dcab619c614d3038751c63bc2aadc06d"},"description":"Gjek\u00eb \u00a0Gjonaj E martja e dyt\u00eb \u00a0\u00a0e muajit t\u00eb ardhsh\u00ebm p\u00ebr shtetasit amerikan\u00eb do t\u00eb jet\u00eb e ve\u00e7ant\u00eb. At\u00eb dit\u00eb, m\u00eb 8 n\u00ebntor, \u00a0\u00a0amerikan\u00ebt kan\u00eb p\u00ebr t\u2019ju","breadcrumb":{"@id":"https:\/\/www.visit-ulcinj.com\/blog\/2016\/10\/20\/ndjenja-e-krenarise-per-shqiptaret\/#breadcrumb"},"inLanguage":"en-US","potentialAction":[{"@type":"ReadAction","target":["https:\/\/www.visit-ulcinj.com\/blog\/2016\/10\/20\/ndjenja-e-krenarise-per-shqiptaret\/"]}]},{"@type":"BreadcrumbList","@id":"https:\/\/www.visit-ulcinj.com\/blog\/2016\/10\/20\/ndjenja-e-krenarise-per-shqiptaret\/#breadcrumb","itemListElement":[{"@type":"ListItem","position":1,"name":"Ndjenja e krenaris\u00eb p\u00ebr shqiptar\u00ebt"}]},{"@type":"Person","@id":"https:\/\/www.visit-ulcinj.com\/blog\/#\/schema\/person\/dcab619c614d3038751c63bc2aadc06d","name":"ulqini","sameAs":["http:\/\/www.visit-ulcinj.com"],"url":"https:\/\/www.visit-ulcinj.com\/blog\/author\/admin\/"}]}},"jetpack_featured_media_url":"","jetpack_sharing_enabled":true,"jetpack_shortlink":"https:\/\/wp.me\/pe6lTn-q8t","_links":{"self":[{"href":"https:\/\/www.visit-ulcinj.com\/blog\/wp-json\/wp\/v2\/posts\/100469"}],"collection":[{"href":"https:\/\/www.visit-ulcinj.com\/blog\/wp-json\/wp\/v2\/posts"}],"about":[{"href":"https:\/\/www.visit-ulcinj.com\/blog\/wp-json\/wp\/v2\/types\/post"}],"author":[{"embeddable":true,"href":"https:\/\/www.visit-ulcinj.com\/blog\/wp-json\/wp\/v2\/users\/1"}],"replies":[{"embeddable":true,"href":"https:\/\/www.visit-ulcinj.com\/blog\/wp-json\/wp\/v2\/comments?post=100469"}],"version-history":[{"count":1,"href":"https:\/\/www.visit-ulcinj.com\/blog\/wp-json\/wp\/v2\/posts\/100469\/revisions"}],"predecessor-version":[{"id":100471,"href":"https:\/\/www.visit-ulcinj.com\/blog\/wp-json\/wp\/v2\/posts\/100469\/revisions\/100471"}],"wp:attachment":[{"href":"https:\/\/www.visit-ulcinj.com\/blog\/wp-json\/wp\/v2\/media?parent=100469"}],"wp:term":[{"taxonomy":"category","embeddable":true,"href":"https:\/\/www.visit-ulcinj.com\/blog\/wp-json\/wp\/v2\/categories?post=100469"},{"taxonomy":"post_tag","embeddable":true,"href":"https:\/\/www.visit-ulcinj.com\/blog\/wp-json\/wp\/v2\/tags?post=100469"}],"curies":[{"name":"wp","href":"https:\/\/api.w.org\/{rel}","templated":true}]}}