{"id":100491,"date":"2016-10-21T17:21:13","date_gmt":"2016-10-21T16:21:13","guid":{"rendered":"http:\/\/www.visit-ulcinj.com\/blog\/?p=100491"},"modified":"2016-10-21T17:21:13","modified_gmt":"2016-10-21T16:21:13","slug":"abazoviq-ne-ofrom-pakicave-postin-e-kryeministrit","status":"publish","type":"post","link":"https:\/\/www.visit-ulcinj.com\/blog\/2016\/10\/21\/abazoviq-ne-ofrom-pakicave-postin-e-kryeministrit\/","title":{"rendered":"Abazoviq: Ne i ofrom pakicave postin e kryeministrit"},"content":{"rendered":"<p><a href=\"http:\/\/www.visit-ulcinj.com\/blog\/wp-content\/uploads\/2016\/10\/Abazovic-Kluc-CG.jpg\"><img loading=\"lazy\" class=\"alignleft wp-image-100492\" src=\"http:\/\/www.visit-ulcinj.com\/blog\/wp-content\/uploads\/2016\/10\/Abazovic-Kluc-CG.jpg\" alt=\"Abazovic-Kluc-CG\" width=\"508\" height=\"312\" srcset=\"https:\/\/www.visit-ulcinj.com\/blog\/wp-content\/uploads\/2016\/10\/Abazovic-Kluc-CG.jpg 960w, https:\/\/www.visit-ulcinj.com\/blog\/wp-content\/uploads\/2016\/10\/Abazovic-Kluc-CG-300x184.jpg 300w, https:\/\/www.visit-ulcinj.com\/blog\/wp-content\/uploads\/2016\/10\/Abazovic-Kluc-CG-768x472.jpg 768w\" sizes=\"(max-width: 508px) 100vw, 508px\" \/><\/a>Mbas vendimit q\u00eb nuk do t\u00eb pranojn\u00eb rezultatet e zgjedhjeve, e pastaj mesazhit t\u00eb Frontit demokratik q\u00eb do t\u00eb p\u00ebrkrahin Qeverin\u00eb pakic\u00eb n\u00eb t\u00eb cil\u00ebn nuk do t\u00eb jen\u00eb as ato dhe as PDS-ja, opozita tani pret vendimin e partive pakic\u00eb si dhe p\u00ebrgjigjet nga Prokuroria speciale, nga t\u00eb cil\u00ebt, si\u00e7 tha p\u00ebr Antena M Dritan Abazoviq nga koalicioni \u00c7el\u00ebsi, do t\u00eb varet nd\u00ebrmarrja e hapave t\u00eb m\u00ebtejm\u00eb, raporton portali Ul.info.<\/p>\n<p>\u201cPartive t\u00eb popujve pakic\u00eb iu d\u00ebrgua oferta voluminoze. Jemi t\u00eb gatsh\u00ebm t\u00eb p\u00ebrkrahim qeverin\u00eb ku ato do t\u00eb b\u00ebjn\u00eb boshtin dhe n\u00eb t\u00eb cil\u00ebn ato do t\u00eb kishin t\u00eb gjith\u00eb resor\u00ebt t\u00eb cil\u00ebt mendojn\u00eb se i takojn\u00eb, duke p\u00ebrfshir\u00eb k\u00ebtu edhe vendin e kryeministrit. Ato do t\u00eb vendosnin se a d\u00ebshirojn\u00eb Qeverin\u00eb me subjektet tjera qytetare nga opozita apo Qeverin\u00eb e p\u00ebrb\u00ebr\u00eb nga ekspert\u00ebt. K\u00ebt\u00eb ja l\u00ebm\u00eb atyre t\u00eb vendosin\u201d, theksoi ai.<\/p>\n<p>Sipas fjal\u00ebve t\u00eb tija, vet\u00ebm kjo lloj qeverie do t\u00eb mund t\u00eb organizonte n\u00eb t\u00eb ardhmen zgjedhjet e drejta. \u201cPra, presim deklarimin e Prokuroris\u00eb speciale dhe t\u00eb partive t\u00eb popujve pakic\u00eb t\u00eb cilat do t\u00eb negociojn\u00eb edhe me an\u00ebn tjet\u00ebr mbas \u00e7\u2019gj\u00ebje do t\u00eb sillet vendimi p\u00ebr hapat e m\u00ebtejm\u00eb\u201d, shtoi Abazoviq.<\/p>\n","protected":false},"excerpt":{"rendered":"<p>Mbas vendimit q\u00eb nuk do t\u00eb pranojn\u00eb rezultatet e zgjedhjeve, e pastaj mesazhit t\u00eb Frontit demokratik q\u00eb do t\u00eb p\u00ebrkrahin Qeverin\u00eb pakic\u00eb n\u00eb t\u00eb cil\u00ebn nuk do t\u00eb jen\u00eb as ato dhe as PDS-ja, opozita tani pret vendimin e partive pakic\u00eb si dhe p\u00ebrgjigjet nga Prokuroria speciale, nga t\u00eb cil\u00ebt, si\u00e7 tha p\u00ebr Antena M [&hellip;]<\/p>\n","protected":false},"author":1,"featured_media":0,"comment_status":"closed","ping_status":"closed","sticky":false,"template":"","format":"standard","meta":{"spay_email":"","jetpack_publicize_message":"","jetpack_is_tweetstorm":false,"jetpack_publicize_feature_enabled":true},"categories":[6],"tags":[],"jetpack_publicize_connections":[],"yoast_head":"<!-- This site is optimized with the Yoast SEO plugin v19.1 - https:\/\/yoast.com\/wordpress\/plugins\/seo\/ -->\n<title>Abazoviq: Ne i ofrom pakicave postin e kryeministrit - Lajme nga Ulqini<\/title>\n<meta name=\"description\" content=\"Mbas vendimit q\u00eb nuk do t\u00eb pranojn\u00eb rezultatet e zgjedhjeve, e pastaj mesazhit t\u00eb Frontit demokratik q\u00eb do t\u00eb p\u00ebrkrahin Qeverin\u00eb pakic\u00eb n\u00eb t\u00eb cil\u00ebn nuk do\" \/>\n<meta name=\"robots\" content=\"index, follow, max-snippet:-1, max-image-preview:large, max-video-preview:-1\" \/>\n<link rel=\"canonical\" href=\"https:\/\/www.visit-ulcinj.com\/blog\/2016\/10\/21\/abazoviq-ne-ofrom-pakicave-postin-e-kryeministrit\/\" \/>\n<meta property=\"og:locale\" content=\"en_US\" \/>\n<meta property=\"og:type\" content=\"article\" \/>\n<meta property=\"og:title\" content=\"Abazoviq: Ne i ofrom pakicave postin e kryeministrit - Lajme nga Ulqini\" \/>\n<meta property=\"og:description\" content=\"Mbas vendimit q\u00eb nuk do t\u00eb pranojn\u00eb rezultatet e zgjedhjeve, e pastaj mesazhit t\u00eb Frontit demokratik q\u00eb do t\u00eb p\u00ebrkrahin Qeverin\u00eb pakic\u00eb n\u00eb t\u00eb cil\u00ebn nuk do\" \/>\n<meta property=\"og:url\" content=\"https:\/\/www.visit-ulcinj.com\/blog\/2016\/10\/21\/abazoviq-ne-ofrom-pakicave-postin-e-kryeministrit\/\" \/>\n<meta property=\"og:site_name\" content=\"Lajme nga Ulqini\" \/>\n<meta property=\"article:published_time\" content=\"2016-10-21T16:21:13+00:00\" \/>\n<meta property=\"og:image\" content=\"http:\/\/www.visit-ulcinj.com\/blog\/wp-content\/uploads\/2016\/10\/Abazovic-Kluc-CG.jpg\" \/>\n<meta name=\"twitter:label1\" content=\"Written by\" \/>\n\t<meta name=\"twitter:data1\" content=\"ulqini\" \/>\n\t<meta name=\"twitter:label2\" content=\"Est. reading time\" \/>\n\t<meta name=\"twitter:data2\" content=\"1 minute\" \/>\n<script type=\"application\/ld+json\" class=\"yoast-schema-graph\">{\"@context\":\"https:\/\/schema.org\",\"@graph\":[{\"@type\":\"WebSite\",\"@id\":\"https:\/\/www.visit-ulcinj.com\/blog\/#website\",\"url\":\"https:\/\/www.visit-ulcinj.com\/blog\/\",\"name\":\"Lajme nga Ulqini\",\"description\":\"Lajme,Vijesti,Ulqini,Ulqin,Crna Gora,Mali i Zi\",\"potentialAction\":[{\"@type\":\"SearchAction\",\"target\":{\"@type\":\"EntryPoint\",\"urlTemplate\":\"https:\/\/www.visit-ulcinj.com\/blog\/?s={search_term_string}\"},\"query-input\":\"required name=search_term_string\"}],\"inLanguage\":\"en-US\"},{\"@type\":\"ImageObject\",\"inLanguage\":\"en-US\",\"@id\":\"https:\/\/www.visit-ulcinj.com\/blog\/2016\/10\/21\/abazoviq-ne-ofrom-pakicave-postin-e-kryeministrit\/#primaryimage\",\"url\":\"https:\/\/www.visit-ulcinj.com\/blog\/wp-content\/uploads\/2016\/10\/Abazovic-Kluc-CG.jpg\",\"contentUrl\":\"https:\/\/www.visit-ulcinj.com\/blog\/wp-content\/uploads\/2016\/10\/Abazovic-Kluc-CG.jpg\",\"width\":960,\"height\":590},{\"@type\":\"WebPage\",\"@id\":\"https:\/\/www.visit-ulcinj.com\/blog\/2016\/10\/21\/abazoviq-ne-ofrom-pakicave-postin-e-kryeministrit\/#webpage\",\"url\":\"https:\/\/www.visit-ulcinj.com\/blog\/2016\/10\/21\/abazoviq-ne-ofrom-pakicave-postin-e-kryeministrit\/\",\"name\":\"Abazoviq: Ne i ofrom pakicave postin e kryeministrit - Lajme nga Ulqini\",\"isPartOf\":{\"@id\":\"https:\/\/www.visit-ulcinj.com\/blog\/#website\"},\"primaryImageOfPage\":{\"@id\":\"https:\/\/www.visit-ulcinj.com\/blog\/2016\/10\/21\/abazoviq-ne-ofrom-pakicave-postin-e-kryeministrit\/#primaryimage\"},\"datePublished\":\"2016-10-21T16:21:13+00:00\",\"dateModified\":\"2016-10-21T16:21:13+00:00\",\"author\":{\"@id\":\"https:\/\/www.visit-ulcinj.com\/blog\/#\/schema\/person\/dcab619c614d3038751c63bc2aadc06d\"},\"description\":\"Mbas vendimit q\u00eb nuk do t\u00eb pranojn\u00eb rezultatet e zgjedhjeve, e pastaj mesazhit t\u00eb Frontit demokratik q\u00eb do t\u00eb p\u00ebrkrahin Qeverin\u00eb pakic\u00eb n\u00eb t\u00eb cil\u00ebn nuk do\",\"breadcrumb\":{\"@id\":\"https:\/\/www.visit-ulcinj.com\/blog\/2016\/10\/21\/abazoviq-ne-ofrom-pakicave-postin-e-kryeministrit\/#breadcrumb\"},\"inLanguage\":\"en-US\",\"potentialAction\":[{\"@type\":\"ReadAction\",\"target\":[\"https:\/\/www.visit-ulcinj.com\/blog\/2016\/10\/21\/abazoviq-ne-ofrom-pakicave-postin-e-kryeministrit\/\"]}]},{\"@type\":\"BreadcrumbList\",\"@id\":\"https:\/\/www.visit-ulcinj.com\/blog\/2016\/10\/21\/abazoviq-ne-ofrom-pakicave-postin-e-kryeministrit\/#breadcrumb\",\"itemListElement\":[{\"@type\":\"ListItem\",\"position\":1,\"name\":\"Abazoviq: Ne i ofrom pakicave postin e kryeministrit\"}]},{\"@type\":\"Person\",\"@id\":\"https:\/\/www.visit-ulcinj.com\/blog\/#\/schema\/person\/dcab619c614d3038751c63bc2aadc06d\",\"name\":\"ulqini\",\"sameAs\":[\"http:\/\/www.visit-ulcinj.com\"],\"url\":\"https:\/\/www.visit-ulcinj.com\/blog\/author\/admin\/\"}]}<\/script>\n<!-- \/ Yoast SEO plugin. -->","yoast_head_json":{"title":"Abazoviq: Ne i ofrom pakicave postin e kryeministrit - Lajme nga Ulqini","description":"Mbas vendimit q\u00eb nuk do t\u00eb pranojn\u00eb rezultatet e zgjedhjeve, e pastaj mesazhit t\u00eb Frontit demokratik q\u00eb do t\u00eb p\u00ebrkrahin Qeverin\u00eb pakic\u00eb n\u00eb t\u00eb cil\u00ebn nuk do","robots":{"index":"index","follow":"follow","max-snippet":"max-snippet:-1","max-image-preview":"max-image-preview:large","max-video-preview":"max-video-preview:-1"},"canonical":"https:\/\/www.visit-ulcinj.com\/blog\/2016\/10\/21\/abazoviq-ne-ofrom-pakicave-postin-e-kryeministrit\/","og_locale":"en_US","og_type":"article","og_title":"Abazoviq: Ne i ofrom pakicave postin e kryeministrit - Lajme nga Ulqini","og_description":"Mbas vendimit q\u00eb nuk do t\u00eb pranojn\u00eb rezultatet e zgjedhjeve, e pastaj mesazhit t\u00eb Frontit demokratik q\u00eb do t\u00eb p\u00ebrkrahin Qeverin\u00eb pakic\u00eb n\u00eb t\u00eb cil\u00ebn nuk do","og_url":"https:\/\/www.visit-ulcinj.com\/blog\/2016\/10\/21\/abazoviq-ne-ofrom-pakicave-postin-e-kryeministrit\/","og_site_name":"Lajme nga Ulqini","article_published_time":"2016-10-21T16:21:13+00:00","og_image":[{"url":"http:\/\/www.visit-ulcinj.com\/blog\/wp-content\/uploads\/2016\/10\/Abazovic-Kluc-CG.jpg"}],"twitter_misc":{"Written by":"ulqini","Est. reading time":"1 minute"},"schema":{"@context":"https:\/\/schema.org","@graph":[{"@type":"WebSite","@id":"https:\/\/www.visit-ulcinj.com\/blog\/#website","url":"https:\/\/www.visit-ulcinj.com\/blog\/","name":"Lajme nga Ulqini","description":"Lajme,Vijesti,Ulqini,Ulqin,Crna Gora,Mali i Zi","potentialAction":[{"@type":"SearchAction","target":{"@type":"EntryPoint","urlTemplate":"https:\/\/www.visit-ulcinj.com\/blog\/?s={search_term_string}"},"query-input":"required name=search_term_string"}],"inLanguage":"en-US"},{"@type":"ImageObject","inLanguage":"en-US","@id":"https:\/\/www.visit-ulcinj.com\/blog\/2016\/10\/21\/abazoviq-ne-ofrom-pakicave-postin-e-kryeministrit\/#primaryimage","url":"https:\/\/www.visit-ulcinj.com\/blog\/wp-content\/uploads\/2016\/10\/Abazovic-Kluc-CG.jpg","contentUrl":"https:\/\/www.visit-ulcinj.com\/blog\/wp-content\/uploads\/2016\/10\/Abazovic-Kluc-CG.jpg","width":960,"height":590},{"@type":"WebPage","@id":"https:\/\/www.visit-ulcinj.com\/blog\/2016\/10\/21\/abazoviq-ne-ofrom-pakicave-postin-e-kryeministrit\/#webpage","url":"https:\/\/www.visit-ulcinj.com\/blog\/2016\/10\/21\/abazoviq-ne-ofrom-pakicave-postin-e-kryeministrit\/","name":"Abazoviq: Ne i ofrom pakicave postin e kryeministrit - Lajme nga Ulqini","isPartOf":{"@id":"https:\/\/www.visit-ulcinj.com\/blog\/#website"},"primaryImageOfPage":{"@id":"https:\/\/www.visit-ulcinj.com\/blog\/2016\/10\/21\/abazoviq-ne-ofrom-pakicave-postin-e-kryeministrit\/#primaryimage"},"datePublished":"2016-10-21T16:21:13+00:00","dateModified":"2016-10-21T16:21:13+00:00","author":{"@id":"https:\/\/www.visit-ulcinj.com\/blog\/#\/schema\/person\/dcab619c614d3038751c63bc2aadc06d"},"description":"Mbas vendimit q\u00eb nuk do t\u00eb pranojn\u00eb rezultatet e zgjedhjeve, e pastaj mesazhit t\u00eb Frontit demokratik q\u00eb do t\u00eb p\u00ebrkrahin Qeverin\u00eb pakic\u00eb n\u00eb t\u00eb cil\u00ebn nuk do","breadcrumb":{"@id":"https:\/\/www.visit-ulcinj.com\/blog\/2016\/10\/21\/abazoviq-ne-ofrom-pakicave-postin-e-kryeministrit\/#breadcrumb"},"inLanguage":"en-US","potentialAction":[{"@type":"ReadAction","target":["https:\/\/www.visit-ulcinj.com\/blog\/2016\/10\/21\/abazoviq-ne-ofrom-pakicave-postin-e-kryeministrit\/"]}]},{"@type":"BreadcrumbList","@id":"https:\/\/www.visit-ulcinj.com\/blog\/2016\/10\/21\/abazoviq-ne-ofrom-pakicave-postin-e-kryeministrit\/#breadcrumb","itemListElement":[{"@type":"ListItem","position":1,"name":"Abazoviq: Ne i ofrom pakicave postin e kryeministrit"}]},{"@type":"Person","@id":"https:\/\/www.visit-ulcinj.com\/blog\/#\/schema\/person\/dcab619c614d3038751c63bc2aadc06d","name":"ulqini","sameAs":["http:\/\/www.visit-ulcinj.com"],"url":"https:\/\/www.visit-ulcinj.com\/blog\/author\/admin\/"}]}},"jetpack_featured_media_url":"","jetpack_sharing_enabled":true,"jetpack_shortlink":"https:\/\/wp.me\/pe6lTn-q8P","_links":{"self":[{"href":"https:\/\/www.visit-ulcinj.com\/blog\/wp-json\/wp\/v2\/posts\/100491"}],"collection":[{"href":"https:\/\/www.visit-ulcinj.com\/blog\/wp-json\/wp\/v2\/posts"}],"about":[{"href":"https:\/\/www.visit-ulcinj.com\/blog\/wp-json\/wp\/v2\/types\/post"}],"author":[{"embeddable":true,"href":"https:\/\/www.visit-ulcinj.com\/blog\/wp-json\/wp\/v2\/users\/1"}],"replies":[{"embeddable":true,"href":"https:\/\/www.visit-ulcinj.com\/blog\/wp-json\/wp\/v2\/comments?post=100491"}],"version-history":[{"count":1,"href":"https:\/\/www.visit-ulcinj.com\/blog\/wp-json\/wp\/v2\/posts\/100491\/revisions"}],"predecessor-version":[{"id":100493,"href":"https:\/\/www.visit-ulcinj.com\/blog\/wp-json\/wp\/v2\/posts\/100491\/revisions\/100493"}],"wp:attachment":[{"href":"https:\/\/www.visit-ulcinj.com\/blog\/wp-json\/wp\/v2\/media?parent=100491"}],"wp:term":[{"taxonomy":"category","embeddable":true,"href":"https:\/\/www.visit-ulcinj.com\/blog\/wp-json\/wp\/v2\/categories?post=100491"},{"taxonomy":"post_tag","embeddable":true,"href":"https:\/\/www.visit-ulcinj.com\/blog\/wp-json\/wp\/v2\/tags?post=100491"}],"curies":[{"name":"wp","href":"https:\/\/api.w.org\/{rel}","templated":true}]}}