{"id":100494,"date":"2016-10-22T14:08:28","date_gmt":"2016-10-22T13:08:28","guid":{"rendered":"http:\/\/www.visit-ulcinj.com\/blog\/?p=100494"},"modified":"2016-10-22T14:08:28","modified_gmt":"2016-10-22T13:08:28","slug":"ne-mal-te-zi-fitoi-atlantizmi-nga-arben-karapici","status":"publish","type":"post","link":"https:\/\/www.visit-ulcinj.com\/blog\/2016\/10\/22\/ne-mal-te-zi-fitoi-atlantizmi-nga-arben-karapici\/","title":{"rendered":"N\u00eb Mal t\u00eb Zi fitoi atlantizmi nga Arben Karapici"},"content":{"rendered":"<p><strong><a href=\"http:\/\/www.visit-ulcinj.com\/blog\/wp-content\/uploads\/2016\/10\/Millo-Gjukanoviq-Nato-Evropa.jpg\"><img loading=\"lazy\" class=\"alignleft wp-image-100495\" src=\"http:\/\/www.visit-ulcinj.com\/blog\/wp-content\/uploads\/2016\/10\/Millo-Gjukanoviq-Nato-Evropa.jpg\" alt=\"Millo-Gjukanoviq-Nato-Evropa\" width=\"508\" height=\"256\" srcset=\"https:\/\/www.visit-ulcinj.com\/blog\/wp-content\/uploads\/2016\/10\/Millo-Gjukanoviq-Nato-Evropa.jpg 708w, https:\/\/www.visit-ulcinj.com\/blog\/wp-content\/uploads\/2016\/10\/Millo-Gjukanoviq-Nato-Evropa-300x151.jpg 300w\" sizes=\"(max-width: 508px) 100vw, 508px\" \/><\/a>Nga: ARBEN KARAPICI<\/strong><br \/>\nP\u00ebr nj\u00eb rajon me r\u00ebnd\u00ebsi t\u00eb posa\u00e7me\u00a0gjeostrategjike si ky i yni\u00a0dhe t\u00eb ardhmen e tij euroatlantike,\u00a0do t\u00eb kishte qen\u00eb e d\u00ebshirueshme\u00a0q\u00eb Rusia ta kishte\u00a0t\u00eb humbur betej\u00ebn n\u00eb Ballkan, por nj\u00eb e ashtuquajtur Qendra Ruse e Emergjencave, e vendosur n\u00eb af\u00ebrsi t\u00eb Nishit n\u00eb Serbi, \u00ebsht\u00eb nj\u00eb p\u00ebrgjigje ushtarake presioni ndaj zgjerimit t\u00eb NATO-s.<br \/>\nNd\u00ebrsa Partia Demokratike e Socialist\u00ebve e kryeministrit Milo Gjukanovi\u00e7 fitoi zgjedhjet dhe po punon p\u00ebr krijimin e koalicionit qeveris\u00ebs, opozita malazeze nuk e pranon rezultatin. N\u00eb zgjedhjet politike t\u00eb 16 tetorit fituan qart\u00ebsisht atlantizmi dhe europeizmi i popullit malazez, dhe \u00ebsht\u00eb pik\u00ebrisht kjo fitore e qart\u00eb pro Per\u00ebndimit, q\u00eb e b\u00ebn opozit\u00ebn proruse n\u00eb Malin e Zi dhe Rusin\u00eb q\u00eb e p\u00ebrkrah, ta kund\u00ebrshtojn\u00eb me forc\u00eb verdiktin nd\u00ebrsa Shtetet e Bashkuara, NATO dhe Bashkimi Europian b\u00ebjn\u00eb thirrje p\u00ebr krijimin e qeveris\u00eb s\u00eb re dhe vazhdim t\u00eb reformave.<br \/>\nN\u00eb k\u00ebto zgjedhje vendimtare p\u00ebr udh\u00ebkryqin mes Per\u00ebndimit dhe Rusis\u00eb Partia Demokratike e Socialist\u00ebve t\u00eb kryeministrit Gjukanovi\u00e7 \u00ebsht\u00eb p\u00ebrballur seriozisht me grupet opozitare proruse dhe proserbe, q\u00eb kan\u00eb b\u00ebr\u00eb t\u00eb pamundur\u00ebn t\u00eb kund\u00ebrshtojn\u00eb politikat proper\u00ebndimore t\u00eb qeveris\u00eb dhe an\u00ebtar\u00ebsimin n\u00eb NATO, ve\u00e7an\u00ebrisht. Aleanca per\u00ebndimore e kishte ftuar, vitin e shkuar 2015, vendin me 620 mij\u00eb qytetar\u00eb, t\u00eb bashkohej pjes\u00ebrisht p\u00ebr shkak t\u00eb shqet\u00ebsimit p\u00ebr ndikimin rus n\u00eb Mal t\u00eb Zi, me lidhje t\u00eb fuqishme kulturore dhe komerciale me aleatin tradicional ortodoks. Nj\u00eb rezultat tjet\u00ebr zgjedhor do t\u00eb rrezikonte seriozisht politikat e zgjerimit t\u00eb NATO-s dhe t\u00eb Bashkimit Europian n\u00eb rajonin e Europ\u00ebs Juglindore dhe mundet t\u00eb ishte vendimtar n\u00eb p\u00ebrpjekjet e Kremlinit t\u00eb rifitonte ndikimin e vet t\u00eb dikursh\u00ebm n\u00eb rajonin strategjik t\u00eb Ballkanit. P\u00ebr nj\u00eb tjet\u00ebr rezultat, nj\u00eb grup prej 20 paramilitar\u00ebsh serb\u00eb ishin p\u00ebrpjekur q\u00eb t\u00eb kryenin sulme t\u00eb armatosura dhe destabilizuese n\u00eb vend, deri edhe \u201crr\u00ebmbimin e kryeministrit Gjukanovi\u00e7\u201d, si\u00e7 dyshojn\u00eb prokuror\u00ebt n\u00eb Podgoric\u00eb, se kishin q\u00ebllim t\u00eb arrestuarit tashm\u00eb.<br \/>\nAleanca per\u00ebndimore e ftoi vitin e kaluar vendin e vog\u00ebl me 620 mij\u00eb qytetar\u00eb t\u2019i bashkohet pjes\u00ebrisht, p\u00ebr shkak t\u00eb shqet\u00ebsimeve p\u00ebr ndikimin rus n\u00eb Mal t\u00eb Zi, i cili ka lidhje t\u00eb forta kulturore dhe komerciale me aleatin e tij ortodoks Mosk\u00ebn. Dhe Mali i Zi \u00ebsht\u00eb ende thell\u00ebsisht i ndar\u00eb mes atyre q\u00eb d\u00ebshirojn\u00eb dhe e mb\u00ebshtetin kursin e reformave t\u00eb integrimit euroatlantik, dhe atyre q\u00eb e kund\u00ebrshtojn\u00eb me forc\u00eb k\u00ebt\u00eb kurs. \u201cMali i Zi do t\u00eb vazhdoj\u00eb drejt s\u00eb ardhmes s\u00eb vet europiane. Do t\u00eb ratifikojm\u00eb an\u00ebtar\u00ebsimin n\u00eb NATO, do t\u00eb p\u00ebrfundojm\u00eb bisedimet p\u00ebr an\u00ebtar\u00ebsimin n\u00eb BE dhe do t\u00eb sjellim investime t\u00eb reja p\u00ebr t\u00eb p\u00ebrmir\u00ebsuar standardin e jet\u00ebs\u201d, tha kryeministri aktual Gjukanovi\u00e7 pas k\u00ebsaj fitoreje me shumic\u00eb jo t\u00eb qart\u00eb. Ai theksoi, se do t\u00eb k\u00ebrkoj\u00eb koalicion me partit\u00eb e pakicave komb\u00ebtare proper\u00ebndimore, q\u00eb aspirojn\u00eb dhe duan integrimin euroatlantik t\u00eb vendit m\u00eb t\u00eb vog\u00ebl n\u00eb Detin Adriatik.<br \/>\nAn\u00ebtar\u00ebsimi s\u00eb fundi i Malit t\u00eb Zi n\u00eb NATO po shkakton f\u00ebrkime t\u00eb ashpra mes diplomacis\u00eb ruse dhe autoriteteve zyrtare malazeze p\u00ebr situat\u00ebn n\u00eb rajon. Nd\u00ebrsa Rusia angazhohet p\u00ebr formimin e nj\u00eb t\u00eb ashtuquajturi territor neutral n\u00eb Ballkan, zyrtar\u00ebt malazez\u00eb e konsiderojn\u00eb si nj\u00eb trysni t\u00eb hapur politike ndaj nj\u00eb shteti t\u00eb vog\u00ebl. Kjo trysni politike e Rusis\u00eb nga nj\u00eb an\u00eb, dhe e drejta sovrane e Malit t\u00eb Zi t\u00eb vendos\u00eb vet\u00eb p\u00ebr t\u00eb ardhmen e tij, i vuri votuesit malazez\u00eb t\u00eb p\u00ebrballeshin me dy alternativa t\u00eb kund\u00ebrta politiko-zgjedhore: T\u00eb vazhdojn\u00eb n\u00eb rrug\u00ebn pro-per\u00ebndimore t\u00eb integrimit n\u00eb NATO dhe n\u00eb BE, apo t\u00eb kthehen nga aleati tradicional, Rusia. Pik\u00ebrisht p\u00ebr k\u00ebt\u00eb, zgjedhjet e 16 tetorit n\u00eb Mal t\u00eb Zi ishin dhe mbeten m\u00eb t\u00eb r\u00ebnd\u00ebsishmet q\u00eb nga referendumi i vitit 2006 p\u00ebr pavar\u00ebsi nga Serbia.<br \/>\nNj\u00eb skenar post-zgjedhor i mundsh\u00ebm \u00ebsht\u00eb formimi i nj\u00eb qeverie t\u00eb gjer\u00eb pro-per\u00ebndimore, me disa parti t\u00eb vogla opozitare me orientim pro-per\u00ebndimor, qeveri q\u00eb do mund t\u00eb siguronte vota t\u00eb mjaftueshme p\u00ebr t\u00eb shmangur ndaljen e procesit t\u00eb an\u00ebtar\u00ebsimit n\u00eb NATO. N\u00eb an\u00ebn tjet\u00ebr ekziston mund\u00ebsia e krijimit t\u00eb nj\u00eb qeverie me shumic\u00eb t\u00eb thjesht\u00eb, por ky skenar mund t\u00eb krijoj\u00eb probleme p\u00ebr procesin e an\u00ebtar\u00ebsimit t\u00eb vendit n\u00eb NATO, pasi \u201cFronti Demokratik\u201d i opozit\u00ebs proruse vazhdon thirrjet p\u00ebr ta braktisur procesin atlantik. Rusia kund\u00ebrshton qart\u00eb dhe fuqish\u00ebm zgjerimin e aleanc\u00ebs ushtarake per\u00ebndimore NATO n\u00eb vendet ish-komuniste t\u00eb Europ\u00ebs, t\u00eb cilat vazhdon t\u2019i konsideroj\u00eb pjes\u00eb t\u00eb \u201cinteresave t\u00eb saj strategjike\u201d. I shqet\u00ebsuar nga ndikimi rus n\u00eb rajonin ende t\u00eb paq\u00ebndruesh\u00ebm, i cili n\u00eb vitet 1990 ishte i p\u00ebrfshir\u00eb n\u00eb luft\u00ebrat civile t\u00eb p\u00ebrgjakshme, Per\u00ebndimi k\u00ebrkon q\u00eb Mali i Zi t\u00eb b\u00ebhet an\u00ebtar i NATO-s.<br \/>\nDeri koh\u00ebt e fundit, Mali i Zi ka qen\u00eb aleat besnik i Rusis\u00eb, por pas shk\u00ebputjes nga Serbia, me nj\u00eb referendum t\u00eb vitit 2006, Mali i Zi b\u00ebri nj\u00eb kthes\u00eb t\u00eb fort\u00eb drejt integrimit euroatlantik.<br \/>\nPor kompanit\u00eb ruse kan\u00eb investuar me miliona dollar\u00eb n\u00eb Mal t\u00eb Zi, duke e b\u00ebr\u00eb at\u00eb nj\u00eb destinacion t\u00eb preferuar turistik p\u00ebr rus\u00ebt. Rus\u00ebt kan\u00eb bler\u00eb prona t\u00eb m\u00ebdha t\u00eb patundshme gjat\u00eb bregdetit malazez t\u00eb Adriatikut dhe rreth 10.000 rus\u00eb kan\u00eb tashm\u00eb shtet\u00ebsi malazeze. Qoft\u00eb dhe vet\u00ebm kaq \u00ebsht\u00eb e mjaftueshme q\u00eb Moska dhe zyrtar\u00ebt m\u00eb t\u00eb lart\u00eb t\u00eb partis\u00eb \u201cRusia e Bashkuar\u201d e presidentit Putin t\u00eb mb\u00ebshtetin fort dhe haptas partit\u00eb opozitare, duke th\u00ebn\u00eb se p\u00ebrpjekjet e kryeministrit Gjukanovi\u00e7 p\u00ebr an\u00ebtar\u00ebsim n\u00eb NATO jan\u00eb \u201ct\u00eb pap\u00ebrgjegjshme dhe me pasoja t\u00eb gjera\u201d.<br \/>\nPartia ruse n\u00eb pushtet \u201cRusia e Bashkuar\u201d ka n\u00ebnshkruar edhe nj\u00eb deklarat\u00eb bashk\u00ebpunimi me p\u00ebrfaq\u00ebsuesit e partive politike nga Serbia, Mali i Zi, Bosnja e Hercegovina, Maqedonia dhe Bullgaria, me t\u00eb cil\u00ebn ato angazhohen bashk\u00ebrisht \u201cp\u00ebr formimin e nj\u00eb territori neutral dhe ushtarak\u201d n\u00eb rajonin e Ballkanit\u201d, si\u00e7 thuhet n\u00eb t\u00eb. Sipas nj\u00eb komunikate t\u00eb publikuar nga partia Rusia e Bashkuar, n\u00ebnshkruesit e k\u00ebtij dokumenti angazhohen \u201cn\u00eb funksion t\u00eb p\u00ebrpjekjeve p\u00ebr uljen e tensionit nd\u00ebrkomb\u00ebtar, p\u00ebr t\u2019i dh\u00ebn\u00eb nj\u00eb r\u00ebnd\u00ebsi t\u00eb ve\u00e7ant\u00eb p\u00ebr Evrop\u00ebn Juglindore\u201d nismave t\u00eb shum\u00eb politikan\u00ebve t\u00eb lart\u00eb n\u00eb Ballkan p\u00ebr \u201cformimin e territoreve neutrale dhe ushtarake t\u00eb shteteve sovrane\u201d, si Serbia, Mali i Zi, Maqedonia dhe Bosnja e Hercegovina.<br \/>\nNga \u201cRusia e Bashkuar\u201d deklarata \u00ebsht\u00eb n\u00ebnshkruar prej zyrtarit t\u00eb lart\u00eb t\u00eb k\u00ebsaj partie Sergej Zhelezhnjak, q\u00eb e ka cil\u00ebsuar dokumentin nj\u00eb ngjarje me r\u00ebnd\u00ebsi t\u00eb madhe historike. Dhe \u00ebsht\u00eb me interes t\u00eb dihet q\u00eb Marko Gjuri\u00e7 ka n\u00ebnshkruar p\u00ebr Partin\u00eb P\u00ebrparimtare Serbe, e drejtuar nga kryeministri Aleksandar Vu\u00e7i\u00e7. Zyrtarja e k\u00ebsaj partie Maria Obradovi\u00e7, thot\u00eb se \u00e7\u00ebshtjet ushtarake q\u00eb p\u00ebrmenden n\u00eb deklarat\u00eb, jan\u00eb sipas saj n\u00eb nj\u00eb kontekst tjet\u00ebr, dhe nuk b\u00ebhet fjal\u00eb p\u00ebr neutralitetin ushtarak. \u201cNuk q\u00ebndron teza e neutralitetit ushtarak dhe as e formimit t\u00eb territorit t\u00eb ri\u201d, thot\u00eb Obradovi\u00e7. B\u00ebhet fjal\u00eb vet\u00ebm p\u00ebr nj\u00eb deklarat\u00eb, e cila \u00ebsht\u00eb n\u00eb funksion t\u00eb relaksimit t\u00eb marr\u00ebdh\u00ebnieve n\u00eb Ballkan dhe n\u00eb Europ\u00eb. Sipas Obradovi\u00e7, \u201ckjo nuk \u00ebsht\u00eb nj\u00eb marr\u00ebveshje ushtarake dhe ka nj\u00eb shp\u00ebrputhje mes asaj t\u00eb n\u00ebnshkruar dhe asaj q\u00eb \u00ebsht\u00eb publikuar si p\u00ebrmbajtje e deklarat\u00ebs\u201d. Megjithat\u00eb, \u201cRusia e Bashkuar\u201d ka publikuar se \u201cdeklarata paraqet vullnetin e firm\u00ebtar\u00ebve p\u00ebr nj\u00eb territor neutral n\u00eb Ballkan dhe n\u00eb t\u00eb shprehet edhe interesi i vendeve ballkanike p\u00ebr bashk\u00ebpunim ekonomik me shtetet euro-aziatike\u201d.<br \/>\nNuk duhet shum\u00eb p\u00ebr ta kuptuar, se n\u00ebnshkrueset e deklarat\u00ebs jan\u00eb parti politike q\u00eb kan\u00eb bashk\u00ebpunuar kahersh\u00ebm me Rusin\u00eb, nd\u00ebrsa kriza dhe reformat e vonuara n\u00eb Bashkimin Europian, bashk\u00eb me politikat e st\u00ebrzgjatura t\u00eb zgjerimit, jan\u00eb zhvillime q\u00eb, sipas analist\u00ebve, mund t\u00eb sjellin nj\u00eb p\u00ebrpjekje dhe shtrirje t\u00eb ndikimit t\u00eb politik\u00ebs ruse. Dhe \u00ebsht\u00eb me nj\u00eb r\u00ebnd\u00ebsi t\u00eb ve\u00e7ant\u00eb t\u00eb t\u00ebrhiqej v\u00ebmendja, q\u00eb \u00e7do vones\u00eb e Bashkimit Europian p\u00ebr ta trajtuar Ballkanin si nj\u00eb rajon dhe territor me perspektiv\u00eb t\u00eb qart\u00eb e t\u00eb vendosur europiane, do sillte eventualisht alternativa dhe opsione t\u00eb tjera, dhe nj\u00eb prej tyre \u00ebsht\u00eb ajo ruse. N\u00eb Mal t\u00eb Zi fituan atlantizmi dhe europeizmi, nd\u00ebrsa kjo nuk do t\u00eb thot\u00eb se ndikimit rus n\u00eb rajonin e Ballkanit i erdhi fundi.<br \/>\nZhvillimet e m\u00ebtejme n\u00eb rajonin ton\u00eb kaq strategjik varen n\u00eb mas\u00eb t\u00eb madhe edhe se si Rusia luan me letra, dhe pyetjes s\u00eb Radio \u201cEuropa e Lir\u00eb\u201d se cili \u00ebsht\u00eb q\u00ebllimi p\u00ebrfundimtar i Kremlinit n\u00eb Kosov\u00eb dhe n\u00eb Ballkanin Per\u00ebndimor, eksperti amerikan p\u00ebr Ballkanin, Daniel Serwer i jep k\u00ebt\u00eb p\u00ebrgjigje:<br \/>\nMendoj se Kremlini po p\u00ebrpiqet t\u2019i b\u00ebj\u00eb l\u00ebmsh gj\u00ebrat n\u00eb rajonin e Ballkanit dhe sa m\u00eb shum\u00eb q\u00eb t\u00eb mundet. N\u00eb radh\u00eb t\u00eb par\u00eb p\u00ebr t\u00eb parandaluar an\u00ebtar\u00ebsimet e reja n\u00eb NATO dhe n\u00eb radh\u00eb t\u00eb dyt\u00eb an\u00ebtar\u00ebsimet n\u00eb Bashkimin Europian. An\u00ebtar\u00ebsimi n\u00eb BE nuk \u00ebsht\u00eb nj\u00eb \u00e7\u00ebshtje e menj\u00ebhershme, por an\u00ebtar\u00ebsimi n\u00eb NATO \u00ebsht\u00eb dhe shum\u00eb madje. Rus\u00ebt kan\u00eb shpenzuar shuma t\u00eb m\u00ebdha parash n\u00eb Mal t\u00eb Zi, n\u00eb p\u00ebrpjekje p\u00ebr ta bllokuar at\u00eb, por kan\u00eb d\u00ebshtuar. \u00cbsht\u00eb e qart\u00eb se do t\u00eb d\u00ebshtojn\u00eb edhe n\u00eb Kosov\u00eb, dhe p\u00ebr k\u00ebt\u00eb nuk ka dyshim. Sapo Kosova t\u2019i b\u00ebj\u00eb forcat e saj t\u00eb siguris\u00eb n\u00eb p\u00ebrputhje me standardet e NATO-s, pritet q\u00eb ajo t\u2019i p\u00ebrmbush\u00eb edhe kriteret e tjera q\u00eb k\u00ebrkon an\u00ebtar\u00ebsimi. 95 p\u00ebr qind e qytetar\u00ebve t\u00eb Kosov\u00ebs e duan an\u00ebtar\u00ebsimin n\u00eb NATO. Ndryshe \u00ebsht\u00eb n\u00eb Serbi, natyrisht. Por, sapo t\u00eb b\u00ebhet Mali i Zi an\u00ebtar i NATO-s, e shpresoj q\u00eb edhe Maqedonia, edhe Kosova, nuk do t\u00eb kishte kuptim p\u00ebr Serbin\u00eb q\u00eb t\u00eb mos b\u00ebhej an\u00ebtare. Rusia ka frik\u00eb se po e humb betej\u00ebn n\u00eb Ballkan.<br \/>\nP\u00ebr nj\u00eb rajon me r\u00ebnd\u00ebsi t\u00eb posa\u00e7me gjeostrategjike si ky i yni dhe t\u00eb ardhmen e tij euroatlantike do t\u00eb kishte qen\u00eb e d\u00ebshirueshme, q\u00eb Rusia ta kishte t\u00eb humbur betej\u00ebn n\u00eb Ballkan, por nj\u00eb e ashtuquajtur \u201cQendra Ruse e Emergjencave\u201d, e vendosur n\u00eb af\u00ebrsi t\u00eb aeroportit n\u00eb qytetin jugor t\u00eb Nishit n\u00eb Serbi, p\u00ebr analist\u00ebt e v\u00ebmendsh\u00ebm nuk \u00ebsht\u00eb tjet\u00ebr, p\u00ebrve\u00e7 p\u00ebrgjigje ushtarake e Kremlinit ndaj zgjerimit t\u00eb NATO-s n\u00eb rajonin ton\u00eb dhe m\u00eb tej. T\u00eb gjitha vendet p\u00ebrreth Serbis\u00eb, jan\u00eb n\u00eb aleanc\u00ebn ushtarake t\u00eb Atlantikut Verior, ose duan dhe synojn\u00eb t\u00eb jen\u00eb. N\u00eb dhom\u00ebn e komand\u00ebs s\u00eb p\u00ebrbashk\u00ebt n\u00eb qendr\u00ebn ruso-serbe t\u00eb ndihm\u00ebs n\u00eb jug t\u00eb Serbis\u00eb, gazetar\u00ebt e \u201cAsoshiejtid Press\u201d kan\u00eb par\u00eb ekrane t\u00eb m\u00ebdha t\u00eb mbik\u00ebqyrjes ushtarake dhe nj\u00eb nd\u00ebrtes\u00eb e pap\u00ebrfunduar ngjyr\u00eb gri prej betoni, sh\u00ebrben si nj\u00eb vend i trajnimit. A \u00ebsht\u00eb kjo nj\u00eb qend\u00ebr ruse e ndihmave n\u00eb raste fatkeq\u00ebsish n\u00eb Serbi, si\u00e7 pretendon Moska, apo nj\u00eb qend\u00ebr spiunazhi e Kremlinit n\u00eb zem\u00ebr t\u00eb Ballkanit? Dyshues p\u00ebr karakterin dhe misionin e baz\u00ebs n\u00eb Nish nuk jan\u00eb ve\u00e7 gazetar\u00ebt. Disa organizata joqeveritare per\u00ebndimore t\u00ebrheqin v\u00ebmendje dhe thon\u00eb se \u201crus\u00ebt kan\u00eb krijuar atje nj\u00eb baz\u00eb t\u00eb maskuar ushtarake p\u00ebr t\u00eb p\u00ebrgjuar interesat amerikane n\u00eb rajonin e Ballkanit. Derisa Serbia \u00ebsht\u00eb ende shum\u00eb e af\u00ebrt me Rusin\u00eb, edhe fqinj\u00ebt e saj jan\u00eb shum\u00eb dyshues n\u00eb pranin\u00eb dhe q\u00ebllimet e Mosk\u00ebs, ve\u00e7an\u00ebrisht vendet e ish-bllokut sovjetik si Bullgaria, Rumania apo Hungaria.<br \/>\nN\u00ebse b\u00ebhet fjal\u00eb p\u00ebr operacion ushtarak, ky do t\u00eb ishte i pari q\u00eb nd\u00ebrmerr Kremlini n\u00eb Europ\u00eb dhe jasht\u00eb ish-Bashkimit Sovjetik q\u00eb nga r\u00ebnia e traktatit t\u00eb Varshav\u00ebs n\u00eb vitet n\u00ebnt\u00ebdhjet\u00eb.<br \/>\nPartneri rus n\u00eb qendr\u00ebn e Nishit \u00ebsht\u00eb ministria p\u00ebr \u201csituata t\u00eb jasht\u00ebzakonshme\u201d, mekaniz\u00ebm i fuqish\u00ebm gjysm\u00ebushtarak, veprimtarit\u00eb e s\u00eb cil\u00ebs p\u00ebrfshijn\u00eb edhe operacione n\u00eb mb\u00ebshtetje t\u00eb sh\u00ebrbimeve ruse t\u00eb sigurimit. N\u00eb ceremonin\u00eb e hapjes s\u00eb qendr\u00ebs, Sergei Shoigu, aktualisht minist\u00ebr i Mbrojtjes, i quajti si \u201cfabrikime t\u00eb pastra\u201d spekulimet, q\u00eb Rusia d\u00ebshiron t\u00eb vendos\u00eb baza ushtarake n\u00eb Serbi, nd\u00ebrsa duhet th\u00ebn\u00eb se deri tani asgj\u00eb nuk e ka penguar Rusin\u00eb t\u00eb b\u00ebj\u00eb at\u00eb q\u00eb di m\u00eb mir\u00eb.<br \/>\nZyrtar\u00ebt e NATO-s kan\u00eb refuzuar t\u00eb komentojn\u00eb, por as e kan\u00eb mohuar natyr\u00ebn e baz\u00ebs, duke th\u00ebn\u00eb se nuk jan\u00eb shum\u00eb t\u00eb shqet\u00ebsuar me rolin e saj, \u00e7far\u00ebdo q\u00eb t\u00eb jet\u00eb. Zyrtar\u00ebt e Bashkimit Evropian than\u00eb se, n\u00ebse Serbia b\u00ebhet an\u00ebtare e bllokut, at\u00ebher\u00eb duhet t\u2019u bashkohet programeve evropiane t\u00eb ndihmave dhe t\u00eb ndahet nga Rusia. Mir\u00eb kur t\u00eb ndahet, por deri n\u00eb ndarje, \u00e7far\u00eb mund t\u00eb ndodh\u00eb? K\u00ebt\u00eb ende nuk e thot\u00eb kush. Sipas bashk\u00ebdrejtuesit rus t\u00eb baz\u00ebs, Vie\u00e7eslav Vlashenko, qendra \u00ebsht\u00eb larg t\u00eb qenit baz\u00eb e mir\u00ebfillt\u00eb ushtarake, por edhe kjo deklarat\u00eb \u00ebsht\u00eb e pamjaftueshme p\u00ebr t\u00eb mos e besuar se kjo baz\u00eb nuk i ka mjetet e duhura p\u00ebr t\u00eb v\u00ebzhguar, fjala vjen, Rumanin\u00eb, ku jan\u00eb vendosur baza antiraketore amerikane. \u201cArgumenti\u201d i Vlashenkos \u00ebsht\u00eb tejet i mang\u00ebt, sidomos n\u00eb raport Kosov\u00ebn, ku jan\u00eb t\u00eb vendosura trupat paqeruajt\u00ebse t\u00eb NATO-s dhe nj\u00eb baz\u00eb amerikane, Bonstill n\u00eb Prizren. Serbia, nj\u00eb aleate tradicionale e Rusis\u00eb, synon t\u00eb an\u00ebtar\u00ebsohet n\u00eb Bashkimin Evropian, por ajo ec\u00ebn n\u00eb fije t\u00eb perit nd\u00ebrmjet Rusis\u00eb e Per\u00ebndimit dhe ka refuzuar t\u2019u bashkohet sanksioneve euro-amerikane kund\u00ebr Mosk\u00ebs. Nd\u00ebrkaq, Rusia e kund\u00ebrshton fuqish\u00ebm an\u00ebtar\u00ebsimin e Serbis\u00eb n\u00eb NATO dhe bombardimet e aleanc\u00ebs t\u00eb vitit 1999 i kan\u00eb kthyer serb\u00ebt kund\u00ebr Per\u00ebndimit dhe pro Rusis\u00eb.<br \/>\n<strong>(er.nu\/Gazeta Shqiptare\/BalkanWeb)<\/strong><\/p>\n","protected":false},"excerpt":{"rendered":"<p>Nga: ARBEN KARAPICI P\u00ebr nj\u00eb rajon me r\u00ebnd\u00ebsi t\u00eb posa\u00e7me\u00a0gjeostrategjike si ky i yni\u00a0dhe t\u00eb ardhmen e tij euroatlantike,\u00a0do t\u00eb kishte qen\u00eb e d\u00ebshirueshme\u00a0q\u00eb Rusia ta kishte\u00a0t\u00eb humbur betej\u00ebn n\u00eb Ballkan, por nj\u00eb e ashtuquajtur Qendra Ruse e Emergjencave, e vendosur n\u00eb af\u00ebrsi t\u00eb Nishit n\u00eb Serbi, \u00ebsht\u00eb nj\u00eb p\u00ebrgjigje ushtarake presioni ndaj zgjerimit t\u00eb [&hellip;]<\/p>\n","protected":false},"author":1,"featured_media":0,"comment_status":"closed","ping_status":"closed","sticky":false,"template":"","format":"standard","meta":{"spay_email":"","jetpack_publicize_message":"","jetpack_is_tweetstorm":false,"jetpack_publicize_feature_enabled":true},"categories":[14],"tags":[],"jetpack_publicize_connections":[],"yoast_head":"<!-- This site is optimized with the Yoast SEO plugin v19.1 - https:\/\/yoast.com\/wordpress\/plugins\/seo\/ -->\n<title>N\u00eb Mal t\u00eb Zi fitoi atlantizmi nga Arben Karapici - Lajme nga Ulqini<\/title>\n<meta name=\"description\" content=\"Nga: ARBEN KARAPICI P\u00ebr nj\u00eb rajon me r\u00ebnd\u00ebsi t\u00eb posa\u00e7me\u00a0gjeostrategjike si ky i yni\u00a0dhe t\u00eb ardhmen e tij euroatlantike,\u00a0do t\u00eb kishte qen\u00eb e\" \/>\n<meta name=\"robots\" content=\"index, follow, max-snippet:-1, max-image-preview:large, max-video-preview:-1\" \/>\n<link rel=\"canonical\" href=\"https:\/\/www.visit-ulcinj.com\/blog\/2016\/10\/22\/ne-mal-te-zi-fitoi-atlantizmi-nga-arben-karapici\/\" \/>\n<meta property=\"og:locale\" content=\"en_US\" \/>\n<meta property=\"og:type\" content=\"article\" \/>\n<meta property=\"og:title\" content=\"N\u00eb Mal t\u00eb Zi fitoi atlantizmi nga Arben Karapici - Lajme nga Ulqini\" \/>\n<meta property=\"og:description\" content=\"Nga: ARBEN KARAPICI P\u00ebr nj\u00eb rajon me r\u00ebnd\u00ebsi t\u00eb posa\u00e7me\u00a0gjeostrategjike si ky i yni\u00a0dhe t\u00eb ardhmen e tij euroatlantike,\u00a0do t\u00eb kishte qen\u00eb e\" \/>\n<meta property=\"og:url\" content=\"https:\/\/www.visit-ulcinj.com\/blog\/2016\/10\/22\/ne-mal-te-zi-fitoi-atlantizmi-nga-arben-karapici\/\" \/>\n<meta property=\"og:site_name\" content=\"Lajme nga Ulqini\" \/>\n<meta property=\"article:published_time\" content=\"2016-10-22T13:08:28+00:00\" \/>\n<meta property=\"og:image\" content=\"http:\/\/www.visit-ulcinj.com\/blog\/wp-content\/uploads\/2016\/10\/Millo-Gjukanoviq-Nato-Evropa.jpg\" \/>\n<meta name=\"twitter:label1\" content=\"Written by\" \/>\n\t<meta name=\"twitter:data1\" content=\"ulqini\" \/>\n\t<meta name=\"twitter:label2\" content=\"Est. reading time\" \/>\n\t<meta name=\"twitter:data2\" content=\"12 minutes\" \/>\n<script type=\"application\/ld+json\" class=\"yoast-schema-graph\">{\"@context\":\"https:\/\/schema.org\",\"@graph\":[{\"@type\":\"WebSite\",\"@id\":\"https:\/\/www.visit-ulcinj.com\/blog\/#website\",\"url\":\"https:\/\/www.visit-ulcinj.com\/blog\/\",\"name\":\"Lajme nga Ulqini\",\"description\":\"Lajme,Vijesti,Ulqini,Ulqin,Crna Gora,Mali i Zi\",\"potentialAction\":[{\"@type\":\"SearchAction\",\"target\":{\"@type\":\"EntryPoint\",\"urlTemplate\":\"https:\/\/www.visit-ulcinj.com\/blog\/?s={search_term_string}\"},\"query-input\":\"required name=search_term_string\"}],\"inLanguage\":\"en-US\"},{\"@type\":\"ImageObject\",\"inLanguage\":\"en-US\",\"@id\":\"https:\/\/www.visit-ulcinj.com\/blog\/2016\/10\/22\/ne-mal-te-zi-fitoi-atlantizmi-nga-arben-karapici\/#primaryimage\",\"url\":\"https:\/\/www.visit-ulcinj.com\/blog\/wp-content\/uploads\/2016\/10\/Millo-Gjukanoviq-Nato-Evropa.jpg\",\"contentUrl\":\"https:\/\/www.visit-ulcinj.com\/blog\/wp-content\/uploads\/2016\/10\/Millo-Gjukanoviq-Nato-Evropa.jpg\",\"width\":708,\"height\":357},{\"@type\":\"WebPage\",\"@id\":\"https:\/\/www.visit-ulcinj.com\/blog\/2016\/10\/22\/ne-mal-te-zi-fitoi-atlantizmi-nga-arben-karapici\/#webpage\",\"url\":\"https:\/\/www.visit-ulcinj.com\/blog\/2016\/10\/22\/ne-mal-te-zi-fitoi-atlantizmi-nga-arben-karapici\/\",\"name\":\"N\u00eb Mal t\u00eb Zi fitoi atlantizmi nga Arben Karapici - Lajme nga Ulqini\",\"isPartOf\":{\"@id\":\"https:\/\/www.visit-ulcinj.com\/blog\/#website\"},\"primaryImageOfPage\":{\"@id\":\"https:\/\/www.visit-ulcinj.com\/blog\/2016\/10\/22\/ne-mal-te-zi-fitoi-atlantizmi-nga-arben-karapici\/#primaryimage\"},\"datePublished\":\"2016-10-22T13:08:28+00:00\",\"dateModified\":\"2016-10-22T13:08:28+00:00\",\"author\":{\"@id\":\"https:\/\/www.visit-ulcinj.com\/blog\/#\/schema\/person\/dcab619c614d3038751c63bc2aadc06d\"},\"description\":\"Nga: ARBEN KARAPICI P\u00ebr nj\u00eb rajon me r\u00ebnd\u00ebsi t\u00eb posa\u00e7me\u00a0gjeostrategjike si ky i yni\u00a0dhe t\u00eb ardhmen e tij euroatlantike,\u00a0do t\u00eb kishte qen\u00eb e\",\"breadcrumb\":{\"@id\":\"https:\/\/www.visit-ulcinj.com\/blog\/2016\/10\/22\/ne-mal-te-zi-fitoi-atlantizmi-nga-arben-karapici\/#breadcrumb\"},\"inLanguage\":\"en-US\",\"potentialAction\":[{\"@type\":\"ReadAction\",\"target\":[\"https:\/\/www.visit-ulcinj.com\/blog\/2016\/10\/22\/ne-mal-te-zi-fitoi-atlantizmi-nga-arben-karapici\/\"]}]},{\"@type\":\"BreadcrumbList\",\"@id\":\"https:\/\/www.visit-ulcinj.com\/blog\/2016\/10\/22\/ne-mal-te-zi-fitoi-atlantizmi-nga-arben-karapici\/#breadcrumb\",\"itemListElement\":[{\"@type\":\"ListItem\",\"position\":1,\"name\":\"N\u00eb Mal t\u00eb Zi fitoi atlantizmi nga Arben Karapici\"}]},{\"@type\":\"Person\",\"@id\":\"https:\/\/www.visit-ulcinj.com\/blog\/#\/schema\/person\/dcab619c614d3038751c63bc2aadc06d\",\"name\":\"ulqini\",\"sameAs\":[\"http:\/\/www.visit-ulcinj.com\"],\"url\":\"https:\/\/www.visit-ulcinj.com\/blog\/author\/admin\/\"}]}<\/script>\n<!-- \/ Yoast SEO plugin. -->","yoast_head_json":{"title":"N\u00eb Mal t\u00eb Zi fitoi atlantizmi nga Arben Karapici - Lajme nga Ulqini","description":"Nga: ARBEN KARAPICI P\u00ebr nj\u00eb rajon me r\u00ebnd\u00ebsi t\u00eb posa\u00e7me\u00a0gjeostrategjike si ky i yni\u00a0dhe t\u00eb ardhmen e tij euroatlantike,\u00a0do t\u00eb kishte qen\u00eb e","robots":{"index":"index","follow":"follow","max-snippet":"max-snippet:-1","max-image-preview":"max-image-preview:large","max-video-preview":"max-video-preview:-1"},"canonical":"https:\/\/www.visit-ulcinj.com\/blog\/2016\/10\/22\/ne-mal-te-zi-fitoi-atlantizmi-nga-arben-karapici\/","og_locale":"en_US","og_type":"article","og_title":"N\u00eb Mal t\u00eb Zi fitoi atlantizmi nga Arben Karapici - Lajme nga Ulqini","og_description":"Nga: ARBEN KARAPICI P\u00ebr nj\u00eb rajon me r\u00ebnd\u00ebsi t\u00eb posa\u00e7me\u00a0gjeostrategjike si ky i yni\u00a0dhe t\u00eb ardhmen e tij euroatlantike,\u00a0do t\u00eb kishte qen\u00eb e","og_url":"https:\/\/www.visit-ulcinj.com\/blog\/2016\/10\/22\/ne-mal-te-zi-fitoi-atlantizmi-nga-arben-karapici\/","og_site_name":"Lajme nga Ulqini","article_published_time":"2016-10-22T13:08:28+00:00","og_image":[{"url":"http:\/\/www.visit-ulcinj.com\/blog\/wp-content\/uploads\/2016\/10\/Millo-Gjukanoviq-Nato-Evropa.jpg"}],"twitter_misc":{"Written by":"ulqini","Est. reading time":"12 minutes"},"schema":{"@context":"https:\/\/schema.org","@graph":[{"@type":"WebSite","@id":"https:\/\/www.visit-ulcinj.com\/blog\/#website","url":"https:\/\/www.visit-ulcinj.com\/blog\/","name":"Lajme nga Ulqini","description":"Lajme,Vijesti,Ulqini,Ulqin,Crna Gora,Mali i Zi","potentialAction":[{"@type":"SearchAction","target":{"@type":"EntryPoint","urlTemplate":"https:\/\/www.visit-ulcinj.com\/blog\/?s={search_term_string}"},"query-input":"required name=search_term_string"}],"inLanguage":"en-US"},{"@type":"ImageObject","inLanguage":"en-US","@id":"https:\/\/www.visit-ulcinj.com\/blog\/2016\/10\/22\/ne-mal-te-zi-fitoi-atlantizmi-nga-arben-karapici\/#primaryimage","url":"https:\/\/www.visit-ulcinj.com\/blog\/wp-content\/uploads\/2016\/10\/Millo-Gjukanoviq-Nato-Evropa.jpg","contentUrl":"https:\/\/www.visit-ulcinj.com\/blog\/wp-content\/uploads\/2016\/10\/Millo-Gjukanoviq-Nato-Evropa.jpg","width":708,"height":357},{"@type":"WebPage","@id":"https:\/\/www.visit-ulcinj.com\/blog\/2016\/10\/22\/ne-mal-te-zi-fitoi-atlantizmi-nga-arben-karapici\/#webpage","url":"https:\/\/www.visit-ulcinj.com\/blog\/2016\/10\/22\/ne-mal-te-zi-fitoi-atlantizmi-nga-arben-karapici\/","name":"N\u00eb Mal t\u00eb Zi fitoi atlantizmi nga Arben Karapici - Lajme nga Ulqini","isPartOf":{"@id":"https:\/\/www.visit-ulcinj.com\/blog\/#website"},"primaryImageOfPage":{"@id":"https:\/\/www.visit-ulcinj.com\/blog\/2016\/10\/22\/ne-mal-te-zi-fitoi-atlantizmi-nga-arben-karapici\/#primaryimage"},"datePublished":"2016-10-22T13:08:28+00:00","dateModified":"2016-10-22T13:08:28+00:00","author":{"@id":"https:\/\/www.visit-ulcinj.com\/blog\/#\/schema\/person\/dcab619c614d3038751c63bc2aadc06d"},"description":"Nga: ARBEN KARAPICI P\u00ebr nj\u00eb rajon me r\u00ebnd\u00ebsi t\u00eb posa\u00e7me\u00a0gjeostrategjike si ky i yni\u00a0dhe t\u00eb ardhmen e tij euroatlantike,\u00a0do t\u00eb kishte qen\u00eb e","breadcrumb":{"@id":"https:\/\/www.visit-ulcinj.com\/blog\/2016\/10\/22\/ne-mal-te-zi-fitoi-atlantizmi-nga-arben-karapici\/#breadcrumb"},"inLanguage":"en-US","potentialAction":[{"@type":"ReadAction","target":["https:\/\/www.visit-ulcinj.com\/blog\/2016\/10\/22\/ne-mal-te-zi-fitoi-atlantizmi-nga-arben-karapici\/"]}]},{"@type":"BreadcrumbList","@id":"https:\/\/www.visit-ulcinj.com\/blog\/2016\/10\/22\/ne-mal-te-zi-fitoi-atlantizmi-nga-arben-karapici\/#breadcrumb","itemListElement":[{"@type":"ListItem","position":1,"name":"N\u00eb Mal t\u00eb Zi fitoi atlantizmi nga Arben Karapici"}]},{"@type":"Person","@id":"https:\/\/www.visit-ulcinj.com\/blog\/#\/schema\/person\/dcab619c614d3038751c63bc2aadc06d","name":"ulqini","sameAs":["http:\/\/www.visit-ulcinj.com"],"url":"https:\/\/www.visit-ulcinj.com\/blog\/author\/admin\/"}]}},"jetpack_featured_media_url":"","jetpack_sharing_enabled":true,"jetpack_shortlink":"https:\/\/wp.me\/pe6lTn-q8S","_links":{"self":[{"href":"https:\/\/www.visit-ulcinj.com\/blog\/wp-json\/wp\/v2\/posts\/100494"}],"collection":[{"href":"https:\/\/www.visit-ulcinj.com\/blog\/wp-json\/wp\/v2\/posts"}],"about":[{"href":"https:\/\/www.visit-ulcinj.com\/blog\/wp-json\/wp\/v2\/types\/post"}],"author":[{"embeddable":true,"href":"https:\/\/www.visit-ulcinj.com\/blog\/wp-json\/wp\/v2\/users\/1"}],"replies":[{"embeddable":true,"href":"https:\/\/www.visit-ulcinj.com\/blog\/wp-json\/wp\/v2\/comments?post=100494"}],"version-history":[{"count":1,"href":"https:\/\/www.visit-ulcinj.com\/blog\/wp-json\/wp\/v2\/posts\/100494\/revisions"}],"predecessor-version":[{"id":100496,"href":"https:\/\/www.visit-ulcinj.com\/blog\/wp-json\/wp\/v2\/posts\/100494\/revisions\/100496"}],"wp:attachment":[{"href":"https:\/\/www.visit-ulcinj.com\/blog\/wp-json\/wp\/v2\/media?parent=100494"}],"wp:term":[{"taxonomy":"category","embeddable":true,"href":"https:\/\/www.visit-ulcinj.com\/blog\/wp-json\/wp\/v2\/categories?post=100494"},{"taxonomy":"post_tag","embeddable":true,"href":"https:\/\/www.visit-ulcinj.com\/blog\/wp-json\/wp\/v2\/tags?post=100494"}],"curies":[{"name":"wp","href":"https:\/\/api.w.org\/{rel}","templated":true}]}}