{"id":100497,"date":"2016-10-23T14:35:24","date_gmt":"2016-10-23T13:35:24","guid":{"rendered":"http:\/\/www.visit-ulcinj.com\/blog\/?p=100497"},"modified":"2016-10-23T22:35:08","modified_gmt":"2016-10-23T21:35:08","slug":"nika-ja-perse-nuk-u-perseriten-zgjedhjet-2016","status":"publish","type":"post","link":"https:\/\/www.visit-ulcinj.com\/blog\/2016\/10\/23\/nika-ja-perse-nuk-u-perseriten-zgjedhjet-2016\/","title":{"rendered":"Nika: Ja p\u00ebrse nuk u p\u00ebrs\u00ebriten zgjedhjet &#8211; 2016&#8230;?!!"},"content":{"rendered":"<p><strong><em>Shkruan Muhamet Nika <\/em><\/strong><\/p>\n<p><strong><em>\u00a0( nj\u00eb analiz\u00eb nga\u00a0 k\u00ebndi im)<\/em><\/strong><\/p>\n<p>Sipas\u00a0 kodeve t\u00eb\u00a0 matematik\u00ebs\u00a0 s\u00eb\u00a0\u00a0 politik\u00ebs ekstreme\u00a0 t\u00eb zgjedhjeve 2016 , sikur\u00a0\u00a0\u00a0 DPS t\u00eb kishte , aq sa tha deri mbr\u00ebm\u00eb-\u00a0 vet\u00ebm\u00a0 35 deputet\u00eb e jo 36 &#8211;\u00a0 sa\u00a0 pranoi sot, DPS \u00a0at\u00ebher\u00eb n\u00eb k\u00ebt\u00eb rast\u00a0 me\u00a0 partner\u00ebt\u00a0\u00a0 e koalicionit\u00a0 do kish\u00a0 41 deputet\u00eb . Ky num\u00ebr\u00a0 do t\u00eb ishte i mjaftuesh\u00ebm p\u00ebr t\u00eb formuar qeverin\u00eb\u00a0 e re, por nuk do t\u00eb ishte i p\u00eblqyesh\u00ebm\u00a0 sepse do t\u2019i binte q\u00eb n\u00ebse i pari \u00a0(alfa &#8230;)t\u00eb jet\u00eb Gjukanoviq. At\u00ebher\u00eb i fundit (omega\u00a0 ) do t\u00eb\u00a0 ishte\u00a0\u00a0 nj\u00eb shqiptar&#8230;?! Kjo\u00a0 kuptohet se\u00a0 logjiksh\u00ebm , krijonte frik\u00ebn q\u00eb ai-\u00a0\u00a0 MBASE doemos do, nes\u00ebr do\u00a0 k\u00ebrkonte q\u00eb\u00a0\u00a0 n\u00eb qeverin\u00eb e re t\u00eb ishte\u00a0 nj\u00ebri nga 4 ministrat e r\u00ebnd\u00ebsish\u00ebm shqiptar\u00eb&#8230;.?! Dhe \u00a0k\u00ebshtu kjo nuk do t\u2019i\u00a0 hynte n\u00eb pun\u00eb ase si,\u00a0 partis\u00eb n\u00eb pushtet..?! Aq m\u00eb tep\u00ebr , kur ky mund t\u00eb k\u00ebrkonte z\u00ebvend\u00ebs shefin e\u00a0 policis\u00eb s\u00eb fsheht\u00eb, prokurorit etj.<\/p>\n<p>I frik\u00ebsuar\u00a0 q\u00eb fitorja e k\u00ebtill\u00eb\u00a0 mos\u00a0 t\u00eb\u00a0 ishte\u00a0\u00a0 si fitorja e Pirros.., d\u00ebgjuam e pam\u00eb\u00a0 p\u00ebr t\u00ebr\u00eb koh\u00ebn, se\u00a0\u00a0 q\u00eb n\u00eb lajmet e para preliminare , t\u00eb\u00a0 or\u00ebs 12 t\u00eb mbr\u00ebmjes \u2013 nat\u00ebn e zgjedhjeve, \u00a0\u00a0\u00a0komisioni\u00a0 ( Cemi..),\u00a0 t\u00ebrhiqte v\u00ebrejtjen\u00a0 se \u00a0Gjukanoviq &#8211;\u00a0 vet kish 36 deputet\u00eb , kurse koh\u00eb pas kohe , si koalicion\u00a0 p\u00ebrmendej\u00a0 q\u00eb kish \u00a0fituar 41,\u00a0\u00a0 42 apo\u00a0 edhe\u00a0 43 deputet\u00eb?!<\/p>\n<p>Pra\u00a0 me sa shihet &#8211; zgjedh\u00ebsit dhe populli p\u00ebrgatiteshin p\u00ebr t\u00eb 3 opsionet e mundshme- po t\u2019i binte q\u00eb\u00a0\u00a0 \u00a0\u00a0DPS-i, vet\u00ebm \u00a0t\u00eb\u00a0 kish 35 deputet\u00eb?! Kurse\u00a0 n\u00eb Ulqin si pam\u00eb pat\u00ebm nj\u00eb komision zgjedhor komunal\u00a0 me deklarata e pun\u00eb\u00a0 kaotik, q\u00eb her\u00eb pranonte rregullsin\u00eb e zgjedhjeve e her\u00eb jo (me vendim unanim) -si ta k\u00ebrkonte situata&#8230;?! Flitej edhe p\u00ebr mund\u00ebsin\u00eb e anulimit t\u00eb vot\u00ebs n\u00eb 2 ose m\u00eb shum\u00eb vendvotime , p\u00ebr t\u2019i krijuar\u00a0 favore\u00a0 Hajdinag\u00ebs &#8230;?! Por p\u00ebr k\u00ebt\u00eb vendosej n\u00eb kuorum , e jo n\u00eb fakte\u00a0 reale t\u00eb rezultateve zgjedhore &#8230;?!!<\/p>\n<p>Ky variant- i Hajdinag\u00ebs\u00a0 deputet\u00eb i dyt\u00eb, si let\u00ebr rezerv\u00eb,\u00a0 mbetej\u00a0 sikur DPS t\u00eb mos mund t\u00eb mbronte t\u00eb 36?! Q\u00eb \u00a0n\u00eb k\u00ebt\u00eb situat\u00eb\u00a0 n\u00ebnkuptonte\u00a0 se b\u00ebnte dhe u\u00a0 duhej \u00a0Hajdinaga\u00a0\u00a0 si\u00a0 i 42- ti ?!<\/p>\n<p>N\u00eb k\u00ebt\u00eb realitet\u00a0 qeveria nuk do varej\u00a0 nga B(G)ISHTI i shqiptarit dhe ata do k\u00ebnaqeshin\u00a0 edhe me\u00a0 nj\u00eb ministri t\u00eb pa r\u00ebnd\u00ebsishme&#8230;, si n\u00eb 96 , kur Hajdinaga (Udsh) u b\u00eb minist\u00ebr .<\/p>\n<p>Ngjarja at\u00ebher\u00eb \u00a0ndodhi\u00a0 disi \u2013sikur sot \u00a0edhe pse LD (un\u00eb) dy dit\u00eb festova si deputet\u00eb \u00a0i dyt\u00eb, deri sa mandatin , \u00a0nuk ma mori komisioni shtet\u00ebror i cili anuloi\u00a0 votat\u00a0 n\u00eb nj\u00eb vendvotim\u00a0 ushtarak\u00ebsh n\u00eb\u00a0 Tivat dhe sipas ligjit t\u00eb Mehmet Bardhit \u2013 t\u00eb\u00a0 bartjes s\u00eb votave nga nj\u00ebsia\u00a0 e madhe n\u00eb t\u00eb vogl\u00ebn dhe e kund\u00ebrta \u2013 votat e vendvotimit t\u00eb p\u00ebrs\u00ebritur\u00a0 m\u00eb p\u00ebrmbysen &#8230;, e \u00a0deputetin , n\u00eb ven se un\u00eb , e fitoi nj\u00eb shqiptar\u00a0 i DPS-it. Mekanizmi\u00a0 i at\u00ebhersh\u00ebm i \u201cdredhis\u00eb\u00a0\u00a0 M. Bullatoviq \u2013 Bardhi..\u201d , dha rezultat pozitiv p\u00ebr Dps-n\u00eb , sepse dihej q\u00eb votat nuk mund t\u00eb kalonin nga nj\u00ebsia e dyt\u00eb (vog\u00ebl ) n\u00eb t\u00eb par\u00ebn(madhen),\u00a0 aq sa uji nga gypi i vog\u00ebl\u00a0 n\u00eb gypin e madh..?! Dihej fare mir\u00eb se un\u00eb nuk kisha\u00a0 pse pritsha\u00a0 t\u00eb\u00a0 m\u00eb votonte dikush\u00a0\u00a0 n\u00eb Tivat. \u00a0E aq m\u00eb tep\u00ebr ushtarak\u00ebt e armat\u00ebs jugosllave , t\u00eb cil\u00ebt ishin mobilizuar, me t\u00eb d\u00ebgjuar q\u00eb nj\u00eb shqiptar \u00a0\u00a0mund tu b\u00ebhej minist\u00ebr i mbrojtjes : HAHAHA..?!!<\/p>\n<p>E pastaj , kur mbet\u00ebm me nj\u00eb deputet\u00a0 , ashtu si edhe Udsh &#8211;\u00a0 p\u00ebr\u00a0 disa dhjet\u00ebra\u00a0 vota , shohim\u00a0 q\u00eb edhe postin\u00a0 e \u00a0\u00a0ministrit\u00a0 ma mori\u00a0 Udsh- fillimisht Jun\u00e7aj\u00a0 e m\u00eb pas vet\u00eb \u00a0Hajdinaga \u00a0, kurse \u00a0mua \u00a0<strong><u>nuk m\u00eb pyeti kush&#8230;?!!<\/u><\/strong><\/p>\n<p>Nuk \u00a0e thon\u00eb kot: Zoti, mbase\u00a0 vonon, por nuk harron&#8230;?!<\/p>\n<p>Kjo \u00a0kuptohet se ngjau , kur Bardhi , refuzoi funksionin e ministrit\u00a0 t\u00eb ofruar \u00a0nga kryeministri dhe \u00a0pastaj radhazi t\u00eb \u00a0z\u00ebvend\u00ebs ministrit , k\u00ebshilltarit t\u00eb ministrit e n\u00eb fund edhe un\u00eb e\u00a0 refuzova\u00a0 \u00a0Bardhin dhe rrug\u00ebt \u00a0k\u00ebshtu na u ndan\u00eb&#8230;?!!<\/p>\n<p><a href=\"http:\/\/www.visit-ulcinj.com\/blog\/wp-content\/uploads\/2016\/10\/Muhamet-Nika-Mehmet-Bardhi.jpg\"><img loading=\"lazy\" class=\"alignleft wp-image-100498 size-full\" src=\"http:\/\/www.visit-ulcinj.com\/blog\/wp-content\/uploads\/2016\/10\/Muhamet-Nika-Mehmet-Bardhi.jpg\" alt=\"Muhamet-Nika-Mehmet-Bardhi\" width=\"508\" height=\"506\" srcset=\"https:\/\/www.visit-ulcinj.com\/blog\/wp-content\/uploads\/2016\/10\/Muhamet-Nika-Mehmet-Bardhi.jpg 508w, https:\/\/www.visit-ulcinj.com\/blog\/wp-content\/uploads\/2016\/10\/Muhamet-Nika-Mehmet-Bardhi-150x150.jpg 150w, https:\/\/www.visit-ulcinj.com\/blog\/wp-content\/uploads\/2016\/10\/Muhamet-Nika-Mehmet-Bardhi-300x300.jpg 300w\" sizes=\"(max-width: 508px) 100vw, 508px\" \/><\/a><\/p>\n<p><strong><em>Foto : Nika \u2013 Bardhi\u00a0 ..?!<\/em><\/strong><\/p>\n<p><strong><em>Vazhdon :<\/em><\/strong><\/p>\n<p><strong><em>HAJDINAGA\u00a0 \u00a0U \u00a0\u201c FLIJUA \u201c\u00a0 SI UN\u00cb N\u00cb \u00a0vitin 1996-\u00a0 SITUATA \u00a0PO THUAJSE\u00a0 P\u00cbRS\u00cbRITET&#8230;?!!<\/em><\/strong><\/p>\n","protected":false},"excerpt":{"rendered":"<p>Shkruan Muhamet Nika \u00a0( nj\u00eb analiz\u00eb nga\u00a0 k\u00ebndi im) Sipas\u00a0 kodeve t\u00eb\u00a0 matematik\u00ebs\u00a0 s\u00eb\u00a0\u00a0 politik\u00ebs ekstreme\u00a0 t\u00eb zgjedhjeve 2016 , sikur\u00a0\u00a0\u00a0 DPS t\u00eb kishte , aq sa tha deri mbr\u00ebm\u00eb-\u00a0 vet\u00ebm\u00a0 35 deputet\u00eb e jo 36 &#8211;\u00a0 sa\u00a0 pranoi sot, DPS \u00a0at\u00ebher\u00eb n\u00eb k\u00ebt\u00eb rast\u00a0 me\u00a0 partner\u00ebt\u00a0\u00a0 e koalicionit\u00a0 do kish\u00a0 41 deputet\u00eb . Ky [&hellip;]<\/p>\n","protected":false},"author":1,"featured_media":0,"comment_status":"closed","ping_status":"closed","sticky":false,"template":"","format":"standard","meta":{"spay_email":"","jetpack_publicize_message":"","jetpack_is_tweetstorm":false,"jetpack_publicize_feature_enabled":true},"categories":[1,14249],"tags":[],"jetpack_publicize_connections":[],"yoast_head":"<!-- This site is optimized with the Yoast SEO plugin v19.1 - https:\/\/yoast.com\/wordpress\/plugins\/seo\/ -->\n<title>Nika: Ja p\u00ebrse nuk u p\u00ebrs\u00ebriten zgjedhjet - 2016...?!! - Lajme nga Ulqini<\/title>\n<meta name=\"description\" content=\"Shkruan Muhamet Nika \u00a0( nj\u00eb analiz\u00eb nga\u00a0 k\u00ebndi im) Sipas\u00a0 kodeve t\u00eb\u00a0 matematik\u00ebs\u00a0 s\u00eb\u00a0\u00a0 politik\u00ebs ekstreme\u00a0 t\u00eb zgjedhjeve 2016 , sikur\u00a0\u00a0\u00a0 DPS t\u00eb kishte ,\" \/>\n<meta name=\"robots\" content=\"index, follow, max-snippet:-1, max-image-preview:large, max-video-preview:-1\" \/>\n<link rel=\"canonical\" href=\"https:\/\/www.visit-ulcinj.com\/blog\/2016\/10\/23\/nika-ja-perse-nuk-u-perseriten-zgjedhjet-2016\/\" \/>\n<meta property=\"og:locale\" content=\"en_US\" \/>\n<meta property=\"og:type\" content=\"article\" \/>\n<meta property=\"og:title\" content=\"Nika: Ja p\u00ebrse nuk u p\u00ebrs\u00ebriten zgjedhjet - 2016...?!! - Lajme nga Ulqini\" \/>\n<meta property=\"og:description\" content=\"Shkruan Muhamet Nika \u00a0( nj\u00eb analiz\u00eb nga\u00a0 k\u00ebndi im) Sipas\u00a0 kodeve t\u00eb\u00a0 matematik\u00ebs\u00a0 s\u00eb\u00a0\u00a0 politik\u00ebs ekstreme\u00a0 t\u00eb zgjedhjeve 2016 , sikur\u00a0\u00a0\u00a0 DPS t\u00eb kishte ,\" \/>\n<meta property=\"og:url\" content=\"https:\/\/www.visit-ulcinj.com\/blog\/2016\/10\/23\/nika-ja-perse-nuk-u-perseriten-zgjedhjet-2016\/\" \/>\n<meta property=\"og:site_name\" content=\"Lajme nga Ulqini\" \/>\n<meta property=\"article:published_time\" content=\"2016-10-23T13:35:24+00:00\" \/>\n<meta property=\"article:modified_time\" content=\"2016-10-23T21:35:08+00:00\" \/>\n<meta property=\"og:image\" content=\"http:\/\/www.visit-ulcinj.com\/blog\/wp-content\/uploads\/2016\/10\/Muhamet-Nika-Mehmet-Bardhi.jpg\" \/>\n<meta name=\"twitter:label1\" content=\"Written by\" \/>\n\t<meta name=\"twitter:data1\" content=\"ulqini\" \/>\n\t<meta name=\"twitter:label2\" content=\"Est. reading time\" \/>\n\t<meta name=\"twitter:data2\" content=\"4 minutes\" \/>\n<script type=\"application\/ld+json\" class=\"yoast-schema-graph\">{\"@context\":\"https:\/\/schema.org\",\"@graph\":[{\"@type\":\"WebSite\",\"@id\":\"https:\/\/www.visit-ulcinj.com\/blog\/#website\",\"url\":\"https:\/\/www.visit-ulcinj.com\/blog\/\",\"name\":\"Lajme nga Ulqini\",\"description\":\"Lajme,Vijesti,Ulqini,Ulqin,Crna Gora,Mali i Zi\",\"potentialAction\":[{\"@type\":\"SearchAction\",\"target\":{\"@type\":\"EntryPoint\",\"urlTemplate\":\"https:\/\/www.visit-ulcinj.com\/blog\/?s={search_term_string}\"},\"query-input\":\"required name=search_term_string\"}],\"inLanguage\":\"en-US\"},{\"@type\":\"ImageObject\",\"inLanguage\":\"en-US\",\"@id\":\"https:\/\/www.visit-ulcinj.com\/blog\/2016\/10\/23\/nika-ja-perse-nuk-u-perseriten-zgjedhjet-2016\/#primaryimage\",\"url\":\"https:\/\/www.visit-ulcinj.com\/blog\/wp-content\/uploads\/2016\/10\/Muhamet-Nika-Mehmet-Bardhi.jpg\",\"contentUrl\":\"https:\/\/www.visit-ulcinj.com\/blog\/wp-content\/uploads\/2016\/10\/Muhamet-Nika-Mehmet-Bardhi.jpg\",\"width\":508,\"height\":506},{\"@type\":\"WebPage\",\"@id\":\"https:\/\/www.visit-ulcinj.com\/blog\/2016\/10\/23\/nika-ja-perse-nuk-u-perseriten-zgjedhjet-2016\/#webpage\",\"url\":\"https:\/\/www.visit-ulcinj.com\/blog\/2016\/10\/23\/nika-ja-perse-nuk-u-perseriten-zgjedhjet-2016\/\",\"name\":\"Nika: Ja p\u00ebrse nuk u p\u00ebrs\u00ebriten zgjedhjet - 2016...?!! - Lajme nga Ulqini\",\"isPartOf\":{\"@id\":\"https:\/\/www.visit-ulcinj.com\/blog\/#website\"},\"primaryImageOfPage\":{\"@id\":\"https:\/\/www.visit-ulcinj.com\/blog\/2016\/10\/23\/nika-ja-perse-nuk-u-perseriten-zgjedhjet-2016\/#primaryimage\"},\"datePublished\":\"2016-10-23T13:35:24+00:00\",\"dateModified\":\"2016-10-23T21:35:08+00:00\",\"author\":{\"@id\":\"https:\/\/www.visit-ulcinj.com\/blog\/#\/schema\/person\/dcab619c614d3038751c63bc2aadc06d\"},\"description\":\"Shkruan Muhamet Nika \u00a0( nj\u00eb analiz\u00eb nga\u00a0 k\u00ebndi im) Sipas\u00a0 kodeve t\u00eb\u00a0 matematik\u00ebs\u00a0 s\u00eb\u00a0\u00a0 politik\u00ebs ekstreme\u00a0 t\u00eb zgjedhjeve 2016 , sikur\u00a0\u00a0\u00a0 DPS t\u00eb kishte ,\",\"breadcrumb\":{\"@id\":\"https:\/\/www.visit-ulcinj.com\/blog\/2016\/10\/23\/nika-ja-perse-nuk-u-perseriten-zgjedhjet-2016\/#breadcrumb\"},\"inLanguage\":\"en-US\",\"potentialAction\":[{\"@type\":\"ReadAction\",\"target\":[\"https:\/\/www.visit-ulcinj.com\/blog\/2016\/10\/23\/nika-ja-perse-nuk-u-perseriten-zgjedhjet-2016\/\"]}]},{\"@type\":\"BreadcrumbList\",\"@id\":\"https:\/\/www.visit-ulcinj.com\/blog\/2016\/10\/23\/nika-ja-perse-nuk-u-perseriten-zgjedhjet-2016\/#breadcrumb\",\"itemListElement\":[{\"@type\":\"ListItem\",\"position\":1,\"name\":\"Nika: Ja p\u00ebrse nuk u p\u00ebrs\u00ebriten zgjedhjet &#8211; 2016&#8230;?!!\"}]},{\"@type\":\"Person\",\"@id\":\"https:\/\/www.visit-ulcinj.com\/blog\/#\/schema\/person\/dcab619c614d3038751c63bc2aadc06d\",\"name\":\"ulqini\",\"sameAs\":[\"http:\/\/www.visit-ulcinj.com\"],\"url\":\"https:\/\/www.visit-ulcinj.com\/blog\/author\/admin\/\"}]}<\/script>\n<!-- \/ Yoast SEO plugin. -->","yoast_head_json":{"title":"Nika: Ja p\u00ebrse nuk u p\u00ebrs\u00ebriten zgjedhjet - 2016...?!! - Lajme nga Ulqini","description":"Shkruan Muhamet Nika \u00a0( nj\u00eb analiz\u00eb nga\u00a0 k\u00ebndi im) Sipas\u00a0 kodeve t\u00eb\u00a0 matematik\u00ebs\u00a0 s\u00eb\u00a0\u00a0 politik\u00ebs ekstreme\u00a0 t\u00eb zgjedhjeve 2016 , sikur\u00a0\u00a0\u00a0 DPS t\u00eb kishte ,","robots":{"index":"index","follow":"follow","max-snippet":"max-snippet:-1","max-image-preview":"max-image-preview:large","max-video-preview":"max-video-preview:-1"},"canonical":"https:\/\/www.visit-ulcinj.com\/blog\/2016\/10\/23\/nika-ja-perse-nuk-u-perseriten-zgjedhjet-2016\/","og_locale":"en_US","og_type":"article","og_title":"Nika: Ja p\u00ebrse nuk u p\u00ebrs\u00ebriten zgjedhjet - 2016...?!! - Lajme nga Ulqini","og_description":"Shkruan Muhamet Nika \u00a0( nj\u00eb analiz\u00eb nga\u00a0 k\u00ebndi im) Sipas\u00a0 kodeve t\u00eb\u00a0 matematik\u00ebs\u00a0 s\u00eb\u00a0\u00a0 politik\u00ebs ekstreme\u00a0 t\u00eb zgjedhjeve 2016 , sikur\u00a0\u00a0\u00a0 DPS t\u00eb kishte ,","og_url":"https:\/\/www.visit-ulcinj.com\/blog\/2016\/10\/23\/nika-ja-perse-nuk-u-perseriten-zgjedhjet-2016\/","og_site_name":"Lajme nga Ulqini","article_published_time":"2016-10-23T13:35:24+00:00","article_modified_time":"2016-10-23T21:35:08+00:00","og_image":[{"url":"http:\/\/www.visit-ulcinj.com\/blog\/wp-content\/uploads\/2016\/10\/Muhamet-Nika-Mehmet-Bardhi.jpg"}],"twitter_misc":{"Written by":"ulqini","Est. reading time":"4 minutes"},"schema":{"@context":"https:\/\/schema.org","@graph":[{"@type":"WebSite","@id":"https:\/\/www.visit-ulcinj.com\/blog\/#website","url":"https:\/\/www.visit-ulcinj.com\/blog\/","name":"Lajme nga Ulqini","description":"Lajme,Vijesti,Ulqini,Ulqin,Crna Gora,Mali i Zi","potentialAction":[{"@type":"SearchAction","target":{"@type":"EntryPoint","urlTemplate":"https:\/\/www.visit-ulcinj.com\/blog\/?s={search_term_string}"},"query-input":"required name=search_term_string"}],"inLanguage":"en-US"},{"@type":"ImageObject","inLanguage":"en-US","@id":"https:\/\/www.visit-ulcinj.com\/blog\/2016\/10\/23\/nika-ja-perse-nuk-u-perseriten-zgjedhjet-2016\/#primaryimage","url":"https:\/\/www.visit-ulcinj.com\/blog\/wp-content\/uploads\/2016\/10\/Muhamet-Nika-Mehmet-Bardhi.jpg","contentUrl":"https:\/\/www.visit-ulcinj.com\/blog\/wp-content\/uploads\/2016\/10\/Muhamet-Nika-Mehmet-Bardhi.jpg","width":508,"height":506},{"@type":"WebPage","@id":"https:\/\/www.visit-ulcinj.com\/blog\/2016\/10\/23\/nika-ja-perse-nuk-u-perseriten-zgjedhjet-2016\/#webpage","url":"https:\/\/www.visit-ulcinj.com\/blog\/2016\/10\/23\/nika-ja-perse-nuk-u-perseriten-zgjedhjet-2016\/","name":"Nika: Ja p\u00ebrse nuk u p\u00ebrs\u00ebriten zgjedhjet - 2016...?!! - Lajme nga Ulqini","isPartOf":{"@id":"https:\/\/www.visit-ulcinj.com\/blog\/#website"},"primaryImageOfPage":{"@id":"https:\/\/www.visit-ulcinj.com\/blog\/2016\/10\/23\/nika-ja-perse-nuk-u-perseriten-zgjedhjet-2016\/#primaryimage"},"datePublished":"2016-10-23T13:35:24+00:00","dateModified":"2016-10-23T21:35:08+00:00","author":{"@id":"https:\/\/www.visit-ulcinj.com\/blog\/#\/schema\/person\/dcab619c614d3038751c63bc2aadc06d"},"description":"Shkruan Muhamet Nika \u00a0( nj\u00eb analiz\u00eb nga\u00a0 k\u00ebndi im) Sipas\u00a0 kodeve t\u00eb\u00a0 matematik\u00ebs\u00a0 s\u00eb\u00a0\u00a0 politik\u00ebs ekstreme\u00a0 t\u00eb zgjedhjeve 2016 , sikur\u00a0\u00a0\u00a0 DPS t\u00eb kishte ,","breadcrumb":{"@id":"https:\/\/www.visit-ulcinj.com\/blog\/2016\/10\/23\/nika-ja-perse-nuk-u-perseriten-zgjedhjet-2016\/#breadcrumb"},"inLanguage":"en-US","potentialAction":[{"@type":"ReadAction","target":["https:\/\/www.visit-ulcinj.com\/blog\/2016\/10\/23\/nika-ja-perse-nuk-u-perseriten-zgjedhjet-2016\/"]}]},{"@type":"BreadcrumbList","@id":"https:\/\/www.visit-ulcinj.com\/blog\/2016\/10\/23\/nika-ja-perse-nuk-u-perseriten-zgjedhjet-2016\/#breadcrumb","itemListElement":[{"@type":"ListItem","position":1,"name":"Nika: Ja p\u00ebrse nuk u p\u00ebrs\u00ebriten zgjedhjet &#8211; 2016&#8230;?!!"}]},{"@type":"Person","@id":"https:\/\/www.visit-ulcinj.com\/blog\/#\/schema\/person\/dcab619c614d3038751c63bc2aadc06d","name":"ulqini","sameAs":["http:\/\/www.visit-ulcinj.com"],"url":"https:\/\/www.visit-ulcinj.com\/blog\/author\/admin\/"}]}},"jetpack_featured_media_url":"","jetpack_sharing_enabled":true,"jetpack_shortlink":"https:\/\/wp.me\/pe6lTn-q8V","_links":{"self":[{"href":"https:\/\/www.visit-ulcinj.com\/blog\/wp-json\/wp\/v2\/posts\/100497"}],"collection":[{"href":"https:\/\/www.visit-ulcinj.com\/blog\/wp-json\/wp\/v2\/posts"}],"about":[{"href":"https:\/\/www.visit-ulcinj.com\/blog\/wp-json\/wp\/v2\/types\/post"}],"author":[{"embeddable":true,"href":"https:\/\/www.visit-ulcinj.com\/blog\/wp-json\/wp\/v2\/users\/1"}],"replies":[{"embeddable":true,"href":"https:\/\/www.visit-ulcinj.com\/blog\/wp-json\/wp\/v2\/comments?post=100497"}],"version-history":[{"count":1,"href":"https:\/\/www.visit-ulcinj.com\/blog\/wp-json\/wp\/v2\/posts\/100497\/revisions"}],"predecessor-version":[{"id":100499,"href":"https:\/\/www.visit-ulcinj.com\/blog\/wp-json\/wp\/v2\/posts\/100497\/revisions\/100499"}],"wp:attachment":[{"href":"https:\/\/www.visit-ulcinj.com\/blog\/wp-json\/wp\/v2\/media?parent=100497"}],"wp:term":[{"taxonomy":"category","embeddable":true,"href":"https:\/\/www.visit-ulcinj.com\/blog\/wp-json\/wp\/v2\/categories?post=100497"},{"taxonomy":"post_tag","embeddable":true,"href":"https:\/\/www.visit-ulcinj.com\/blog\/wp-json\/wp\/v2\/tags?post=100497"}],"curies":[{"name":"wp","href":"https:\/\/api.w.org\/{rel}","templated":true}]}}