{"id":100527,"date":"2016-10-24T08:11:22","date_gmt":"2016-10-24T07:11:22","guid":{"rendered":"http:\/\/www.visit-ulcinj.com\/blog\/?p=100527"},"modified":"2016-10-24T08:11:22","modified_gmt":"2016-10-24T07:11:22","slug":"libri-ulqini-ne-vitet-e-lidhjes-shqiptare-te-prizrenit-1878-1881nga-riza-rexha-perkthehet-ne-gjuhen-malazeze","status":"publish","type":"post","link":"https:\/\/www.visit-ulcinj.com\/blog\/2016\/10\/24\/libri-ulqini-ne-vitet-e-lidhjes-shqiptare-te-prizrenit-1878-1881nga-riza-rexha-perkthehet-ne-gjuhen-malazeze\/","title":{"rendered":"Libri \u201dUlqini n\u00eb vitet e Lidhjes Shqiptare t\u00eb Prizrenit 1878-1881\u201dnga Riza Rexha , p\u00ebrkthehet n\u00eb gjuh\u00ebn malazeze"},"content":{"rendered":"<p><strong><span style=\"font-family: arial,helvetica,sans-serif;\">Shoqata e Artist\u00ebve dhe Intelektual\u00ebve \u201cArt Club\u201d ka sjell\u00eb t\u00eb p\u00ebrkthyer n\u00eb gjuh\u00ebn malazeze librin \u201cUlqini n\u00eb vitet e Lidhjes Shqiptare t\u00eb Prizrenit 1878-1881\u201d (Ulcinj za vrijeme Albanske prizrenske Lige 1878-1881) t\u00eb autorit Riza Rexha. \u00a0<\/span><\/strong><\/p>\n<p><strong>\u00a0<a href=\"http:\/\/www.visit-ulcinj.com\/blog\/wp-content\/uploads\/2016\/10\/Ulcinj-za-vrijeme-Albanske-prizrenske-Lige-1878-1881-Riza-Rexha.jpg\"><img loading=\"lazy\" class=\"alignleft wp-image-100528\" src=\"http:\/\/www.visit-ulcinj.com\/blog\/wp-content\/uploads\/2016\/10\/Ulcinj-za-vrijeme-Albanske-prizrenske-Lige-1878-1881-Riza-Rexha.jpg\" alt=\"Ulcinj za vrijeme Albanske prizrenske Lige 1878-1881 - Riza Rexha\" width=\"508\" height=\"344\" srcset=\"https:\/\/www.visit-ulcinj.com\/blog\/wp-content\/uploads\/2016\/10\/Ulcinj-za-vrijeme-Albanske-prizrenske-Lige-1878-1881-Riza-Rexha.jpg 913w, https:\/\/www.visit-ulcinj.com\/blog\/wp-content\/uploads\/2016\/10\/Ulcinj-za-vrijeme-Albanske-prizrenske-Lige-1878-1881-Riza-Rexha-300x203.jpg 300w, https:\/\/www.visit-ulcinj.com\/blog\/wp-content\/uploads\/2016\/10\/Ulcinj-za-vrijeme-Albanske-prizrenske-Lige-1878-1881-Riza-Rexha-768x520.jpg 768w\" sizes=\"(max-width: 508px) 100vw, 508px\" \/><\/a><\/strong><\/p>\n<p><strong>\u201cArt Club\u201d sjell n\u00eb gjuh\u00ebn malazeze librin \u201cUlqini n\u00eb vitet e Lidhjes Shqiptare t\u00eb Prizrenit 1878-1881\u201d t\u00eb autorit Riza Rexha \u00a0<\/strong><\/p>\n<p>&nbsp;<\/p>\n<p>Shoqata e Artist\u00ebve dhe Intelektual\u00ebve \u201cArt Club\u201d ka botuar k\u00ebto dit\u00eb n\u00eb gjuh\u00ebn malazeze librin e mr. Riza Rexha \u201cUlqini n\u00eb vitet e Lidhjes Shqiptare t\u00eb Prizrenit 1878-1881\u201d (Ulcinj za vrijeme Albanske prizrenske Lige 1878-1881).<\/p>\n<p>Libri flet p\u00ebr nj\u00eb nga periudhat m\u00eb t\u00eb r\u00ebnd\u00ebsishme t\u00eb historis\u00eb s\u00eb k\u00ebtij qyteti dhe m\u00eb t\u00eb trazuara t\u00eb historis\u00eb son\u00eb komb\u00ebtare, duke e trajtuar n\u00eb m\u00ebnyr\u00eb t\u00eb detajuar dhe rr\u00ebnj\u00ebsore \u00e7\u00ebshtjen e r\u00ebnies s\u00eb Ulqinit, n\u00eb kontekstin e rrethanave gjeopolitike t\u00eb koh\u00ebs. Ai pasqyron ngjarjet historike duke filluar nga janari i vitit 1878, kur Ulqini bie n\u00ebn sundimin e Malit t\u00eb Zi, q\u00ebndrimin e diplomacis\u00eb s\u00eb Fuqive t\u00eb M\u00ebdha evropiane ndaj \u00e7\u00ebshtjes s\u00eb Ulqinit n\u00eb Paqen e Sh\u00ebn Stefanit, n\u00eb Kongresin e Berlinit, rezistenc\u00ebn e popullit shqiptar ndaj synimeve t\u00eb qeverive ballkanike, vendimeve t\u00eb qeverive evropiane, t\u00eb Port\u00ebs s\u00eb Lart\u00eb dhe vendosm\u00ebrin\u00eb e popullit shqiptar p\u00ebr ruajtjen e identitetit komb\u00ebtar dhe t\u00ebr\u00ebsis\u00eb tok\u00ebsore.<\/p>\n<p>Rexha \u00ebsht\u00eb nj\u00ebri nd\u00ebr historian\u00ebt q\u00eb \u00ebsht\u00eb marr\u00eb m\u00eb tep\u00ebr me \u00e7\u00ebshtjen e Ulqinit n\u00eb periudh\u00ebn e Rilindjes Komb\u00ebtare Shqiptare. Ajo \u00e7far\u00eb e shquan at\u00eb \u00ebsht\u00eb objektiviteti shkencor dhe mb\u00ebshtetja n\u00eb burime dokumentare, ve\u00e7ori t\u00eb nj\u00eb studiuesi serioz. Libri \u00ebsht\u00eb nj\u00eb punim i ve\u00e7ant\u00eb dhe deri m\u00eb sot m\u00eb gjith\u00ebp\u00ebrfshir\u00ebs n\u00eb literatur\u00ebn historike mbi k\u00ebt\u00eb tem\u00eb p\u00ebr k\u00ebt\u00eb periudh\u00eb, nga studiues shqiptar\u00eb ose t\u00eb huaj,<\/p>\n<p>Libri \u00ebsht\u00eb p\u00ebrkthyer n\u00eb gjuh\u00ebn malazeze nga Nikoll\u00eb Berishaj, redaktor i librit \u00ebsht\u00eb prof. dr. Kristaq Prifti, recensent Prof. dr. Gazmend Shpuza, redaktor gjuh\u00ebsor akademiku Zuvdija Hoxhiq dhe redaktor teknik Qazim Muja.<\/p>\n<p>P\u00ebrkthimi dhe botimi i librit \u00ebsht\u00eb mb\u00ebshtetur nga Fondi p\u00ebr Mbrojtjen dhe Realizimin e t\u00eb Drejtave t\u00eb Pakicave, nd\u00ebrsa \u00ebsht\u00eb shtypur n\u00eb shtypshkronj\u00ebn \u201cMerkator\u201d &#8211; Bijello Pole.<\/p>\n<p>N\u00eb kuad\u00ebr t\u00eb veprimtaris\u00eb s\u00eb tij botuese \u201cArt Club\u201d, botuesi m\u00eb i madh nd\u00ebr shqiptar\u00ebt n\u00eb Malin e Zi, ka botuar deri tani mbi 110 libra, kryesisht t\u00eb autor\u00ebve shqiptar\u00eb n\u00eb Malin e Zi.<\/p>\n<p>&nbsp;<\/p>\n<p><em>Ulqin, m\u00eb 24. 10. 2016<\/em> \u00a0\u00a0\u00a0\u00a0\u00a0\u00a0\u00a0\u00a0\u00a0\u00a0\u00a0\u00a0\u00a0\u00a0\u00a0\u00a0\u00a0\u00a0\u00a0\u00a0\u00a0\u00a0\u00a0\u00a0\u00a0\u00a0\u00a0\u00a0\u00a0\u00a0\u00a0\u00a0\u00a0\u00a0\u00a0\u00a0\u00a0\u00a0\u00a0\u00a0\u00a0\u00a0\u00a0\u00a0\u00a0\u00a0\u00a0\u00a0\u00a0\u00a0\u00a0\u00a0\u00a0\u00a0\u00a0\u00a0\u00a0\u00a0\u00a0\u00a0\u00a0\u00a0\u00a0\u00a0\u00a0\u00a0\u00a0 \u00a0\u00a0\u00a0\u00a0\u00a0\u00a0<strong>SHAI \u201cArt Club\u201d <\/strong><\/p>\n","protected":false},"excerpt":{"rendered":"<p>Shoqata e Artist\u00ebve dhe Intelektual\u00ebve \u201cArt Club\u201d ka sjell\u00eb t\u00eb p\u00ebrkthyer n\u00eb gjuh\u00ebn malazeze librin \u201cUlqini n\u00eb vitet e Lidhjes Shqiptare t\u00eb Prizrenit 1878-1881\u201d (Ulcinj za vrijeme Albanske prizrenske Lige 1878-1881) t\u00eb autorit Riza Rexha. \u00a0 \u00a0 \u201cArt Club\u201d sjell n\u00eb gjuh\u00ebn malazeze librin \u201cUlqini n\u00eb vitet e Lidhjes Shqiptare t\u00eb Prizrenit 1878-1881\u201d t\u00eb autorit [&hellip;]<\/p>\n","protected":false},"author":1,"featured_media":0,"comment_status":"closed","ping_status":"closed","sticky":false,"template":"","format":"standard","meta":{"spay_email":"","jetpack_publicize_message":"","jetpack_is_tweetstorm":false,"jetpack_publicize_feature_enabled":true},"categories":[4],"tags":[],"jetpack_publicize_connections":[],"yoast_head":"<!-- This site is optimized with the Yoast SEO plugin v19.1 - https:\/\/yoast.com\/wordpress\/plugins\/seo\/ -->\n<title>Libri \u201dUlqini n\u00eb vitet e Lidhjes Shqiptare t\u00eb Prizrenit 1878-1881\u201dnga Riza Rexha , p\u00ebrkthehet n\u00eb gjuh\u00ebn malazeze - Lajme nga Ulqini<\/title>\n<meta name=\"description\" content=\"Shoqata e Artist\u00ebve dhe Intelektual\u00ebve \u201cArt Club\u201d ka sjell\u00eb t\u00eb p\u00ebrkthyer n\u00eb gjuh\u00ebn malazeze librin \u201cUlqini n\u00eb vitet e Lidhjes Shqiptare t\u00eb Prizrenit\" \/>\n<meta name=\"robots\" content=\"index, follow, max-snippet:-1, max-image-preview:large, max-video-preview:-1\" \/>\n<link rel=\"canonical\" href=\"https:\/\/www.visit-ulcinj.com\/blog\/2016\/10\/24\/libri-ulqini-ne-vitet-e-lidhjes-shqiptare-te-prizrenit-1878-1881nga-riza-rexha-perkthehet-ne-gjuhen-malazeze\/\" \/>\n<meta property=\"og:locale\" content=\"en_US\" \/>\n<meta property=\"og:type\" content=\"article\" \/>\n<meta property=\"og:title\" content=\"Libri \u201dUlqini n\u00eb vitet e Lidhjes Shqiptare t\u00eb Prizrenit 1878-1881\u201dnga Riza Rexha , p\u00ebrkthehet n\u00eb gjuh\u00ebn malazeze - Lajme nga Ulqini\" \/>\n<meta property=\"og:description\" content=\"Shoqata e Artist\u00ebve dhe Intelektual\u00ebve \u201cArt Club\u201d ka sjell\u00eb t\u00eb p\u00ebrkthyer n\u00eb gjuh\u00ebn malazeze librin \u201cUlqini n\u00eb vitet e Lidhjes Shqiptare t\u00eb Prizrenit\" \/>\n<meta property=\"og:url\" content=\"https:\/\/www.visit-ulcinj.com\/blog\/2016\/10\/24\/libri-ulqini-ne-vitet-e-lidhjes-shqiptare-te-prizrenit-1878-1881nga-riza-rexha-perkthehet-ne-gjuhen-malazeze\/\" \/>\n<meta property=\"og:site_name\" content=\"Lajme nga Ulqini\" \/>\n<meta property=\"article:published_time\" content=\"2016-10-24T07:11:22+00:00\" \/>\n<meta property=\"og:image\" content=\"http:\/\/www.visit-ulcinj.com\/blog\/wp-content\/uploads\/2016\/10\/Ulcinj-za-vrijeme-Albanske-prizrenske-Lige-1878-1881-Riza-Rexha.jpg\" \/>\n<meta name=\"twitter:label1\" content=\"Written by\" \/>\n\t<meta name=\"twitter:data1\" content=\"ulqini\" \/>\n\t<meta name=\"twitter:label2\" content=\"Est. reading time\" \/>\n\t<meta name=\"twitter:data2\" content=\"2 minutes\" \/>\n<script type=\"application\/ld+json\" class=\"yoast-schema-graph\">{\"@context\":\"https:\/\/schema.org\",\"@graph\":[{\"@type\":\"WebSite\",\"@id\":\"https:\/\/www.visit-ulcinj.com\/blog\/#website\",\"url\":\"https:\/\/www.visit-ulcinj.com\/blog\/\",\"name\":\"Lajme nga Ulqini\",\"description\":\"Lajme,Vijesti,Ulqini,Ulqin,Crna Gora,Mali i Zi\",\"potentialAction\":[{\"@type\":\"SearchAction\",\"target\":{\"@type\":\"EntryPoint\",\"urlTemplate\":\"https:\/\/www.visit-ulcinj.com\/blog\/?s={search_term_string}\"},\"query-input\":\"required name=search_term_string\"}],\"inLanguage\":\"en-US\"},{\"@type\":\"ImageObject\",\"inLanguage\":\"en-US\",\"@id\":\"https:\/\/www.visit-ulcinj.com\/blog\/2016\/10\/24\/libri-ulqini-ne-vitet-e-lidhjes-shqiptare-te-prizrenit-1878-1881nga-riza-rexha-perkthehet-ne-gjuhen-malazeze\/#primaryimage\",\"url\":\"https:\/\/www.visit-ulcinj.com\/blog\/wp-content\/uploads\/2016\/10\/Ulcinj-za-vrijeme-Albanske-prizrenske-Lige-1878-1881-Riza-Rexha.jpg\",\"contentUrl\":\"https:\/\/www.visit-ulcinj.com\/blog\/wp-content\/uploads\/2016\/10\/Ulcinj-za-vrijeme-Albanske-prizrenske-Lige-1878-1881-Riza-Rexha.jpg\",\"width\":913,\"height\":618},{\"@type\":\"WebPage\",\"@id\":\"https:\/\/www.visit-ulcinj.com\/blog\/2016\/10\/24\/libri-ulqini-ne-vitet-e-lidhjes-shqiptare-te-prizrenit-1878-1881nga-riza-rexha-perkthehet-ne-gjuhen-malazeze\/#webpage\",\"url\":\"https:\/\/www.visit-ulcinj.com\/blog\/2016\/10\/24\/libri-ulqini-ne-vitet-e-lidhjes-shqiptare-te-prizrenit-1878-1881nga-riza-rexha-perkthehet-ne-gjuhen-malazeze\/\",\"name\":\"Libri \u201dUlqini n\u00eb vitet e Lidhjes Shqiptare t\u00eb Prizrenit 1878-1881\u201dnga Riza Rexha , p\u00ebrkthehet n\u00eb gjuh\u00ebn malazeze - Lajme nga Ulqini\",\"isPartOf\":{\"@id\":\"https:\/\/www.visit-ulcinj.com\/blog\/#website\"},\"primaryImageOfPage\":{\"@id\":\"https:\/\/www.visit-ulcinj.com\/blog\/2016\/10\/24\/libri-ulqini-ne-vitet-e-lidhjes-shqiptare-te-prizrenit-1878-1881nga-riza-rexha-perkthehet-ne-gjuhen-malazeze\/#primaryimage\"},\"datePublished\":\"2016-10-24T07:11:22+00:00\",\"dateModified\":\"2016-10-24T07:11:22+00:00\",\"author\":{\"@id\":\"https:\/\/www.visit-ulcinj.com\/blog\/#\/schema\/person\/dcab619c614d3038751c63bc2aadc06d\"},\"description\":\"Shoqata e Artist\u00ebve dhe Intelektual\u00ebve \u201cArt Club\u201d ka sjell\u00eb t\u00eb p\u00ebrkthyer n\u00eb gjuh\u00ebn malazeze librin \u201cUlqini n\u00eb vitet e Lidhjes Shqiptare t\u00eb Prizrenit\",\"breadcrumb\":{\"@id\":\"https:\/\/www.visit-ulcinj.com\/blog\/2016\/10\/24\/libri-ulqini-ne-vitet-e-lidhjes-shqiptare-te-prizrenit-1878-1881nga-riza-rexha-perkthehet-ne-gjuhen-malazeze\/#breadcrumb\"},\"inLanguage\":\"en-US\",\"potentialAction\":[{\"@type\":\"ReadAction\",\"target\":[\"https:\/\/www.visit-ulcinj.com\/blog\/2016\/10\/24\/libri-ulqini-ne-vitet-e-lidhjes-shqiptare-te-prizrenit-1878-1881nga-riza-rexha-perkthehet-ne-gjuhen-malazeze\/\"]}]},{\"@type\":\"BreadcrumbList\",\"@id\":\"https:\/\/www.visit-ulcinj.com\/blog\/2016\/10\/24\/libri-ulqini-ne-vitet-e-lidhjes-shqiptare-te-prizrenit-1878-1881nga-riza-rexha-perkthehet-ne-gjuhen-malazeze\/#breadcrumb\",\"itemListElement\":[{\"@type\":\"ListItem\",\"position\":1,\"name\":\"Libri \u201dUlqini n\u00eb vitet e Lidhjes Shqiptare t\u00eb Prizrenit 1878-1881\u201dnga Riza Rexha , p\u00ebrkthehet n\u00eb gjuh\u00ebn malazeze\"}]},{\"@type\":\"Person\",\"@id\":\"https:\/\/www.visit-ulcinj.com\/blog\/#\/schema\/person\/dcab619c614d3038751c63bc2aadc06d\",\"name\":\"ulqini\",\"sameAs\":[\"http:\/\/www.visit-ulcinj.com\"],\"url\":\"https:\/\/www.visit-ulcinj.com\/blog\/author\/admin\/\"}]}<\/script>\n<!-- \/ Yoast SEO plugin. -->","yoast_head_json":{"title":"Libri \u201dUlqini n\u00eb vitet e Lidhjes Shqiptare t\u00eb Prizrenit 1878-1881\u201dnga Riza Rexha , p\u00ebrkthehet n\u00eb gjuh\u00ebn malazeze - Lajme nga Ulqini","description":"Shoqata e Artist\u00ebve dhe Intelektual\u00ebve \u201cArt Club\u201d ka sjell\u00eb t\u00eb p\u00ebrkthyer n\u00eb gjuh\u00ebn malazeze librin \u201cUlqini n\u00eb vitet e Lidhjes Shqiptare t\u00eb Prizrenit","robots":{"index":"index","follow":"follow","max-snippet":"max-snippet:-1","max-image-preview":"max-image-preview:large","max-video-preview":"max-video-preview:-1"},"canonical":"https:\/\/www.visit-ulcinj.com\/blog\/2016\/10\/24\/libri-ulqini-ne-vitet-e-lidhjes-shqiptare-te-prizrenit-1878-1881nga-riza-rexha-perkthehet-ne-gjuhen-malazeze\/","og_locale":"en_US","og_type":"article","og_title":"Libri \u201dUlqini n\u00eb vitet e Lidhjes Shqiptare t\u00eb Prizrenit 1878-1881\u201dnga Riza Rexha , p\u00ebrkthehet n\u00eb gjuh\u00ebn malazeze - Lajme nga Ulqini","og_description":"Shoqata e Artist\u00ebve dhe Intelektual\u00ebve \u201cArt Club\u201d ka sjell\u00eb t\u00eb p\u00ebrkthyer n\u00eb gjuh\u00ebn malazeze librin \u201cUlqini n\u00eb vitet e Lidhjes Shqiptare t\u00eb Prizrenit","og_url":"https:\/\/www.visit-ulcinj.com\/blog\/2016\/10\/24\/libri-ulqini-ne-vitet-e-lidhjes-shqiptare-te-prizrenit-1878-1881nga-riza-rexha-perkthehet-ne-gjuhen-malazeze\/","og_site_name":"Lajme nga Ulqini","article_published_time":"2016-10-24T07:11:22+00:00","og_image":[{"url":"http:\/\/www.visit-ulcinj.com\/blog\/wp-content\/uploads\/2016\/10\/Ulcinj-za-vrijeme-Albanske-prizrenske-Lige-1878-1881-Riza-Rexha.jpg"}],"twitter_misc":{"Written by":"ulqini","Est. reading time":"2 minutes"},"schema":{"@context":"https:\/\/schema.org","@graph":[{"@type":"WebSite","@id":"https:\/\/www.visit-ulcinj.com\/blog\/#website","url":"https:\/\/www.visit-ulcinj.com\/blog\/","name":"Lajme nga Ulqini","description":"Lajme,Vijesti,Ulqini,Ulqin,Crna Gora,Mali i Zi","potentialAction":[{"@type":"SearchAction","target":{"@type":"EntryPoint","urlTemplate":"https:\/\/www.visit-ulcinj.com\/blog\/?s={search_term_string}"},"query-input":"required name=search_term_string"}],"inLanguage":"en-US"},{"@type":"ImageObject","inLanguage":"en-US","@id":"https:\/\/www.visit-ulcinj.com\/blog\/2016\/10\/24\/libri-ulqini-ne-vitet-e-lidhjes-shqiptare-te-prizrenit-1878-1881nga-riza-rexha-perkthehet-ne-gjuhen-malazeze\/#primaryimage","url":"https:\/\/www.visit-ulcinj.com\/blog\/wp-content\/uploads\/2016\/10\/Ulcinj-za-vrijeme-Albanske-prizrenske-Lige-1878-1881-Riza-Rexha.jpg","contentUrl":"https:\/\/www.visit-ulcinj.com\/blog\/wp-content\/uploads\/2016\/10\/Ulcinj-za-vrijeme-Albanske-prizrenske-Lige-1878-1881-Riza-Rexha.jpg","width":913,"height":618},{"@type":"WebPage","@id":"https:\/\/www.visit-ulcinj.com\/blog\/2016\/10\/24\/libri-ulqini-ne-vitet-e-lidhjes-shqiptare-te-prizrenit-1878-1881nga-riza-rexha-perkthehet-ne-gjuhen-malazeze\/#webpage","url":"https:\/\/www.visit-ulcinj.com\/blog\/2016\/10\/24\/libri-ulqini-ne-vitet-e-lidhjes-shqiptare-te-prizrenit-1878-1881nga-riza-rexha-perkthehet-ne-gjuhen-malazeze\/","name":"Libri \u201dUlqini n\u00eb vitet e Lidhjes Shqiptare t\u00eb Prizrenit 1878-1881\u201dnga Riza Rexha , p\u00ebrkthehet n\u00eb gjuh\u00ebn malazeze - Lajme nga Ulqini","isPartOf":{"@id":"https:\/\/www.visit-ulcinj.com\/blog\/#website"},"primaryImageOfPage":{"@id":"https:\/\/www.visit-ulcinj.com\/blog\/2016\/10\/24\/libri-ulqini-ne-vitet-e-lidhjes-shqiptare-te-prizrenit-1878-1881nga-riza-rexha-perkthehet-ne-gjuhen-malazeze\/#primaryimage"},"datePublished":"2016-10-24T07:11:22+00:00","dateModified":"2016-10-24T07:11:22+00:00","author":{"@id":"https:\/\/www.visit-ulcinj.com\/blog\/#\/schema\/person\/dcab619c614d3038751c63bc2aadc06d"},"description":"Shoqata e Artist\u00ebve dhe Intelektual\u00ebve \u201cArt Club\u201d ka sjell\u00eb t\u00eb p\u00ebrkthyer n\u00eb gjuh\u00ebn malazeze librin \u201cUlqini n\u00eb vitet e Lidhjes Shqiptare t\u00eb Prizrenit","breadcrumb":{"@id":"https:\/\/www.visit-ulcinj.com\/blog\/2016\/10\/24\/libri-ulqini-ne-vitet-e-lidhjes-shqiptare-te-prizrenit-1878-1881nga-riza-rexha-perkthehet-ne-gjuhen-malazeze\/#breadcrumb"},"inLanguage":"en-US","potentialAction":[{"@type":"ReadAction","target":["https:\/\/www.visit-ulcinj.com\/blog\/2016\/10\/24\/libri-ulqini-ne-vitet-e-lidhjes-shqiptare-te-prizrenit-1878-1881nga-riza-rexha-perkthehet-ne-gjuhen-malazeze\/"]}]},{"@type":"BreadcrumbList","@id":"https:\/\/www.visit-ulcinj.com\/blog\/2016\/10\/24\/libri-ulqini-ne-vitet-e-lidhjes-shqiptare-te-prizrenit-1878-1881nga-riza-rexha-perkthehet-ne-gjuhen-malazeze\/#breadcrumb","itemListElement":[{"@type":"ListItem","position":1,"name":"Libri \u201dUlqini n\u00eb vitet e Lidhjes Shqiptare t\u00eb Prizrenit 1878-1881\u201dnga Riza Rexha , p\u00ebrkthehet n\u00eb gjuh\u00ebn malazeze"}]},{"@type":"Person","@id":"https:\/\/www.visit-ulcinj.com\/blog\/#\/schema\/person\/dcab619c614d3038751c63bc2aadc06d","name":"ulqini","sameAs":["http:\/\/www.visit-ulcinj.com"],"url":"https:\/\/www.visit-ulcinj.com\/blog\/author\/admin\/"}]}},"jetpack_featured_media_url":"","jetpack_sharing_enabled":true,"jetpack_shortlink":"https:\/\/wp.me\/pe6lTn-q9p","_links":{"self":[{"href":"https:\/\/www.visit-ulcinj.com\/blog\/wp-json\/wp\/v2\/posts\/100527"}],"collection":[{"href":"https:\/\/www.visit-ulcinj.com\/blog\/wp-json\/wp\/v2\/posts"}],"about":[{"href":"https:\/\/www.visit-ulcinj.com\/blog\/wp-json\/wp\/v2\/types\/post"}],"author":[{"embeddable":true,"href":"https:\/\/www.visit-ulcinj.com\/blog\/wp-json\/wp\/v2\/users\/1"}],"replies":[{"embeddable":true,"href":"https:\/\/www.visit-ulcinj.com\/blog\/wp-json\/wp\/v2\/comments?post=100527"}],"version-history":[{"count":1,"href":"https:\/\/www.visit-ulcinj.com\/blog\/wp-json\/wp\/v2\/posts\/100527\/revisions"}],"predecessor-version":[{"id":100529,"href":"https:\/\/www.visit-ulcinj.com\/blog\/wp-json\/wp\/v2\/posts\/100527\/revisions\/100529"}],"wp:attachment":[{"href":"https:\/\/www.visit-ulcinj.com\/blog\/wp-json\/wp\/v2\/media?parent=100527"}],"wp:term":[{"taxonomy":"category","embeddable":true,"href":"https:\/\/www.visit-ulcinj.com\/blog\/wp-json\/wp\/v2\/categories?post=100527"},{"taxonomy":"post_tag","embeddable":true,"href":"https:\/\/www.visit-ulcinj.com\/blog\/wp-json\/wp\/v2\/tags?post=100527"}],"curies":[{"name":"wp","href":"https:\/\/api.w.org\/{rel}","templated":true}]}}