{"id":100536,"date":"2016-10-24T13:58:48","date_gmt":"2016-10-24T12:58:48","guid":{"rendered":"http:\/\/www.visit-ulcinj.com\/blog\/?p=100536"},"modified":"2016-10-24T13:58:48","modified_gmt":"2016-10-24T12:58:48","slug":"abazoviqi-u-dergon-shqiptareve-nje-superoferte-nga-opozita-proserbe-ne-mal-te-zi","status":"publish","type":"post","link":"https:\/\/www.visit-ulcinj.com\/blog\/2016\/10\/24\/abazoviqi-u-dergon-shqiptareve-nje-superoferte-nga-opozita-proserbe-ne-mal-te-zi\/","title":{"rendered":"Abazoviqi u d\u00ebrgon shqiptar\u00ebve nj\u00eb superofert\u00eb nga opozita proserbe n\u00eb Mal t\u00eb Zi"},"content":{"rendered":"<p><a href=\"http:\/\/www.visit-ulcinj.com\/blog\/wp-content\/uploads\/2016\/10\/Dritan-Abazoviq-Kluc-Celsi-Mali-i-Zi.jpg\"><img loading=\"lazy\" class=\"alignleft wp-image-100537\" src=\"http:\/\/www.visit-ulcinj.com\/blog\/wp-content\/uploads\/2016\/10\/Dritan-Abazoviq-Kluc-Celsi-Mali-i-Zi.jpg\" alt=\"Dritan-Abazoviq-Kluc-Celsi-Mali- i- Zi\" width=\"508\" height=\"339\" srcset=\"https:\/\/www.visit-ulcinj.com\/blog\/wp-content\/uploads\/2016\/10\/Dritan-Abazoviq-Kluc-Celsi-Mali-i-Zi.jpg 765w, https:\/\/www.visit-ulcinj.com\/blog\/wp-content\/uploads\/2016\/10\/Dritan-Abazoviq-Kluc-Celsi-Mali-i-Zi-300x200.jpg 300w\" sizes=\"(max-width: 508px) 100vw, 508px\" \/><\/a>Opozita malazeze filoserbe i d\u00ebrgon nj\u00eb ofert\u00eb t\u00eb majme shqiptar\u00ebve dhe pakicave t\u00eb tjera, duke p\u00ebrdorur si \u201ckrushk\u201d deputetin Dritan Abazovi\u00e7.<\/p>\n<p>Ulqinaku q\u00eb mban nj\u00eb prapashtes\u00eb sllave n\u00eb mbiemrin e tij ka deklaruar se i \u201ckemi paraqitur nj\u00eb ofert\u00eb voluminoze\u201d partive t\u00eb pakicave, por pa precizuar se \u00e7far\u00eb b\u00ebhet fjal\u00eb.<\/p>\n<p>E si\u00e7 m\u00ebsohet nga burime pran\u00eb deputetit shqiptar, b\u00ebhet fjal\u00eb q\u00eb Nimanbegut i \u00ebsht\u00eb ofruar posti i ministrit t\u00eb Transporteve ose t\u00eb Ekonomis\u00eb, si dhe nj\u00eb num\u00ebr shum\u00eb i madh pun\u00ebsimesh.<\/p>\n<p>Opozita malazeze ka shpallur vendimin e saj se nuk e njeh fitoren e Gjykanovi\u00e7it dhe ka k\u00ebrkuar nj\u00eb qeveri ekspert\u00ebsh q\u00eb do t\u00eb p\u00ebrkrahej nga t\u00eb gjitha pal\u00ebt, e q\u00eb t\u00eb organizoj\u00eb zgjedhje t\u00eb lira e t\u00eb ndershme.<\/p>\n<p>Abazovi\u00e7 ka takuar deputetin shqiptar i cili \u00ebsht\u00eb irrituar nga vendimi i qeveris\u00eb malazeze p\u00ebr mbylljen e maternitetit t\u00eb Ulqinit.<\/p>\n<p>Si\u00e7 thuhet n\u00eb nj\u00eb njoftim p\u00ebr shtyp t\u00eb deputetit shqiptar, vendimi i qeveris\u00eb \u00ebsht\u00eb diskriminues.<\/p>\n<p><strong>\u00a0<\/strong><\/p>\n<p><strong>Deklarata e deputetit Genci Nimanbegu:<\/strong><\/p>\n<p><em>\u201cTani kur duhej te vinte lajmi se Materniteti i Ulqinit do te festoje\u00a0 12 vjetorin me salle te operacionit, ne fitojme Vendimin se Ministria e Shendetesise do te nderpreje funksionimin e Maternitetit te Ulqinit i cili eshte duke bere nje pune sa te veshtire aq edhe humane.<\/em><\/p>\n<p><em>Ky eshte nje Vendim i papranueshem dhe ne asnje menyre nuk do te kete perkrahjen time si perfaqesues i popullit. E denoj ashper nje tentim te tille dhe nje loje e cila vazhdon te perseritet me institucinet\u00a0 shendetesore ne Ulqin.<\/em><\/p>\n<p><em>Edhe gjate vitit 2014 dhe 2015 eshte propozuar centralizimi i Shtepise se Shendetit, duke dashur te behet rajonalizimin e saj, por kete akt diskriminues ndaj\u00a0 qytetareve fatmiresisht e ndaluam dy here ne parlamentin e Mali te Zi.<\/em><\/p>\n<p><em>Nese Ministria e shendetesise ka mjete te mjaftueshme qe te hap\u00eb institucione te reja shendetesore neper komunat tjera te Malit te Zi, per te cilat e pergezojme, sepse sherbimet shendetesore duhet te jene sa me afer qytetareve, atehere me e vogla qe mund te beje per perkujdesjen e njejte te banoreve te Komunes se Ulqinit, eshte qe te avancoje sistemin shendetesor ne Ulqin dhe te financoje funksionimin normal te maternitetit duke e kompletuar sallen e operimit, dhe venien ne funksion te se njejtes.<\/em><\/p>\n<p><em>Ne kemi mjek cilesore dhe cdo dite e me teper po plotesohemi ne fushen e mjekesise, keshtu qe nuk lejojme qe dikush te na degradoje dhe te beje kete padrejtesi ndaj qytetareve te Komunes se Ulqinit.<\/em><\/p>\n<p><em>\u00a0<\/em><em>Ministria duhet tu jape mundesi te barabarte te rinjeve qe te specializohen ne klinikat me te mira edhe jashte vendit dhe jo te sjelle vendime te tilla te cilat ju humbin te gjitha shpresat mjekeve te rinj dhe ju pavleresohet mundi shumevjecar i shkollimit. Banoret e Komunes se Ulqinit duhet\u00a0 te kene sherbime shendetesore me te rregullta dhe cilesore dhe jo tu nderpriten ingerencat e fituara\u201d<\/em>.\u00a0<strong>\/tesheshi.com\/<\/strong><\/p>\n","protected":false},"excerpt":{"rendered":"<p>Opozita malazeze filoserbe i d\u00ebrgon nj\u00eb ofert\u00eb t\u00eb majme shqiptar\u00ebve dhe pakicave t\u00eb tjera, duke p\u00ebrdorur si \u201ckrushk\u201d deputetin Dritan Abazovi\u00e7. Ulqinaku q\u00eb mban nj\u00eb prapashtes\u00eb sllave n\u00eb mbiemrin e tij ka deklaruar se i \u201ckemi paraqitur nj\u00eb ofert\u00eb voluminoze\u201d partive t\u00eb pakicave, por pa precizuar se \u00e7far\u00eb b\u00ebhet fjal\u00eb. E si\u00e7 m\u00ebsohet nga burime [&hellip;]<\/p>\n","protected":false},"author":1,"featured_media":0,"comment_status":"closed","ping_status":"closed","sticky":false,"template":"","format":"standard","meta":{"spay_email":"","jetpack_publicize_message":"","jetpack_is_tweetstorm":false,"jetpack_publicize_feature_enabled":true},"categories":[6],"tags":[],"jetpack_publicize_connections":[],"yoast_head":"<!-- This site is optimized with the Yoast SEO plugin v19.1 - https:\/\/yoast.com\/wordpress\/plugins\/seo\/ -->\n<title>Abazoviqi u d\u00ebrgon shqiptar\u00ebve nj\u00eb superofert\u00eb nga opozita proserbe n\u00eb Mal t\u00eb Zi - Lajme nga Ulqini<\/title>\n<meta name=\"description\" content=\"Opozita malazeze filoserbe i d\u00ebrgon nj\u00eb ofert\u00eb t\u00eb majme shqiptar\u00ebve dhe pakicave t\u00eb tjera, duke p\u00ebrdorur si \u201ckrushk\u201d deputetin Dritan Abazovi\u00e7. Ulqinaku\" \/>\n<meta name=\"robots\" content=\"index, follow, max-snippet:-1, max-image-preview:large, max-video-preview:-1\" \/>\n<link rel=\"canonical\" href=\"https:\/\/www.visit-ulcinj.com\/blog\/2016\/10\/24\/abazoviqi-u-dergon-shqiptareve-nje-superoferte-nga-opozita-proserbe-ne-mal-te-zi\/\" \/>\n<meta property=\"og:locale\" content=\"en_US\" \/>\n<meta property=\"og:type\" content=\"article\" \/>\n<meta property=\"og:title\" content=\"Abazoviqi u d\u00ebrgon shqiptar\u00ebve nj\u00eb superofert\u00eb nga opozita proserbe n\u00eb Mal t\u00eb Zi - Lajme nga Ulqini\" \/>\n<meta property=\"og:description\" content=\"Opozita malazeze filoserbe i d\u00ebrgon nj\u00eb ofert\u00eb t\u00eb majme shqiptar\u00ebve dhe pakicave t\u00eb tjera, duke p\u00ebrdorur si \u201ckrushk\u201d deputetin Dritan Abazovi\u00e7. Ulqinaku\" \/>\n<meta property=\"og:url\" content=\"https:\/\/www.visit-ulcinj.com\/blog\/2016\/10\/24\/abazoviqi-u-dergon-shqiptareve-nje-superoferte-nga-opozita-proserbe-ne-mal-te-zi\/\" \/>\n<meta property=\"og:site_name\" content=\"Lajme nga Ulqini\" \/>\n<meta property=\"article:published_time\" content=\"2016-10-24T12:58:48+00:00\" \/>\n<meta property=\"og:image\" content=\"http:\/\/www.visit-ulcinj.com\/blog\/wp-content\/uploads\/2016\/10\/Dritan-Abazoviq-Kluc-Celsi-Mali-i-Zi.jpg\" \/>\n<meta name=\"twitter:label1\" content=\"Written by\" \/>\n\t<meta name=\"twitter:data1\" content=\"ulqini\" \/>\n\t<meta name=\"twitter:label2\" content=\"Est. reading time\" \/>\n\t<meta name=\"twitter:data2\" content=\"2 minutes\" \/>\n<script type=\"application\/ld+json\" class=\"yoast-schema-graph\">{\"@context\":\"https:\/\/schema.org\",\"@graph\":[{\"@type\":\"WebSite\",\"@id\":\"https:\/\/www.visit-ulcinj.com\/blog\/#website\",\"url\":\"https:\/\/www.visit-ulcinj.com\/blog\/\",\"name\":\"Lajme nga Ulqini\",\"description\":\"Lajme,Vijesti,Ulqini,Ulqin,Crna Gora,Mali i Zi\",\"potentialAction\":[{\"@type\":\"SearchAction\",\"target\":{\"@type\":\"EntryPoint\",\"urlTemplate\":\"https:\/\/www.visit-ulcinj.com\/blog\/?s={search_term_string}\"},\"query-input\":\"required name=search_term_string\"}],\"inLanguage\":\"en-US\"},{\"@type\":\"ImageObject\",\"inLanguage\":\"en-US\",\"@id\":\"https:\/\/www.visit-ulcinj.com\/blog\/2016\/10\/24\/abazoviqi-u-dergon-shqiptareve-nje-superoferte-nga-opozita-proserbe-ne-mal-te-zi\/#primaryimage\",\"url\":\"https:\/\/www.visit-ulcinj.com\/blog\/wp-content\/uploads\/2016\/10\/Dritan-Abazoviq-Kluc-Celsi-Mali-i-Zi.jpg\",\"contentUrl\":\"https:\/\/www.visit-ulcinj.com\/blog\/wp-content\/uploads\/2016\/10\/Dritan-Abazoviq-Kluc-Celsi-Mali-i-Zi.jpg\",\"width\":765,\"height\":510},{\"@type\":\"WebPage\",\"@id\":\"https:\/\/www.visit-ulcinj.com\/blog\/2016\/10\/24\/abazoviqi-u-dergon-shqiptareve-nje-superoferte-nga-opozita-proserbe-ne-mal-te-zi\/#webpage\",\"url\":\"https:\/\/www.visit-ulcinj.com\/blog\/2016\/10\/24\/abazoviqi-u-dergon-shqiptareve-nje-superoferte-nga-opozita-proserbe-ne-mal-te-zi\/\",\"name\":\"Abazoviqi u d\u00ebrgon shqiptar\u00ebve nj\u00eb superofert\u00eb nga opozita proserbe n\u00eb Mal t\u00eb Zi - Lajme nga Ulqini\",\"isPartOf\":{\"@id\":\"https:\/\/www.visit-ulcinj.com\/blog\/#website\"},\"primaryImageOfPage\":{\"@id\":\"https:\/\/www.visit-ulcinj.com\/blog\/2016\/10\/24\/abazoviqi-u-dergon-shqiptareve-nje-superoferte-nga-opozita-proserbe-ne-mal-te-zi\/#primaryimage\"},\"datePublished\":\"2016-10-24T12:58:48+00:00\",\"dateModified\":\"2016-10-24T12:58:48+00:00\",\"author\":{\"@id\":\"https:\/\/www.visit-ulcinj.com\/blog\/#\/schema\/person\/dcab619c614d3038751c63bc2aadc06d\"},\"description\":\"Opozita malazeze filoserbe i d\u00ebrgon nj\u00eb ofert\u00eb t\u00eb majme shqiptar\u00ebve dhe pakicave t\u00eb tjera, duke p\u00ebrdorur si \u201ckrushk\u201d deputetin Dritan Abazovi\u00e7. Ulqinaku\",\"breadcrumb\":{\"@id\":\"https:\/\/www.visit-ulcinj.com\/blog\/2016\/10\/24\/abazoviqi-u-dergon-shqiptareve-nje-superoferte-nga-opozita-proserbe-ne-mal-te-zi\/#breadcrumb\"},\"inLanguage\":\"en-US\",\"potentialAction\":[{\"@type\":\"ReadAction\",\"target\":[\"https:\/\/www.visit-ulcinj.com\/blog\/2016\/10\/24\/abazoviqi-u-dergon-shqiptareve-nje-superoferte-nga-opozita-proserbe-ne-mal-te-zi\/\"]}]},{\"@type\":\"BreadcrumbList\",\"@id\":\"https:\/\/www.visit-ulcinj.com\/blog\/2016\/10\/24\/abazoviqi-u-dergon-shqiptareve-nje-superoferte-nga-opozita-proserbe-ne-mal-te-zi\/#breadcrumb\",\"itemListElement\":[{\"@type\":\"ListItem\",\"position\":1,\"name\":\"Abazoviqi u d\u00ebrgon shqiptar\u00ebve nj\u00eb superofert\u00eb nga opozita proserbe n\u00eb Mal t\u00eb Zi\"}]},{\"@type\":\"Person\",\"@id\":\"https:\/\/www.visit-ulcinj.com\/blog\/#\/schema\/person\/dcab619c614d3038751c63bc2aadc06d\",\"name\":\"ulqini\",\"sameAs\":[\"http:\/\/www.visit-ulcinj.com\"],\"url\":\"https:\/\/www.visit-ulcinj.com\/blog\/author\/admin\/\"}]}<\/script>\n<!-- \/ Yoast SEO plugin. -->","yoast_head_json":{"title":"Abazoviqi u d\u00ebrgon shqiptar\u00ebve nj\u00eb superofert\u00eb nga opozita proserbe n\u00eb Mal t\u00eb Zi - Lajme nga Ulqini","description":"Opozita malazeze filoserbe i d\u00ebrgon nj\u00eb ofert\u00eb t\u00eb majme shqiptar\u00ebve dhe pakicave t\u00eb tjera, duke p\u00ebrdorur si \u201ckrushk\u201d deputetin Dritan Abazovi\u00e7. Ulqinaku","robots":{"index":"index","follow":"follow","max-snippet":"max-snippet:-1","max-image-preview":"max-image-preview:large","max-video-preview":"max-video-preview:-1"},"canonical":"https:\/\/www.visit-ulcinj.com\/blog\/2016\/10\/24\/abazoviqi-u-dergon-shqiptareve-nje-superoferte-nga-opozita-proserbe-ne-mal-te-zi\/","og_locale":"en_US","og_type":"article","og_title":"Abazoviqi u d\u00ebrgon shqiptar\u00ebve nj\u00eb superofert\u00eb nga opozita proserbe n\u00eb Mal t\u00eb Zi - Lajme nga Ulqini","og_description":"Opozita malazeze filoserbe i d\u00ebrgon nj\u00eb ofert\u00eb t\u00eb majme shqiptar\u00ebve dhe pakicave t\u00eb tjera, duke p\u00ebrdorur si \u201ckrushk\u201d deputetin Dritan Abazovi\u00e7. Ulqinaku","og_url":"https:\/\/www.visit-ulcinj.com\/blog\/2016\/10\/24\/abazoviqi-u-dergon-shqiptareve-nje-superoferte-nga-opozita-proserbe-ne-mal-te-zi\/","og_site_name":"Lajme nga Ulqini","article_published_time":"2016-10-24T12:58:48+00:00","og_image":[{"url":"http:\/\/www.visit-ulcinj.com\/blog\/wp-content\/uploads\/2016\/10\/Dritan-Abazoviq-Kluc-Celsi-Mali-i-Zi.jpg"}],"twitter_misc":{"Written by":"ulqini","Est. reading time":"2 minutes"},"schema":{"@context":"https:\/\/schema.org","@graph":[{"@type":"WebSite","@id":"https:\/\/www.visit-ulcinj.com\/blog\/#website","url":"https:\/\/www.visit-ulcinj.com\/blog\/","name":"Lajme nga Ulqini","description":"Lajme,Vijesti,Ulqini,Ulqin,Crna Gora,Mali i Zi","potentialAction":[{"@type":"SearchAction","target":{"@type":"EntryPoint","urlTemplate":"https:\/\/www.visit-ulcinj.com\/blog\/?s={search_term_string}"},"query-input":"required name=search_term_string"}],"inLanguage":"en-US"},{"@type":"ImageObject","inLanguage":"en-US","@id":"https:\/\/www.visit-ulcinj.com\/blog\/2016\/10\/24\/abazoviqi-u-dergon-shqiptareve-nje-superoferte-nga-opozita-proserbe-ne-mal-te-zi\/#primaryimage","url":"https:\/\/www.visit-ulcinj.com\/blog\/wp-content\/uploads\/2016\/10\/Dritan-Abazoviq-Kluc-Celsi-Mali-i-Zi.jpg","contentUrl":"https:\/\/www.visit-ulcinj.com\/blog\/wp-content\/uploads\/2016\/10\/Dritan-Abazoviq-Kluc-Celsi-Mali-i-Zi.jpg","width":765,"height":510},{"@type":"WebPage","@id":"https:\/\/www.visit-ulcinj.com\/blog\/2016\/10\/24\/abazoviqi-u-dergon-shqiptareve-nje-superoferte-nga-opozita-proserbe-ne-mal-te-zi\/#webpage","url":"https:\/\/www.visit-ulcinj.com\/blog\/2016\/10\/24\/abazoviqi-u-dergon-shqiptareve-nje-superoferte-nga-opozita-proserbe-ne-mal-te-zi\/","name":"Abazoviqi u d\u00ebrgon shqiptar\u00ebve nj\u00eb superofert\u00eb nga opozita proserbe n\u00eb Mal t\u00eb Zi - Lajme nga Ulqini","isPartOf":{"@id":"https:\/\/www.visit-ulcinj.com\/blog\/#website"},"primaryImageOfPage":{"@id":"https:\/\/www.visit-ulcinj.com\/blog\/2016\/10\/24\/abazoviqi-u-dergon-shqiptareve-nje-superoferte-nga-opozita-proserbe-ne-mal-te-zi\/#primaryimage"},"datePublished":"2016-10-24T12:58:48+00:00","dateModified":"2016-10-24T12:58:48+00:00","author":{"@id":"https:\/\/www.visit-ulcinj.com\/blog\/#\/schema\/person\/dcab619c614d3038751c63bc2aadc06d"},"description":"Opozita malazeze filoserbe i d\u00ebrgon nj\u00eb ofert\u00eb t\u00eb majme shqiptar\u00ebve dhe pakicave t\u00eb tjera, duke p\u00ebrdorur si \u201ckrushk\u201d deputetin Dritan Abazovi\u00e7. Ulqinaku","breadcrumb":{"@id":"https:\/\/www.visit-ulcinj.com\/blog\/2016\/10\/24\/abazoviqi-u-dergon-shqiptareve-nje-superoferte-nga-opozita-proserbe-ne-mal-te-zi\/#breadcrumb"},"inLanguage":"en-US","potentialAction":[{"@type":"ReadAction","target":["https:\/\/www.visit-ulcinj.com\/blog\/2016\/10\/24\/abazoviqi-u-dergon-shqiptareve-nje-superoferte-nga-opozita-proserbe-ne-mal-te-zi\/"]}]},{"@type":"BreadcrumbList","@id":"https:\/\/www.visit-ulcinj.com\/blog\/2016\/10\/24\/abazoviqi-u-dergon-shqiptareve-nje-superoferte-nga-opozita-proserbe-ne-mal-te-zi\/#breadcrumb","itemListElement":[{"@type":"ListItem","position":1,"name":"Abazoviqi u d\u00ebrgon shqiptar\u00ebve nj\u00eb superofert\u00eb nga opozita proserbe n\u00eb Mal t\u00eb Zi"}]},{"@type":"Person","@id":"https:\/\/www.visit-ulcinj.com\/blog\/#\/schema\/person\/dcab619c614d3038751c63bc2aadc06d","name":"ulqini","sameAs":["http:\/\/www.visit-ulcinj.com"],"url":"https:\/\/www.visit-ulcinj.com\/blog\/author\/admin\/"}]}},"jetpack_featured_media_url":"","jetpack_sharing_enabled":true,"jetpack_shortlink":"https:\/\/wp.me\/pe6lTn-q9y","_links":{"self":[{"href":"https:\/\/www.visit-ulcinj.com\/blog\/wp-json\/wp\/v2\/posts\/100536"}],"collection":[{"href":"https:\/\/www.visit-ulcinj.com\/blog\/wp-json\/wp\/v2\/posts"}],"about":[{"href":"https:\/\/www.visit-ulcinj.com\/blog\/wp-json\/wp\/v2\/types\/post"}],"author":[{"embeddable":true,"href":"https:\/\/www.visit-ulcinj.com\/blog\/wp-json\/wp\/v2\/users\/1"}],"replies":[{"embeddable":true,"href":"https:\/\/www.visit-ulcinj.com\/blog\/wp-json\/wp\/v2\/comments?post=100536"}],"version-history":[{"count":1,"href":"https:\/\/www.visit-ulcinj.com\/blog\/wp-json\/wp\/v2\/posts\/100536\/revisions"}],"predecessor-version":[{"id":100538,"href":"https:\/\/www.visit-ulcinj.com\/blog\/wp-json\/wp\/v2\/posts\/100536\/revisions\/100538"}],"wp:attachment":[{"href":"https:\/\/www.visit-ulcinj.com\/blog\/wp-json\/wp\/v2\/media?parent=100536"}],"wp:term":[{"taxonomy":"category","embeddable":true,"href":"https:\/\/www.visit-ulcinj.com\/blog\/wp-json\/wp\/v2\/categories?post=100536"},{"taxonomy":"post_tag","embeddable":true,"href":"https:\/\/www.visit-ulcinj.com\/blog\/wp-json\/wp\/v2\/tags?post=100536"}],"curies":[{"name":"wp","href":"https:\/\/api.w.org\/{rel}","templated":true}]}}