{"id":100542,"date":"2016-10-24T14:10:04","date_gmt":"2016-10-24T13:10:04","guid":{"rendered":"http:\/\/www.visit-ulcinj.com\/blog\/?p=100542"},"modified":"2016-10-24T14:11:36","modified_gmt":"2016-10-24T13:11:36","slug":"nika-rrogat-ne-komune-si-dikur-te-gjithe-per-nje-nje-per-te-gjithe-apo-dic-tjeter","status":"publish","type":"post","link":"https:\/\/www.visit-ulcinj.com\/blog\/2016\/10\/24\/nika-rrogat-ne-komune-si-dikur-te-gjithe-per-nje-nje-per-te-gjithe-apo-dic-tjeter\/","title":{"rendered":"Nika: Rrogat n\u00eb komun\u00eb si dikur: T\u00eb gjith\u00eb p\u00ebr nj\u00eb, nj\u00eb p\u00ebr t\u00eb gjith\u00eb..?!!  Apo di\u00e7 tjet\u00ebr..?!"},"content":{"rendered":"<p><strong><em><a href=\"http:\/\/www.visit-ulcinj.com\/blog\/wp-content\/uploads\/2014\/11\/Muhamet-Nika.jpg\"><img loading=\"lazy\" class=\"alignleft size-full wp-image-86143\" src=\"http:\/\/www.visit-ulcinj.com\/blog\/wp-content\/uploads\/2014\/11\/Muhamet-Nika.jpg\" alt=\"Muhamet Nika, Sudski tuma\u010d- P\u00ebrkthyes gjyq\u00ebsor \u201c MUHAMET NIKA \u201d Ulcinj- Ulqin Adresa: zgrada SO ULCINJ- nd\u00ebrtesa e KK Ulqin Telefon-i: 068 264 122 Email-i : muhamet-nika@hotmail.com Albanski jezik- prof. Albanskog jezika Gjuh\u00eb shqipe- prof. I gjuh\u00ebs shqipe\" width=\"256\" height=\"319\" srcset=\"https:\/\/www.visit-ulcinj.com\/blog\/wp-content\/uploads\/2014\/11\/Muhamet-Nika.jpg 256w, https:\/\/www.visit-ulcinj.com\/blog\/wp-content\/uploads\/2014\/11\/Muhamet-Nika-240x300.jpg 240w\" sizes=\"(max-width: 256px) 100vw, 256px\" \/><\/a>Shkruan Muhamet Nika<\/em><\/strong><\/p>\n<p>Pse edhe sot nuk u ndan\u00eb rrogat n\u00eb komun\u00eb ka shum\u00eb dilema , prej atyre q\u00eb thon\u00eb se\u00a0 mungoi kryetari p\u00ebr t\u00eb n\u00ebnshkruar e deri te ato m\u00eb t\u00eb k\u00ebqijat , q\u00eb mbase me q\u00ebllim lehen n\u00eb gjirollogari :\u00a0 <strong><em>q\u00eb t\u2019i kap\u00eb \u00a0sa m\u00eb\u00a0 par\u00eb\u00a0 e fshij\u00eb gjykata\u00a0\u00a0 me ndonj\u00eb proces gjyq\u00ebsor&#8230;?! <\/em><\/strong><\/p>\n<p>Un\u00eb nuk di, por po shtoj se- kur m\u00eb pyeti nj\u00ebri\u00a0 q\u00eb \u00a0kam shum\u00eb \u00a0problem dhe nuk mund t\u00eb dal n\u00eb Pazar\u00a0 sepse kam shum\u00eb borxhe&#8230;,\u00a0 un\u00eb e k\u00ebshillova \u00a0vet\u00ebm me nj\u00eb fjal\u00eb \u2013 \u00a0ec rrug\u00ebve sekondare dhe mos i merr t\u00eb gjitha paret\u00a0 grumbull me vete &#8211; sepse tesh po t\u2019i marrin t\u00eb gjitha&#8230;?!<\/p>\n<p>\u00c7udi k\u00ebta t\u00eb komun\u00ebs edhe pse jan\u00eb me borxhe t\u00eb gjitha paret i bartin \u00a0me vete\u00a0 n\u00eb gjirollogari dhe nuk shlyejn\u00eb detyrimet?!<\/p>\n<p>Them t\u00eb drejt\u00ebn kam filluar t\u00eb dyshoj nj\u00eb \u00e7ik\u00eb se e b\u00ebjn\u00eb me q\u00ebllim , po ju si thoni?!!!<\/p>\n<p><strong><em>Por n\u00eb se p\u00ebr k\u00ebt\u00eb pyesni, si ka mund\u00ebsi\u00a0 kjo?! Sqarojm\u00eb:<\/em><\/strong><\/p>\n<p>Edhe pse\u00a0 komuna e Ulqinit\u00a0 po duket ka mjete \u00a0t\u00eb bollshme p\u00ebr t\u00eb shlyer obligimet ndaj t\u00eb pun\u00ebsuarve ., shohim se\u00a0 shum\u00eb shpejt po mbushet edhe muaji i dyt\u00eb\u00a0 pa marrjen e rrog\u00ebs?!<\/p>\n<p>Kuptohet se k\u00ebsaj here , n\u00eb pyetje \u00a0, nuk jan\u00eb mjetet&#8230;?!<\/p>\n<p>Pagesat\u00a0 jan\u00eb b\u00ebr\u00eb, por \u00a0jan\u00eb huqet dhe \u201cbuqet\u201d e ndryshme \u00a0t\u00eb burokracis\u00eb\u00a0 komunale\u2013 ku del se disa sekretar\u00eb\u00a0 po\u00a0 heshtin e \u00a0b\u00ebjn\u00eb\u00a0 \u00a0sehir e sabotim\u00a0 bashk\u00eb\u00a0 n\u00eb n\u00ebnshkrim \u00a0t\u00eb rrogave me koficjente\u00a0 t\u00eb zbritur \u00a0duke mos aplikuar vendimin e ri&#8230;.?!<\/p>\n<p>Sekretar \u00a0t\u00eb cil\u00ebt , p\u00ebr momentin \u00a0po duket <strong>\u201c \u00e7uan ru\u00e7nen..\u201d<\/strong> \u2013 frenat e dor\u00ebs \u00a0p\u00ebr bllokim t\u00eb rrog\u00ebs, jan\u00eb \u00a0mbase edhe n\u00eb siklet sepse ulja e rrog\u00ebs mund t\u00eb de motivoj\u00eb- si pas tyre\u00a0 procesin e pun\u00ebs ,arsyetojn\u00eb ata.<\/p>\n<p>Kujdes k\u00ebtu nuk \u00ebsht\u00eb fjala p\u00ebr rrogat e\u00a0 t\u00eb \u201c pun\u00ebsuarve n\u00eb m\u00ebnyr\u00eb \u00a0t\u00eb paligjshme ..\u201d, p\u00ebr t\u00eb cilat foli\u00a0 kryeadministratori\u00a0 i \u00e7\u00ebshtjes &#8211; Kapllan Mu\u00e7a\u00a0 dhe urojm\u00eb q\u00eb ai\u00a0 , n\u00eb k\u00ebto pun\u00eb , t\u00eb mos ket\u00eb harruar \u00a0\u00a0t\u00eb pakt\u00ebn\u00a0 edhe\u00a0 veten pa vendim t\u00eb rrog\u00ebs(rritjes me t\u00eb ren\u00eb &#8230;) duke u marr\u00eb me hallin e zbritjes s\u00eb rrog\u00ebs p\u00ebr\u00a0 tjer\u00eb&#8230;?!!<\/p>\n<p><a href=\"http:\/\/www.visit-ulcinj.com\/blog\/wp-content\/uploads\/2014\/01\/Gzim-Hajdinaga-Nazif-Cungu.jpg\"><img loading=\"lazy\" class=\"alignleft wp-image-78245\" src=\"http:\/\/www.visit-ulcinj.com\/blog\/wp-content\/uploads\/2014\/01\/Gzim-Hajdinaga-Nazif-Cungu.jpg\" alt=\"Gzim-Hajdinaga-Nazif-Cungu\" width=\"508\" height=\"363\" srcset=\"https:\/\/www.visit-ulcinj.com\/blog\/wp-content\/uploads\/2014\/01\/Gzim-Hajdinaga-Nazif-Cungu.jpg 671w, https:\/\/www.visit-ulcinj.com\/blog\/wp-content\/uploads\/2014\/01\/Gzim-Hajdinaga-Nazif-Cungu-300x214.jpg 300w\" sizes=\"(max-width: 508px) 100vw, 508px\" \/><\/a><\/p>\n<p><strong>Shkruan Muhamet\u00a0 Nika<\/strong><\/p>\n<p><strong><em>\u00a0HAJDINAGA\u00a0 DUHET T\u00cb MBROJ\u00cb\u00a0 REZULTATIN ZGJEDHOR\u00a0\u00a0 ME ANKES\u00cb\u00a0\u00a0 N\u00cb GJYKAT\u00cbN\u00a0 KUSHTETUESE ?!<\/em><\/strong><\/p>\n<p>N\u00eb koh\u00ebn kur\u00a0 edhe ai q\u00eb t\u00eb p\u00ebrpin\u00eb (krokodili) \u00a0n\u00eb politik\u00eb , qan\u00eb bandillin&#8230;, se nuk fitoi p\u00ebr deputet\u00eb- si shqiptar , \u00a0n\u00eb rastin e \u00a0Hajdinag\u00ebs,\u00a0\u00a0 q\u00eb u ankua\u00a0 dhe \u00a0komisioni \u00a0komunal \u00a0ia \u00a0\u00a0pranoi ankes\u00ebn, por t\u00eb drejt\u00ebn\u00a0 e ankes\u00ebs ia mohoi Forca\u00a0 duke mos\u00a0 i b\u00ebr\u00eb kuorum\u00a0 posht\u00eb\u00a0 n\u00eb komision, e duke u ankuar lart\u00eb \u00a0\u00a0..?!!<\/p>\n<p>Njeriu me t\u00eb drejt\u00eb edhe mund t\u00eb pyes \u2013 si t\u00eb mbrohet e drejta e dhunuar \u00a0e Hajdinag\u00ebs\u2013 n\u00eb munges\u00eb kuorumi dhe ankes\u00ebs s\u00eb Forc\u00ebs n\u00eb KQZ, \u00a0q\u00eb si duket nxiti vendimin e komisionit republikan t\u00eb hedh\u00eb posht\u00eb at\u00eb \u00a0komunal &#8230;?!Po t\u00eb mos kish ankes\u00eb t\u00eb Forc\u00ebs komisioni republikan\u00a0 mendojm\u00eb se do e kish pranuar ankes\u00ebn p\u00ebr p\u00ebrs\u00ebritje t\u00eb zgjedhjeve..?!<\/p>\n","protected":false},"excerpt":{"rendered":"<p>Shkruan Muhamet Nika Pse edhe sot nuk u ndan\u00eb rrogat n\u00eb komun\u00eb ka shum\u00eb dilema , prej atyre q\u00eb thon\u00eb se\u00a0 mungoi kryetari p\u00ebr t\u00eb n\u00ebnshkruar e deri te ato m\u00eb t\u00eb k\u00ebqijat , q\u00eb mbase me q\u00ebllim lehen n\u00eb gjirollogari :\u00a0 q\u00eb t\u2019i kap\u00eb \u00a0sa m\u00eb\u00a0 par\u00eb\u00a0 e fshij\u00eb gjykata\u00a0\u00a0 me ndonj\u00eb proces gjyq\u00ebsor&#8230;?! [&hellip;]<\/p>\n","protected":false},"author":1,"featured_media":0,"comment_status":"closed","ping_status":"closed","sticky":false,"template":"","format":"standard","meta":{"spay_email":"","jetpack_publicize_message":"","jetpack_is_tweetstorm":false,"jetpack_publicize_feature_enabled":true},"categories":[14249],"tags":[],"jetpack_publicize_connections":[],"yoast_head":"<!-- This site is optimized with the Yoast SEO plugin v19.1 - https:\/\/yoast.com\/wordpress\/plugins\/seo\/ -->\n<title>Nika: Rrogat n\u00eb komun\u00eb si dikur: T\u00eb gjith\u00eb p\u00ebr nj\u00eb, nj\u00eb p\u00ebr t\u00eb gjith\u00eb..?!! Apo di\u00e7 tjet\u00ebr..?! - Lajme nga Ulqini<\/title>\n<meta name=\"description\" content=\"Shkruan Muhamet Nika Pse edhe sot nuk u ndan\u00eb rrogat n\u00eb komun\u00eb ka shum\u00eb dilema , prej atyre q\u00eb thon\u00eb se\u00a0 mungoi kryetari p\u00ebr t\u00eb n\u00ebnshkruar e deri te ato\" \/>\n<meta name=\"robots\" content=\"index, follow, max-snippet:-1, max-image-preview:large, max-video-preview:-1\" \/>\n<link rel=\"canonical\" href=\"https:\/\/www.visit-ulcinj.com\/blog\/2016\/10\/24\/nika-rrogat-ne-komune-si-dikur-te-gjithe-per-nje-nje-per-te-gjithe-apo-dic-tjeter\/\" \/>\n<meta property=\"og:locale\" content=\"en_US\" \/>\n<meta property=\"og:type\" content=\"article\" \/>\n<meta property=\"og:title\" content=\"Nika: Rrogat n\u00eb komun\u00eb si dikur: T\u00eb gjith\u00eb p\u00ebr nj\u00eb, nj\u00eb p\u00ebr t\u00eb gjith\u00eb..?!! Apo di\u00e7 tjet\u00ebr..?! - Lajme nga Ulqini\" \/>\n<meta property=\"og:description\" content=\"Shkruan Muhamet Nika Pse edhe sot nuk u ndan\u00eb rrogat n\u00eb komun\u00eb ka shum\u00eb dilema , prej atyre q\u00eb thon\u00eb se\u00a0 mungoi kryetari p\u00ebr t\u00eb n\u00ebnshkruar e deri te ato\" \/>\n<meta property=\"og:url\" content=\"https:\/\/www.visit-ulcinj.com\/blog\/2016\/10\/24\/nika-rrogat-ne-komune-si-dikur-te-gjithe-per-nje-nje-per-te-gjithe-apo-dic-tjeter\/\" \/>\n<meta property=\"og:site_name\" content=\"Lajme nga Ulqini\" \/>\n<meta property=\"article:published_time\" content=\"2016-10-24T13:10:04+00:00\" \/>\n<meta property=\"article:modified_time\" content=\"2016-10-24T13:11:36+00:00\" \/>\n<meta property=\"og:image\" content=\"http:\/\/www.visit-ulcinj.com\/blog\/wp-content\/uploads\/2014\/11\/Muhamet-Nika.jpg\" \/>\n<meta name=\"twitter:label1\" content=\"Written by\" \/>\n\t<meta name=\"twitter:data1\" content=\"ulqini\" \/>\n\t<meta name=\"twitter:label2\" content=\"Est. reading time\" \/>\n\t<meta name=\"twitter:data2\" content=\"3 minutes\" \/>\n<script type=\"application\/ld+json\" class=\"yoast-schema-graph\">{\"@context\":\"https:\/\/schema.org\",\"@graph\":[{\"@type\":\"WebSite\",\"@id\":\"https:\/\/www.visit-ulcinj.com\/blog\/#website\",\"url\":\"https:\/\/www.visit-ulcinj.com\/blog\/\",\"name\":\"Lajme nga Ulqini\",\"description\":\"Lajme,Vijesti,Ulqini,Ulqin,Crna Gora,Mali i Zi\",\"potentialAction\":[{\"@type\":\"SearchAction\",\"target\":{\"@type\":\"EntryPoint\",\"urlTemplate\":\"https:\/\/www.visit-ulcinj.com\/blog\/?s={search_term_string}\"},\"query-input\":\"required name=search_term_string\"}],\"inLanguage\":\"en-US\"},{\"@type\":\"ImageObject\",\"inLanguage\":\"en-US\",\"@id\":\"https:\/\/www.visit-ulcinj.com\/blog\/2016\/10\/24\/nika-rrogat-ne-komune-si-dikur-te-gjithe-per-nje-nje-per-te-gjithe-apo-dic-tjeter\/#primaryimage\",\"url\":\"https:\/\/www.visit-ulcinj.com\/blog\/wp-content\/uploads\/2014\/11\/Muhamet-Nika.jpg\",\"contentUrl\":\"https:\/\/www.visit-ulcinj.com\/blog\/wp-content\/uploads\/2014\/11\/Muhamet-Nika.jpg\",\"width\":256,\"height\":319},{\"@type\":\"WebPage\",\"@id\":\"https:\/\/www.visit-ulcinj.com\/blog\/2016\/10\/24\/nika-rrogat-ne-komune-si-dikur-te-gjithe-per-nje-nje-per-te-gjithe-apo-dic-tjeter\/#webpage\",\"url\":\"https:\/\/www.visit-ulcinj.com\/blog\/2016\/10\/24\/nika-rrogat-ne-komune-si-dikur-te-gjithe-per-nje-nje-per-te-gjithe-apo-dic-tjeter\/\",\"name\":\"Nika: Rrogat n\u00eb komun\u00eb si dikur: T\u00eb gjith\u00eb p\u00ebr nj\u00eb, nj\u00eb p\u00ebr t\u00eb gjith\u00eb..?!! Apo di\u00e7 tjet\u00ebr..?! - Lajme nga Ulqini\",\"isPartOf\":{\"@id\":\"https:\/\/www.visit-ulcinj.com\/blog\/#website\"},\"primaryImageOfPage\":{\"@id\":\"https:\/\/www.visit-ulcinj.com\/blog\/2016\/10\/24\/nika-rrogat-ne-komune-si-dikur-te-gjithe-per-nje-nje-per-te-gjithe-apo-dic-tjeter\/#primaryimage\"},\"datePublished\":\"2016-10-24T13:10:04+00:00\",\"dateModified\":\"2016-10-24T13:11:36+00:00\",\"author\":{\"@id\":\"https:\/\/www.visit-ulcinj.com\/blog\/#\/schema\/person\/dcab619c614d3038751c63bc2aadc06d\"},\"description\":\"Shkruan Muhamet Nika Pse edhe sot nuk u ndan\u00eb rrogat n\u00eb komun\u00eb ka shum\u00eb dilema , prej atyre q\u00eb thon\u00eb se\u00a0 mungoi kryetari p\u00ebr t\u00eb n\u00ebnshkruar e deri te ato\",\"breadcrumb\":{\"@id\":\"https:\/\/www.visit-ulcinj.com\/blog\/2016\/10\/24\/nika-rrogat-ne-komune-si-dikur-te-gjithe-per-nje-nje-per-te-gjithe-apo-dic-tjeter\/#breadcrumb\"},\"inLanguage\":\"en-US\",\"potentialAction\":[{\"@type\":\"ReadAction\",\"target\":[\"https:\/\/www.visit-ulcinj.com\/blog\/2016\/10\/24\/nika-rrogat-ne-komune-si-dikur-te-gjithe-per-nje-nje-per-te-gjithe-apo-dic-tjeter\/\"]}]},{\"@type\":\"BreadcrumbList\",\"@id\":\"https:\/\/www.visit-ulcinj.com\/blog\/2016\/10\/24\/nika-rrogat-ne-komune-si-dikur-te-gjithe-per-nje-nje-per-te-gjithe-apo-dic-tjeter\/#breadcrumb\",\"itemListElement\":[{\"@type\":\"ListItem\",\"position\":1,\"name\":\"Nika: Rrogat n\u00eb komun\u00eb si dikur: T\u00eb gjith\u00eb p\u00ebr nj\u00eb, nj\u00eb p\u00ebr t\u00eb gjith\u00eb..?!! Apo di\u00e7 tjet\u00ebr..?!\"}]},{\"@type\":\"Person\",\"@id\":\"https:\/\/www.visit-ulcinj.com\/blog\/#\/schema\/person\/dcab619c614d3038751c63bc2aadc06d\",\"name\":\"ulqini\",\"sameAs\":[\"http:\/\/www.visit-ulcinj.com\"],\"url\":\"https:\/\/www.visit-ulcinj.com\/blog\/author\/admin\/\"}]}<\/script>\n<!-- \/ Yoast SEO plugin. -->","yoast_head_json":{"title":"Nika: Rrogat n\u00eb komun\u00eb si dikur: T\u00eb gjith\u00eb p\u00ebr nj\u00eb, nj\u00eb p\u00ebr t\u00eb gjith\u00eb..?!! Apo di\u00e7 tjet\u00ebr..?! - Lajme nga Ulqini","description":"Shkruan Muhamet Nika Pse edhe sot nuk u ndan\u00eb rrogat n\u00eb komun\u00eb ka shum\u00eb dilema , prej atyre q\u00eb thon\u00eb se\u00a0 mungoi kryetari p\u00ebr t\u00eb n\u00ebnshkruar e deri te ato","robots":{"index":"index","follow":"follow","max-snippet":"max-snippet:-1","max-image-preview":"max-image-preview:large","max-video-preview":"max-video-preview:-1"},"canonical":"https:\/\/www.visit-ulcinj.com\/blog\/2016\/10\/24\/nika-rrogat-ne-komune-si-dikur-te-gjithe-per-nje-nje-per-te-gjithe-apo-dic-tjeter\/","og_locale":"en_US","og_type":"article","og_title":"Nika: Rrogat n\u00eb komun\u00eb si dikur: T\u00eb gjith\u00eb p\u00ebr nj\u00eb, nj\u00eb p\u00ebr t\u00eb gjith\u00eb..?!! Apo di\u00e7 tjet\u00ebr..?! - Lajme nga Ulqini","og_description":"Shkruan Muhamet Nika Pse edhe sot nuk u ndan\u00eb rrogat n\u00eb komun\u00eb ka shum\u00eb dilema , prej atyre q\u00eb thon\u00eb se\u00a0 mungoi kryetari p\u00ebr t\u00eb n\u00ebnshkruar e deri te ato","og_url":"https:\/\/www.visit-ulcinj.com\/blog\/2016\/10\/24\/nika-rrogat-ne-komune-si-dikur-te-gjithe-per-nje-nje-per-te-gjithe-apo-dic-tjeter\/","og_site_name":"Lajme nga Ulqini","article_published_time":"2016-10-24T13:10:04+00:00","article_modified_time":"2016-10-24T13:11:36+00:00","og_image":[{"url":"http:\/\/www.visit-ulcinj.com\/blog\/wp-content\/uploads\/2014\/11\/Muhamet-Nika.jpg"}],"twitter_misc":{"Written by":"ulqini","Est. reading time":"3 minutes"},"schema":{"@context":"https:\/\/schema.org","@graph":[{"@type":"WebSite","@id":"https:\/\/www.visit-ulcinj.com\/blog\/#website","url":"https:\/\/www.visit-ulcinj.com\/blog\/","name":"Lajme nga Ulqini","description":"Lajme,Vijesti,Ulqini,Ulqin,Crna Gora,Mali i Zi","potentialAction":[{"@type":"SearchAction","target":{"@type":"EntryPoint","urlTemplate":"https:\/\/www.visit-ulcinj.com\/blog\/?s={search_term_string}"},"query-input":"required name=search_term_string"}],"inLanguage":"en-US"},{"@type":"ImageObject","inLanguage":"en-US","@id":"https:\/\/www.visit-ulcinj.com\/blog\/2016\/10\/24\/nika-rrogat-ne-komune-si-dikur-te-gjithe-per-nje-nje-per-te-gjithe-apo-dic-tjeter\/#primaryimage","url":"https:\/\/www.visit-ulcinj.com\/blog\/wp-content\/uploads\/2014\/11\/Muhamet-Nika.jpg","contentUrl":"https:\/\/www.visit-ulcinj.com\/blog\/wp-content\/uploads\/2014\/11\/Muhamet-Nika.jpg","width":256,"height":319},{"@type":"WebPage","@id":"https:\/\/www.visit-ulcinj.com\/blog\/2016\/10\/24\/nika-rrogat-ne-komune-si-dikur-te-gjithe-per-nje-nje-per-te-gjithe-apo-dic-tjeter\/#webpage","url":"https:\/\/www.visit-ulcinj.com\/blog\/2016\/10\/24\/nika-rrogat-ne-komune-si-dikur-te-gjithe-per-nje-nje-per-te-gjithe-apo-dic-tjeter\/","name":"Nika: Rrogat n\u00eb komun\u00eb si dikur: T\u00eb gjith\u00eb p\u00ebr nj\u00eb, nj\u00eb p\u00ebr t\u00eb gjith\u00eb..?!! Apo di\u00e7 tjet\u00ebr..?! - Lajme nga Ulqini","isPartOf":{"@id":"https:\/\/www.visit-ulcinj.com\/blog\/#website"},"primaryImageOfPage":{"@id":"https:\/\/www.visit-ulcinj.com\/blog\/2016\/10\/24\/nika-rrogat-ne-komune-si-dikur-te-gjithe-per-nje-nje-per-te-gjithe-apo-dic-tjeter\/#primaryimage"},"datePublished":"2016-10-24T13:10:04+00:00","dateModified":"2016-10-24T13:11:36+00:00","author":{"@id":"https:\/\/www.visit-ulcinj.com\/blog\/#\/schema\/person\/dcab619c614d3038751c63bc2aadc06d"},"description":"Shkruan Muhamet Nika Pse edhe sot nuk u ndan\u00eb rrogat n\u00eb komun\u00eb ka shum\u00eb dilema , prej atyre q\u00eb thon\u00eb se\u00a0 mungoi kryetari p\u00ebr t\u00eb n\u00ebnshkruar e deri te ato","breadcrumb":{"@id":"https:\/\/www.visit-ulcinj.com\/blog\/2016\/10\/24\/nika-rrogat-ne-komune-si-dikur-te-gjithe-per-nje-nje-per-te-gjithe-apo-dic-tjeter\/#breadcrumb"},"inLanguage":"en-US","potentialAction":[{"@type":"ReadAction","target":["https:\/\/www.visit-ulcinj.com\/blog\/2016\/10\/24\/nika-rrogat-ne-komune-si-dikur-te-gjithe-per-nje-nje-per-te-gjithe-apo-dic-tjeter\/"]}]},{"@type":"BreadcrumbList","@id":"https:\/\/www.visit-ulcinj.com\/blog\/2016\/10\/24\/nika-rrogat-ne-komune-si-dikur-te-gjithe-per-nje-nje-per-te-gjithe-apo-dic-tjeter\/#breadcrumb","itemListElement":[{"@type":"ListItem","position":1,"name":"Nika: Rrogat n\u00eb komun\u00eb si dikur: T\u00eb gjith\u00eb p\u00ebr nj\u00eb, nj\u00eb p\u00ebr t\u00eb gjith\u00eb..?!! Apo di\u00e7 tjet\u00ebr..?!"}]},{"@type":"Person","@id":"https:\/\/www.visit-ulcinj.com\/blog\/#\/schema\/person\/dcab619c614d3038751c63bc2aadc06d","name":"ulqini","sameAs":["http:\/\/www.visit-ulcinj.com"],"url":"https:\/\/www.visit-ulcinj.com\/blog\/author\/admin\/"}]}},"jetpack_featured_media_url":"","jetpack_sharing_enabled":true,"jetpack_shortlink":"https:\/\/wp.me\/pe6lTn-q9E","_links":{"self":[{"href":"https:\/\/www.visit-ulcinj.com\/blog\/wp-json\/wp\/v2\/posts\/100542"}],"collection":[{"href":"https:\/\/www.visit-ulcinj.com\/blog\/wp-json\/wp\/v2\/posts"}],"about":[{"href":"https:\/\/www.visit-ulcinj.com\/blog\/wp-json\/wp\/v2\/types\/post"}],"author":[{"embeddable":true,"href":"https:\/\/www.visit-ulcinj.com\/blog\/wp-json\/wp\/v2\/users\/1"}],"replies":[{"embeddable":true,"href":"https:\/\/www.visit-ulcinj.com\/blog\/wp-json\/wp\/v2\/comments?post=100542"}],"version-history":[{"count":3,"href":"https:\/\/www.visit-ulcinj.com\/blog\/wp-json\/wp\/v2\/posts\/100542\/revisions"}],"predecessor-version":[{"id":100545,"href":"https:\/\/www.visit-ulcinj.com\/blog\/wp-json\/wp\/v2\/posts\/100542\/revisions\/100545"}],"wp:attachment":[{"href":"https:\/\/www.visit-ulcinj.com\/blog\/wp-json\/wp\/v2\/media?parent=100542"}],"wp:term":[{"taxonomy":"category","embeddable":true,"href":"https:\/\/www.visit-ulcinj.com\/blog\/wp-json\/wp\/v2\/categories?post=100542"},{"taxonomy":"post_tag","embeddable":true,"href":"https:\/\/www.visit-ulcinj.com\/blog\/wp-json\/wp\/v2\/tags?post=100542"}],"curies":[{"name":"wp","href":"https:\/\/api.w.org\/{rel}","templated":true}]}}