{"id":100551,"date":"2016-10-24T18:54:37","date_gmt":"2016-10-24T17:54:37","guid":{"rendered":"http:\/\/www.visit-ulcinj.com\/blog\/?p=100551"},"modified":"2016-10-25T07:31:00","modified_gmt":"2016-10-25T06:31:00","slug":"ferhat-dinosha-ambasadori-pare-malit-te-zi-ne-kosove","status":"publish","type":"post","link":"https:\/\/www.visit-ulcinj.com\/blog\/2016\/10\/24\/ferhat-dinosha-ambasadori-pare-malit-te-zi-ne-kosove\/","title":{"rendered":"Ferhat Dinosha ambasadori i par\u00eb i Malit t\u00eb Zi n\u00eb Kosov\u00eb"},"content":{"rendered":"<p><a href=\"http:\/\/www.visit-ulcinj.com\/blog\/wp-content\/uploads\/2016\/10\/Ferhat-Dinosha-Hashim-Thaci-.jpg\"><img loading=\"lazy\" class=\"alignleft wp-image-100552\" src=\"http:\/\/www.visit-ulcinj.com\/blog\/wp-content\/uploads\/2016\/10\/Ferhat-Dinosha-Hashim-Thaci-.jpg\" alt=\"Ferhat-Dinosha-Hashim-Thaci-\" width=\"508\" height=\"280\" srcset=\"https:\/\/www.visit-ulcinj.com\/blog\/wp-content\/uploads\/2016\/10\/Ferhat-Dinosha-Hashim-Thaci-.jpg 690w, https:\/\/www.visit-ulcinj.com\/blog\/wp-content\/uploads\/2016\/10\/Ferhat-Dinosha-Hashim-Thaci--300x165.jpg 300w\" sizes=\"(max-width: 508px) 100vw, 508px\" \/><\/a>Presidenti i vendit, Hashim Tha\u00e7i, sot ka pranuar kredencialet edhe t\u00eb ambasadorit t\u00eb ri t\u00eb Malit t\u00eb Zi, Ferhat Dinosha.<\/p>\n<p>Tha\u00e7i ka shprehur k\u00ebnaq\u00ebsin\u00eb q\u00eb Mali i Zi ka ngritur p\u00ebrfaq\u00ebsimin n\u00eb nivel ambasadori n\u00eb Kosov\u00eb.<\/p>\n<p>\u201cMarr\u00ebdh\u00ebniet me Malin e Zi jan\u00eb marr\u00ebdh\u00ebnie t\u00eb shk\u00eblqyera fqinj\u00ebsore\u201d, u shpreh kreu i shtetit.<\/p>\n<p>\u201cMali i Zi ka marr\u00eb vendimin m\u00eb t\u00eb drejt\u00eb kur ka njohur Kosov\u00ebn, p\u00ebrkund\u00ebr presioneve q\u00eb kishte, si dhe vazhdon t\u00eb p\u00ebrkrah Kosov\u00ebn n\u00eb t\u00eb gjitha organizatat dhe forumet nd\u00ebrkomb\u00ebtare dhe p\u00ebr k\u00ebt\u00eb jemi mir\u00ebnjoh\u00ebs\u201d, ka th\u00ebn\u00eb numri nj\u00eb i Kosov\u00ebs.<\/p>\n<p>N\u00eb an\u00ebn tjet\u00ebr, ambasadori i Malit t\u00eb Zi, Ferhat Dinosha, u shpreh se do t\u00eb \u201cpunojm\u00eb t\u00eb thellojm\u00eb bashk\u00ebpunimin n\u00eb mes dy vendeve\u201d dhe t\u00eb promovojm\u00eb \u201cpaqen, stabilitetin, bashk\u00ebpunimin, fqinj\u00ebsin\u00eb e mir\u00eb dhe integrimin n\u00eb NATO e BE p\u00ebr t\u00ebr\u00eb rajonin\u201d, transmeton Klan Kosova.<\/p>\n","protected":false},"excerpt":{"rendered":"<p>Presidenti i vendit, Hashim Tha\u00e7i, sot ka pranuar kredencialet edhe t\u00eb ambasadorit t\u00eb ri t\u00eb Malit t\u00eb Zi, Ferhat Dinosha. Tha\u00e7i ka shprehur k\u00ebnaq\u00ebsin\u00eb q\u00eb Mali i Zi ka ngritur p\u00ebrfaq\u00ebsimin n\u00eb nivel ambasadori n\u00eb Kosov\u00eb. \u201cMarr\u00ebdh\u00ebniet me Malin e Zi jan\u00eb marr\u00ebdh\u00ebnie t\u00eb shk\u00eblqyera fqinj\u00ebsore\u201d, u shpreh kreu i shtetit. \u201cMali i Zi ka [&hellip;]<\/p>\n","protected":false},"author":1,"featured_media":0,"comment_status":"closed","ping_status":"closed","sticky":false,"template":"","format":"standard","meta":{"spay_email":"","jetpack_publicize_message":"","jetpack_is_tweetstorm":false,"jetpack_publicize_feature_enabled":true},"categories":[14],"tags":[],"jetpack_publicize_connections":[],"yoast_head":"<!-- This site is optimized with the Yoast SEO plugin v19.1 - https:\/\/yoast.com\/wordpress\/plugins\/seo\/ -->\n<title>Ferhat Dinosha ambasadori i par\u00eb i Malit t\u00eb Zi n\u00eb Kosov\u00eb - Lajme nga Ulqini<\/title>\n<meta name=\"description\" content=\"Presidenti i vendit, Hashim Tha\u00e7i, sot ka pranuar kredencialet edhe t\u00eb ambasadorit t\u00eb ri t\u00eb Malit t\u00eb Zi, Ferhat Dinosha. Tha\u00e7i ka shprehur k\u00ebnaq\u00ebsin\u00eb q\u00eb\" \/>\n<meta name=\"robots\" content=\"index, follow, max-snippet:-1, max-image-preview:large, max-video-preview:-1\" \/>\n<link rel=\"canonical\" href=\"https:\/\/www.visit-ulcinj.com\/blog\/2016\/10\/24\/ferhat-dinosha-ambasadori-pare-malit-te-zi-ne-kosove\/\" \/>\n<meta property=\"og:locale\" content=\"en_US\" \/>\n<meta property=\"og:type\" content=\"article\" \/>\n<meta property=\"og:title\" content=\"Ferhat Dinosha ambasadori i par\u00eb i Malit t\u00eb Zi n\u00eb Kosov\u00eb - Lajme nga Ulqini\" \/>\n<meta property=\"og:description\" content=\"Presidenti i vendit, Hashim Tha\u00e7i, sot ka pranuar kredencialet edhe t\u00eb ambasadorit t\u00eb ri t\u00eb Malit t\u00eb Zi, Ferhat Dinosha. Tha\u00e7i ka shprehur k\u00ebnaq\u00ebsin\u00eb q\u00eb\" \/>\n<meta property=\"og:url\" content=\"https:\/\/www.visit-ulcinj.com\/blog\/2016\/10\/24\/ferhat-dinosha-ambasadori-pare-malit-te-zi-ne-kosove\/\" \/>\n<meta property=\"og:site_name\" content=\"Lajme nga Ulqini\" \/>\n<meta property=\"article:published_time\" content=\"2016-10-24T17:54:37+00:00\" \/>\n<meta property=\"article:modified_time\" content=\"2016-10-25T06:31:00+00:00\" \/>\n<meta property=\"og:image\" content=\"http:\/\/www.visit-ulcinj.com\/blog\/wp-content\/uploads\/2016\/10\/Ferhat-Dinosha-Hashim-Thaci-.jpg\" \/>\n<meta name=\"twitter:label1\" content=\"Written by\" \/>\n\t<meta name=\"twitter:data1\" content=\"ulqini\" \/>\n\t<meta name=\"twitter:label2\" content=\"Est. reading time\" \/>\n\t<meta name=\"twitter:data2\" content=\"1 minute\" \/>\n<script type=\"application\/ld+json\" class=\"yoast-schema-graph\">{\"@context\":\"https:\/\/schema.org\",\"@graph\":[{\"@type\":\"WebSite\",\"@id\":\"https:\/\/www.visit-ulcinj.com\/blog\/#website\",\"url\":\"https:\/\/www.visit-ulcinj.com\/blog\/\",\"name\":\"Lajme nga Ulqini\",\"description\":\"Lajme,Vijesti,Ulqini,Ulqin,Crna Gora,Mali i Zi\",\"potentialAction\":[{\"@type\":\"SearchAction\",\"target\":{\"@type\":\"EntryPoint\",\"urlTemplate\":\"https:\/\/www.visit-ulcinj.com\/blog\/?s={search_term_string}\"},\"query-input\":\"required name=search_term_string\"}],\"inLanguage\":\"en-US\"},{\"@type\":\"ImageObject\",\"inLanguage\":\"en-US\",\"@id\":\"https:\/\/www.visit-ulcinj.com\/blog\/2016\/10\/24\/ferhat-dinosha-ambasadori-pare-malit-te-zi-ne-kosove\/#primaryimage\",\"url\":\"https:\/\/www.visit-ulcinj.com\/blog\/wp-content\/uploads\/2016\/10\/Ferhat-Dinosha-Hashim-Thaci-.jpg\",\"contentUrl\":\"https:\/\/www.visit-ulcinj.com\/blog\/wp-content\/uploads\/2016\/10\/Ferhat-Dinosha-Hashim-Thaci-.jpg\",\"width\":690,\"height\":380},{\"@type\":\"WebPage\",\"@id\":\"https:\/\/www.visit-ulcinj.com\/blog\/2016\/10\/24\/ferhat-dinosha-ambasadori-pare-malit-te-zi-ne-kosove\/#webpage\",\"url\":\"https:\/\/www.visit-ulcinj.com\/blog\/2016\/10\/24\/ferhat-dinosha-ambasadori-pare-malit-te-zi-ne-kosove\/\",\"name\":\"Ferhat Dinosha ambasadori i par\u00eb i Malit t\u00eb Zi n\u00eb Kosov\u00eb - Lajme nga Ulqini\",\"isPartOf\":{\"@id\":\"https:\/\/www.visit-ulcinj.com\/blog\/#website\"},\"primaryImageOfPage\":{\"@id\":\"https:\/\/www.visit-ulcinj.com\/blog\/2016\/10\/24\/ferhat-dinosha-ambasadori-pare-malit-te-zi-ne-kosove\/#primaryimage\"},\"datePublished\":\"2016-10-24T17:54:37+00:00\",\"dateModified\":\"2016-10-25T06:31:00+00:00\",\"author\":{\"@id\":\"https:\/\/www.visit-ulcinj.com\/blog\/#\/schema\/person\/dcab619c614d3038751c63bc2aadc06d\"},\"description\":\"Presidenti i vendit, Hashim Tha\u00e7i, sot ka pranuar kredencialet edhe t\u00eb ambasadorit t\u00eb ri t\u00eb Malit t\u00eb Zi, Ferhat Dinosha. Tha\u00e7i ka shprehur k\u00ebnaq\u00ebsin\u00eb q\u00eb\",\"breadcrumb\":{\"@id\":\"https:\/\/www.visit-ulcinj.com\/blog\/2016\/10\/24\/ferhat-dinosha-ambasadori-pare-malit-te-zi-ne-kosove\/#breadcrumb\"},\"inLanguage\":\"en-US\",\"potentialAction\":[{\"@type\":\"ReadAction\",\"target\":[\"https:\/\/www.visit-ulcinj.com\/blog\/2016\/10\/24\/ferhat-dinosha-ambasadori-pare-malit-te-zi-ne-kosove\/\"]}]},{\"@type\":\"BreadcrumbList\",\"@id\":\"https:\/\/www.visit-ulcinj.com\/blog\/2016\/10\/24\/ferhat-dinosha-ambasadori-pare-malit-te-zi-ne-kosove\/#breadcrumb\",\"itemListElement\":[{\"@type\":\"ListItem\",\"position\":1,\"name\":\"Ferhat Dinosha ambasadori i par\u00eb i Malit t\u00eb Zi n\u00eb Kosov\u00eb\"}]},{\"@type\":\"Person\",\"@id\":\"https:\/\/www.visit-ulcinj.com\/blog\/#\/schema\/person\/dcab619c614d3038751c63bc2aadc06d\",\"name\":\"ulqini\",\"sameAs\":[\"http:\/\/www.visit-ulcinj.com\"],\"url\":\"https:\/\/www.visit-ulcinj.com\/blog\/author\/admin\/\"}]}<\/script>\n<!-- \/ Yoast SEO plugin. -->","yoast_head_json":{"title":"Ferhat Dinosha ambasadori i par\u00eb i Malit t\u00eb Zi n\u00eb Kosov\u00eb - Lajme nga Ulqini","description":"Presidenti i vendit, Hashim Tha\u00e7i, sot ka pranuar kredencialet edhe t\u00eb ambasadorit t\u00eb ri t\u00eb Malit t\u00eb Zi, Ferhat Dinosha. Tha\u00e7i ka shprehur k\u00ebnaq\u00ebsin\u00eb q\u00eb","robots":{"index":"index","follow":"follow","max-snippet":"max-snippet:-1","max-image-preview":"max-image-preview:large","max-video-preview":"max-video-preview:-1"},"canonical":"https:\/\/www.visit-ulcinj.com\/blog\/2016\/10\/24\/ferhat-dinosha-ambasadori-pare-malit-te-zi-ne-kosove\/","og_locale":"en_US","og_type":"article","og_title":"Ferhat Dinosha ambasadori i par\u00eb i Malit t\u00eb Zi n\u00eb Kosov\u00eb - Lajme nga Ulqini","og_description":"Presidenti i vendit, Hashim Tha\u00e7i, sot ka pranuar kredencialet edhe t\u00eb ambasadorit t\u00eb ri t\u00eb Malit t\u00eb Zi, Ferhat Dinosha. Tha\u00e7i ka shprehur k\u00ebnaq\u00ebsin\u00eb q\u00eb","og_url":"https:\/\/www.visit-ulcinj.com\/blog\/2016\/10\/24\/ferhat-dinosha-ambasadori-pare-malit-te-zi-ne-kosove\/","og_site_name":"Lajme nga Ulqini","article_published_time":"2016-10-24T17:54:37+00:00","article_modified_time":"2016-10-25T06:31:00+00:00","og_image":[{"url":"http:\/\/www.visit-ulcinj.com\/blog\/wp-content\/uploads\/2016\/10\/Ferhat-Dinosha-Hashim-Thaci-.jpg"}],"twitter_misc":{"Written by":"ulqini","Est. reading time":"1 minute"},"schema":{"@context":"https:\/\/schema.org","@graph":[{"@type":"WebSite","@id":"https:\/\/www.visit-ulcinj.com\/blog\/#website","url":"https:\/\/www.visit-ulcinj.com\/blog\/","name":"Lajme nga Ulqini","description":"Lajme,Vijesti,Ulqini,Ulqin,Crna Gora,Mali i Zi","potentialAction":[{"@type":"SearchAction","target":{"@type":"EntryPoint","urlTemplate":"https:\/\/www.visit-ulcinj.com\/blog\/?s={search_term_string}"},"query-input":"required name=search_term_string"}],"inLanguage":"en-US"},{"@type":"ImageObject","inLanguage":"en-US","@id":"https:\/\/www.visit-ulcinj.com\/blog\/2016\/10\/24\/ferhat-dinosha-ambasadori-pare-malit-te-zi-ne-kosove\/#primaryimage","url":"https:\/\/www.visit-ulcinj.com\/blog\/wp-content\/uploads\/2016\/10\/Ferhat-Dinosha-Hashim-Thaci-.jpg","contentUrl":"https:\/\/www.visit-ulcinj.com\/blog\/wp-content\/uploads\/2016\/10\/Ferhat-Dinosha-Hashim-Thaci-.jpg","width":690,"height":380},{"@type":"WebPage","@id":"https:\/\/www.visit-ulcinj.com\/blog\/2016\/10\/24\/ferhat-dinosha-ambasadori-pare-malit-te-zi-ne-kosove\/#webpage","url":"https:\/\/www.visit-ulcinj.com\/blog\/2016\/10\/24\/ferhat-dinosha-ambasadori-pare-malit-te-zi-ne-kosove\/","name":"Ferhat Dinosha ambasadori i par\u00eb i Malit t\u00eb Zi n\u00eb Kosov\u00eb - Lajme nga Ulqini","isPartOf":{"@id":"https:\/\/www.visit-ulcinj.com\/blog\/#website"},"primaryImageOfPage":{"@id":"https:\/\/www.visit-ulcinj.com\/blog\/2016\/10\/24\/ferhat-dinosha-ambasadori-pare-malit-te-zi-ne-kosove\/#primaryimage"},"datePublished":"2016-10-24T17:54:37+00:00","dateModified":"2016-10-25T06:31:00+00:00","author":{"@id":"https:\/\/www.visit-ulcinj.com\/blog\/#\/schema\/person\/dcab619c614d3038751c63bc2aadc06d"},"description":"Presidenti i vendit, Hashim Tha\u00e7i, sot ka pranuar kredencialet edhe t\u00eb ambasadorit t\u00eb ri t\u00eb Malit t\u00eb Zi, Ferhat Dinosha. Tha\u00e7i ka shprehur k\u00ebnaq\u00ebsin\u00eb q\u00eb","breadcrumb":{"@id":"https:\/\/www.visit-ulcinj.com\/blog\/2016\/10\/24\/ferhat-dinosha-ambasadori-pare-malit-te-zi-ne-kosove\/#breadcrumb"},"inLanguage":"en-US","potentialAction":[{"@type":"ReadAction","target":["https:\/\/www.visit-ulcinj.com\/blog\/2016\/10\/24\/ferhat-dinosha-ambasadori-pare-malit-te-zi-ne-kosove\/"]}]},{"@type":"BreadcrumbList","@id":"https:\/\/www.visit-ulcinj.com\/blog\/2016\/10\/24\/ferhat-dinosha-ambasadori-pare-malit-te-zi-ne-kosove\/#breadcrumb","itemListElement":[{"@type":"ListItem","position":1,"name":"Ferhat Dinosha ambasadori i par\u00eb i Malit t\u00eb Zi n\u00eb Kosov\u00eb"}]},{"@type":"Person","@id":"https:\/\/www.visit-ulcinj.com\/blog\/#\/schema\/person\/dcab619c614d3038751c63bc2aadc06d","name":"ulqini","sameAs":["http:\/\/www.visit-ulcinj.com"],"url":"https:\/\/www.visit-ulcinj.com\/blog\/author\/admin\/"}]}},"jetpack_featured_media_url":"","jetpack_sharing_enabled":true,"jetpack_shortlink":"https:\/\/wp.me\/pe6lTn-q9N","_links":{"self":[{"href":"https:\/\/www.visit-ulcinj.com\/blog\/wp-json\/wp\/v2\/posts\/100551"}],"collection":[{"href":"https:\/\/www.visit-ulcinj.com\/blog\/wp-json\/wp\/v2\/posts"}],"about":[{"href":"https:\/\/www.visit-ulcinj.com\/blog\/wp-json\/wp\/v2\/types\/post"}],"author":[{"embeddable":true,"href":"https:\/\/www.visit-ulcinj.com\/blog\/wp-json\/wp\/v2\/users\/1"}],"replies":[{"embeddable":true,"href":"https:\/\/www.visit-ulcinj.com\/blog\/wp-json\/wp\/v2\/comments?post=100551"}],"version-history":[{"count":1,"href":"https:\/\/www.visit-ulcinj.com\/blog\/wp-json\/wp\/v2\/posts\/100551\/revisions"}],"predecessor-version":[{"id":100553,"href":"https:\/\/www.visit-ulcinj.com\/blog\/wp-json\/wp\/v2\/posts\/100551\/revisions\/100553"}],"wp:attachment":[{"href":"https:\/\/www.visit-ulcinj.com\/blog\/wp-json\/wp\/v2\/media?parent=100551"}],"wp:term":[{"taxonomy":"category","embeddable":true,"href":"https:\/\/www.visit-ulcinj.com\/blog\/wp-json\/wp\/v2\/categories?post=100551"},{"taxonomy":"post_tag","embeddable":true,"href":"https:\/\/www.visit-ulcinj.com\/blog\/wp-json\/wp\/v2\/tags?post=100551"}],"curies":[{"name":"wp","href":"https:\/\/api.w.org\/{rel}","templated":true}]}}