{"id":100557,"date":"2016-10-25T07:12:36","date_gmt":"2016-10-25T06:12:36","guid":{"rendered":"http:\/\/www.visit-ulcinj.com\/blog\/?p=100557"},"modified":"2016-10-25T18:14:44","modified_gmt":"2016-10-25T17:14:44","slug":"presidenti-obama-mbeshtet-shqiptaren-suzanna-shkreli-nga-ulqini","status":"publish","type":"post","link":"https:\/\/www.visit-ulcinj.com\/blog\/2016\/10\/25\/presidenti-obama-mbeshtet-shqiptaren-suzanna-shkreli-nga-ulqini\/","title":{"rendered":"Presidenti Obama mb\u00ebshtet shqiptaren Suzanna Shkreli nga Ulqini"},"content":{"rendered":"<p><span class=\"arial14 \"><strong><a href=\"http:\/\/www.visit-ulcinj.com\/blog\/wp-content\/uploads\/2016\/10\/Suzanna-Shkreli.jpg\"><img loading=\"lazy\" class=\"alignleft wp-image-100558\" src=\"http:\/\/www.visit-ulcinj.com\/blog\/wp-content\/uploads\/2016\/10\/Suzanna-Shkreli.jpg\" alt=\"Suzanna Shkreli\" width=\"508\" height=\"265\" \/><\/a>Suzana Shkreli, kandidatura shqiptare p\u00ebr Kongresin n\u00eb Shtetet e Bashkuara duket se po realizon \u00ebndrr\u00ebn amerikane. Asistente-prokurorja Shkreli ka marr\u00eb mb\u00ebshtetjen e Presidentit Barack Obama nd\u00ebrsa kandidon p\u00ebr postin e p\u00ebrfaq\u00ebsimit t\u00eb zon\u00ebs s\u00eb Mi\u00e7iganit n\u00eb Kongres.<\/strong><\/span><\/p>\n<p><span class=\"arial14 linkszi \">E para shqiptaro-amerikane q\u00eb kandidon p\u00ebr nj\u00eb post t\u00eb till\u00eb, ajo u p\u00ebrshkrua nga shefi i Sht\u00ebpis\u00eb s\u00eb Bardh\u00eb si nj\u00eb lidere e fort\u00eb dhe e zgjuar.<\/span><\/p>\n<p>\u201cJam krenar t\u00eb mb\u00ebshtes Suzana Shkrelin. Ajo ka aft\u00ebsin\u00eb p\u00ebr t\u00eb mbrojtur sigurimet shoq\u00ebrore dhe \u2018Medicare\u2019. Ndaj n\u00eb Kongres ajo do t\u00eb jet\u00eb lloji i lideres q\u00eb ne kemi nevoj\u00eb p\u00ebr t\u00eb krijuar nj\u00eb vend m\u00eb t\u00eb fort\u00eb, me t\u00eb drejt\u00eb dhe m\u00eb t\u00eb ndersh\u00ebm p\u00ebr t\u00eb gjitha familjet pun\u00ebtore. T\u00eb gjith\u00eb qytetar\u00ebt e Mi\u00e7igan duhet t\u00eb besojn\u00eb tek Suzanna Shkreli\u201d, deklaroi Obama.<\/p>\n<p>Obama gjithashtu shprehu besim se Shkreli do t\u00eb luftoj\u00eb p\u00ebr t\u00eb mbrojtur t\u00eb drejt\u00ebn e gruas p\u00ebr t\u00eb zgjedhur, dhe nj\u00ebher\u00ebsh do t\u2019i jap\u00eb fund barr\u00ebs d\u00ebrrmuese t\u00eb kredive studentore.<\/p>\n<p>Suzana Shkreli u shpreh se ndihej m\u00eb shum\u00eb se e nderuar nga kjo mb\u00ebshtetje q\u00eb ka marr\u00eb, dhe se Obama i ka dh\u00ebn\u00eb zem\u00ebr. Si demokrate , ajo shpreson t\u00eb mund\u00eb republikanin Mike Bishop. Edhe pse fronti republikan prej vitesh ka dominuar n\u00eb Mi\u00e7igan analist\u00ebt thon\u00eb se n\u00eb p\u00ebrgjith\u00ebsi fushata e Donald Trump mund t\u00eb ndikoj\u00eb jo vet\u00ebm n\u00eb zgjedhjet presidenciale.<\/p>\n<p>\u201cPrishja e imazhit\u201d prej tij mund t\u00eb sjell\u00eb fitoren e p\u00ebrfaq\u00ebsueses demokrate shqiptaro-amerikane Suzana Shkreli.<\/p>\n<p><strong>\u00a9 The Albanian<\/strong><\/p>\n<p><iframe loading=\"lazy\" src=\"https:\/\/www.facebook.com\/plugins\/video.php?href=https%3A%2F%2Fwww.facebook.com%2FUSALBANIAN%2Fvideos%2F670479806467370%2F&#038;show_text=0&#038;width=508\" width=\"508\" height=\"315\" style=\"border:none;overflow:hidden\" scrolling=\"no\" frameborder=\"0\" allowTransparency=\"true\" allowFullScreen=\"true\"><\/iframe><\/p>\n","protected":false},"excerpt":{"rendered":"<p>Suzana Shkreli, kandidatura shqiptare p\u00ebr Kongresin n\u00eb Shtetet e Bashkuara duket se po realizon \u00ebndrr\u00ebn amerikane. Asistente-prokurorja Shkreli ka marr\u00eb mb\u00ebshtetjen e Presidentit Barack Obama nd\u00ebrsa kandidon p\u00ebr postin e p\u00ebrfaq\u00ebsimit t\u00eb zon\u00ebs s\u00eb Mi\u00e7iganit n\u00eb Kongres. E para shqiptaro-amerikane q\u00eb kandidon p\u00ebr nj\u00eb post t\u00eb till\u00eb, ajo u p\u00ebrshkrua nga shefi i Sht\u00ebpis\u00eb s\u00eb [&hellip;]<\/p>\n","protected":false},"author":1,"featured_media":0,"comment_status":"closed","ping_status":"closed","sticky":false,"template":"","format":"standard","meta":{"spay_email":"","jetpack_publicize_message":"","jetpack_is_tweetstorm":false,"jetpack_publicize_feature_enabled":true},"categories":[7,1],"tags":[],"jetpack_publicize_connections":[],"yoast_head":"<!-- This site is optimized with the Yoast SEO plugin v19.1 - https:\/\/yoast.com\/wordpress\/plugins\/seo\/ -->\n<title>Presidenti Obama mb\u00ebshtet shqiptaren Suzanna Shkreli nga Ulqini - Lajme nga Ulqini<\/title>\n<meta name=\"description\" content=\"Suzana Shkreli, kandidatura shqiptare p\u00ebr Kongresin n\u00eb Shtetet e Bashkuara duket se po realizon \u00ebndrr\u00ebn amerikane. Asistente-prokurorja Shkreli ka marr\u00eb\" \/>\n<meta name=\"robots\" content=\"index, follow, max-snippet:-1, max-image-preview:large, max-video-preview:-1\" \/>\n<link rel=\"canonical\" href=\"https:\/\/www.visit-ulcinj.com\/blog\/2016\/10\/25\/presidenti-obama-mbeshtet-shqiptaren-suzanna-shkreli-nga-ulqini\/\" \/>\n<meta property=\"og:locale\" content=\"en_US\" \/>\n<meta property=\"og:type\" content=\"article\" \/>\n<meta property=\"og:title\" content=\"Presidenti Obama mb\u00ebshtet shqiptaren Suzanna Shkreli nga Ulqini - Lajme nga Ulqini\" \/>\n<meta property=\"og:description\" content=\"Suzana Shkreli, kandidatura shqiptare p\u00ebr Kongresin n\u00eb Shtetet e Bashkuara duket se po realizon \u00ebndrr\u00ebn amerikane. Asistente-prokurorja Shkreli ka marr\u00eb\" \/>\n<meta property=\"og:url\" content=\"https:\/\/www.visit-ulcinj.com\/blog\/2016\/10\/25\/presidenti-obama-mbeshtet-shqiptaren-suzanna-shkreli-nga-ulqini\/\" \/>\n<meta property=\"og:site_name\" content=\"Lajme nga Ulqini\" \/>\n<meta property=\"article:published_time\" content=\"2016-10-25T06:12:36+00:00\" \/>\n<meta property=\"article:modified_time\" content=\"2016-10-25T17:14:44+00:00\" \/>\n<meta property=\"og:image\" content=\"http:\/\/www.visit-ulcinj.com\/blog\/wp-content\/uploads\/2016\/10\/Suzanna-Shkreli.jpg\" \/>\n<meta name=\"twitter:label1\" content=\"Written by\" \/>\n\t<meta name=\"twitter:data1\" content=\"ulqini\" \/>\n\t<meta name=\"twitter:label2\" content=\"Est. reading time\" \/>\n\t<meta name=\"twitter:data2\" content=\"1 minute\" \/>\n<script type=\"application\/ld+json\" class=\"yoast-schema-graph\">{\"@context\":\"https:\/\/schema.org\",\"@graph\":[{\"@type\":\"WebSite\",\"@id\":\"https:\/\/www.visit-ulcinj.com\/blog\/#website\",\"url\":\"https:\/\/www.visit-ulcinj.com\/blog\/\",\"name\":\"Lajme nga Ulqini\",\"description\":\"Lajme,Vijesti,Ulqini,Ulqin,Crna Gora,Mali i Zi\",\"potentialAction\":[{\"@type\":\"SearchAction\",\"target\":{\"@type\":\"EntryPoint\",\"urlTemplate\":\"https:\/\/www.visit-ulcinj.com\/blog\/?s={search_term_string}\"},\"query-input\":\"required name=search_term_string\"}],\"inLanguage\":\"en-US\"},{\"@type\":\"ImageObject\",\"inLanguage\":\"en-US\",\"@id\":\"https:\/\/www.visit-ulcinj.com\/blog\/2016\/10\/25\/presidenti-obama-mbeshtet-shqiptaren-suzanna-shkreli-nga-ulqini\/#primaryimage\",\"url\":\"http:\/\/www.visit-ulcinj.com\/blog\/wp-content\/uploads\/2016\/10\/Suzanna-Shkreli.jpg\",\"contentUrl\":\"http:\/\/www.visit-ulcinj.com\/blog\/wp-content\/uploads\/2016\/10\/Suzanna-Shkreli.jpg\"},{\"@type\":\"WebPage\",\"@id\":\"https:\/\/www.visit-ulcinj.com\/blog\/2016\/10\/25\/presidenti-obama-mbeshtet-shqiptaren-suzanna-shkreli-nga-ulqini\/#webpage\",\"url\":\"https:\/\/www.visit-ulcinj.com\/blog\/2016\/10\/25\/presidenti-obama-mbeshtet-shqiptaren-suzanna-shkreli-nga-ulqini\/\",\"name\":\"Presidenti Obama mb\u00ebshtet shqiptaren Suzanna Shkreli nga Ulqini - Lajme nga Ulqini\",\"isPartOf\":{\"@id\":\"https:\/\/www.visit-ulcinj.com\/blog\/#website\"},\"primaryImageOfPage\":{\"@id\":\"https:\/\/www.visit-ulcinj.com\/blog\/2016\/10\/25\/presidenti-obama-mbeshtet-shqiptaren-suzanna-shkreli-nga-ulqini\/#primaryimage\"},\"datePublished\":\"2016-10-25T06:12:36+00:00\",\"dateModified\":\"2016-10-25T17:14:44+00:00\",\"author\":{\"@id\":\"https:\/\/www.visit-ulcinj.com\/blog\/#\/schema\/person\/dcab619c614d3038751c63bc2aadc06d\"},\"description\":\"Suzana Shkreli, kandidatura shqiptare p\u00ebr Kongresin n\u00eb Shtetet e Bashkuara duket se po realizon \u00ebndrr\u00ebn amerikane. Asistente-prokurorja Shkreli ka marr\u00eb\",\"breadcrumb\":{\"@id\":\"https:\/\/www.visit-ulcinj.com\/blog\/2016\/10\/25\/presidenti-obama-mbeshtet-shqiptaren-suzanna-shkreli-nga-ulqini\/#breadcrumb\"},\"inLanguage\":\"en-US\",\"potentialAction\":[{\"@type\":\"ReadAction\",\"target\":[\"https:\/\/www.visit-ulcinj.com\/blog\/2016\/10\/25\/presidenti-obama-mbeshtet-shqiptaren-suzanna-shkreli-nga-ulqini\/\"]}]},{\"@type\":\"BreadcrumbList\",\"@id\":\"https:\/\/www.visit-ulcinj.com\/blog\/2016\/10\/25\/presidenti-obama-mbeshtet-shqiptaren-suzanna-shkreli-nga-ulqini\/#breadcrumb\",\"itemListElement\":[{\"@type\":\"ListItem\",\"position\":1,\"name\":\"Presidenti Obama mb\u00ebshtet shqiptaren Suzanna Shkreli nga Ulqini\"}]},{\"@type\":\"Person\",\"@id\":\"https:\/\/www.visit-ulcinj.com\/blog\/#\/schema\/person\/dcab619c614d3038751c63bc2aadc06d\",\"name\":\"ulqini\",\"sameAs\":[\"http:\/\/www.visit-ulcinj.com\"],\"url\":\"https:\/\/www.visit-ulcinj.com\/blog\/author\/admin\/\"}]}<\/script>\n<!-- \/ Yoast SEO plugin. -->","yoast_head_json":{"title":"Presidenti Obama mb\u00ebshtet shqiptaren Suzanna Shkreli nga Ulqini - Lajme nga Ulqini","description":"Suzana Shkreli, kandidatura shqiptare p\u00ebr Kongresin n\u00eb Shtetet e Bashkuara duket se po realizon \u00ebndrr\u00ebn amerikane. Asistente-prokurorja Shkreli ka marr\u00eb","robots":{"index":"index","follow":"follow","max-snippet":"max-snippet:-1","max-image-preview":"max-image-preview:large","max-video-preview":"max-video-preview:-1"},"canonical":"https:\/\/www.visit-ulcinj.com\/blog\/2016\/10\/25\/presidenti-obama-mbeshtet-shqiptaren-suzanna-shkreli-nga-ulqini\/","og_locale":"en_US","og_type":"article","og_title":"Presidenti Obama mb\u00ebshtet shqiptaren Suzanna Shkreli nga Ulqini - Lajme nga Ulqini","og_description":"Suzana Shkreli, kandidatura shqiptare p\u00ebr Kongresin n\u00eb Shtetet e Bashkuara duket se po realizon \u00ebndrr\u00ebn amerikane. Asistente-prokurorja Shkreli ka marr\u00eb","og_url":"https:\/\/www.visit-ulcinj.com\/blog\/2016\/10\/25\/presidenti-obama-mbeshtet-shqiptaren-suzanna-shkreli-nga-ulqini\/","og_site_name":"Lajme nga Ulqini","article_published_time":"2016-10-25T06:12:36+00:00","article_modified_time":"2016-10-25T17:14:44+00:00","og_image":[{"url":"http:\/\/www.visit-ulcinj.com\/blog\/wp-content\/uploads\/2016\/10\/Suzanna-Shkreli.jpg"}],"twitter_misc":{"Written by":"ulqini","Est. reading time":"1 minute"},"schema":{"@context":"https:\/\/schema.org","@graph":[{"@type":"WebSite","@id":"https:\/\/www.visit-ulcinj.com\/blog\/#website","url":"https:\/\/www.visit-ulcinj.com\/blog\/","name":"Lajme nga Ulqini","description":"Lajme,Vijesti,Ulqini,Ulqin,Crna Gora,Mali i Zi","potentialAction":[{"@type":"SearchAction","target":{"@type":"EntryPoint","urlTemplate":"https:\/\/www.visit-ulcinj.com\/blog\/?s={search_term_string}"},"query-input":"required name=search_term_string"}],"inLanguage":"en-US"},{"@type":"ImageObject","inLanguage":"en-US","@id":"https:\/\/www.visit-ulcinj.com\/blog\/2016\/10\/25\/presidenti-obama-mbeshtet-shqiptaren-suzanna-shkreli-nga-ulqini\/#primaryimage","url":"http:\/\/www.visit-ulcinj.com\/blog\/wp-content\/uploads\/2016\/10\/Suzanna-Shkreli.jpg","contentUrl":"http:\/\/www.visit-ulcinj.com\/blog\/wp-content\/uploads\/2016\/10\/Suzanna-Shkreli.jpg"},{"@type":"WebPage","@id":"https:\/\/www.visit-ulcinj.com\/blog\/2016\/10\/25\/presidenti-obama-mbeshtet-shqiptaren-suzanna-shkreli-nga-ulqini\/#webpage","url":"https:\/\/www.visit-ulcinj.com\/blog\/2016\/10\/25\/presidenti-obama-mbeshtet-shqiptaren-suzanna-shkreli-nga-ulqini\/","name":"Presidenti Obama mb\u00ebshtet shqiptaren Suzanna Shkreli nga Ulqini - Lajme nga Ulqini","isPartOf":{"@id":"https:\/\/www.visit-ulcinj.com\/blog\/#website"},"primaryImageOfPage":{"@id":"https:\/\/www.visit-ulcinj.com\/blog\/2016\/10\/25\/presidenti-obama-mbeshtet-shqiptaren-suzanna-shkreli-nga-ulqini\/#primaryimage"},"datePublished":"2016-10-25T06:12:36+00:00","dateModified":"2016-10-25T17:14:44+00:00","author":{"@id":"https:\/\/www.visit-ulcinj.com\/blog\/#\/schema\/person\/dcab619c614d3038751c63bc2aadc06d"},"description":"Suzana Shkreli, kandidatura shqiptare p\u00ebr Kongresin n\u00eb Shtetet e Bashkuara duket se po realizon \u00ebndrr\u00ebn amerikane. Asistente-prokurorja Shkreli ka marr\u00eb","breadcrumb":{"@id":"https:\/\/www.visit-ulcinj.com\/blog\/2016\/10\/25\/presidenti-obama-mbeshtet-shqiptaren-suzanna-shkreli-nga-ulqini\/#breadcrumb"},"inLanguage":"en-US","potentialAction":[{"@type":"ReadAction","target":["https:\/\/www.visit-ulcinj.com\/blog\/2016\/10\/25\/presidenti-obama-mbeshtet-shqiptaren-suzanna-shkreli-nga-ulqini\/"]}]},{"@type":"BreadcrumbList","@id":"https:\/\/www.visit-ulcinj.com\/blog\/2016\/10\/25\/presidenti-obama-mbeshtet-shqiptaren-suzanna-shkreli-nga-ulqini\/#breadcrumb","itemListElement":[{"@type":"ListItem","position":1,"name":"Presidenti Obama mb\u00ebshtet shqiptaren Suzanna Shkreli nga Ulqini"}]},{"@type":"Person","@id":"https:\/\/www.visit-ulcinj.com\/blog\/#\/schema\/person\/dcab619c614d3038751c63bc2aadc06d","name":"ulqini","sameAs":["http:\/\/www.visit-ulcinj.com"],"url":"https:\/\/www.visit-ulcinj.com\/blog\/author\/admin\/"}]}},"jetpack_featured_media_url":"","jetpack_sharing_enabled":true,"jetpack_shortlink":"https:\/\/wp.me\/pe6lTn-q9T","_links":{"self":[{"href":"https:\/\/www.visit-ulcinj.com\/blog\/wp-json\/wp\/v2\/posts\/100557"}],"collection":[{"href":"https:\/\/www.visit-ulcinj.com\/blog\/wp-json\/wp\/v2\/posts"}],"about":[{"href":"https:\/\/www.visit-ulcinj.com\/blog\/wp-json\/wp\/v2\/types\/post"}],"author":[{"embeddable":true,"href":"https:\/\/www.visit-ulcinj.com\/blog\/wp-json\/wp\/v2\/users\/1"}],"replies":[{"embeddable":true,"href":"https:\/\/www.visit-ulcinj.com\/blog\/wp-json\/wp\/v2\/comments?post=100557"}],"version-history":[{"count":3,"href":"https:\/\/www.visit-ulcinj.com\/blog\/wp-json\/wp\/v2\/posts\/100557\/revisions"}],"predecessor-version":[{"id":100580,"href":"https:\/\/www.visit-ulcinj.com\/blog\/wp-json\/wp\/v2\/posts\/100557\/revisions\/100580"}],"wp:attachment":[{"href":"https:\/\/www.visit-ulcinj.com\/blog\/wp-json\/wp\/v2\/media?parent=100557"}],"wp:term":[{"taxonomy":"category","embeddable":true,"href":"https:\/\/www.visit-ulcinj.com\/blog\/wp-json\/wp\/v2\/categories?post=100557"},{"taxonomy":"post_tag","embeddable":true,"href":"https:\/\/www.visit-ulcinj.com\/blog\/wp-json\/wp\/v2\/tags?post=100557"}],"curies":[{"name":"wp","href":"https:\/\/api.w.org\/{rel}","templated":true}]}}