{"id":100561,"date":"2016-10-25T07:27:04","date_gmt":"2016-10-25T06:27:04","guid":{"rendered":"http:\/\/www.visit-ulcinj.com\/blog\/?p=100561"},"modified":"2016-10-25T07:27:04","modified_gmt":"2016-10-25T06:27:04","slug":"albanci-odlucno-narednih-dana-zajednicka-platforma","status":"publish","type":"post","link":"https:\/\/www.visit-ulcinj.com\/blog\/2016\/10\/25\/albanci-odlucno-narednih-dana-zajednicka-platforma\/","title":{"rendered":"Albanci odlu\u010dno: Narednih dana zajedni\u010dka platforma"},"content":{"rendered":"<p><strong><a href=\"http:\/\/www.visit-ulcinj.com\/blog\/wp-content\/uploads\/2016\/10\/Takimi-i-perfaqesuesve-politik-te-pakicave-ne-Male-te-Zi.jpg\"><img loading=\"lazy\" class=\"alignleft wp-image-100555\" src=\"http:\/\/www.visit-ulcinj.com\/blog\/wp-content\/uploads\/2016\/10\/Takimi-i-perfaqesuesve-politik-te-pakicave-ne-Male-te-Zi.jpg\" alt=\"Takimi i perfaqesuesve politik te pakicave ne Male te Zi\" width=\"508\" height=\"243\" srcset=\"https:\/\/www.visit-ulcinj.com\/blog\/wp-content\/uploads\/2016\/10\/Takimi-i-perfaqesuesve-politik-te-pakicave-ne-Male-te-Zi.jpg 702w, https:\/\/www.visit-ulcinj.com\/blog\/wp-content\/uploads\/2016\/10\/Takimi-i-perfaqesuesve-politik-te-pakicave-ne-Male-te-Zi-300x144.jpg 300w\" sizes=\"(max-width: 508px) 100vw, 508px\" \/><\/a>Predstavnici partija manjinskih naroda: koalicije \u201eAlbanci odlu\u010dno\u201c, Bo\u0161nja\u010dke stranke i Hrvatske gra\u0111anske inicijative razgovarali su ve\u010deras, u prostorijama Bo\u0161nja\u010dke stranke, o zajedni\u010dkoj platformi koja \u0107e sadr\u017eavati politi\u010dke zahtjeve, u skladu sa njihovim partijskim programima i principima.<\/strong><\/p>\n<p>&#8220;Na sastanku je dogovoreno formiranje zajedni\u010dke Radne grupe koja \u0107e, narednih dana, raditi na zajedni\u010dkoj platformi manjinskih partija u Crnoj Gori. Ujedno sa Platformom, svaka od partija ili koalicija \u0107e raditi i na definisanju posebnih dokumenata u kojima \u0107e biti navedeni specifi\u010dni politi\u010dki zahtjevi, kao sastavni dio ovog procesa. Tek nakon definisanja ovih zajedni\u010dkih i posebnih dokumenata, predstavnici partija \u0107e krenuti u proces pregovaranja oko skup\u0161tinske ve\u0107ine&#8221;, navodi se u kratkom saop\u0161tenju dostavljenom na\u0161em portalu nakon sastanka.<\/p>\n<p>Na sastanku su, u ime Bo\u0161nja\u010dke stranke, u\u010destvovali potpredsjednici Osman Nurkovi\u0107 i Kemal Puri\u0161i\u0107, kao i politi\u010dki direktor Suljo Mustafi\u0107 i budu\u0107i poslanik Ervin Ibrahimovi\u0107. Koaliciju \u201eAlbanci odlu\u010dno\u201c predstavljali su Nazif Cungu i Genci Nimanbegu, predsjednik i potpredsjednik Force, Gjergj \u00a0Camaj, predsjednik Albanske alternative i Mehmet Zenka, predsjednik DUA. Hrvatsku gra\u0111ansku inicijativu zastupali su Marija Vu\u010dinovi\u0107, predsjednica HGI i Adrijan Vuksanovi\u0107, budu\u0107i poslanik ove partije.<\/p>\n<p>TVCG<\/p>\n","protected":false},"excerpt":{"rendered":"<p>Predstavnici partija manjinskih naroda: koalicije \u201eAlbanci odlu\u010dno\u201c, Bo\u0161nja\u010dke stranke i Hrvatske gra\u0111anske inicijative razgovarali su ve\u010deras, u prostorijama Bo\u0161nja\u010dke stranke, o zajedni\u010dkoj platformi koja \u0107e sadr\u017eavati politi\u010dke zahtjeve, u skladu sa njihovim partijskim programima i principima. &#8220;Na sastanku je dogovoreno formiranje zajedni\u010dke Radne grupe koja \u0107e, narednih dana, raditi na zajedni\u010dkoj platformi manjinskih partija u [&hellip;]<\/p>\n","protected":false},"author":1,"featured_media":0,"comment_status":"closed","ping_status":"closed","sticky":false,"template":"","format":"standard","meta":{"spay_email":"","jetpack_publicize_message":"","jetpack_is_tweetstorm":false,"jetpack_publicize_feature_enabled":true},"categories":[8337],"tags":[],"jetpack_publicize_connections":[],"yoast_head":"<!-- This site is optimized with the Yoast SEO plugin v19.1 - https:\/\/yoast.com\/wordpress\/plugins\/seo\/ -->\n<title>Albanci odlu\u010dno: Narednih dana zajedni\u010dka platforma - Lajme nga Ulqini<\/title>\n<meta name=\"description\" content=\"Predstavnici partija manjinskih naroda: koalicije \u201eAlbanci odlu\u010dno\u201c, Bo\u0161nja\u010dke stranke i Hrvatske gra\u0111anske inicijative razgovarali su ve\u010deras, u\" \/>\n<meta name=\"robots\" content=\"index, follow, max-snippet:-1, max-image-preview:large, max-video-preview:-1\" \/>\n<link rel=\"canonical\" href=\"https:\/\/www.visit-ulcinj.com\/blog\/2016\/10\/25\/albanci-odlucno-narednih-dana-zajednicka-platforma\/\" \/>\n<meta property=\"og:locale\" content=\"en_US\" \/>\n<meta property=\"og:type\" content=\"article\" \/>\n<meta property=\"og:title\" content=\"Albanci odlu\u010dno: Narednih dana zajedni\u010dka platforma - Lajme nga Ulqini\" \/>\n<meta property=\"og:description\" content=\"Predstavnici partija manjinskih naroda: koalicije \u201eAlbanci odlu\u010dno\u201c, Bo\u0161nja\u010dke stranke i Hrvatske gra\u0111anske inicijative razgovarali su ve\u010deras, u\" \/>\n<meta property=\"og:url\" content=\"https:\/\/www.visit-ulcinj.com\/blog\/2016\/10\/25\/albanci-odlucno-narednih-dana-zajednicka-platforma\/\" \/>\n<meta property=\"og:site_name\" content=\"Lajme nga Ulqini\" \/>\n<meta property=\"article:published_time\" content=\"2016-10-25T06:27:04+00:00\" \/>\n<meta property=\"og:image\" content=\"http:\/\/www.visit-ulcinj.com\/blog\/wp-content\/uploads\/2016\/10\/Takimi-i-perfaqesuesve-politik-te-pakicave-ne-Male-te-Zi.jpg\" \/>\n<meta name=\"twitter:label1\" content=\"Written by\" \/>\n\t<meta name=\"twitter:data1\" content=\"ulqini\" \/>\n\t<meta name=\"twitter:label2\" content=\"Est. reading time\" \/>\n\t<meta name=\"twitter:data2\" content=\"1 minute\" \/>\n<script type=\"application\/ld+json\" class=\"yoast-schema-graph\">{\"@context\":\"https:\/\/schema.org\",\"@graph\":[{\"@type\":\"WebSite\",\"@id\":\"https:\/\/www.visit-ulcinj.com\/blog\/#website\",\"url\":\"https:\/\/www.visit-ulcinj.com\/blog\/\",\"name\":\"Lajme nga Ulqini\",\"description\":\"Lajme,Vijesti,Ulqini,Ulqin,Crna Gora,Mali i Zi\",\"potentialAction\":[{\"@type\":\"SearchAction\",\"target\":{\"@type\":\"EntryPoint\",\"urlTemplate\":\"https:\/\/www.visit-ulcinj.com\/blog\/?s={search_term_string}\"},\"query-input\":\"required name=search_term_string\"}],\"inLanguage\":\"en-US\"},{\"@type\":\"ImageObject\",\"inLanguage\":\"en-US\",\"@id\":\"https:\/\/www.visit-ulcinj.com\/blog\/2016\/10\/25\/albanci-odlucno-narednih-dana-zajednicka-platforma\/#primaryimage\",\"url\":\"https:\/\/www.visit-ulcinj.com\/blog\/wp-content\/uploads\/2016\/10\/Takimi-i-perfaqesuesve-politik-te-pakicave-ne-Male-te-Zi.jpg\",\"contentUrl\":\"https:\/\/www.visit-ulcinj.com\/blog\/wp-content\/uploads\/2016\/10\/Takimi-i-perfaqesuesve-politik-te-pakicave-ne-Male-te-Zi.jpg\",\"width\":702,\"height\":336},{\"@type\":\"WebPage\",\"@id\":\"https:\/\/www.visit-ulcinj.com\/blog\/2016\/10\/25\/albanci-odlucno-narednih-dana-zajednicka-platforma\/#webpage\",\"url\":\"https:\/\/www.visit-ulcinj.com\/blog\/2016\/10\/25\/albanci-odlucno-narednih-dana-zajednicka-platforma\/\",\"name\":\"Albanci odlu\u010dno: Narednih dana zajedni\u010dka platforma - Lajme nga Ulqini\",\"isPartOf\":{\"@id\":\"https:\/\/www.visit-ulcinj.com\/blog\/#website\"},\"primaryImageOfPage\":{\"@id\":\"https:\/\/www.visit-ulcinj.com\/blog\/2016\/10\/25\/albanci-odlucno-narednih-dana-zajednicka-platforma\/#primaryimage\"},\"datePublished\":\"2016-10-25T06:27:04+00:00\",\"dateModified\":\"2016-10-25T06:27:04+00:00\",\"author\":{\"@id\":\"https:\/\/www.visit-ulcinj.com\/blog\/#\/schema\/person\/dcab619c614d3038751c63bc2aadc06d\"},\"description\":\"Predstavnici partija manjinskih naroda: koalicije \u201eAlbanci odlu\u010dno\u201c, Bo\u0161nja\u010dke stranke i Hrvatske gra\u0111anske inicijative razgovarali su ve\u010deras, u\",\"breadcrumb\":{\"@id\":\"https:\/\/www.visit-ulcinj.com\/blog\/2016\/10\/25\/albanci-odlucno-narednih-dana-zajednicka-platforma\/#breadcrumb\"},\"inLanguage\":\"en-US\",\"potentialAction\":[{\"@type\":\"ReadAction\",\"target\":[\"https:\/\/www.visit-ulcinj.com\/blog\/2016\/10\/25\/albanci-odlucno-narednih-dana-zajednicka-platforma\/\"]}]},{\"@type\":\"BreadcrumbList\",\"@id\":\"https:\/\/www.visit-ulcinj.com\/blog\/2016\/10\/25\/albanci-odlucno-narednih-dana-zajednicka-platforma\/#breadcrumb\",\"itemListElement\":[{\"@type\":\"ListItem\",\"position\":1,\"name\":\"Albanci odlu\u010dno: Narednih dana zajedni\u010dka platforma\"}]},{\"@type\":\"Person\",\"@id\":\"https:\/\/www.visit-ulcinj.com\/blog\/#\/schema\/person\/dcab619c614d3038751c63bc2aadc06d\",\"name\":\"ulqini\",\"sameAs\":[\"http:\/\/www.visit-ulcinj.com\"],\"url\":\"https:\/\/www.visit-ulcinj.com\/blog\/author\/admin\/\"}]}<\/script>\n<!-- \/ Yoast SEO plugin. -->","yoast_head_json":{"title":"Albanci odlu\u010dno: Narednih dana zajedni\u010dka platforma - Lajme nga Ulqini","description":"Predstavnici partija manjinskih naroda: koalicije \u201eAlbanci odlu\u010dno\u201c, Bo\u0161nja\u010dke stranke i Hrvatske gra\u0111anske inicijative razgovarali su ve\u010deras, u","robots":{"index":"index","follow":"follow","max-snippet":"max-snippet:-1","max-image-preview":"max-image-preview:large","max-video-preview":"max-video-preview:-1"},"canonical":"https:\/\/www.visit-ulcinj.com\/blog\/2016\/10\/25\/albanci-odlucno-narednih-dana-zajednicka-platforma\/","og_locale":"en_US","og_type":"article","og_title":"Albanci odlu\u010dno: Narednih dana zajedni\u010dka platforma - Lajme nga Ulqini","og_description":"Predstavnici partija manjinskih naroda: koalicije \u201eAlbanci odlu\u010dno\u201c, Bo\u0161nja\u010dke stranke i Hrvatske gra\u0111anske inicijative razgovarali su ve\u010deras, u","og_url":"https:\/\/www.visit-ulcinj.com\/blog\/2016\/10\/25\/albanci-odlucno-narednih-dana-zajednicka-platforma\/","og_site_name":"Lajme nga Ulqini","article_published_time":"2016-10-25T06:27:04+00:00","og_image":[{"url":"http:\/\/www.visit-ulcinj.com\/blog\/wp-content\/uploads\/2016\/10\/Takimi-i-perfaqesuesve-politik-te-pakicave-ne-Male-te-Zi.jpg"}],"twitter_misc":{"Written by":"ulqini","Est. reading time":"1 minute"},"schema":{"@context":"https:\/\/schema.org","@graph":[{"@type":"WebSite","@id":"https:\/\/www.visit-ulcinj.com\/blog\/#website","url":"https:\/\/www.visit-ulcinj.com\/blog\/","name":"Lajme nga Ulqini","description":"Lajme,Vijesti,Ulqini,Ulqin,Crna Gora,Mali i Zi","potentialAction":[{"@type":"SearchAction","target":{"@type":"EntryPoint","urlTemplate":"https:\/\/www.visit-ulcinj.com\/blog\/?s={search_term_string}"},"query-input":"required name=search_term_string"}],"inLanguage":"en-US"},{"@type":"ImageObject","inLanguage":"en-US","@id":"https:\/\/www.visit-ulcinj.com\/blog\/2016\/10\/25\/albanci-odlucno-narednih-dana-zajednicka-platforma\/#primaryimage","url":"https:\/\/www.visit-ulcinj.com\/blog\/wp-content\/uploads\/2016\/10\/Takimi-i-perfaqesuesve-politik-te-pakicave-ne-Male-te-Zi.jpg","contentUrl":"https:\/\/www.visit-ulcinj.com\/blog\/wp-content\/uploads\/2016\/10\/Takimi-i-perfaqesuesve-politik-te-pakicave-ne-Male-te-Zi.jpg","width":702,"height":336},{"@type":"WebPage","@id":"https:\/\/www.visit-ulcinj.com\/blog\/2016\/10\/25\/albanci-odlucno-narednih-dana-zajednicka-platforma\/#webpage","url":"https:\/\/www.visit-ulcinj.com\/blog\/2016\/10\/25\/albanci-odlucno-narednih-dana-zajednicka-platforma\/","name":"Albanci odlu\u010dno: Narednih dana zajedni\u010dka platforma - Lajme nga Ulqini","isPartOf":{"@id":"https:\/\/www.visit-ulcinj.com\/blog\/#website"},"primaryImageOfPage":{"@id":"https:\/\/www.visit-ulcinj.com\/blog\/2016\/10\/25\/albanci-odlucno-narednih-dana-zajednicka-platforma\/#primaryimage"},"datePublished":"2016-10-25T06:27:04+00:00","dateModified":"2016-10-25T06:27:04+00:00","author":{"@id":"https:\/\/www.visit-ulcinj.com\/blog\/#\/schema\/person\/dcab619c614d3038751c63bc2aadc06d"},"description":"Predstavnici partija manjinskih naroda: koalicije \u201eAlbanci odlu\u010dno\u201c, Bo\u0161nja\u010dke stranke i Hrvatske gra\u0111anske inicijative razgovarali su ve\u010deras, u","breadcrumb":{"@id":"https:\/\/www.visit-ulcinj.com\/blog\/2016\/10\/25\/albanci-odlucno-narednih-dana-zajednicka-platforma\/#breadcrumb"},"inLanguage":"en-US","potentialAction":[{"@type":"ReadAction","target":["https:\/\/www.visit-ulcinj.com\/blog\/2016\/10\/25\/albanci-odlucno-narednih-dana-zajednicka-platforma\/"]}]},{"@type":"BreadcrumbList","@id":"https:\/\/www.visit-ulcinj.com\/blog\/2016\/10\/25\/albanci-odlucno-narednih-dana-zajednicka-platforma\/#breadcrumb","itemListElement":[{"@type":"ListItem","position":1,"name":"Albanci odlu\u010dno: Narednih dana zajedni\u010dka platforma"}]},{"@type":"Person","@id":"https:\/\/www.visit-ulcinj.com\/blog\/#\/schema\/person\/dcab619c614d3038751c63bc2aadc06d","name":"ulqini","sameAs":["http:\/\/www.visit-ulcinj.com"],"url":"https:\/\/www.visit-ulcinj.com\/blog\/author\/admin\/"}]}},"jetpack_featured_media_url":"","jetpack_sharing_enabled":true,"jetpack_shortlink":"https:\/\/wp.me\/pe6lTn-q9X","_links":{"self":[{"href":"https:\/\/www.visit-ulcinj.com\/blog\/wp-json\/wp\/v2\/posts\/100561"}],"collection":[{"href":"https:\/\/www.visit-ulcinj.com\/blog\/wp-json\/wp\/v2\/posts"}],"about":[{"href":"https:\/\/www.visit-ulcinj.com\/blog\/wp-json\/wp\/v2\/types\/post"}],"author":[{"embeddable":true,"href":"https:\/\/www.visit-ulcinj.com\/blog\/wp-json\/wp\/v2\/users\/1"}],"replies":[{"embeddable":true,"href":"https:\/\/www.visit-ulcinj.com\/blog\/wp-json\/wp\/v2\/comments?post=100561"}],"version-history":[{"count":1,"href":"https:\/\/www.visit-ulcinj.com\/blog\/wp-json\/wp\/v2\/posts\/100561\/revisions"}],"predecessor-version":[{"id":100562,"href":"https:\/\/www.visit-ulcinj.com\/blog\/wp-json\/wp\/v2\/posts\/100561\/revisions\/100562"}],"wp:attachment":[{"href":"https:\/\/www.visit-ulcinj.com\/blog\/wp-json\/wp\/v2\/media?parent=100561"}],"wp:term":[{"taxonomy":"category","embeddable":true,"href":"https:\/\/www.visit-ulcinj.com\/blog\/wp-json\/wp\/v2\/categories?post=100561"},{"taxonomy":"post_tag","embeddable":true,"href":"https:\/\/www.visit-ulcinj.com\/blog\/wp-json\/wp\/v2\/tags?post=100561"}],"curies":[{"name":"wp","href":"https:\/\/api.w.org\/{rel}","templated":true}]}}