{"id":100572,"date":"2016-10-25T15:14:02","date_gmt":"2016-10-25T14:14:02","guid":{"rendered":"http:\/\/www.visit-ulcinj.com\/blog\/?p=100572"},"modified":"2016-10-25T21:50:58","modified_gmt":"2016-10-25T20:50:58","slug":"karamanaga-materniteti-ulqinit-te-jete-pjese-e-bisedimeve-per-qeveri","status":"publish","type":"post","link":"https:\/\/www.visit-ulcinj.com\/blog\/2016\/10\/25\/karamanaga-materniteti-ulqinit-te-jete-pjese-e-bisedimeve-per-qeveri\/","title":{"rendered":"Karamanaga: Materniteti i Ulqinit t\u00eb jet\u00eb pjes\u00eb e bisedimeve p\u00ebr qeveri"},"content":{"rendered":"<div id=\"attachment_2372\" style=\"width: 518px\" class=\"wp-caption alignleft\"><a href=\"http:\/\/www.visit-ulcinj.com\/blog\/wp-content\/uploads\/2008\/08\/1544997066_70d2f0c324.jpg\"><img aria-describedby=\"caption-attachment-2372\" loading=\"lazy\" class=\"wp-image-2372\" src=\"http:\/\/www.visit-ulcinj.com\/blog\/wp-content\/uploads\/2008\/08\/1544997066_70d2f0c324.jpg\" alt=\"Dr.Gani Karamanaga\" width=\"508\" height=\"351\" srcset=\"https:\/\/www.visit-ulcinj.com\/blog\/wp-content\/uploads\/2008\/08\/1544997066_70d2f0c324.jpg 500w, https:\/\/www.visit-ulcinj.com\/blog\/wp-content\/uploads\/2008\/08\/1544997066_70d2f0c324-300x207.jpg 300w\" sizes=\"(max-width: 508px) 100vw, 508px\" \/><\/a><p id=\"caption-attachment-2372\" class=\"wp-caption-text\">Dr.Gani Karamanaga<\/p><\/div>\n<p><strong><em>Prim.dr Gani Karamanaga<\/em><\/strong><\/p>\n<p>K\u00ebto dit\u00eb Ministria e sh\u00ebndet\u00ebsis\u00eb e Malit t\u00eb Zi l\u00ebshoji vendimin\u00a0 me t\u00eb cilin\u00a0 Sht\u00ebpia e sh\u00ebndetit e Ulqinit mundet me pasur sh\u00ebrbimin gjinekologjik me stacionar. Kjo gj\u00eb n\u00ebnkupton se n\u00eb Maternitetin e Ulqinit nuk munden t\u00eb b\u00ebhen lindjet.<\/p>\n<p>Materniteti ka qen\u00eb \u00ebndrra e shum\u00eb gjeneratave, mjek\u00ebve, si edhe n\u00ebnave q\u00eb t\u00eb lindin n\u00eb vendin e tyre. Materniteti n\u00eb Ulqin u hap me dat\u00ebn 5 shkurt 2005. Qytetar\u00ebt n\u00eb m\u00ebnyr\u00eb masovike\u00a0 hyn\u00eb brenda. Ishin t\u00eb befasuar me rregullin dhe bukurin\u00eb e tij. Nj\u00eb mjeke m\u00eb takoi n\u00eb mes t\u00eb popullit dhe m\u00eb tha<em>:<\/em><\/p>\n<p><em>\u201dDrejtor,materniteti yn\u00eb \u00ebsht\u00eb si Bewerlli Hills\u201d<\/em><\/p>\n<p><em>\u201cN\u00eb shum\u00eb deg\u00eb t\u00eb tjera t\u00eb mjek\u00ebsis\u00eb pacienti edhe pas sh\u00ebrimit humb di\u00e7ka,<\/em><\/p>\n<p><em>\u201cN\u00eb maternitet gruaja shtatz\u00ebn\u00eb b\u00ebhet n\u00ebn\u00eb, n\u00eb bot\u00eb vjen nj\u00eb jet\u00eb e re\u2026\u201c<\/em>ka th\u00ebn\u00eb nj\u00eb profesori im n\u00eb Beograd<em>. <\/em><\/p>\n<p>N\u00eb inagurimin e Sht\u00ebpis\u00eb s\u00eb Sh\u00ebndetit n\u00eb Podgoric\u00eb n\u00eb vitin 2006 takova Zot\u00ebri Filip Vujanoviqin, kryetarin e Malit t\u00eb Zi. Duke u p\u00ebrsh\u00ebndetur m\u00eb tha:<\/p>\n<p>\u201d<em>Ju keni Maternitetin..\u201d<\/em><\/p>\n<p>N\u00eb at\u00eb koh\u00eb isha duke u ngritur me ashensor\u00a0 n\u00eb nj\u00eb takim n\u00eb Ministrin\u00eb e Sh\u00ebndet\u00ebsis\u00eb. Nj\u00eb zonj\u00eb m\u00eb tha:<\/p>\n<p>\u201d<em>Ju kam ndjekur n\u00eb TV, materniteti i juaj \u00ebsht\u00eb IN..\u201d<\/em><\/p>\n<p>Gjat\u00eb k\u00ebtyre dhjet\u00eb viteve\u00a0 prej fillimit t\u00eb pun\u00ebs stafi mjek\u00ebsor si edhe personeli tjet\u00ebr ka punuar\u00a0 shum\u00eb mir\u00eb, kan\u00eb arritur rezultate t\u00eb shkylqyera.Kan\u00eb lindur\u00eb m\u00eb tep\u00ebr se 1400 f\u00ebmij\u00eb t\u00eb sh\u00ebndosht\u00eb<em>.<\/em><\/p>\n<p>N\u00eb realizimin e projektit t\u00eb maternitetit n\u00eb Ulqin morr\u00ebn pjes\u00eb k\u00ebto Ministra t\u00eb Sh\u00ebndet\u00ebsis\u00eb n\u00eb Qeverin\u00eb e\u00a0 Malit t\u00eb Zi:<\/p>\n<p><em>Dr Zharko Miqoviq<\/em> i pari e lejoj nd\u00ebrtimin\u00a0 n\u00eb vitin 2002,<\/p>\n<p><em>Dr Miodrag Caro Pavli\u00e7iq<\/em> s\u00eb bashku me drejtorin e Fondit p\u00ebr sh\u00ebndet\u00ebsi <em>Ramo Braliq <\/em>e realizoj k\u00ebt\u00eb \u00ebnd\u00ebrr,<\/p>\n<p><em>Dr Miodrag Bobo Radunoviq<\/em> gjithmon\u00eb e ka p\u00ebrkrahur maternitetin dhe nuk ka qen\u00eb kund\u00ebr\u00a0 hapjes s\u00eb <em>stacionit p\u00ebr transfuzion<\/em> n\u00eb Ulqin.<\/p>\n<p>Do t\u00eb theksoj se e para e japi p\u00ebrkrahjen\u00a0 p\u00ebr maternitet n\u00eb Ulqin ish kryeparlamentarja n\u00eb Kuvendin e Malit t\u00eb Zi Zonja <em>Vesna Peroviq, <\/em>n\u00eb tetor t\u00eb vitit 2001<em>.<\/em><\/p>\n<p>P\u00ebr k\u00ebt\u00eb arsye, nj\u00eb prej q\u00ebllimeve p\u00ebr t\u00eb shkruar k\u00ebt\u00eb\u00a0 tekst-reagim \u00ebsht\u00eb q\u00eb t\u00eb riaktivizojm\u00eb t\u00eb gjith\u00eb forcat tona, t\u00eb luftojm\u00eb prap\u00eb si n\u00eb fillim dhe Materniteti, \u00ebndrra dhe realiteti i n\u00ebnave dhe f\u00ebmij\u00ebve, t\u00eb mbijetoj\u00eb dhe t\u00eb zhvillohet edhe m\u00eb tutje.<em>\u00a0\u00a0\u00a0 <\/em><\/p>\n<p>Po e theksoji q\u00eb n\u00eb parterin e maternitetit\u00a0 \u00ebsht\u00eb vendi p\u00ebr stacionin e transfuzionit si edhe aparatura e nevojshme, Transfuzioni mundet me u \u00e7el me lejimin e Ministris\u00eb s\u00eb sh\u00ebndet\u00ebsis\u00eb dhe me qen\u00eb\u00a0 pjesa e Entit p\u00ebr transfuzion\u00a0 nga Podgorica.<\/p>\n<p>Gjithashtu edhe ashensori n\u00eb\u00a0 maternitet \u00ebsht\u00eb\u00a0 nd\u00ebrtua q\u00eb t\u00eb ngritet deri n\u00eb pllak\u00ebn e fundit \u00e7do me th\u00ebn\u00eb s\u00eb \u00ebsht\u00eb e mundshme nd\u00ebrtimi katit t\u00eb dyt\u00eb i cili mundet me qen\u00eb salla e operimit.<\/p>\n<p><em>\u00cbsht\u00eb detyra profesionale dhe qytetare e\u00a0 t\u00eb gjith\u00eb strukturave politike<\/em><\/p>\n<p><em>.T<strong><u>\u00eb luftojn\u00eb q\u00eb Materniteti i jon\u00eb t\u00eb mbijetoj\u00eb. <\/u><\/strong><\/em><\/p>\n<p><strong><em><u>\u00a0<\/u><\/em><\/strong><\/p>\n<p><strong><em><u>\u00a0<\/u><\/em><\/strong><\/p>\n<p><em><u>Propozoji:<\/u><\/em><\/p>\n<p><em>\u00a0Q\u00eb Materniteti n\u00eb Ulqin me qen\u00eb pjes\u00eb e kl\u00ebrkesave t\u00eb stafit politikor t\u00eb\u00a0 shqiptar\u00ebve lidhur me konstiutimin e Qeveris\u00eb t\u00eb Malit t\u00eb Zi.<\/em><\/p>\n<p><em>N\u00eb fund : tre Ministrat e sh\u00ebndet\u00ebsis\u00eb\u00a0 e Malit t\u00eb Zi \u00a0( Miqoviq, Pavli\u00e7iq, Radunoviq) morr\u00ebn pjes\u00eb n\u00eb vendimin, lejimin, nd\u00ebrtimin dhe pajisjen e Maternitetit n\u00eb Ulqin.<\/em><\/p>\n<p><em>P\u00ebr k\u00ebt\u00eb arsye Ministri i tanish\u00ebm (Dr. Budimir Shegrt ) nuk mundet t\u00eb vendos\u00a0 p\u00ebr nd\u00ebprerjen\u00a0 e pun\u00ebs n\u00eb\u00a0 Maternitetin e Ulqinit. <\/em><\/p>\n<p><em>\u00a0Shpresoji q\u00eb , edhe\u00a0 Bashk\u00ebsia e gj\u00ebr\u00eb e Malit t\u00eb Zi nuk do t\u2019i refuzoj\u00eb k\u00ebrkesat objektive t\u00eb sh\u00ebndet\u00ebsis\u00eb s\u00eb Ulqinit. <\/em><\/p>\n<p><em>Ato nuk jan\u00eb t\u00eb m\u00ebdha, por jan\u00eb t\u00eb domosdoshme<\/em><\/p>\n<p><strong>TV Teuta<\/strong><\/p>\n","protected":false},"excerpt":{"rendered":"<p>Prim.dr Gani Karamanaga K\u00ebto dit\u00eb Ministria e sh\u00ebndet\u00ebsis\u00eb e Malit t\u00eb Zi l\u00ebshoji vendimin\u00a0 me t\u00eb cilin\u00a0 Sht\u00ebpia e sh\u00ebndetit e Ulqinit mundet me pasur sh\u00ebrbimin gjinekologjik me stacionar. Kjo gj\u00eb n\u00ebnkupton se n\u00eb Maternitetin e Ulqinit nuk munden t\u00eb b\u00ebhen lindjet. Materniteti ka qen\u00eb \u00ebndrra e shum\u00eb gjeneratave, mjek\u00ebve, si edhe n\u00ebnave q\u00eb t\u00eb [&hellip;]<\/p>\n","protected":false},"author":1,"featured_media":0,"comment_status":"closed","ping_status":"closed","sticky":false,"template":"","format":"standard","meta":{"spay_email":"","jetpack_publicize_message":"","jetpack_is_tweetstorm":false,"jetpack_publicize_feature_enabled":true},"categories":[10,1],"tags":[],"jetpack_publicize_connections":[],"yoast_head":"<!-- This site is optimized with the Yoast SEO plugin v19.1 - https:\/\/yoast.com\/wordpress\/plugins\/seo\/ -->\n<title>Karamanaga: Materniteti i Ulqinit t\u00eb jet\u00eb pjes\u00eb e bisedimeve p\u00ebr qeveri - Lajme nga Ulqini<\/title>\n<meta name=\"description\" content=\"Prim.dr Gani Karamanaga K\u00ebto dit\u00eb Ministria e sh\u00ebndet\u00ebsis\u00eb e Malit t\u00eb Zi l\u00ebshoji vendimin\u00a0 me t\u00eb cilin\u00a0 Sht\u00ebpia e sh\u00ebndetit e Ulqinit mundet me pasur\" \/>\n<meta name=\"robots\" content=\"index, follow, max-snippet:-1, max-image-preview:large, max-video-preview:-1\" \/>\n<link rel=\"canonical\" href=\"https:\/\/www.visit-ulcinj.com\/blog\/2016\/10\/25\/karamanaga-materniteti-ulqinit-te-jete-pjese-e-bisedimeve-per-qeveri\/\" \/>\n<meta property=\"og:locale\" content=\"en_US\" \/>\n<meta property=\"og:type\" content=\"article\" \/>\n<meta property=\"og:title\" content=\"Karamanaga: Materniteti i Ulqinit t\u00eb jet\u00eb pjes\u00eb e bisedimeve p\u00ebr qeveri - Lajme nga Ulqini\" \/>\n<meta property=\"og:description\" content=\"Prim.dr Gani Karamanaga K\u00ebto dit\u00eb Ministria e sh\u00ebndet\u00ebsis\u00eb e Malit t\u00eb Zi l\u00ebshoji vendimin\u00a0 me t\u00eb cilin\u00a0 Sht\u00ebpia e sh\u00ebndetit e Ulqinit mundet me pasur\" \/>\n<meta property=\"og:url\" content=\"https:\/\/www.visit-ulcinj.com\/blog\/2016\/10\/25\/karamanaga-materniteti-ulqinit-te-jete-pjese-e-bisedimeve-per-qeveri\/\" \/>\n<meta property=\"og:site_name\" content=\"Lajme nga Ulqini\" \/>\n<meta property=\"article:published_time\" content=\"2016-10-25T14:14:02+00:00\" \/>\n<meta property=\"article:modified_time\" content=\"2016-10-25T20:50:58+00:00\" \/>\n<meta property=\"og:image\" content=\"http:\/\/www.visit-ulcinj.com\/blog\/wp-content\/uploads\/2008\/08\/1544997066_70d2f0c324.jpg\" \/>\n<meta name=\"twitter:label1\" content=\"Written by\" \/>\n\t<meta name=\"twitter:data1\" content=\"ulqini\" \/>\n\t<meta name=\"twitter:label2\" content=\"Est. reading time\" \/>\n\t<meta name=\"twitter:data2\" content=\"3 minutes\" \/>\n<script type=\"application\/ld+json\" class=\"yoast-schema-graph\">{\"@context\":\"https:\/\/schema.org\",\"@graph\":[{\"@type\":\"WebSite\",\"@id\":\"https:\/\/www.visit-ulcinj.com\/blog\/#website\",\"url\":\"https:\/\/www.visit-ulcinj.com\/blog\/\",\"name\":\"Lajme nga Ulqini\",\"description\":\"Lajme,Vijesti,Ulqini,Ulqin,Crna Gora,Mali i Zi\",\"potentialAction\":[{\"@type\":\"SearchAction\",\"target\":{\"@type\":\"EntryPoint\",\"urlTemplate\":\"https:\/\/www.visit-ulcinj.com\/blog\/?s={search_term_string}\"},\"query-input\":\"required name=search_term_string\"}],\"inLanguage\":\"en-US\"},{\"@type\":\"ImageObject\",\"inLanguage\":\"en-US\",\"@id\":\"https:\/\/www.visit-ulcinj.com\/blog\/2016\/10\/25\/karamanaga-materniteti-ulqinit-te-jete-pjese-e-bisedimeve-per-qeveri\/#primaryimage\",\"url\":\"http:\/\/www.visit-ulcinj.com\/blog\/wp-content\/uploads\/2008\/08\/1544997066_70d2f0c324.jpg\",\"contentUrl\":\"http:\/\/www.visit-ulcinj.com\/blog\/wp-content\/uploads\/2008\/08\/1544997066_70d2f0c324.jpg\"},{\"@type\":\"WebPage\",\"@id\":\"https:\/\/www.visit-ulcinj.com\/blog\/2016\/10\/25\/karamanaga-materniteti-ulqinit-te-jete-pjese-e-bisedimeve-per-qeveri\/#webpage\",\"url\":\"https:\/\/www.visit-ulcinj.com\/blog\/2016\/10\/25\/karamanaga-materniteti-ulqinit-te-jete-pjese-e-bisedimeve-per-qeveri\/\",\"name\":\"Karamanaga: Materniteti i Ulqinit t\u00eb jet\u00eb pjes\u00eb e bisedimeve p\u00ebr qeveri - Lajme nga Ulqini\",\"isPartOf\":{\"@id\":\"https:\/\/www.visit-ulcinj.com\/blog\/#website\"},\"primaryImageOfPage\":{\"@id\":\"https:\/\/www.visit-ulcinj.com\/blog\/2016\/10\/25\/karamanaga-materniteti-ulqinit-te-jete-pjese-e-bisedimeve-per-qeveri\/#primaryimage\"},\"datePublished\":\"2016-10-25T14:14:02+00:00\",\"dateModified\":\"2016-10-25T20:50:58+00:00\",\"author\":{\"@id\":\"https:\/\/www.visit-ulcinj.com\/blog\/#\/schema\/person\/dcab619c614d3038751c63bc2aadc06d\"},\"description\":\"Prim.dr Gani Karamanaga K\u00ebto dit\u00eb Ministria e sh\u00ebndet\u00ebsis\u00eb e Malit t\u00eb Zi l\u00ebshoji vendimin\u00a0 me t\u00eb cilin\u00a0 Sht\u00ebpia e sh\u00ebndetit e Ulqinit mundet me pasur\",\"breadcrumb\":{\"@id\":\"https:\/\/www.visit-ulcinj.com\/blog\/2016\/10\/25\/karamanaga-materniteti-ulqinit-te-jete-pjese-e-bisedimeve-per-qeveri\/#breadcrumb\"},\"inLanguage\":\"en-US\",\"potentialAction\":[{\"@type\":\"ReadAction\",\"target\":[\"https:\/\/www.visit-ulcinj.com\/blog\/2016\/10\/25\/karamanaga-materniteti-ulqinit-te-jete-pjese-e-bisedimeve-per-qeveri\/\"]}]},{\"@type\":\"BreadcrumbList\",\"@id\":\"https:\/\/www.visit-ulcinj.com\/blog\/2016\/10\/25\/karamanaga-materniteti-ulqinit-te-jete-pjese-e-bisedimeve-per-qeveri\/#breadcrumb\",\"itemListElement\":[{\"@type\":\"ListItem\",\"position\":1,\"name\":\"Karamanaga: Materniteti i Ulqinit t\u00eb jet\u00eb pjes\u00eb e bisedimeve p\u00ebr qeveri\"}]},{\"@type\":\"Person\",\"@id\":\"https:\/\/www.visit-ulcinj.com\/blog\/#\/schema\/person\/dcab619c614d3038751c63bc2aadc06d\",\"name\":\"ulqini\",\"sameAs\":[\"http:\/\/www.visit-ulcinj.com\"],\"url\":\"https:\/\/www.visit-ulcinj.com\/blog\/author\/admin\/\"}]}<\/script>\n<!-- \/ Yoast SEO plugin. -->","yoast_head_json":{"title":"Karamanaga: Materniteti i Ulqinit t\u00eb jet\u00eb pjes\u00eb e bisedimeve p\u00ebr qeveri - Lajme nga Ulqini","description":"Prim.dr Gani Karamanaga K\u00ebto dit\u00eb Ministria e sh\u00ebndet\u00ebsis\u00eb e Malit t\u00eb Zi l\u00ebshoji vendimin\u00a0 me t\u00eb cilin\u00a0 Sht\u00ebpia e sh\u00ebndetit e Ulqinit mundet me pasur","robots":{"index":"index","follow":"follow","max-snippet":"max-snippet:-1","max-image-preview":"max-image-preview:large","max-video-preview":"max-video-preview:-1"},"canonical":"https:\/\/www.visit-ulcinj.com\/blog\/2016\/10\/25\/karamanaga-materniteti-ulqinit-te-jete-pjese-e-bisedimeve-per-qeveri\/","og_locale":"en_US","og_type":"article","og_title":"Karamanaga: Materniteti i Ulqinit t\u00eb jet\u00eb pjes\u00eb e bisedimeve p\u00ebr qeveri - Lajme nga Ulqini","og_description":"Prim.dr Gani Karamanaga K\u00ebto dit\u00eb Ministria e sh\u00ebndet\u00ebsis\u00eb e Malit t\u00eb Zi l\u00ebshoji vendimin\u00a0 me t\u00eb cilin\u00a0 Sht\u00ebpia e sh\u00ebndetit e Ulqinit mundet me pasur","og_url":"https:\/\/www.visit-ulcinj.com\/blog\/2016\/10\/25\/karamanaga-materniteti-ulqinit-te-jete-pjese-e-bisedimeve-per-qeveri\/","og_site_name":"Lajme nga Ulqini","article_published_time":"2016-10-25T14:14:02+00:00","article_modified_time":"2016-10-25T20:50:58+00:00","og_image":[{"url":"http:\/\/www.visit-ulcinj.com\/blog\/wp-content\/uploads\/2008\/08\/1544997066_70d2f0c324.jpg"}],"twitter_misc":{"Written by":"ulqini","Est. reading time":"3 minutes"},"schema":{"@context":"https:\/\/schema.org","@graph":[{"@type":"WebSite","@id":"https:\/\/www.visit-ulcinj.com\/blog\/#website","url":"https:\/\/www.visit-ulcinj.com\/blog\/","name":"Lajme nga Ulqini","description":"Lajme,Vijesti,Ulqini,Ulqin,Crna Gora,Mali i Zi","potentialAction":[{"@type":"SearchAction","target":{"@type":"EntryPoint","urlTemplate":"https:\/\/www.visit-ulcinj.com\/blog\/?s={search_term_string}"},"query-input":"required name=search_term_string"}],"inLanguage":"en-US"},{"@type":"ImageObject","inLanguage":"en-US","@id":"https:\/\/www.visit-ulcinj.com\/blog\/2016\/10\/25\/karamanaga-materniteti-ulqinit-te-jete-pjese-e-bisedimeve-per-qeveri\/#primaryimage","url":"http:\/\/www.visit-ulcinj.com\/blog\/wp-content\/uploads\/2008\/08\/1544997066_70d2f0c324.jpg","contentUrl":"http:\/\/www.visit-ulcinj.com\/blog\/wp-content\/uploads\/2008\/08\/1544997066_70d2f0c324.jpg"},{"@type":"WebPage","@id":"https:\/\/www.visit-ulcinj.com\/blog\/2016\/10\/25\/karamanaga-materniteti-ulqinit-te-jete-pjese-e-bisedimeve-per-qeveri\/#webpage","url":"https:\/\/www.visit-ulcinj.com\/blog\/2016\/10\/25\/karamanaga-materniteti-ulqinit-te-jete-pjese-e-bisedimeve-per-qeveri\/","name":"Karamanaga: Materniteti i Ulqinit t\u00eb jet\u00eb pjes\u00eb e bisedimeve p\u00ebr qeveri - Lajme nga Ulqini","isPartOf":{"@id":"https:\/\/www.visit-ulcinj.com\/blog\/#website"},"primaryImageOfPage":{"@id":"https:\/\/www.visit-ulcinj.com\/blog\/2016\/10\/25\/karamanaga-materniteti-ulqinit-te-jete-pjese-e-bisedimeve-per-qeveri\/#primaryimage"},"datePublished":"2016-10-25T14:14:02+00:00","dateModified":"2016-10-25T20:50:58+00:00","author":{"@id":"https:\/\/www.visit-ulcinj.com\/blog\/#\/schema\/person\/dcab619c614d3038751c63bc2aadc06d"},"description":"Prim.dr Gani Karamanaga K\u00ebto dit\u00eb Ministria e sh\u00ebndet\u00ebsis\u00eb e Malit t\u00eb Zi l\u00ebshoji vendimin\u00a0 me t\u00eb cilin\u00a0 Sht\u00ebpia e sh\u00ebndetit e Ulqinit mundet me pasur","breadcrumb":{"@id":"https:\/\/www.visit-ulcinj.com\/blog\/2016\/10\/25\/karamanaga-materniteti-ulqinit-te-jete-pjese-e-bisedimeve-per-qeveri\/#breadcrumb"},"inLanguage":"en-US","potentialAction":[{"@type":"ReadAction","target":["https:\/\/www.visit-ulcinj.com\/blog\/2016\/10\/25\/karamanaga-materniteti-ulqinit-te-jete-pjese-e-bisedimeve-per-qeveri\/"]}]},{"@type":"BreadcrumbList","@id":"https:\/\/www.visit-ulcinj.com\/blog\/2016\/10\/25\/karamanaga-materniteti-ulqinit-te-jete-pjese-e-bisedimeve-per-qeveri\/#breadcrumb","itemListElement":[{"@type":"ListItem","position":1,"name":"Karamanaga: Materniteti i Ulqinit t\u00eb jet\u00eb pjes\u00eb e bisedimeve p\u00ebr qeveri"}]},{"@type":"Person","@id":"https:\/\/www.visit-ulcinj.com\/blog\/#\/schema\/person\/dcab619c614d3038751c63bc2aadc06d","name":"ulqini","sameAs":["http:\/\/www.visit-ulcinj.com"],"url":"https:\/\/www.visit-ulcinj.com\/blog\/author\/admin\/"}]}},"jetpack_featured_media_url":"","jetpack_sharing_enabled":true,"jetpack_shortlink":"https:\/\/wp.me\/pe6lTn-qa8","_links":{"self":[{"href":"https:\/\/www.visit-ulcinj.com\/blog\/wp-json\/wp\/v2\/posts\/100572"}],"collection":[{"href":"https:\/\/www.visit-ulcinj.com\/blog\/wp-json\/wp\/v2\/posts"}],"about":[{"href":"https:\/\/www.visit-ulcinj.com\/blog\/wp-json\/wp\/v2\/types\/post"}],"author":[{"embeddable":true,"href":"https:\/\/www.visit-ulcinj.com\/blog\/wp-json\/wp\/v2\/users\/1"}],"replies":[{"embeddable":true,"href":"https:\/\/www.visit-ulcinj.com\/blog\/wp-json\/wp\/v2\/comments?post=100572"}],"version-history":[{"count":1,"href":"https:\/\/www.visit-ulcinj.com\/blog\/wp-json\/wp\/v2\/posts\/100572\/revisions"}],"predecessor-version":[{"id":100573,"href":"https:\/\/www.visit-ulcinj.com\/blog\/wp-json\/wp\/v2\/posts\/100572\/revisions\/100573"}],"wp:attachment":[{"href":"https:\/\/www.visit-ulcinj.com\/blog\/wp-json\/wp\/v2\/media?parent=100572"}],"wp:term":[{"taxonomy":"category","embeddable":true,"href":"https:\/\/www.visit-ulcinj.com\/blog\/wp-json\/wp\/v2\/categories?post=100572"},{"taxonomy":"post_tag","embeddable":true,"href":"https:\/\/www.visit-ulcinj.com\/blog\/wp-json\/wp\/v2\/tags?post=100572"}],"curies":[{"name":"wp","href":"https:\/\/api.w.org\/{rel}","templated":true}]}}