{"id":100597,"date":"2016-10-26T17:00:57","date_gmt":"2016-10-26T16:00:57","guid":{"rendered":"http:\/\/www.visit-ulcinj.com\/blog\/?p=100597"},"modified":"2016-10-26T17:00:57","modified_gmt":"2016-10-26T16:00:57","slug":"tkurrja-e-shqiptareve-te-malit-te-zi-dhe-heshtja-e-qeverive-shqiptare","status":"publish","type":"post","link":"https:\/\/www.visit-ulcinj.com\/blog\/2016\/10\/26\/tkurrja-e-shqiptareve-te-malit-te-zi-dhe-heshtja-e-qeverive-shqiptare\/","title":{"rendered":"Tkurrja e shqiptar\u00ebve t\u00eb Malit t\u00eb Zi dhe heshtja e qeverive shqiptare"},"content":{"rendered":"<p><strong><a href=\"http:\/\/www.visit-ulcinj.com\/blog\/wp-content\/uploads\/2016\/10\/Adnan-RRUSTEMI.jpg\"><img loading=\"lazy\" class=\"alignleft wp-image-100598\" src=\"http:\/\/www.visit-ulcinj.com\/blog\/wp-content\/uploads\/2016\/10\/Adnan-RRUSTEMI.jpg\" alt=\"Adnan RRUSTEMI\" width=\"508\" height=\"286\" srcset=\"https:\/\/www.visit-ulcinj.com\/blog\/wp-content\/uploads\/2016\/10\/Adnan-RRUSTEMI.jpg 960w, https:\/\/www.visit-ulcinj.com\/blog\/wp-content\/uploads\/2016\/10\/Adnan-RRUSTEMI-300x169.jpg 300w, https:\/\/www.visit-ulcinj.com\/blog\/wp-content\/uploads\/2016\/10\/Adnan-RRUSTEMI-768x432.jpg 768w\" sizes=\"(max-width: 508px) 100vw, 508px\" \/><\/a>Adnan RRUSTEMI<\/strong><\/p>\n<p>Zgjedhjet e fundit n\u00eb Mal t\u00eb Zi, p\u00ebrve\u00e7 luhatjeve mbi orientimin e k\u00ebtij shteti t\u00eb Ballkanit n\u00eb mes t\u00eb vazhdimit t\u00eb kursit euro-atlantik apo kthimit n\u00ebn ndikimin e Serbis\u00eb dhe t\u00eb Rusis\u00eb, u ve\u00e7uan edhe nga zbehja gati deri n\u00eb mosp\u00ebrfaq\u00ebsim t\u00eb plot\u00eb t\u00eb shqiptar\u00ebve t\u00eb atjesh\u00ebm n\u00eb Parlamentin e k\u00ebtij vendi, si shprehja m\u00eb shqet\u00ebsuese e politikave diskriminuese t\u00eb qeveris\u00eb malazeze ndaj shqiptar\u00ebve. P\u00ebr rrjedhoj\u00eb, nga 81 an\u00ebtar\u00eb t\u00eb Parlamentit, pavar\u00ebsisht q\u00eb s\u00eb paku zyrtarisht paraqesin mbi 5% t\u00eb banor\u00ebve, vet\u00ebm nj\u00eb shqiptar \u00ebsht\u00eb zgjedhur, duke sh\u00ebnuar k\u00ebshtu nivelin m\u00eb t\u00eb ul\u00ebt t\u00eb p\u00ebrfaq\u00ebsimit t\u00eb tyre q\u00eb nga viti 1990. Tkurrja e shqiptar\u00ebve t\u00eb Malit t\u00eb Zi nga kat\u00ebr deputet\u00eb n\u00eb 2009, dy n\u00eb 2012 dhe s\u00eb fundi me vet\u00ebm me nj\u00eb mandat, \u00ebsht\u00eb shkaktuar nga s\u00eb paku dy lloj faktor\u00ebsh. Para s\u00eb gjithash, politikat e vazhdueshme diskriminuese me pasoja t\u00eb shp\u00ebrnguljes masive, n\u00eb disa zona deri n\u00eb 50%, varf\u00ebris\u00eb e asimilimit, t\u00eb nxitura nga mungesa e t\u00eb drejt\u00ebs p\u00ebr edukim dhe arsimim n\u00eb gjuh\u00ebn shqipe, diskriminimit t\u00eb shqiptar\u00ebve n\u00eb administrat\u00eb dhe pun\u00ebsimit n\u00eb institucione, si dhe papun\u00ebsis\u00eb n\u00eb p\u00ebrgjith\u00ebsi, ku vet\u00ebm rreth 1% e administrat\u00ebs shtet\u00ebrore p\u00ebrb\u00ebhet nga shqiptar\u00ebt. Pasoja e drejtp\u00ebrdrejt\u00eb e shtypjes dhe pamund\u00ebsis\u00eb s\u00eb pun\u00ebsimit ka b\u00ebr\u00eb q\u00eb nj\u00eb pjes\u00eb e shqiptar\u00ebve t\u00eb asimilohen edhe zyrtarisht, sikurse nj\u00eb num\u00ebr i ndjesh\u00ebm i tyre kan\u00eb votuar partit\u00eb politike malazeze dhe jo ato shqiptare.<\/p>\n<p>M\u00eb tej, disa aspekte t\u00eb procesit zgjedhor q\u00eb shtrihen n\u00eb p\u00ebr\u00e7arjen p\u00ebrbrenda korpusit t\u00eb partive politike shqiptare dhe mosdalja me nj\u00eb list\u00eb t\u00eb vetme zgjedhore, si dhe disa kufizime t\u00eb procesit zgjedhor, si\u00e7 \u00ebsht\u00eb e drejta e vot\u00ebs e kufizuar me q\u00ebndrimin prej s\u00eb paku 24 muajsh t\u00eb fundit n\u00eb Malin e zi, ka b\u00ebr\u00eb q\u00eb shum\u00eb shqiptar\u00ebve q\u00eb jetojn\u00eb p\u00ebrkoh\u00ebsisht jasht\u00eb Malit t\u00eb Zi t\u2019u pamund\u00ebsohet e drejta e vot\u00ebs. Paraqitja n\u00eb zgjedhje me tre lista zgjedhore ishte hapi m\u00eb i d\u00ebmsh\u00ebm q\u00eb solli humbjen e s\u00eb paku edhe dy mandateve t\u00eb sigurta. Subjektet shqiptare q\u00eb mor\u00ebn pjes\u00eb n\u00eb k\u00ebto zgjedhje, \u201cShqiptar\u00ebt e vendosur\u201d (Forca, UDSH e ASH) fitoi 4700 vota apo 1.2% dhe fitoi mandatin e vet\u00ebm, nd\u00ebrsa Koalicioni shqiptar \u201dMe nj\u00eb q\u00ebllim\u201d q\u00eb fitoi 3500 vota apo 0.9% dhe LDSH me 1500 vota apo 0.40% mbet\u00ebn pa asnj\u00eb deputet. Vet\u00ebm nga k\u00ebto t\u00eb dh\u00ebna b\u00ebhet e qart\u00eb se n\u00ebse do t\u00eb dilnin me nj\u00eb list\u00eb t\u00eb vetme do t\u00eb kishin s\u00eb bashku 9700 vota dhe do t\u00eb arrinin pa v\u00ebshtir\u00ebsi tri mandate dhe me shum\u00eb gjas\u00eb edhe t\u00eb kat\u00ebrtin. Nj\u00eb rezultat i till\u00eb, do ta b\u00ebnte faktorin shqiptar edhe m\u00eb t\u00eb r\u00ebnd\u00ebsish\u00ebm n\u00eb krijimin e Qeveris\u00eb, sidomos kur kihet parasysh rezultati i ngusht\u00eb n\u00eb mes t\u00eb dy kampeve malazeze dhe v\u00ebshtir\u00ebsit\u00eb e krijimit t\u00eb institucioneve.<\/p>\n<p>Po ashtu, trajtimi jo i barabart\u00eb i t\u00eb gjitha pakicave komb\u00ebtare kur b\u00ebhet fjal\u00eb p\u00ebr pragun zgjedhor dhe kuotat p\u00ebr mandate e kan\u00eb determinuar mosp\u00ebrfaq\u00ebsimin e drejt\u00eb t\u00eb shqiptar\u00ebve n\u00eb Parlamentin malazez. Kjo ka b\u00ebr\u00eb q\u00eb mandati i shqiptar\u00ebve t\u00eb kushtoj\u00eb rreth dhjet\u00eb mij\u00eb vota, gjersa e nj\u00ebjta gj\u00eb nuk ka ndodhur me pakicat tjera, e ve\u00e7mas me pakic\u00ebn kroate, e cila me ligjin p\u00ebr zgjedhjet e ka t\u00eb garantuar t\u00eb drejt\u00ebn p\u00ebr nj\u00eb deputet n\u00eb qoft\u00eb se marrin t\u00eb pakt\u00ebn 0,35 % t\u00eb votave. Madje, edhe mandati i partive malazeze ka peshuar duksh\u00ebm m\u00eb pak vota sesa mandati i shqiptar\u00ebve. Nj\u00eb mandat p\u00ebr partin\u00eb e Gjukanoviqit peshon mesatarisht rreth 4500 vota, gjersa mandati i vet\u00ebm i shqiptar\u00ebve rreth 10.000 vota. P\u00ebr k\u00ebto kufizime, e ve\u00e7mas p\u00ebr mohimin e t\u00eb drejt\u00ebs s\u00eb vot\u00ebs, Mali i Zi kishte marr\u00eb v\u00ebrejtje nga OSBE-ODHIR e K\u00ebshilli i Evrop\u00ebs, por p\u00ebr t\u00eb nj\u00ebjtat kishte heshtur t\u00ebr\u00ebsisht Qeveria e Shqip\u00ebris\u00eb dhe ajo e Kosov\u00ebs.<\/p>\n<p>Ky moment pafuqie i shqiptar\u00ebve t\u00eb Malit t\u00eb Zi, m\u00eb shum\u00eb se sa simptom\u00eb e tjet\u00ebrsimit t\u00eb shqiptar\u00ebve \u00ebsht\u00eb pik\u00eb arritjeje e nj\u00eb procesi t\u00eb vazhduesh\u00ebm e intensiv t\u00eb diskriminimit gjuh\u00ebsor, kulturor, ekonomik e politik nga qeverit\u00eb malazeze. Kjo \u00ebsht\u00eb pika ku koniunktura zyrtare malazeze kah moti kishte ecur me politikat e saja p\u00ebrjashtuese ndaj shqiptar\u00ebve. Edhe m\u00eb t\u00eb r\u00ebnd\u00eb e b\u00ebn fakti q\u00eb ky diskriminim e ndryshimet e pafavorshme t\u00eb sistemit zgjedhor jan\u00eb b\u00ebr\u00eb n\u00eb nj\u00eb koh\u00eb kur qeverit\u00eb respektive shqiptare e kan\u00eb goj\u00ebn plot p\u00ebr raportet miq\u00ebsore me Qeverin\u00eb e Malit t\u00eb Zi. N\u00eb k\u00ebt\u00eb kontekst, thuajse ka nj\u00eb raport t\u00ebr\u00ebsisht t\u00eb zhdrejt\u00eb n\u00eb mes t\u00eb raporteve zyrtare t\u00eb Shqip\u00ebris\u00eb e Kosov\u00ebs me Malin e Zi dhe gjendjes s\u00eb shqiptar\u00ebve n\u00eb k\u00ebt\u00eb shtet. Rrjedhimisht, jo vet\u00ebm se raportet n\u00eb mes t\u00eb shteteve nuk po reflektohen edhe n\u00eb p\u00ebrmir\u00ebsimin e trajtimit t\u00eb shqiptar\u00ebve n\u00eb Mal t\u00eb Zi, por pik\u00ebrisht n\u00eb vitet e fundit faktori shqiptar i atjesh\u00ebm ka p\u00ebsuar tkurrje t\u00eb vazhdueshme politike, duke arritur n\u00eb pik\u00ebn m\u00eb t\u00eb ul\u00ebt t\u00eb p\u00ebrfaq\u00ebsimit. Natyrisht q\u00eb p\u00ebr\u00e7arjet dhe shp\u00ebrndarja e shqiptar\u00ebve n\u00eb tri lista zgjedhore e ka b\u00ebr\u00eb t\u00eb pritshme k\u00ebt\u00eb disfat\u00eb, por edhe ndryshimet n\u00eb legjislacionin zgjedhor n\u00eb vitet e fundit kan\u00eb ndikuar q\u00eb fuqia politike e shqiptar\u00ebve t\u00eb reduktohet edhe nominalisht nga pes\u00eb deputet\u00eb q\u00eb mund t\u00eb fitonin shqiptar\u00ebt n\u00eb tre, p\u00ebr t\u00eb p\u00ebrfunduar praktikisht n\u00eb nj\u00eb p\u00ebrfaq\u00ebsues t\u00eb vet\u00ebm, nd\u00ebrsa Tirana dhe Prishtina zyrtare vazhdojn\u00eb t\u00eb shp\u00ebrfillin gjendjen dhe fatin e bashk\u00ebkomb\u00ebsve tan\u00eb atje. Diskriminimi dhe pamund\u00ebsia p\u00ebr t\u00eb ruajtur identitetin komb\u00ebtar po b\u00ebn q\u00eb shqiptar\u00ebt n\u00eb zona t\u00eb caktuara ku ndodhen pakic\u00eb t\u00eb heqin dor\u00eb nga t\u00eb qenit shqiptar apo s\u00eb paku duke votuar p\u00ebr partit\u00eb politike malazeze si rrug\u00eb e vetme p\u00ebr t\u00eb mbijetuar e gjetur pun\u00eb. \u00cbsht\u00eb e domosdoshme q\u00eb qeveria zyrtare e Shqip\u00ebris\u00eb dhe ajo e Kosov\u00ebs t\u00eb ngren\u00eb nj\u00eb strategji t\u00eb p\u00ebrbashk\u00ebt p\u00ebr t\u00eb drejtat politike, sociale e kulturore t\u00eb shqiptar\u00ebve atje, me k\u00ebrkesa konkrete p\u00ebr Qeverin\u00eb e Malit t\u00eb Zi, me q\u00ebllim t\u00eb garantimit q\u00eb shqiptar\u00ebt t\u00eb kap\u00ebrcejn\u00eb sforcimin p\u00ebr t\u00eb mbajtur gjall\u00eb identitetin e tyre, n\u00eb mund\u00ebsi t\u00eb zhvillimit dhe jetes\u00ebs s\u00eb dinjitetshme pa pasur nevoj\u00eb t\u00eb mohojn\u00eb identitetin e tyre shqiptar.<\/p>\n<p><strong>Z\u00ebri.info<\/strong><\/p>\n","protected":false},"excerpt":{"rendered":"<p>Adnan RRUSTEMI Zgjedhjet e fundit n\u00eb Mal t\u00eb Zi, p\u00ebrve\u00e7 luhatjeve mbi orientimin e k\u00ebtij shteti t\u00eb Ballkanit n\u00eb mes t\u00eb vazhdimit t\u00eb kursit euro-atlantik apo kthimit n\u00ebn ndikimin e Serbis\u00eb dhe t\u00eb Rusis\u00eb, u ve\u00e7uan edhe nga zbehja gati deri n\u00eb mosp\u00ebrfaq\u00ebsim t\u00eb plot\u00eb t\u00eb shqiptar\u00ebve t\u00eb atjesh\u00ebm n\u00eb Parlamentin e k\u00ebtij vendi, si [&hellip;]<\/p>\n","protected":false},"author":1,"featured_media":0,"comment_status":"closed","ping_status":"closed","sticky":false,"template":"","format":"standard","meta":{"spay_email":"","jetpack_publicize_message":"","jetpack_is_tweetstorm":false,"jetpack_publicize_feature_enabled":true},"categories":[13],"tags":[],"jetpack_publicize_connections":[],"yoast_head":"<!-- This site is optimized with the Yoast SEO plugin v19.1 - https:\/\/yoast.com\/wordpress\/plugins\/seo\/ -->\n<title>Tkurrja e shqiptar\u00ebve t\u00eb Malit t\u00eb Zi dhe heshtja e qeverive shqiptare - Lajme nga Ulqini<\/title>\n<meta name=\"description\" content=\"Adnan RRUSTEMI Zgjedhjet e fundit n\u00eb Mal t\u00eb Zi, p\u00ebrve\u00e7 luhatjeve mbi orientimin e k\u00ebtij shteti t\u00eb Ballkanit n\u00eb mes t\u00eb vazhdimit t\u00eb kursit euro-atlantik\" \/>\n<meta name=\"robots\" content=\"index, follow, max-snippet:-1, max-image-preview:large, max-video-preview:-1\" \/>\n<link rel=\"canonical\" href=\"https:\/\/www.visit-ulcinj.com\/blog\/2016\/10\/26\/tkurrja-e-shqiptareve-te-malit-te-zi-dhe-heshtja-e-qeverive-shqiptare\/\" \/>\n<meta property=\"og:locale\" content=\"en_US\" \/>\n<meta property=\"og:type\" content=\"article\" \/>\n<meta property=\"og:title\" content=\"Tkurrja e shqiptar\u00ebve t\u00eb Malit t\u00eb Zi dhe heshtja e qeverive shqiptare - Lajme nga Ulqini\" \/>\n<meta property=\"og:description\" content=\"Adnan RRUSTEMI Zgjedhjet e fundit n\u00eb Mal t\u00eb Zi, p\u00ebrve\u00e7 luhatjeve mbi orientimin e k\u00ebtij shteti t\u00eb Ballkanit n\u00eb mes t\u00eb vazhdimit t\u00eb kursit euro-atlantik\" \/>\n<meta property=\"og:url\" content=\"https:\/\/www.visit-ulcinj.com\/blog\/2016\/10\/26\/tkurrja-e-shqiptareve-te-malit-te-zi-dhe-heshtja-e-qeverive-shqiptare\/\" \/>\n<meta property=\"og:site_name\" content=\"Lajme nga Ulqini\" \/>\n<meta property=\"article:published_time\" content=\"2016-10-26T16:00:57+00:00\" \/>\n<meta property=\"og:image\" content=\"http:\/\/www.visit-ulcinj.com\/blog\/wp-content\/uploads\/2016\/10\/Adnan-RRUSTEMI.jpg\" \/>\n<meta name=\"twitter:label1\" content=\"Written by\" \/>\n\t<meta name=\"twitter:data1\" content=\"ulqini\" \/>\n\t<meta name=\"twitter:label2\" content=\"Est. reading time\" \/>\n\t<meta name=\"twitter:data2\" content=\"6 minutes\" \/>\n<script type=\"application\/ld+json\" class=\"yoast-schema-graph\">{\"@context\":\"https:\/\/schema.org\",\"@graph\":[{\"@type\":\"WebSite\",\"@id\":\"https:\/\/www.visit-ulcinj.com\/blog\/#website\",\"url\":\"https:\/\/www.visit-ulcinj.com\/blog\/\",\"name\":\"Lajme nga Ulqini\",\"description\":\"Lajme,Vijesti,Ulqini,Ulqin,Crna Gora,Mali i Zi\",\"potentialAction\":[{\"@type\":\"SearchAction\",\"target\":{\"@type\":\"EntryPoint\",\"urlTemplate\":\"https:\/\/www.visit-ulcinj.com\/blog\/?s={search_term_string}\"},\"query-input\":\"required name=search_term_string\"}],\"inLanguage\":\"en-US\"},{\"@type\":\"ImageObject\",\"inLanguage\":\"en-US\",\"@id\":\"https:\/\/www.visit-ulcinj.com\/blog\/2016\/10\/26\/tkurrja-e-shqiptareve-te-malit-te-zi-dhe-heshtja-e-qeverive-shqiptare\/#primaryimage\",\"url\":\"https:\/\/www.visit-ulcinj.com\/blog\/wp-content\/uploads\/2016\/10\/Adnan-RRUSTEMI.jpg\",\"contentUrl\":\"https:\/\/www.visit-ulcinj.com\/blog\/wp-content\/uploads\/2016\/10\/Adnan-RRUSTEMI.jpg\",\"width\":960,\"height\":540},{\"@type\":\"WebPage\",\"@id\":\"https:\/\/www.visit-ulcinj.com\/blog\/2016\/10\/26\/tkurrja-e-shqiptareve-te-malit-te-zi-dhe-heshtja-e-qeverive-shqiptare\/#webpage\",\"url\":\"https:\/\/www.visit-ulcinj.com\/blog\/2016\/10\/26\/tkurrja-e-shqiptareve-te-malit-te-zi-dhe-heshtja-e-qeverive-shqiptare\/\",\"name\":\"Tkurrja e shqiptar\u00ebve t\u00eb Malit t\u00eb Zi dhe heshtja e qeverive shqiptare - Lajme nga Ulqini\",\"isPartOf\":{\"@id\":\"https:\/\/www.visit-ulcinj.com\/blog\/#website\"},\"primaryImageOfPage\":{\"@id\":\"https:\/\/www.visit-ulcinj.com\/blog\/2016\/10\/26\/tkurrja-e-shqiptareve-te-malit-te-zi-dhe-heshtja-e-qeverive-shqiptare\/#primaryimage\"},\"datePublished\":\"2016-10-26T16:00:57+00:00\",\"dateModified\":\"2016-10-26T16:00:57+00:00\",\"author\":{\"@id\":\"https:\/\/www.visit-ulcinj.com\/blog\/#\/schema\/person\/dcab619c614d3038751c63bc2aadc06d\"},\"description\":\"Adnan RRUSTEMI Zgjedhjet e fundit n\u00eb Mal t\u00eb Zi, p\u00ebrve\u00e7 luhatjeve mbi orientimin e k\u00ebtij shteti t\u00eb Ballkanit n\u00eb mes t\u00eb vazhdimit t\u00eb kursit euro-atlantik\",\"breadcrumb\":{\"@id\":\"https:\/\/www.visit-ulcinj.com\/blog\/2016\/10\/26\/tkurrja-e-shqiptareve-te-malit-te-zi-dhe-heshtja-e-qeverive-shqiptare\/#breadcrumb\"},\"inLanguage\":\"en-US\",\"potentialAction\":[{\"@type\":\"ReadAction\",\"target\":[\"https:\/\/www.visit-ulcinj.com\/blog\/2016\/10\/26\/tkurrja-e-shqiptareve-te-malit-te-zi-dhe-heshtja-e-qeverive-shqiptare\/\"]}]},{\"@type\":\"BreadcrumbList\",\"@id\":\"https:\/\/www.visit-ulcinj.com\/blog\/2016\/10\/26\/tkurrja-e-shqiptareve-te-malit-te-zi-dhe-heshtja-e-qeverive-shqiptare\/#breadcrumb\",\"itemListElement\":[{\"@type\":\"ListItem\",\"position\":1,\"name\":\"Tkurrja e shqiptar\u00ebve t\u00eb Malit t\u00eb Zi dhe heshtja e qeverive shqiptare\"}]},{\"@type\":\"Person\",\"@id\":\"https:\/\/www.visit-ulcinj.com\/blog\/#\/schema\/person\/dcab619c614d3038751c63bc2aadc06d\",\"name\":\"ulqini\",\"sameAs\":[\"http:\/\/www.visit-ulcinj.com\"],\"url\":\"https:\/\/www.visit-ulcinj.com\/blog\/author\/admin\/\"}]}<\/script>\n<!-- \/ Yoast SEO plugin. -->","yoast_head_json":{"title":"Tkurrja e shqiptar\u00ebve t\u00eb Malit t\u00eb Zi dhe heshtja e qeverive shqiptare - Lajme nga Ulqini","description":"Adnan RRUSTEMI Zgjedhjet e fundit n\u00eb Mal t\u00eb Zi, p\u00ebrve\u00e7 luhatjeve mbi orientimin e k\u00ebtij shteti t\u00eb Ballkanit n\u00eb mes t\u00eb vazhdimit t\u00eb kursit euro-atlantik","robots":{"index":"index","follow":"follow","max-snippet":"max-snippet:-1","max-image-preview":"max-image-preview:large","max-video-preview":"max-video-preview:-1"},"canonical":"https:\/\/www.visit-ulcinj.com\/blog\/2016\/10\/26\/tkurrja-e-shqiptareve-te-malit-te-zi-dhe-heshtja-e-qeverive-shqiptare\/","og_locale":"en_US","og_type":"article","og_title":"Tkurrja e shqiptar\u00ebve t\u00eb Malit t\u00eb Zi dhe heshtja e qeverive shqiptare - Lajme nga Ulqini","og_description":"Adnan RRUSTEMI Zgjedhjet e fundit n\u00eb Mal t\u00eb Zi, p\u00ebrve\u00e7 luhatjeve mbi orientimin e k\u00ebtij shteti t\u00eb Ballkanit n\u00eb mes t\u00eb vazhdimit t\u00eb kursit euro-atlantik","og_url":"https:\/\/www.visit-ulcinj.com\/blog\/2016\/10\/26\/tkurrja-e-shqiptareve-te-malit-te-zi-dhe-heshtja-e-qeverive-shqiptare\/","og_site_name":"Lajme nga Ulqini","article_published_time":"2016-10-26T16:00:57+00:00","og_image":[{"url":"http:\/\/www.visit-ulcinj.com\/blog\/wp-content\/uploads\/2016\/10\/Adnan-RRUSTEMI.jpg"}],"twitter_misc":{"Written by":"ulqini","Est. reading time":"6 minutes"},"schema":{"@context":"https:\/\/schema.org","@graph":[{"@type":"WebSite","@id":"https:\/\/www.visit-ulcinj.com\/blog\/#website","url":"https:\/\/www.visit-ulcinj.com\/blog\/","name":"Lajme nga Ulqini","description":"Lajme,Vijesti,Ulqini,Ulqin,Crna Gora,Mali i Zi","potentialAction":[{"@type":"SearchAction","target":{"@type":"EntryPoint","urlTemplate":"https:\/\/www.visit-ulcinj.com\/blog\/?s={search_term_string}"},"query-input":"required name=search_term_string"}],"inLanguage":"en-US"},{"@type":"ImageObject","inLanguage":"en-US","@id":"https:\/\/www.visit-ulcinj.com\/blog\/2016\/10\/26\/tkurrja-e-shqiptareve-te-malit-te-zi-dhe-heshtja-e-qeverive-shqiptare\/#primaryimage","url":"https:\/\/www.visit-ulcinj.com\/blog\/wp-content\/uploads\/2016\/10\/Adnan-RRUSTEMI.jpg","contentUrl":"https:\/\/www.visit-ulcinj.com\/blog\/wp-content\/uploads\/2016\/10\/Adnan-RRUSTEMI.jpg","width":960,"height":540},{"@type":"WebPage","@id":"https:\/\/www.visit-ulcinj.com\/blog\/2016\/10\/26\/tkurrja-e-shqiptareve-te-malit-te-zi-dhe-heshtja-e-qeverive-shqiptare\/#webpage","url":"https:\/\/www.visit-ulcinj.com\/blog\/2016\/10\/26\/tkurrja-e-shqiptareve-te-malit-te-zi-dhe-heshtja-e-qeverive-shqiptare\/","name":"Tkurrja e shqiptar\u00ebve t\u00eb Malit t\u00eb Zi dhe heshtja e qeverive shqiptare - Lajme nga Ulqini","isPartOf":{"@id":"https:\/\/www.visit-ulcinj.com\/blog\/#website"},"primaryImageOfPage":{"@id":"https:\/\/www.visit-ulcinj.com\/blog\/2016\/10\/26\/tkurrja-e-shqiptareve-te-malit-te-zi-dhe-heshtja-e-qeverive-shqiptare\/#primaryimage"},"datePublished":"2016-10-26T16:00:57+00:00","dateModified":"2016-10-26T16:00:57+00:00","author":{"@id":"https:\/\/www.visit-ulcinj.com\/blog\/#\/schema\/person\/dcab619c614d3038751c63bc2aadc06d"},"description":"Adnan RRUSTEMI Zgjedhjet e fundit n\u00eb Mal t\u00eb Zi, p\u00ebrve\u00e7 luhatjeve mbi orientimin e k\u00ebtij shteti t\u00eb Ballkanit n\u00eb mes t\u00eb vazhdimit t\u00eb kursit euro-atlantik","breadcrumb":{"@id":"https:\/\/www.visit-ulcinj.com\/blog\/2016\/10\/26\/tkurrja-e-shqiptareve-te-malit-te-zi-dhe-heshtja-e-qeverive-shqiptare\/#breadcrumb"},"inLanguage":"en-US","potentialAction":[{"@type":"ReadAction","target":["https:\/\/www.visit-ulcinj.com\/blog\/2016\/10\/26\/tkurrja-e-shqiptareve-te-malit-te-zi-dhe-heshtja-e-qeverive-shqiptare\/"]}]},{"@type":"BreadcrumbList","@id":"https:\/\/www.visit-ulcinj.com\/blog\/2016\/10\/26\/tkurrja-e-shqiptareve-te-malit-te-zi-dhe-heshtja-e-qeverive-shqiptare\/#breadcrumb","itemListElement":[{"@type":"ListItem","position":1,"name":"Tkurrja e shqiptar\u00ebve t\u00eb Malit t\u00eb Zi dhe heshtja e qeverive shqiptare"}]},{"@type":"Person","@id":"https:\/\/www.visit-ulcinj.com\/blog\/#\/schema\/person\/dcab619c614d3038751c63bc2aadc06d","name":"ulqini","sameAs":["http:\/\/www.visit-ulcinj.com"],"url":"https:\/\/www.visit-ulcinj.com\/blog\/author\/admin\/"}]}},"jetpack_featured_media_url":"","jetpack_sharing_enabled":true,"jetpack_shortlink":"https:\/\/wp.me\/pe6lTn-qax","_links":{"self":[{"href":"https:\/\/www.visit-ulcinj.com\/blog\/wp-json\/wp\/v2\/posts\/100597"}],"collection":[{"href":"https:\/\/www.visit-ulcinj.com\/blog\/wp-json\/wp\/v2\/posts"}],"about":[{"href":"https:\/\/www.visit-ulcinj.com\/blog\/wp-json\/wp\/v2\/types\/post"}],"author":[{"embeddable":true,"href":"https:\/\/www.visit-ulcinj.com\/blog\/wp-json\/wp\/v2\/users\/1"}],"replies":[{"embeddable":true,"href":"https:\/\/www.visit-ulcinj.com\/blog\/wp-json\/wp\/v2\/comments?post=100597"}],"version-history":[{"count":1,"href":"https:\/\/www.visit-ulcinj.com\/blog\/wp-json\/wp\/v2\/posts\/100597\/revisions"}],"predecessor-version":[{"id":100599,"href":"https:\/\/www.visit-ulcinj.com\/blog\/wp-json\/wp\/v2\/posts\/100597\/revisions\/100599"}],"wp:attachment":[{"href":"https:\/\/www.visit-ulcinj.com\/blog\/wp-json\/wp\/v2\/media?parent=100597"}],"wp:term":[{"taxonomy":"category","embeddable":true,"href":"https:\/\/www.visit-ulcinj.com\/blog\/wp-json\/wp\/v2\/categories?post=100597"},{"taxonomy":"post_tag","embeddable":true,"href":"https:\/\/www.visit-ulcinj.com\/blog\/wp-json\/wp\/v2\/tags?post=100597"}],"curies":[{"name":"wp","href":"https:\/\/api.w.org\/{rel}","templated":true}]}}