{"id":100602,"date":"2016-10-27T07:11:18","date_gmt":"2016-10-27T06:11:18","guid":{"rendered":"http:\/\/www.visit-ulcinj.com\/blog\/?p=100602"},"modified":"2016-10-27T16:01:15","modified_gmt":"2016-10-27T15:01:15","slug":"ulqini-pasurohet-edhe-nje-dokror-te-ri-te-shkencave-sociale","status":"publish","type":"post","link":"https:\/\/www.visit-ulcinj.com\/blog\/2016\/10\/27\/ulqini-pasurohet-edhe-nje-dokror-te-ri-te-shkencave-sociale\/","title":{"rendered":"Ulqini pasurohet edhe me nj\u00eb doktor t\u00eb ri t\u00eb shkencave sociale"},"content":{"rendered":"<p>Shkruan :<\/p>\n<p><strong>Esat Mehmeti<\/strong>, gazetar\u00a0 n\u00eb Radio Ulqin<br \/>\n<a href=\"http:\/\/www.visit-ulcinj.com\/blog\/wp-content\/uploads\/2016\/10\/Dritan-Ceka.jpg\"><img loading=\"lazy\" class=\"alignleft wp-image-100603\" src=\"http:\/\/www.visit-ulcinj.com\/blog\/wp-content\/uploads\/2016\/10\/Dritan-Ceka.jpg\" alt=\"Dritan-Ceka\" width=\"508\" height=\"482\" srcset=\"https:\/\/www.visit-ulcinj.com\/blog\/wp-content\/uploads\/2016\/10\/Dritan-Ceka.jpg 597w, https:\/\/www.visit-ulcinj.com\/blog\/wp-content\/uploads\/2016\/10\/Dritan-Ceka-300x285.jpg 300w\" sizes=\"(max-width: 508px) 100vw, 508px\" \/><\/a><br \/>\nDritan Ceka , n\u00eb mbrojtje t\u00eb tem\u00ebs n\u00eb doktoratur\u00eb<\/p>\n<p><strong>Shkencave\u00a0 Sociale i shtohet edhe nj\u00eb doktor i ri. Sot, doktor i shkencave, n\u00eb Ulqin ju ku shtuar edhe nj\u00eb em\u00ebr i ri, Dritan Ceka, madje edhe p\u00ebr nga mosha, ky \u00ebsht\u00eb\u00a0 mjaft i ri.<\/strong><\/p>\n<p><strong>\u00a0<\/strong><\/p>\n<p>Dit\u00eb m\u00eb par\u00eb, p\u00ebrkat\u00ebsisht, m\u00eb 25 tetor t\u00eb k\u00ebtij viti, n\u00eb ambientet e Universitetit\u00a0 Europian t\u00eb Tiran\u00ebs, n\u00eb shkencat\u00a0 Sociale , me profilin: Psikologji-Pedagogji, Z. Dritan Ceka, me sukses mbrojti\u00a0 tem\u00ebn e doktoratur\u00ebs ;<strong>\u201cRoli i Familjes n\u00eb\u00a0 edukimin\u00a0 sh\u00ebndet\u00ebsor t\u00eb\u00a0 adolishentiot <\/strong>\u201d. Tema \u00ebsht\u00eb nj\u00eb studim krahasues\u00a0 mes Ulqinit dhe Shkodr\u00ebs.<\/p>\n<p>N\u00eb nj\u00eb at\u00ebmosfer\u00eb t\u00eb k\u00ebndshme, n\u00eb sall\u00eb, ku p\u00ebrve\u00e7 \u00a0prof. eminent\u00eb; n\u00ebn udh\u00ebheqjen\u00a0\u00a0 shkencore\u00a0 t\u00eb Prof. Asoc.Dr. Erika Melonashi,si dhe \u00a0p\u00ebrb\u00ebrj\u00ebs s\u00eb Juris\u00eb : Prof.Dr. Nervila Nika, kryetare e Komisioni p\u00ebr mbrojtje, an\u00ebtar\u00eb\u00a0 t\u00eb komisionit; Prof.Asoc.Dr.Fatmir Vadahi,Prof.Asoc.Dr. Tonin Treska, Prof.Asoc.Dr. Ylljet Ali\u00e7ka dhe Prof.Dr. G\u00ebzim Dibra, merrnin pjes\u00eb ,familjar\u00eb, shok\u00eb, miq dhe\u00a0 t\u00eb af\u00ebm t\u00eb Dritanit. Dritan Ceka ka mbrojtur me sukses tem\u00ebn e doktoratur\u00ebs\u00a0 n\u00eb Shkencat Sociale. Pas prezentimit t\u00eb suksessh\u00ebm, Dritani mori vler\u00ebsimet maksimale nga ana e komisionit dhe u p\u00ebrg\u00ebzua p\u00ebr kontributin dhe pun\u00ebn e tij.<\/p>\n<p><strong>\u00a0\u00a0\u00a0\u00a0\u00a0\u00a0\u00a0\u00a0\u00a0\u00a0\u00a0\u00a0\u00a0\u00a0\u00a0\u00a0\u00a0 \u00a0\u00a0\u00a0\u00a0\u00a0\u00a0\u00a0\u00a0\u00a0\u00a0\u00a0\u00a0\u00a0\u00a0\u00a0\u00a0\u00a0\u00a0\u00a0\u00a0\u00a0<\/strong><strong>Po kush \u00ebsht\u00eb Dr. Dritan Ceka\u00a0 ? <\/strong><\/p>\n<p>Dritani \u00ebsht\u00eb nga Brejsha , (Ana e Malit ),komua e Ulqinit ).U lind n\u00eb vitin 1981. Shkoll\u00ebn fillore e ka kryer n\u00eb Kat\u00ebrkoll\u00eb, kurse \u00a0Gjimnazin \u201c V\u00ebllazrim \u2013 Bashkimi \u201c n\u00eb Ulqin .<\/p>\n<p>M\u00eb\u00a0 2001 regjistrohet, n\u00eb Universitetin\u00a0 e Prishtin\u00ebs, Profili,Fakulteti\u00a0 i Edukimit -Bachellor, n\u00eb Edukim, M\u00ebsuesi cik\u00ebl fillor. M\u00eb pas, po n\u00eb Universitetin e Prishtin\u00ebs, n\u00eb Fakultetin Filozofik ndjek dhe p\u00ebrfundon studimet n\u00eb Masterin n\u00eb Pedagogji t\u00eb P\u00ebrgjithshme.\u00a0 Dritani , nuk\u00a0 ndalet me kaq. Ai \u00ebsht\u00eb k\u00ebmb\u00ebngul\u00ebs dhe \u00a0mjaft ambicioz. N\u00eb Universitetin\u00a0 Europian\u00a0 t\u00eb Tiran\u00ebs, shkoll\u00ebs Doktorale \u00a0n\u00eb departamentin\u00a0 e Shkencave\u00a0 Sociale, me profil Psikologji, p\u00ebr\u00a0 marrjen e grad\u00ebs\u00a0 shkencore , Doktor, paraqet\u00a0 tem\u00ebn e disertacionit ; \u201c Roli i familjes n\u00eb edukimin\u00a0 sh\u00ebndet\u00ebsor t\u00eb adolishentit\u201d, t\u00eb cil\u00ebn , dit\u00eb m\u00eb par\u00eb e mbrojti me sukses.<\/p>\n<p>Mbrojtja e doktoratur\u00ebs \u00ebsht\u00eb kurorr\u00ebzim i pun\u00ebs\u00a0 se tij n\u00eb l\u00ebmin e shkenc\u00ebs, repsktivisht at\u00eb t\u00eb psikologjis\u00eb.<\/p>\n<p>Dritani, deri m\u00eb tani ka marr\u00eb pjes\u00eb dhe ka prezentuar punime shkencore n\u00eb konferenca shkencore, komb\u00ebtare dhe nd\u00ebrkombetare, si\u00a0 Turqi, Kroqci, Rumani, Bullgari e vende t\u00eb tjera. \u00cbsht\u00eb an\u00ebtar i rregull i q\u00ebnderes p\u00ebr k\u00ebrkime dhe hulumtime EUSER me qend\u00ebr n\u00eb Bruksel e cila mirret me organizimet publikime shkencore ,trajnimet etj .<\/p>\n<p>Dr. Ceka \u00ebsht\u00eb mjaft aktiv me shkrimet, p\u00ebrkthimet dhe ligj\u00ebratat e tij.<\/p>\n","protected":false},"excerpt":{"rendered":"<p>Shkruan : Esat Mehmeti, gazetar\u00a0 n\u00eb Radio Ulqin Dritan Ceka , n\u00eb mbrojtje t\u00eb tem\u00ebs n\u00eb doktoratur\u00eb Shkencave\u00a0 Sociale i shtohet edhe nj\u00eb doktor i ri. Sot, doktor i shkencave, n\u00eb Ulqin ju ku shtuar edhe nj\u00eb em\u00ebr i ri, Dritan Ceka, madje edhe p\u00ebr nga mosha, ky \u00ebsht\u00eb\u00a0 mjaft i ri. \u00a0 Dit\u00eb m\u00eb [&hellip;]<\/p>\n","protected":false},"author":1,"featured_media":0,"comment_status":"closed","ping_status":"closed","sticky":false,"template":"","format":"standard","meta":{"spay_email":"","jetpack_publicize_message":"","jetpack_is_tweetstorm":false,"jetpack_publicize_feature_enabled":true},"categories":[4,1],"tags":[],"jetpack_publicize_connections":[],"yoast_head":"<!-- This site is optimized with the Yoast SEO plugin v19.1 - https:\/\/yoast.com\/wordpress\/plugins\/seo\/ -->\n<title>Ulqini pasurohet edhe me nj\u00eb doktor t\u00eb ri t\u00eb shkencave sociale - Lajme nga Ulqini<\/title>\n<meta name=\"description\" content=\"Shkruan : Esat Mehmeti, gazetar\u00a0 n\u00eb Radio Ulqin Dritan Ceka , n\u00eb mbrojtje t\u00eb tem\u00ebs n\u00eb doktoratur\u00eb Shkencave\u00a0 Sociale i shtohet edhe nj\u00eb doktor i ri. Sot,\" \/>\n<meta name=\"robots\" content=\"index, follow, max-snippet:-1, max-image-preview:large, max-video-preview:-1\" \/>\n<link rel=\"canonical\" href=\"https:\/\/www.visit-ulcinj.com\/blog\/2016\/10\/27\/ulqini-pasurohet-edhe-nje-dokror-te-ri-te-shkencave-sociale\/\" \/>\n<meta property=\"og:locale\" content=\"en_US\" \/>\n<meta property=\"og:type\" content=\"article\" \/>\n<meta property=\"og:title\" content=\"Ulqini pasurohet edhe me nj\u00eb doktor t\u00eb ri t\u00eb shkencave sociale - Lajme nga Ulqini\" \/>\n<meta property=\"og:description\" content=\"Shkruan : Esat Mehmeti, gazetar\u00a0 n\u00eb Radio Ulqin Dritan Ceka , n\u00eb mbrojtje t\u00eb tem\u00ebs n\u00eb doktoratur\u00eb Shkencave\u00a0 Sociale i shtohet edhe nj\u00eb doktor i ri. Sot,\" \/>\n<meta property=\"og:url\" content=\"https:\/\/www.visit-ulcinj.com\/blog\/2016\/10\/27\/ulqini-pasurohet-edhe-nje-dokror-te-ri-te-shkencave-sociale\/\" \/>\n<meta property=\"og:site_name\" content=\"Lajme nga Ulqini\" \/>\n<meta property=\"article:published_time\" content=\"2016-10-27T06:11:18+00:00\" \/>\n<meta property=\"article:modified_time\" content=\"2016-10-27T15:01:15+00:00\" \/>\n<meta property=\"og:image\" content=\"http:\/\/www.visit-ulcinj.com\/blog\/wp-content\/uploads\/2016\/10\/Dritan-Ceka.jpg\" \/>\n<meta name=\"twitter:label1\" content=\"Written by\" \/>\n\t<meta name=\"twitter:data1\" content=\"ulqini\" \/>\n\t<meta name=\"twitter:label2\" content=\"Est. reading time\" \/>\n\t<meta name=\"twitter:data2\" content=\"2 minutes\" \/>\n<script type=\"application\/ld+json\" class=\"yoast-schema-graph\">{\"@context\":\"https:\/\/schema.org\",\"@graph\":[{\"@type\":\"WebSite\",\"@id\":\"https:\/\/www.visit-ulcinj.com\/blog\/#website\",\"url\":\"https:\/\/www.visit-ulcinj.com\/blog\/\",\"name\":\"Lajme nga Ulqini\",\"description\":\"Lajme,Vijesti,Ulqini,Ulqin,Crna Gora,Mali i Zi\",\"potentialAction\":[{\"@type\":\"SearchAction\",\"target\":{\"@type\":\"EntryPoint\",\"urlTemplate\":\"https:\/\/www.visit-ulcinj.com\/blog\/?s={search_term_string}\"},\"query-input\":\"required name=search_term_string\"}],\"inLanguage\":\"en-US\"},{\"@type\":\"ImageObject\",\"inLanguage\":\"en-US\",\"@id\":\"https:\/\/www.visit-ulcinj.com\/blog\/2016\/10\/27\/ulqini-pasurohet-edhe-nje-dokror-te-ri-te-shkencave-sociale\/#primaryimage\",\"url\":\"https:\/\/www.visit-ulcinj.com\/blog\/wp-content\/uploads\/2016\/10\/Dritan-Ceka.jpg\",\"contentUrl\":\"https:\/\/www.visit-ulcinj.com\/blog\/wp-content\/uploads\/2016\/10\/Dritan-Ceka.jpg\",\"width\":597,\"height\":567},{\"@type\":\"WebPage\",\"@id\":\"https:\/\/www.visit-ulcinj.com\/blog\/2016\/10\/27\/ulqini-pasurohet-edhe-nje-dokror-te-ri-te-shkencave-sociale\/#webpage\",\"url\":\"https:\/\/www.visit-ulcinj.com\/blog\/2016\/10\/27\/ulqini-pasurohet-edhe-nje-dokror-te-ri-te-shkencave-sociale\/\",\"name\":\"Ulqini pasurohet edhe me nj\u00eb doktor t\u00eb ri t\u00eb shkencave sociale - Lajme nga Ulqini\",\"isPartOf\":{\"@id\":\"https:\/\/www.visit-ulcinj.com\/blog\/#website\"},\"primaryImageOfPage\":{\"@id\":\"https:\/\/www.visit-ulcinj.com\/blog\/2016\/10\/27\/ulqini-pasurohet-edhe-nje-dokror-te-ri-te-shkencave-sociale\/#primaryimage\"},\"datePublished\":\"2016-10-27T06:11:18+00:00\",\"dateModified\":\"2016-10-27T15:01:15+00:00\",\"author\":{\"@id\":\"https:\/\/www.visit-ulcinj.com\/blog\/#\/schema\/person\/dcab619c614d3038751c63bc2aadc06d\"},\"description\":\"Shkruan : Esat Mehmeti, gazetar\u00a0 n\u00eb Radio Ulqin Dritan Ceka , n\u00eb mbrojtje t\u00eb tem\u00ebs n\u00eb doktoratur\u00eb Shkencave\u00a0 Sociale i shtohet edhe nj\u00eb doktor i ri. Sot,\",\"breadcrumb\":{\"@id\":\"https:\/\/www.visit-ulcinj.com\/blog\/2016\/10\/27\/ulqini-pasurohet-edhe-nje-dokror-te-ri-te-shkencave-sociale\/#breadcrumb\"},\"inLanguage\":\"en-US\",\"potentialAction\":[{\"@type\":\"ReadAction\",\"target\":[\"https:\/\/www.visit-ulcinj.com\/blog\/2016\/10\/27\/ulqini-pasurohet-edhe-nje-dokror-te-ri-te-shkencave-sociale\/\"]}]},{\"@type\":\"BreadcrumbList\",\"@id\":\"https:\/\/www.visit-ulcinj.com\/blog\/2016\/10\/27\/ulqini-pasurohet-edhe-nje-dokror-te-ri-te-shkencave-sociale\/#breadcrumb\",\"itemListElement\":[{\"@type\":\"ListItem\",\"position\":1,\"name\":\"Ulqini pasurohet edhe me nj\u00eb doktor t\u00eb ri t\u00eb shkencave sociale\"}]},{\"@type\":\"Person\",\"@id\":\"https:\/\/www.visit-ulcinj.com\/blog\/#\/schema\/person\/dcab619c614d3038751c63bc2aadc06d\",\"name\":\"ulqini\",\"sameAs\":[\"http:\/\/www.visit-ulcinj.com\"],\"url\":\"https:\/\/www.visit-ulcinj.com\/blog\/author\/admin\/\"}]}<\/script>\n<!-- \/ Yoast SEO plugin. -->","yoast_head_json":{"title":"Ulqini pasurohet edhe me nj\u00eb doktor t\u00eb ri t\u00eb shkencave sociale - Lajme nga Ulqini","description":"Shkruan : Esat Mehmeti, gazetar\u00a0 n\u00eb Radio Ulqin Dritan Ceka , n\u00eb mbrojtje t\u00eb tem\u00ebs n\u00eb doktoratur\u00eb Shkencave\u00a0 Sociale i shtohet edhe nj\u00eb doktor i ri. Sot,","robots":{"index":"index","follow":"follow","max-snippet":"max-snippet:-1","max-image-preview":"max-image-preview:large","max-video-preview":"max-video-preview:-1"},"canonical":"https:\/\/www.visit-ulcinj.com\/blog\/2016\/10\/27\/ulqini-pasurohet-edhe-nje-dokror-te-ri-te-shkencave-sociale\/","og_locale":"en_US","og_type":"article","og_title":"Ulqini pasurohet edhe me nj\u00eb doktor t\u00eb ri t\u00eb shkencave sociale - Lajme nga Ulqini","og_description":"Shkruan : Esat Mehmeti, gazetar\u00a0 n\u00eb Radio Ulqin Dritan Ceka , n\u00eb mbrojtje t\u00eb tem\u00ebs n\u00eb doktoratur\u00eb Shkencave\u00a0 Sociale i shtohet edhe nj\u00eb doktor i ri. Sot,","og_url":"https:\/\/www.visit-ulcinj.com\/blog\/2016\/10\/27\/ulqini-pasurohet-edhe-nje-dokror-te-ri-te-shkencave-sociale\/","og_site_name":"Lajme nga Ulqini","article_published_time":"2016-10-27T06:11:18+00:00","article_modified_time":"2016-10-27T15:01:15+00:00","og_image":[{"url":"http:\/\/www.visit-ulcinj.com\/blog\/wp-content\/uploads\/2016\/10\/Dritan-Ceka.jpg"}],"twitter_misc":{"Written by":"ulqini","Est. reading time":"2 minutes"},"schema":{"@context":"https:\/\/schema.org","@graph":[{"@type":"WebSite","@id":"https:\/\/www.visit-ulcinj.com\/blog\/#website","url":"https:\/\/www.visit-ulcinj.com\/blog\/","name":"Lajme nga Ulqini","description":"Lajme,Vijesti,Ulqini,Ulqin,Crna Gora,Mali i Zi","potentialAction":[{"@type":"SearchAction","target":{"@type":"EntryPoint","urlTemplate":"https:\/\/www.visit-ulcinj.com\/blog\/?s={search_term_string}"},"query-input":"required name=search_term_string"}],"inLanguage":"en-US"},{"@type":"ImageObject","inLanguage":"en-US","@id":"https:\/\/www.visit-ulcinj.com\/blog\/2016\/10\/27\/ulqini-pasurohet-edhe-nje-dokror-te-ri-te-shkencave-sociale\/#primaryimage","url":"https:\/\/www.visit-ulcinj.com\/blog\/wp-content\/uploads\/2016\/10\/Dritan-Ceka.jpg","contentUrl":"https:\/\/www.visit-ulcinj.com\/blog\/wp-content\/uploads\/2016\/10\/Dritan-Ceka.jpg","width":597,"height":567},{"@type":"WebPage","@id":"https:\/\/www.visit-ulcinj.com\/blog\/2016\/10\/27\/ulqini-pasurohet-edhe-nje-dokror-te-ri-te-shkencave-sociale\/#webpage","url":"https:\/\/www.visit-ulcinj.com\/blog\/2016\/10\/27\/ulqini-pasurohet-edhe-nje-dokror-te-ri-te-shkencave-sociale\/","name":"Ulqini pasurohet edhe me nj\u00eb doktor t\u00eb ri t\u00eb shkencave sociale - Lajme nga Ulqini","isPartOf":{"@id":"https:\/\/www.visit-ulcinj.com\/blog\/#website"},"primaryImageOfPage":{"@id":"https:\/\/www.visit-ulcinj.com\/blog\/2016\/10\/27\/ulqini-pasurohet-edhe-nje-dokror-te-ri-te-shkencave-sociale\/#primaryimage"},"datePublished":"2016-10-27T06:11:18+00:00","dateModified":"2016-10-27T15:01:15+00:00","author":{"@id":"https:\/\/www.visit-ulcinj.com\/blog\/#\/schema\/person\/dcab619c614d3038751c63bc2aadc06d"},"description":"Shkruan : Esat Mehmeti, gazetar\u00a0 n\u00eb Radio Ulqin Dritan Ceka , n\u00eb mbrojtje t\u00eb tem\u00ebs n\u00eb doktoratur\u00eb Shkencave\u00a0 Sociale i shtohet edhe nj\u00eb doktor i ri. Sot,","breadcrumb":{"@id":"https:\/\/www.visit-ulcinj.com\/blog\/2016\/10\/27\/ulqini-pasurohet-edhe-nje-dokror-te-ri-te-shkencave-sociale\/#breadcrumb"},"inLanguage":"en-US","potentialAction":[{"@type":"ReadAction","target":["https:\/\/www.visit-ulcinj.com\/blog\/2016\/10\/27\/ulqini-pasurohet-edhe-nje-dokror-te-ri-te-shkencave-sociale\/"]}]},{"@type":"BreadcrumbList","@id":"https:\/\/www.visit-ulcinj.com\/blog\/2016\/10\/27\/ulqini-pasurohet-edhe-nje-dokror-te-ri-te-shkencave-sociale\/#breadcrumb","itemListElement":[{"@type":"ListItem","position":1,"name":"Ulqini pasurohet edhe me nj\u00eb doktor t\u00eb ri t\u00eb shkencave sociale"}]},{"@type":"Person","@id":"https:\/\/www.visit-ulcinj.com\/blog\/#\/schema\/person\/dcab619c614d3038751c63bc2aadc06d","name":"ulqini","sameAs":["http:\/\/www.visit-ulcinj.com"],"url":"https:\/\/www.visit-ulcinj.com\/blog\/author\/admin\/"}]}},"jetpack_featured_media_url":"","jetpack_sharing_enabled":true,"jetpack_shortlink":"https:\/\/wp.me\/pe6lTn-qaC","_links":{"self":[{"href":"https:\/\/www.visit-ulcinj.com\/blog\/wp-json\/wp\/v2\/posts\/100602"}],"collection":[{"href":"https:\/\/www.visit-ulcinj.com\/blog\/wp-json\/wp\/v2\/posts"}],"about":[{"href":"https:\/\/www.visit-ulcinj.com\/blog\/wp-json\/wp\/v2\/types\/post"}],"author":[{"embeddable":true,"href":"https:\/\/www.visit-ulcinj.com\/blog\/wp-json\/wp\/v2\/users\/1"}],"replies":[{"embeddable":true,"href":"https:\/\/www.visit-ulcinj.com\/blog\/wp-json\/wp\/v2\/comments?post=100602"}],"version-history":[{"count":2,"href":"https:\/\/www.visit-ulcinj.com\/blog\/wp-json\/wp\/v2\/posts\/100602\/revisions"}],"predecessor-version":[{"id":100611,"href":"https:\/\/www.visit-ulcinj.com\/blog\/wp-json\/wp\/v2\/posts\/100602\/revisions\/100611"}],"wp:attachment":[{"href":"https:\/\/www.visit-ulcinj.com\/blog\/wp-json\/wp\/v2\/media?parent=100602"}],"wp:term":[{"taxonomy":"category","embeddable":true,"href":"https:\/\/www.visit-ulcinj.com\/blog\/wp-json\/wp\/v2\/categories?post=100602"},{"taxonomy":"post_tag","embeddable":true,"href":"https:\/\/www.visit-ulcinj.com\/blog\/wp-json\/wp\/v2\/tags?post=100602"}],"curies":[{"name":"wp","href":"https:\/\/api.w.org\/{rel}","templated":true}]}}