{"id":100606,"date":"2016-10-27T10:48:48","date_gmt":"2016-10-27T09:48:48","guid":{"rendered":"http:\/\/www.visit-ulcinj.com\/blog\/?p=100606"},"modified":"2016-10-29T17:08:42","modified_gmt":"2016-10-29T16:08:42","slug":"dasma-madheshtore-2016-ne-ulqin-kendon-nusja-ne-dasem","status":"publish","type":"post","link":"https:\/\/www.visit-ulcinj.com\/blog\/2016\/10\/27\/dasma-madheshtore-2016-ne-ulqin-kendon-nusja-ne-dasem\/","title":{"rendered":"Dasma Madheshtore 2016 n\u00eb Ulqin, Kendon nusja ne das\u00ebm"},"content":{"rendered":"<p><a href=\"http:\/\/www.visit-ulcinj.com\/blog\/wp-content\/uploads\/2016\/10\/Video-nga-Dasma-Xhenan-Mavriq-Anida-Kollari-Ulqin.jpg\"><img loading=\"lazy\" class=\"alignleft wp-image-100607\" src=\"http:\/\/www.visit-ulcinj.com\/blog\/wp-content\/uploads\/2016\/10\/Video-nga-Dasma-Xhenan-Mavriq-Anida-Kollari-Ulqin.jpg\" alt=\"Video nga Dasma Xhenan Mavriq &amp; Anida Kollari Ulqin\" width=\"508\" height=\"283\" srcset=\"https:\/\/www.visit-ulcinj.com\/blog\/wp-content\/uploads\/2016\/10\/Video-nga-Dasma-Xhenan-Mavriq-Anida-Kollari-Ulqin.jpg 633w, https:\/\/www.visit-ulcinj.com\/blog\/wp-content\/uploads\/2016\/10\/Video-nga-Dasma-Xhenan-Mavriq-Anida-Kollari-Ulqin-300x167.jpg 300w\" sizes=\"(max-width: 508px) 100vw, 508px\" \/><\/a>Kjo nuse n\u00eb dasm\u00ebn e saj ka vendosur t\u00eb k\u00ebndoj k\u00ebng\u00ebn \u00abSi dukat i vogel je\u00a0\u00bb k\u00ebnge shkodrane e paharrueshme me nje interpretim te shkelqyer nga k\u00ebng\u00ebtarja Enkela Bisha.<\/p>\n<p>Nusja vendos ta marr\u00eb mikrofonin n\u00eb dor\u00eb duke e habitur bashk\u00ebshortin e saj, por pas pak ajo i tregon se do t\u00eb kendoj nj\u00eb pjes\u00eb t\u00eb k\u00ebng\u00ebs.<\/p>\n<p>Video \u00ebsht\u00eb postuar\u00a0 n\u00eb facebook dhe ka rreth 4,371 shikime ,para dhe pas p\u00ebrfundimit t\u00eb k\u00ebng\u00ebs burri shum\u00eb i emocionuar saj i ngrit\u00eb n\u00eb k\u00ebmb\u00eb gjth\u00eb dasmor\u00ebt.<\/p>\n<p class=\"watch-title-container\"><strong><span id=\"eow-title\" class=\"watch-title\" dir=\"ltr\" title=\"Dasma Xhenan &amp; Anida Ulqin, 2016\">Video nga Dasma Xhenan Mavriq &amp; Anida Kollari Ulqin<\/span><\/strong><\/p>\n<!--YouTube Error: bad URL entered-->\n<p><!--YouTube Error: bad URL entered--><strong><span style=\"color: #ffffff;\">Dasma shqiptare 2016 &#8211; ismet aloshi &#8211; band &#8211; dasma &#8211; xhenan mavriqi &amp; anida kollari info:069544737<\/span> <\/strong><\/p>\n<h1 class=\"watch-title-container\"><span id=\"eow-title\" class=\"watch-title\" dir=\"ltr\" title=\"Dasma Shqiptare 2016 - ISMET ALOSHI - BAND - DASMA - Xhenan Mavriqit &amp; ANDIA KOLLARI INFO:069544737\">\u00a0<\/span><\/h1>\n","protected":false},"excerpt":{"rendered":"<p>Kjo nuse n\u00eb dasm\u00ebn e saj ka vendosur t\u00eb k\u00ebndoj k\u00ebng\u00ebn \u00abSi dukat i vogel je\u00a0\u00bb k\u00ebnge shkodrane e paharrueshme me nje interpretim te shkelqyer nga k\u00ebng\u00ebtarja Enkela Bisha. Nusja vendos ta marr\u00eb mikrofonin n\u00eb dor\u00eb duke e habitur bashk\u00ebshortin e saj, por pas pak ajo i tregon se do t\u00eb kendoj nj\u00eb pjes\u00eb t\u00eb [&hellip;]<\/p>\n","protected":false},"author":1,"featured_media":0,"comment_status":"closed","ping_status":"closed","sticky":false,"template":"","format":"standard","meta":{"spay_email":"","jetpack_publicize_message":"","jetpack_is_tweetstorm":false,"jetpack_publicize_feature_enabled":true},"categories":[1],"tags":[],"jetpack_publicize_connections":[],"yoast_head":"<!-- This site is optimized with the Yoast SEO plugin v19.1 - https:\/\/yoast.com\/wordpress\/plugins\/seo\/ -->\n<title>Dasma Madheshtore 2016 n\u00eb Ulqin, Kendon nusja ne das\u00ebm - Lajme nga Ulqini<\/title>\n<meta name=\"description\" content=\"Kjo nuse n\u00eb dasm\u00ebn e saj ka vendosur t\u00eb k\u00ebndoj k\u00ebng\u00ebn \u00abSi dukat i vogel je\u00a0\u00bb k\u00ebnge shkodrane e paharrueshme me nje interpretim te shkelqyer nga k\u00ebng\u00ebtarja\" \/>\n<meta name=\"robots\" content=\"index, follow, max-snippet:-1, max-image-preview:large, max-video-preview:-1\" \/>\n<link rel=\"canonical\" href=\"https:\/\/www.visit-ulcinj.com\/blog\/2016\/10\/27\/dasma-madheshtore-2016-ne-ulqin-kendon-nusja-ne-dasem\/\" \/>\n<meta property=\"og:locale\" content=\"en_US\" \/>\n<meta property=\"og:type\" content=\"article\" \/>\n<meta property=\"og:title\" content=\"Dasma Madheshtore 2016 n\u00eb Ulqin, Kendon nusja ne das\u00ebm - Lajme nga Ulqini\" \/>\n<meta property=\"og:description\" content=\"Kjo nuse n\u00eb dasm\u00ebn e saj ka vendosur t\u00eb k\u00ebndoj k\u00ebng\u00ebn \u00abSi dukat i vogel je\u00a0\u00bb k\u00ebnge shkodrane e paharrueshme me nje interpretim te shkelqyer nga k\u00ebng\u00ebtarja\" \/>\n<meta property=\"og:url\" content=\"https:\/\/www.visit-ulcinj.com\/blog\/2016\/10\/27\/dasma-madheshtore-2016-ne-ulqin-kendon-nusja-ne-dasem\/\" \/>\n<meta property=\"og:site_name\" content=\"Lajme nga Ulqini\" \/>\n<meta property=\"article:published_time\" content=\"2016-10-27T09:48:48+00:00\" \/>\n<meta property=\"article:modified_time\" content=\"2016-10-29T16:08:42+00:00\" \/>\n<meta property=\"og:image\" content=\"http:\/\/www.visit-ulcinj.com\/blog\/wp-content\/uploads\/2016\/10\/Video-nga-Dasma-Xhenan-Mavriq-Anida-Kollari-Ulqin.jpg\" \/>\n<meta name=\"twitter:label1\" content=\"Written by\" \/>\n\t<meta name=\"twitter:data1\" content=\"ulqini\" \/>\n\t<meta name=\"twitter:label2\" content=\"Est. reading time\" \/>\n\t<meta name=\"twitter:data2\" content=\"1 minute\" \/>\n<script type=\"application\/ld+json\" class=\"yoast-schema-graph\">{\"@context\":\"https:\/\/schema.org\",\"@graph\":[{\"@type\":\"WebSite\",\"@id\":\"https:\/\/www.visit-ulcinj.com\/blog\/#website\",\"url\":\"https:\/\/www.visit-ulcinj.com\/blog\/\",\"name\":\"Lajme nga Ulqini\",\"description\":\"Lajme,Vijesti,Ulqini,Ulqin,Crna Gora,Mali i Zi\",\"potentialAction\":[{\"@type\":\"SearchAction\",\"target\":{\"@type\":\"EntryPoint\",\"urlTemplate\":\"https:\/\/www.visit-ulcinj.com\/blog\/?s={search_term_string}\"},\"query-input\":\"required name=search_term_string\"}],\"inLanguage\":\"en-US\"},{\"@type\":\"ImageObject\",\"inLanguage\":\"en-US\",\"@id\":\"https:\/\/www.visit-ulcinj.com\/blog\/2016\/10\/27\/dasma-madheshtore-2016-ne-ulqin-kendon-nusja-ne-dasem\/#primaryimage\",\"url\":\"https:\/\/www.visit-ulcinj.com\/blog\/wp-content\/uploads\/2016\/10\/Video-nga-Dasma-Xhenan-Mavriq-Anida-Kollari-Ulqin.jpg\",\"contentUrl\":\"https:\/\/www.visit-ulcinj.com\/blog\/wp-content\/uploads\/2016\/10\/Video-nga-Dasma-Xhenan-Mavriq-Anida-Kollari-Ulqin.jpg\",\"width\":633,\"height\":353},{\"@type\":\"WebPage\",\"@id\":\"https:\/\/www.visit-ulcinj.com\/blog\/2016\/10\/27\/dasma-madheshtore-2016-ne-ulqin-kendon-nusja-ne-dasem\/#webpage\",\"url\":\"https:\/\/www.visit-ulcinj.com\/blog\/2016\/10\/27\/dasma-madheshtore-2016-ne-ulqin-kendon-nusja-ne-dasem\/\",\"name\":\"Dasma Madheshtore 2016 n\u00eb Ulqin, Kendon nusja ne das\u00ebm - Lajme nga Ulqini\",\"isPartOf\":{\"@id\":\"https:\/\/www.visit-ulcinj.com\/blog\/#website\"},\"primaryImageOfPage\":{\"@id\":\"https:\/\/www.visit-ulcinj.com\/blog\/2016\/10\/27\/dasma-madheshtore-2016-ne-ulqin-kendon-nusja-ne-dasem\/#primaryimage\"},\"datePublished\":\"2016-10-27T09:48:48+00:00\",\"dateModified\":\"2016-10-29T16:08:42+00:00\",\"author\":{\"@id\":\"https:\/\/www.visit-ulcinj.com\/blog\/#\/schema\/person\/dcab619c614d3038751c63bc2aadc06d\"},\"description\":\"Kjo nuse n\u00eb dasm\u00ebn e saj ka vendosur t\u00eb k\u00ebndoj k\u00ebng\u00ebn \u00abSi dukat i vogel je\u00a0\u00bb k\u00ebnge shkodrane e paharrueshme me nje interpretim te shkelqyer nga k\u00ebng\u00ebtarja\",\"breadcrumb\":{\"@id\":\"https:\/\/www.visit-ulcinj.com\/blog\/2016\/10\/27\/dasma-madheshtore-2016-ne-ulqin-kendon-nusja-ne-dasem\/#breadcrumb\"},\"inLanguage\":\"en-US\",\"potentialAction\":[{\"@type\":\"ReadAction\",\"target\":[\"https:\/\/www.visit-ulcinj.com\/blog\/2016\/10\/27\/dasma-madheshtore-2016-ne-ulqin-kendon-nusja-ne-dasem\/\"]}]},{\"@type\":\"BreadcrumbList\",\"@id\":\"https:\/\/www.visit-ulcinj.com\/blog\/2016\/10\/27\/dasma-madheshtore-2016-ne-ulqin-kendon-nusja-ne-dasem\/#breadcrumb\",\"itemListElement\":[{\"@type\":\"ListItem\",\"position\":1,\"name\":\"Dasma Madheshtore 2016 n\u00eb Ulqin, Kendon nusja ne das\u00ebm\"}]},{\"@type\":\"Person\",\"@id\":\"https:\/\/www.visit-ulcinj.com\/blog\/#\/schema\/person\/dcab619c614d3038751c63bc2aadc06d\",\"name\":\"ulqini\",\"sameAs\":[\"http:\/\/www.visit-ulcinj.com\"],\"url\":\"https:\/\/www.visit-ulcinj.com\/blog\/author\/admin\/\"}]}<\/script>\n<!-- \/ Yoast SEO plugin. -->","yoast_head_json":{"title":"Dasma Madheshtore 2016 n\u00eb Ulqin, Kendon nusja ne das\u00ebm - Lajme nga Ulqini","description":"Kjo nuse n\u00eb dasm\u00ebn e saj ka vendosur t\u00eb k\u00ebndoj k\u00ebng\u00ebn \u00abSi dukat i vogel je\u00a0\u00bb k\u00ebnge shkodrane e paharrueshme me nje interpretim te shkelqyer nga k\u00ebng\u00ebtarja","robots":{"index":"index","follow":"follow","max-snippet":"max-snippet:-1","max-image-preview":"max-image-preview:large","max-video-preview":"max-video-preview:-1"},"canonical":"https:\/\/www.visit-ulcinj.com\/blog\/2016\/10\/27\/dasma-madheshtore-2016-ne-ulqin-kendon-nusja-ne-dasem\/","og_locale":"en_US","og_type":"article","og_title":"Dasma Madheshtore 2016 n\u00eb Ulqin, Kendon nusja ne das\u00ebm - Lajme nga Ulqini","og_description":"Kjo nuse n\u00eb dasm\u00ebn e saj ka vendosur t\u00eb k\u00ebndoj k\u00ebng\u00ebn \u00abSi dukat i vogel je\u00a0\u00bb k\u00ebnge shkodrane e paharrueshme me nje interpretim te shkelqyer nga k\u00ebng\u00ebtarja","og_url":"https:\/\/www.visit-ulcinj.com\/blog\/2016\/10\/27\/dasma-madheshtore-2016-ne-ulqin-kendon-nusja-ne-dasem\/","og_site_name":"Lajme nga Ulqini","article_published_time":"2016-10-27T09:48:48+00:00","article_modified_time":"2016-10-29T16:08:42+00:00","og_image":[{"url":"http:\/\/www.visit-ulcinj.com\/blog\/wp-content\/uploads\/2016\/10\/Video-nga-Dasma-Xhenan-Mavriq-Anida-Kollari-Ulqin.jpg"}],"twitter_misc":{"Written by":"ulqini","Est. reading time":"1 minute"},"schema":{"@context":"https:\/\/schema.org","@graph":[{"@type":"WebSite","@id":"https:\/\/www.visit-ulcinj.com\/blog\/#website","url":"https:\/\/www.visit-ulcinj.com\/blog\/","name":"Lajme nga Ulqini","description":"Lajme,Vijesti,Ulqini,Ulqin,Crna Gora,Mali i Zi","potentialAction":[{"@type":"SearchAction","target":{"@type":"EntryPoint","urlTemplate":"https:\/\/www.visit-ulcinj.com\/blog\/?s={search_term_string}"},"query-input":"required name=search_term_string"}],"inLanguage":"en-US"},{"@type":"ImageObject","inLanguage":"en-US","@id":"https:\/\/www.visit-ulcinj.com\/blog\/2016\/10\/27\/dasma-madheshtore-2016-ne-ulqin-kendon-nusja-ne-dasem\/#primaryimage","url":"https:\/\/www.visit-ulcinj.com\/blog\/wp-content\/uploads\/2016\/10\/Video-nga-Dasma-Xhenan-Mavriq-Anida-Kollari-Ulqin.jpg","contentUrl":"https:\/\/www.visit-ulcinj.com\/blog\/wp-content\/uploads\/2016\/10\/Video-nga-Dasma-Xhenan-Mavriq-Anida-Kollari-Ulqin.jpg","width":633,"height":353},{"@type":"WebPage","@id":"https:\/\/www.visit-ulcinj.com\/blog\/2016\/10\/27\/dasma-madheshtore-2016-ne-ulqin-kendon-nusja-ne-dasem\/#webpage","url":"https:\/\/www.visit-ulcinj.com\/blog\/2016\/10\/27\/dasma-madheshtore-2016-ne-ulqin-kendon-nusja-ne-dasem\/","name":"Dasma Madheshtore 2016 n\u00eb Ulqin, Kendon nusja ne das\u00ebm - Lajme nga Ulqini","isPartOf":{"@id":"https:\/\/www.visit-ulcinj.com\/blog\/#website"},"primaryImageOfPage":{"@id":"https:\/\/www.visit-ulcinj.com\/blog\/2016\/10\/27\/dasma-madheshtore-2016-ne-ulqin-kendon-nusja-ne-dasem\/#primaryimage"},"datePublished":"2016-10-27T09:48:48+00:00","dateModified":"2016-10-29T16:08:42+00:00","author":{"@id":"https:\/\/www.visit-ulcinj.com\/blog\/#\/schema\/person\/dcab619c614d3038751c63bc2aadc06d"},"description":"Kjo nuse n\u00eb dasm\u00ebn e saj ka vendosur t\u00eb k\u00ebndoj k\u00ebng\u00ebn \u00abSi dukat i vogel je\u00a0\u00bb k\u00ebnge shkodrane e paharrueshme me nje interpretim te shkelqyer nga k\u00ebng\u00ebtarja","breadcrumb":{"@id":"https:\/\/www.visit-ulcinj.com\/blog\/2016\/10\/27\/dasma-madheshtore-2016-ne-ulqin-kendon-nusja-ne-dasem\/#breadcrumb"},"inLanguage":"en-US","potentialAction":[{"@type":"ReadAction","target":["https:\/\/www.visit-ulcinj.com\/blog\/2016\/10\/27\/dasma-madheshtore-2016-ne-ulqin-kendon-nusja-ne-dasem\/"]}]},{"@type":"BreadcrumbList","@id":"https:\/\/www.visit-ulcinj.com\/blog\/2016\/10\/27\/dasma-madheshtore-2016-ne-ulqin-kendon-nusja-ne-dasem\/#breadcrumb","itemListElement":[{"@type":"ListItem","position":1,"name":"Dasma Madheshtore 2016 n\u00eb Ulqin, Kendon nusja ne das\u00ebm"}]},{"@type":"Person","@id":"https:\/\/www.visit-ulcinj.com\/blog\/#\/schema\/person\/dcab619c614d3038751c63bc2aadc06d","name":"ulqini","sameAs":["http:\/\/www.visit-ulcinj.com"],"url":"https:\/\/www.visit-ulcinj.com\/blog\/author\/admin\/"}]}},"jetpack_featured_media_url":"","jetpack_sharing_enabled":true,"jetpack_shortlink":"https:\/\/wp.me\/pe6lTn-qaG","_links":{"self":[{"href":"https:\/\/www.visit-ulcinj.com\/blog\/wp-json\/wp\/v2\/posts\/100606"}],"collection":[{"href":"https:\/\/www.visit-ulcinj.com\/blog\/wp-json\/wp\/v2\/posts"}],"about":[{"href":"https:\/\/www.visit-ulcinj.com\/blog\/wp-json\/wp\/v2\/types\/post"}],"author":[{"embeddable":true,"href":"https:\/\/www.visit-ulcinj.com\/blog\/wp-json\/wp\/v2\/users\/1"}],"replies":[{"embeddable":true,"href":"https:\/\/www.visit-ulcinj.com\/blog\/wp-json\/wp\/v2\/comments?post=100606"}],"version-history":[{"count":5,"href":"https:\/\/www.visit-ulcinj.com\/blog\/wp-json\/wp\/v2\/posts\/100606\/revisions"}],"predecessor-version":[{"id":100616,"href":"https:\/\/www.visit-ulcinj.com\/blog\/wp-json\/wp\/v2\/posts\/100606\/revisions\/100616"}],"wp:attachment":[{"href":"https:\/\/www.visit-ulcinj.com\/blog\/wp-json\/wp\/v2\/media?parent=100606"}],"wp:term":[{"taxonomy":"category","embeddable":true,"href":"https:\/\/www.visit-ulcinj.com\/blog\/wp-json\/wp\/v2\/categories?post=100606"},{"taxonomy":"post_tag","embeddable":true,"href":"https:\/\/www.visit-ulcinj.com\/blog\/wp-json\/wp\/v2\/tags?post=100606"}],"curies":[{"name":"wp","href":"https:\/\/api.w.org\/{rel}","templated":true}]}}