{"id":100617,"date":"2016-10-27T17:22:17","date_gmt":"2016-10-27T16:22:17","guid":{"rendered":"http:\/\/www.visit-ulcinj.com\/blog\/?p=100617"},"modified":"2016-10-27T17:22:17","modified_gmt":"2016-10-27T16:22:17","slug":"nacionalne-manjine-cg-traze-medunarodnu-garanciju-sporazuma","status":"publish","type":"post","link":"https:\/\/www.visit-ulcinj.com\/blog\/2016\/10\/27\/nacionalne-manjine-cg-traze-medunarodnu-garanciju-sporazuma\/","title":{"rendered":"Nacionalne manjine CG tra\u017ee me\u0111unarodnu garanciju sporazuma"},"content":{"rendered":"<p><strong><a href=\"http:\/\/www.visit-ulcinj.com\/blog\/wp-content\/uploads\/2016\/10\/Sporazum-Forca-.jpg\"><img loading=\"lazy\" class=\"alignleft wp-image-100618\" src=\"http:\/\/www.visit-ulcinj.com\/blog\/wp-content\/uploads\/2016\/10\/Sporazum-Forca-.jpg\" alt=\"Sporazum-Forca-\" width=\"508\" height=\"381\" srcset=\"https:\/\/www.visit-ulcinj.com\/blog\/wp-content\/uploads\/2016\/10\/Sporazum-Forca-.jpg 640w, https:\/\/www.visit-ulcinj.com\/blog\/wp-content\/uploads\/2016\/10\/Sporazum-Forca--300x225.jpg 300w\" sizes=\"(max-width: 508px) 100vw, 508px\" \/><\/a>Nacionalne manjine su do sada vi\u0161e puta izigrane zbog \u010dega bi aktuelnu situaciju u vezi sa formiranjem vlade koja zavisi od njih trebalo da iskoriste jer ne smiju dozvoliti da opet budu prevarene. To za CdM ka\u017ee Boris Raoni\u0107 iz Gra\u0111anske alijanse i napominje da bi manjine ovoga puta trebalo da tra\u017ee me\u0111unarodnu garanciju eventualnog budu\u0107eg sporazuma o podr\u0161ci formiranju izvr\u0161ne vlasti. Tako\u0111e, zanimljivo \u0107e biti kako \u0107e se na\u0107i kompromis izme\u0111u njih samih s obzirom na to da nemaju svi istu snagu. <\/strong><\/p>\n<p><a href=\"http:\/\/crna.gora.me\/vijesti\/politika\/dukanovic-i-opozicija-na-iglama-manjine-pocele-pregovore\">Po\u0161to su Bo\u0161nja\u010dka stranka, FORCA i Hrvatska gra\u0111anska inicijativa objavile da \u0107e, prije odluke o tome \u201cna koju \u0107e stranu\u201d poslije izbora, jer prvo treba da dogovore zajedni\u010dke i posebne nacionalne ciljeve<\/a>, ostalo je otvoreno pitanje o tome \u0161ta to manjine mogu da tra\u017ee od budu\u0107eg saveznika u zamjenu za podr\u0161ku.<\/p>\n<p>Boris Raoni\u0107 iz Gra\u0111anske alijanse ka\u017ee da je za njih dobro \u0161to u pregovore ulaze zajedno, ali napominje da su oni svi do sad vi\u0161e puta izigrani.<\/p>\n<p><strong>\u201cJavnost zna brojne primjere, a ima i onih manje poznatih vezanih za kadrovska pitanja. Zato je mudro da ovoga puta tra\u017ee me\u0111unarodnog garanta sporazuma, jer sebi ne smiju dozvoliti da jo\u0161 jednom budu prevareni, jer se to ve\u0107 odrazilo na njihove rezultate, po logici glasa\u010da \u2018Za\u0161to bih podr\u017eao izvjesnog partnera DPS-a, a ne direktno DPS?\u2019. Zato ovoga puta moraju ostvariti konkretne rezultate u budu\u0107oj koaliciji. Moraju pokazati kona\u010dno da manjine nijesu dekor, ve\u0107 zauzimaju ravnopravan polo\u017eaj u dr\u017eavi kao i svi ostali, pa bi radosna vijest bila da imamo manjine na jednom od tri najve\u0107a mjesta, ministra vanjskih poslova ili finansija i sl. Manjine su podzastupljene i tri puta ih je manje u dr\u017eavnoj administrarciji nego \u0161to bi trebalo da ih bude\u201d<\/strong>, smatra Raoni\u0107.<\/p>\n<p>Zato postoji niz stvari koje sad mogu da tra\u017ee.<\/p>\n<p><strong>\u201cManjine \u017eive u najnerazvijenim podru\u010djima u Crnoj Gori, nerije\u0161ena su pitanja ratnih zlo\u010dina, regionalni razvoj i gazdovanje resursima na ovim teritorijama, pa su to stvari koje sada kona\u010dno mogu da budu rije\u0161ene\u201d<\/strong>, ka\u017ee Raoni\u0107 za CdM.<\/p>\n<p>Ipak, on isti\u010de da stvari unutar ovih stranaka nijesu uop\u0161te jednostavne.<\/p>\n<p><strong>\u201cFORCA ne mo\u017ee sama formirati svoj stav, a i u samoj partiji nije lako do\u0107i do kona\u010dne odluke. U Bo\u0161nja\u010dkoj stranci se prepoznaje razlika u pristupu krila sa sjevera i juga, dok HGI je vi\u0161e formalno u ovoj pri\u010di, jer oni ne\u0107e poja\u010davati svoju pregovara\u010dku poziciju, jer su siguran partner DPS-a, lojalniji od SD-a, pa i samih nekih struja unutar DPS-a\u201d<\/strong>, ka\u017ee on.<\/p>\n<p>Uostalom, nemaju svi istu snagu.<\/p>\n<p><strong>\u201cUnutar manjinske koalcije osim razli\u010dtih pristupa, izazovi i \u0107e biti i brojna politi\u010dka pitanja, pa je nejasno kako \u0107e Forca i BS na\u0107i kompromis oko Op\u0161tine Tuzi, ili HGI koji ima manje prohtjeve, imati zajedni\u010dki zahtjev sa BS-om koji ima kadrova i potreba za mnogo ve\u0107i dio kola\u010da\u201d<\/strong>, zaklju\u010dio je Raoni\u0107.<\/p>\n<p><strong>Izvor: Cafe Del Montenegro<\/strong><\/p>\n","protected":false},"excerpt":{"rendered":"<p>Nacionalne manjine su do sada vi\u0161e puta izigrane zbog \u010dega bi aktuelnu situaciju u vezi sa formiranjem vlade koja zavisi od njih trebalo da iskoriste jer ne smiju dozvoliti da opet budu prevarene. To za CdM ka\u017ee Boris Raoni\u0107 iz Gra\u0111anske alijanse i napominje da bi manjine ovoga puta trebalo da tra\u017ee me\u0111unarodnu garanciju eventualnog [&hellip;]<\/p>\n","protected":false},"author":1,"featured_media":0,"comment_status":"closed","ping_status":"closed","sticky":false,"template":"","format":"standard","meta":{"spay_email":"","jetpack_publicize_message":"","jetpack_is_tweetstorm":false,"jetpack_publicize_feature_enabled":true},"categories":[8337],"tags":[],"jetpack_publicize_connections":[],"yoast_head":"<!-- This site is optimized with the Yoast SEO plugin v19.1 - https:\/\/yoast.com\/wordpress\/plugins\/seo\/ -->\n<title>Nacionalne manjine CG tra\u017ee me\u0111unarodnu garanciju sporazuma - Lajme nga Ulqini<\/title>\n<meta name=\"description\" content=\"Nacionalne manjine su do sada vi\u0161e puta izigrane zbog \u010dega bi aktuelnu situaciju u vezi sa formiranjem vlade koja zavisi od njih trebalo da iskoriste jer\" \/>\n<meta name=\"robots\" content=\"index, follow, max-snippet:-1, max-image-preview:large, max-video-preview:-1\" \/>\n<link rel=\"canonical\" href=\"https:\/\/www.visit-ulcinj.com\/blog\/2016\/10\/27\/nacionalne-manjine-cg-traze-medunarodnu-garanciju-sporazuma\/\" \/>\n<meta property=\"og:locale\" content=\"en_US\" \/>\n<meta property=\"og:type\" content=\"article\" \/>\n<meta property=\"og:title\" content=\"Nacionalne manjine CG tra\u017ee me\u0111unarodnu garanciju sporazuma - Lajme nga Ulqini\" \/>\n<meta property=\"og:description\" content=\"Nacionalne manjine su do sada vi\u0161e puta izigrane zbog \u010dega bi aktuelnu situaciju u vezi sa formiranjem vlade koja zavisi od njih trebalo da iskoriste jer\" \/>\n<meta property=\"og:url\" content=\"https:\/\/www.visit-ulcinj.com\/blog\/2016\/10\/27\/nacionalne-manjine-cg-traze-medunarodnu-garanciju-sporazuma\/\" \/>\n<meta property=\"og:site_name\" content=\"Lajme nga Ulqini\" \/>\n<meta property=\"article:published_time\" content=\"2016-10-27T16:22:17+00:00\" \/>\n<meta property=\"og:image\" content=\"http:\/\/www.visit-ulcinj.com\/blog\/wp-content\/uploads\/2016\/10\/Sporazum-Forca-.jpg\" \/>\n<meta name=\"twitter:label1\" content=\"Written by\" \/>\n\t<meta name=\"twitter:data1\" content=\"ulqini\" \/>\n\t<meta name=\"twitter:label2\" content=\"Est. reading time\" \/>\n\t<meta name=\"twitter:data2\" content=\"3 minutes\" \/>\n<script type=\"application\/ld+json\" class=\"yoast-schema-graph\">{\"@context\":\"https:\/\/schema.org\",\"@graph\":[{\"@type\":\"WebSite\",\"@id\":\"https:\/\/www.visit-ulcinj.com\/blog\/#website\",\"url\":\"https:\/\/www.visit-ulcinj.com\/blog\/\",\"name\":\"Lajme nga Ulqini\",\"description\":\"Lajme,Vijesti,Ulqini,Ulqin,Crna Gora,Mali i Zi\",\"potentialAction\":[{\"@type\":\"SearchAction\",\"target\":{\"@type\":\"EntryPoint\",\"urlTemplate\":\"https:\/\/www.visit-ulcinj.com\/blog\/?s={search_term_string}\"},\"query-input\":\"required name=search_term_string\"}],\"inLanguage\":\"en-US\"},{\"@type\":\"ImageObject\",\"inLanguage\":\"en-US\",\"@id\":\"https:\/\/www.visit-ulcinj.com\/blog\/2016\/10\/27\/nacionalne-manjine-cg-traze-medunarodnu-garanciju-sporazuma\/#primaryimage\",\"url\":\"https:\/\/www.visit-ulcinj.com\/blog\/wp-content\/uploads\/2016\/10\/Sporazum-Forca-.jpg\",\"contentUrl\":\"https:\/\/www.visit-ulcinj.com\/blog\/wp-content\/uploads\/2016\/10\/Sporazum-Forca-.jpg\",\"width\":640,\"height\":480},{\"@type\":\"WebPage\",\"@id\":\"https:\/\/www.visit-ulcinj.com\/blog\/2016\/10\/27\/nacionalne-manjine-cg-traze-medunarodnu-garanciju-sporazuma\/#webpage\",\"url\":\"https:\/\/www.visit-ulcinj.com\/blog\/2016\/10\/27\/nacionalne-manjine-cg-traze-medunarodnu-garanciju-sporazuma\/\",\"name\":\"Nacionalne manjine CG tra\u017ee me\u0111unarodnu garanciju sporazuma - Lajme nga Ulqini\",\"isPartOf\":{\"@id\":\"https:\/\/www.visit-ulcinj.com\/blog\/#website\"},\"primaryImageOfPage\":{\"@id\":\"https:\/\/www.visit-ulcinj.com\/blog\/2016\/10\/27\/nacionalne-manjine-cg-traze-medunarodnu-garanciju-sporazuma\/#primaryimage\"},\"datePublished\":\"2016-10-27T16:22:17+00:00\",\"dateModified\":\"2016-10-27T16:22:17+00:00\",\"author\":{\"@id\":\"https:\/\/www.visit-ulcinj.com\/blog\/#\/schema\/person\/dcab619c614d3038751c63bc2aadc06d\"},\"description\":\"Nacionalne manjine su do sada vi\u0161e puta izigrane zbog \u010dega bi aktuelnu situaciju u vezi sa formiranjem vlade koja zavisi od njih trebalo da iskoriste jer\",\"breadcrumb\":{\"@id\":\"https:\/\/www.visit-ulcinj.com\/blog\/2016\/10\/27\/nacionalne-manjine-cg-traze-medunarodnu-garanciju-sporazuma\/#breadcrumb\"},\"inLanguage\":\"en-US\",\"potentialAction\":[{\"@type\":\"ReadAction\",\"target\":[\"https:\/\/www.visit-ulcinj.com\/blog\/2016\/10\/27\/nacionalne-manjine-cg-traze-medunarodnu-garanciju-sporazuma\/\"]}]},{\"@type\":\"BreadcrumbList\",\"@id\":\"https:\/\/www.visit-ulcinj.com\/blog\/2016\/10\/27\/nacionalne-manjine-cg-traze-medunarodnu-garanciju-sporazuma\/#breadcrumb\",\"itemListElement\":[{\"@type\":\"ListItem\",\"position\":1,\"name\":\"Nacionalne manjine CG tra\u017ee me\u0111unarodnu garanciju sporazuma\"}]},{\"@type\":\"Person\",\"@id\":\"https:\/\/www.visit-ulcinj.com\/blog\/#\/schema\/person\/dcab619c614d3038751c63bc2aadc06d\",\"name\":\"ulqini\",\"sameAs\":[\"http:\/\/www.visit-ulcinj.com\"],\"url\":\"https:\/\/www.visit-ulcinj.com\/blog\/author\/admin\/\"}]}<\/script>\n<!-- \/ Yoast SEO plugin. -->","yoast_head_json":{"title":"Nacionalne manjine CG tra\u017ee me\u0111unarodnu garanciju sporazuma - Lajme nga Ulqini","description":"Nacionalne manjine su do sada vi\u0161e puta izigrane zbog \u010dega bi aktuelnu situaciju u vezi sa formiranjem vlade koja zavisi od njih trebalo da iskoriste jer","robots":{"index":"index","follow":"follow","max-snippet":"max-snippet:-1","max-image-preview":"max-image-preview:large","max-video-preview":"max-video-preview:-1"},"canonical":"https:\/\/www.visit-ulcinj.com\/blog\/2016\/10\/27\/nacionalne-manjine-cg-traze-medunarodnu-garanciju-sporazuma\/","og_locale":"en_US","og_type":"article","og_title":"Nacionalne manjine CG tra\u017ee me\u0111unarodnu garanciju sporazuma - Lajme nga Ulqini","og_description":"Nacionalne manjine su do sada vi\u0161e puta izigrane zbog \u010dega bi aktuelnu situaciju u vezi sa formiranjem vlade koja zavisi od njih trebalo da iskoriste jer","og_url":"https:\/\/www.visit-ulcinj.com\/blog\/2016\/10\/27\/nacionalne-manjine-cg-traze-medunarodnu-garanciju-sporazuma\/","og_site_name":"Lajme nga Ulqini","article_published_time":"2016-10-27T16:22:17+00:00","og_image":[{"url":"http:\/\/www.visit-ulcinj.com\/blog\/wp-content\/uploads\/2016\/10\/Sporazum-Forca-.jpg"}],"twitter_misc":{"Written by":"ulqini","Est. reading time":"3 minutes"},"schema":{"@context":"https:\/\/schema.org","@graph":[{"@type":"WebSite","@id":"https:\/\/www.visit-ulcinj.com\/blog\/#website","url":"https:\/\/www.visit-ulcinj.com\/blog\/","name":"Lajme nga Ulqini","description":"Lajme,Vijesti,Ulqini,Ulqin,Crna Gora,Mali i Zi","potentialAction":[{"@type":"SearchAction","target":{"@type":"EntryPoint","urlTemplate":"https:\/\/www.visit-ulcinj.com\/blog\/?s={search_term_string}"},"query-input":"required name=search_term_string"}],"inLanguage":"en-US"},{"@type":"ImageObject","inLanguage":"en-US","@id":"https:\/\/www.visit-ulcinj.com\/blog\/2016\/10\/27\/nacionalne-manjine-cg-traze-medunarodnu-garanciju-sporazuma\/#primaryimage","url":"https:\/\/www.visit-ulcinj.com\/blog\/wp-content\/uploads\/2016\/10\/Sporazum-Forca-.jpg","contentUrl":"https:\/\/www.visit-ulcinj.com\/blog\/wp-content\/uploads\/2016\/10\/Sporazum-Forca-.jpg","width":640,"height":480},{"@type":"WebPage","@id":"https:\/\/www.visit-ulcinj.com\/blog\/2016\/10\/27\/nacionalne-manjine-cg-traze-medunarodnu-garanciju-sporazuma\/#webpage","url":"https:\/\/www.visit-ulcinj.com\/blog\/2016\/10\/27\/nacionalne-manjine-cg-traze-medunarodnu-garanciju-sporazuma\/","name":"Nacionalne manjine CG tra\u017ee me\u0111unarodnu garanciju sporazuma - Lajme nga Ulqini","isPartOf":{"@id":"https:\/\/www.visit-ulcinj.com\/blog\/#website"},"primaryImageOfPage":{"@id":"https:\/\/www.visit-ulcinj.com\/blog\/2016\/10\/27\/nacionalne-manjine-cg-traze-medunarodnu-garanciju-sporazuma\/#primaryimage"},"datePublished":"2016-10-27T16:22:17+00:00","dateModified":"2016-10-27T16:22:17+00:00","author":{"@id":"https:\/\/www.visit-ulcinj.com\/blog\/#\/schema\/person\/dcab619c614d3038751c63bc2aadc06d"},"description":"Nacionalne manjine su do sada vi\u0161e puta izigrane zbog \u010dega bi aktuelnu situaciju u vezi sa formiranjem vlade koja zavisi od njih trebalo da iskoriste jer","breadcrumb":{"@id":"https:\/\/www.visit-ulcinj.com\/blog\/2016\/10\/27\/nacionalne-manjine-cg-traze-medunarodnu-garanciju-sporazuma\/#breadcrumb"},"inLanguage":"en-US","potentialAction":[{"@type":"ReadAction","target":["https:\/\/www.visit-ulcinj.com\/blog\/2016\/10\/27\/nacionalne-manjine-cg-traze-medunarodnu-garanciju-sporazuma\/"]}]},{"@type":"BreadcrumbList","@id":"https:\/\/www.visit-ulcinj.com\/blog\/2016\/10\/27\/nacionalne-manjine-cg-traze-medunarodnu-garanciju-sporazuma\/#breadcrumb","itemListElement":[{"@type":"ListItem","position":1,"name":"Nacionalne manjine CG tra\u017ee me\u0111unarodnu garanciju sporazuma"}]},{"@type":"Person","@id":"https:\/\/www.visit-ulcinj.com\/blog\/#\/schema\/person\/dcab619c614d3038751c63bc2aadc06d","name":"ulqini","sameAs":["http:\/\/www.visit-ulcinj.com"],"url":"https:\/\/www.visit-ulcinj.com\/blog\/author\/admin\/"}]}},"jetpack_featured_media_url":"","jetpack_sharing_enabled":true,"jetpack_shortlink":"https:\/\/wp.me\/pe6lTn-qaR","_links":{"self":[{"href":"https:\/\/www.visit-ulcinj.com\/blog\/wp-json\/wp\/v2\/posts\/100617"}],"collection":[{"href":"https:\/\/www.visit-ulcinj.com\/blog\/wp-json\/wp\/v2\/posts"}],"about":[{"href":"https:\/\/www.visit-ulcinj.com\/blog\/wp-json\/wp\/v2\/types\/post"}],"author":[{"embeddable":true,"href":"https:\/\/www.visit-ulcinj.com\/blog\/wp-json\/wp\/v2\/users\/1"}],"replies":[{"embeddable":true,"href":"https:\/\/www.visit-ulcinj.com\/blog\/wp-json\/wp\/v2\/comments?post=100617"}],"version-history":[{"count":1,"href":"https:\/\/www.visit-ulcinj.com\/blog\/wp-json\/wp\/v2\/posts\/100617\/revisions"}],"predecessor-version":[{"id":100619,"href":"https:\/\/www.visit-ulcinj.com\/blog\/wp-json\/wp\/v2\/posts\/100617\/revisions\/100619"}],"wp:attachment":[{"href":"https:\/\/www.visit-ulcinj.com\/blog\/wp-json\/wp\/v2\/media?parent=100617"}],"wp:term":[{"taxonomy":"category","embeddable":true,"href":"https:\/\/www.visit-ulcinj.com\/blog\/wp-json\/wp\/v2\/categories?post=100617"},{"taxonomy":"post_tag","embeddable":true,"href":"https:\/\/www.visit-ulcinj.com\/blog\/wp-json\/wp\/v2\/tags?post=100617"}],"curies":[{"name":"wp","href":"https:\/\/api.w.org\/{rel}","templated":true}]}}