{"id":100626,"date":"2016-10-28T15:09:28","date_gmt":"2016-10-28T14:09:28","guid":{"rendered":"http:\/\/www.visit-ulcinj.com\/blog\/?p=100626"},"modified":"2016-10-28T15:09:28","modified_gmt":"2016-10-28T14:09:28","slug":"qellimi-mbylljes-te-maternitetit-ne-ulqin-ashte-pazari-per-pushtetin","status":"publish","type":"post","link":"https:\/\/www.visit-ulcinj.com\/blog\/2016\/10\/28\/qellimi-mbylljes-te-maternitetit-ne-ulqin-ashte-pazari-per-pushtetin\/","title":{"rendered":"Q\u00ebllimi i mbylljes t\u00eb Maternitetit n\u00eb Ulqin asht\u00eb pazari p\u00ebr pushtetin"},"content":{"rendered":"<p><a href=\"http:\/\/www.visit-ulcinj.com\/blog\/wp-content\/uploads\/2016\/10\/Materniteti-n\u00eb-Ulqin-asht\u00eb-pazari-p\u00ebr-pushtetin.jpg\"><img loading=\"lazy\" class=\"alignleft wp-image-100627\" src=\"http:\/\/www.visit-ulcinj.com\/blog\/wp-content\/uploads\/2016\/10\/Materniteti-n\u00eb-Ulqin-asht\u00eb-pazari-p\u00ebr-pushtetin.jpg\" alt=\"Materniteti n\u00eb Ulqin asht\u00eb pazari p\u00ebr pushtetin\" width=\"508\" height=\"277\" srcset=\"https:\/\/www.visit-ulcinj.com\/blog\/wp-content\/uploads\/2016\/10\/Materniteti-n\u00eb-Ulqin-asht\u00eb-pazari-p\u00ebr-pushtetin.jpg 696w, https:\/\/www.visit-ulcinj.com\/blog\/wp-content\/uploads\/2016\/10\/Materniteti-n\u00eb-Ulqin-asht\u00eb-pazari-p\u00ebr-pushtetin-300x164.jpg 300w\" sizes=\"(max-width: 508px) 100vw, 508px\" \/><\/a>Koalicionet e partive shqiptare n\u00eb zgjedhjet e fundit parlamentare, \u00a0mund leht\u00ebsisht t\u00eb thuhet se dol\u00ebn t\u00eb sakatosur, dhe kjo jo vet\u00ebm p\u00ebr arsye t\u00eb humbjes s\u00eb nj\u00eb mandati, raporton portali Lajm.me.<\/p>\n<p>T\u00eb p\u00ebrballur me mosbesimin gjithnj\u00eb e n\u00eb rritje t\u00eb elektoratit, ato d\u00ebshtuan n\u00eb grumbullimin e votave shqiptare, \u00e7ka e tregon edhe numri total i tyre. R\u00ebnia prej rreth 2500 vota n\u00eb krahasim me kat\u00ebr vite m\u00eb par\u00eb, \u00ebsht\u00eb edhe m\u00eb shqet\u00ebsuese se humbja e mandatit. N\u00ebse ky trend vazhdon, at\u00ebher\u00eb n\u00eb t\u00eb ardhmen e gjith\u00eb lufta o t\u00eb b\u00ebhet\u00a0rreth sigurimit t\u00eb nj\u00eb mandati. N\u00ebse pyet qytetar\u00ebt e thjesht\u00eb, at\u00ebher\u00eb arsyeja e deshp\u00ebrimit me partit\u00eb shqiptare \u00ebsht\u00eb bashk\u00ebpunimi i tyre me partin\u00eb n\u00eb pushtet dhe mosrealizimi i premtimeve. \u00c7ka sipas logjik\u00ebs do t\u00eb thot\u00eb se votat shqiptare kan\u00eb shkuar n\u00eb partit\u00eb qytetare t\u00eb opozit\u00ebs.<\/p>\n<p><strong>A \u00ebsht\u00eb e v\u00ebrtet\u00eb kjo?<\/strong><\/p>\n<p><strong>Aspak.<\/strong><\/p>\n<p>Faktikisht, votata shqiptare n\u00eb mas\u00ebn m\u00eb t\u00eb madhe kan\u00eb shkuar pik\u00ebrisht n\u00eb Partin\u00eb Demokratike t\u00eb Socialist\u00ebve, \u00e7ka automatikisht e hedh posht\u00eb faktin se bashk\u00ebpunimi i subjekteve shqiptare me PDS ishte shkak i pak\u00ebnaq\u00ebsis\u00eb.<\/p>\n<p>At\u00ebher\u00eb , pse n\u00eb PDS? A presin shqiptar\u00ebt q\u00eb premtimet q\u00eb nuk po arrijn\u00eb t\u00eb realizojn\u00eb partit\u00eb shqiptare ti arrijn\u00eb p\u00ebrmes partis\u00eb n\u00eb pushtet?<\/p>\n<p><strong>V\u00ebshtir\u00eb.<\/strong><\/p>\n<p><strong>Partia Demokratike e Soacialist\u00ebve<\/strong>, ashtu edhe si <strong>Partia Socialdemokrate<\/strong> kan\u00eb n\u00eb vete nj\u00eb num\u00ebr t\u00eb konsideruesh\u00ebm zyrtar\u00ebsh q\u00eb deklarohen si shqiptar, por kur ka ardhur puna p\u00ebr t\u00eb ngritur dor\u00ebn n\u00eb Kuvend p\u00ebr zgjidhjen e tyre, ose t\u00eb pakt\u00ebn ngritjen e z\u00ebrit, ato kan\u00eb q\u00ebndruar si mizat n\u00ebn stol.<\/p>\n<p>Nuk mbahet mend q\u00eb deputet\u00ebt shqiptar n\u00eb Partin\u00eb Demokratike t\u00eb Socialist\u00ebve t\u00eb ken\u00eb pasur ndonj\u00ebher\u00eb ndonj\u00eb q\u00ebndrim ndryshe nga partia e tyre, as p\u00ebr Kriporen as p\u00ebr Valdanosin, as p\u00ebr t\u00eb Mirat Detare, (p\u00ebrve\u00e7 n\u00eb ndonj\u00eb deklarat\u00eb n\u00eb kuad\u00ebr t\u00eb zgjedhjeve), e jo m\u00eb t\u00eb \u00e7ojn\u00eb dor\u00eb kund\u00ebr kur n\u00eb Kuvend jan\u00eb sjellur vendimet q\u00eb i kan\u00eb shkat\u00ebrruar ato.<\/p>\n<p><strong>Maternitetin?<\/strong><\/p>\n<p>Rasti i fundit me Maternitetin la t\u00eb kuptohej ndoshta m\u00eb s\u00eb miri se pse shqiptar\u00ebt kan\u00eb n\u00ebvoj\u00eb p\u00ebr partit\u00eb nacionale.<\/p>\n<p><strong>ASNJ\u00cb<\/strong> zyrtar i partive qytetare nuk shpenzoi as edhe nj\u00eb sekond n\u00eb ngritjen e z\u00ebrit q\u00eb kjo t\u00eb mos ndodhte. Bile dukej se as nuk u interson fare n\u00ebse jo ndodh apo nuk ndodh. Drejtori i sht\u00ebpis\u00eb s\u00eb sh\u00ebndetit bile nuk ka asnj\u00eb deklarat\u00eb n\u00eb k\u00ebt\u00eb drejtim, as pro e as kund\u00ebr. Ndoshta as nuk \u00a0i lejohet t\u00eb flas\u00eb, nuk dihet. Por gjithsesi, \u00ebsht\u00eb p\u00ebr t\u00eb ardhur keq q\u00eb kuadrot shqiptar (t\u00eb pakt\u00ebn k\u00ebshtu deklarohen), kan\u00eb r\u00ebn\u00eb n\u00eb nivelin e figurave t\u00eb shahut. Ato t\u00eb rreshtit t\u00eb par\u00eb kuptohet. E t\u00eb mos flasim p\u00ebr deputet\u00eb e k\u00ebshilltar.<\/p>\n<p>As ato t\u00eb cil\u00ebt \u201ckontribuojn\u00eb\u201d n\u00eb partit\u00eb e opozit\u00ebs nuk \u00ebasht\u00eb se po \u201cpiskaten\u201d shum\u00eb p\u00ebr problemet e shqiptar\u00ebve. \u00c7ka nuk \u00ebsht\u00eb p\u00ebr tu habitur. Dikush politik\u00ebn e ka biznes, diskush karrier\u00eb, dikush vet\u00ebm hobi.<\/p>\n<p>Nga historia e Maternitetit mund t\u00eb konkludohet shum\u00eb leht\u00eb, se sikur t\u00eb mos ishim n\u00eb periudh\u00eb t\u00eb formimit t\u00eb qeveris\u00eb, dhe sikur deputeti shqiptar t\u00eb ishte i parend\u00ebsish\u00ebm, a thua do t\u00eb kishim \u201cgabim administrativ\u201d p\u00ebr mbylljen e Maternitetit?<\/p>\n<p>Deputeti shqiptar mund t\u00eb jet\u00eb vet\u00ebm nj\u00eb, e v\u00ebrtet\u00eb. Por si do q\u00eb t\u00eb jet\u00eb vlen sa 10 t\u00eb tjer\u00eb n\u00eb partit\u00eb qytetare me siguri.<\/p>\n<p><strong>Shihni Maternitetin!<\/strong><\/p>\n<p><strong>Cen Durimmadhi<\/strong>.<\/p>\n","protected":false},"excerpt":{"rendered":"<p>Koalicionet e partive shqiptare n\u00eb zgjedhjet e fundit parlamentare, \u00a0mund leht\u00ebsisht t\u00eb thuhet se dol\u00ebn t\u00eb sakatosur, dhe kjo jo vet\u00ebm p\u00ebr arsye t\u00eb humbjes s\u00eb nj\u00eb mandati, raporton portali Lajm.me. T\u00eb p\u00ebrballur me mosbesimin gjithnj\u00eb e n\u00eb rritje t\u00eb elektoratit, ato d\u00ebshtuan n\u00eb grumbullimin e votave shqiptare, \u00e7ka e tregon edhe numri total i [&hellip;]<\/p>\n","protected":false},"author":1,"featured_media":0,"comment_status":"closed","ping_status":"closed","sticky":false,"template":"","format":"standard","meta":{"spay_email":"","jetpack_publicize_message":"","jetpack_is_tweetstorm":false,"jetpack_publicize_feature_enabled":true},"categories":[6],"tags":[],"jetpack_publicize_connections":[],"yoast_head":"<!-- This site is optimized with the Yoast SEO plugin v19.1 - https:\/\/yoast.com\/wordpress\/plugins\/seo\/ -->\n<title>Q\u00ebllimi i mbylljes t\u00eb Maternitetit n\u00eb Ulqin asht\u00eb pazari p\u00ebr pushtetin - Lajme nga Ulqini<\/title>\n<meta name=\"description\" content=\"Koalicionet e partive shqiptare n\u00eb zgjedhjet e fundit parlamentare, \u00a0mund leht\u00ebsisht t\u00eb thuhet se dol\u00ebn t\u00eb sakatosur, dhe kjo jo vet\u00ebm p\u00ebr arsye t\u00eb\" \/>\n<meta name=\"robots\" content=\"index, follow, max-snippet:-1, max-image-preview:large, max-video-preview:-1\" \/>\n<link rel=\"canonical\" href=\"https:\/\/www.visit-ulcinj.com\/blog\/2016\/10\/28\/qellimi-mbylljes-te-maternitetit-ne-ulqin-ashte-pazari-per-pushtetin\/\" \/>\n<meta property=\"og:locale\" content=\"en_US\" \/>\n<meta property=\"og:type\" content=\"article\" \/>\n<meta property=\"og:title\" content=\"Q\u00ebllimi i mbylljes t\u00eb Maternitetit n\u00eb Ulqin asht\u00eb pazari p\u00ebr pushtetin - Lajme nga Ulqini\" \/>\n<meta property=\"og:description\" content=\"Koalicionet e partive shqiptare n\u00eb zgjedhjet e fundit parlamentare, \u00a0mund leht\u00ebsisht t\u00eb thuhet se dol\u00ebn t\u00eb sakatosur, dhe kjo jo vet\u00ebm p\u00ebr arsye t\u00eb\" \/>\n<meta property=\"og:url\" content=\"https:\/\/www.visit-ulcinj.com\/blog\/2016\/10\/28\/qellimi-mbylljes-te-maternitetit-ne-ulqin-ashte-pazari-per-pushtetin\/\" \/>\n<meta property=\"og:site_name\" content=\"Lajme nga Ulqini\" \/>\n<meta property=\"article:published_time\" content=\"2016-10-28T14:09:28+00:00\" \/>\n<meta name=\"twitter:label1\" content=\"Written by\" \/>\n\t<meta name=\"twitter:data1\" content=\"ulqini\" \/>\n\t<meta name=\"twitter:label2\" content=\"Est. reading time\" \/>\n\t<meta name=\"twitter:data2\" content=\"3 minutes\" \/>\n<script type=\"application\/ld+json\" class=\"yoast-schema-graph\">{\"@context\":\"https:\/\/schema.org\",\"@graph\":[{\"@type\":\"WebSite\",\"@id\":\"https:\/\/www.visit-ulcinj.com\/blog\/#website\",\"url\":\"https:\/\/www.visit-ulcinj.com\/blog\/\",\"name\":\"Lajme nga Ulqini\",\"description\":\"Lajme,Vijesti,Ulqini,Ulqin,Crna Gora,Mali i Zi\",\"potentialAction\":[{\"@type\":\"SearchAction\",\"target\":{\"@type\":\"EntryPoint\",\"urlTemplate\":\"https:\/\/www.visit-ulcinj.com\/blog\/?s={search_term_string}\"},\"query-input\":\"required name=search_term_string\"}],\"inLanguage\":\"en-US\"},{\"@type\":\"WebPage\",\"@id\":\"https:\/\/www.visit-ulcinj.com\/blog\/2016\/10\/28\/qellimi-mbylljes-te-maternitetit-ne-ulqin-ashte-pazari-per-pushtetin\/#webpage\",\"url\":\"https:\/\/www.visit-ulcinj.com\/blog\/2016\/10\/28\/qellimi-mbylljes-te-maternitetit-ne-ulqin-ashte-pazari-per-pushtetin\/\",\"name\":\"Q\u00ebllimi i mbylljes t\u00eb Maternitetit n\u00eb Ulqin asht\u00eb pazari p\u00ebr pushtetin - Lajme nga Ulqini\",\"isPartOf\":{\"@id\":\"https:\/\/www.visit-ulcinj.com\/blog\/#website\"},\"datePublished\":\"2016-10-28T14:09:28+00:00\",\"dateModified\":\"2016-10-28T14:09:28+00:00\",\"author\":{\"@id\":\"https:\/\/www.visit-ulcinj.com\/blog\/#\/schema\/person\/dcab619c614d3038751c63bc2aadc06d\"},\"description\":\"Koalicionet e partive shqiptare n\u00eb zgjedhjet e fundit parlamentare, \u00a0mund leht\u00ebsisht t\u00eb thuhet se dol\u00ebn t\u00eb sakatosur, dhe kjo jo vet\u00ebm p\u00ebr arsye t\u00eb\",\"breadcrumb\":{\"@id\":\"https:\/\/www.visit-ulcinj.com\/blog\/2016\/10\/28\/qellimi-mbylljes-te-maternitetit-ne-ulqin-ashte-pazari-per-pushtetin\/#breadcrumb\"},\"inLanguage\":\"en-US\",\"potentialAction\":[{\"@type\":\"ReadAction\",\"target\":[\"https:\/\/www.visit-ulcinj.com\/blog\/2016\/10\/28\/qellimi-mbylljes-te-maternitetit-ne-ulqin-ashte-pazari-per-pushtetin\/\"]}]},{\"@type\":\"BreadcrumbList\",\"@id\":\"https:\/\/www.visit-ulcinj.com\/blog\/2016\/10\/28\/qellimi-mbylljes-te-maternitetit-ne-ulqin-ashte-pazari-per-pushtetin\/#breadcrumb\",\"itemListElement\":[{\"@type\":\"ListItem\",\"position\":1,\"name\":\"Q\u00ebllimi i mbylljes t\u00eb Maternitetit n\u00eb Ulqin asht\u00eb pazari p\u00ebr pushtetin\"}]},{\"@type\":\"Person\",\"@id\":\"https:\/\/www.visit-ulcinj.com\/blog\/#\/schema\/person\/dcab619c614d3038751c63bc2aadc06d\",\"name\":\"ulqini\",\"sameAs\":[\"http:\/\/www.visit-ulcinj.com\"],\"url\":\"https:\/\/www.visit-ulcinj.com\/blog\/author\/admin\/\"}]}<\/script>\n<!-- \/ Yoast SEO plugin. -->","yoast_head_json":{"title":"Q\u00ebllimi i mbylljes t\u00eb Maternitetit n\u00eb Ulqin asht\u00eb pazari p\u00ebr pushtetin - Lajme nga Ulqini","description":"Koalicionet e partive shqiptare n\u00eb zgjedhjet e fundit parlamentare, \u00a0mund leht\u00ebsisht t\u00eb thuhet se dol\u00ebn t\u00eb sakatosur, dhe kjo jo vet\u00ebm p\u00ebr arsye t\u00eb","robots":{"index":"index","follow":"follow","max-snippet":"max-snippet:-1","max-image-preview":"max-image-preview:large","max-video-preview":"max-video-preview:-1"},"canonical":"https:\/\/www.visit-ulcinj.com\/blog\/2016\/10\/28\/qellimi-mbylljes-te-maternitetit-ne-ulqin-ashte-pazari-per-pushtetin\/","og_locale":"en_US","og_type":"article","og_title":"Q\u00ebllimi i mbylljes t\u00eb Maternitetit n\u00eb Ulqin asht\u00eb pazari p\u00ebr pushtetin - Lajme nga Ulqini","og_description":"Koalicionet e partive shqiptare n\u00eb zgjedhjet e fundit parlamentare, \u00a0mund leht\u00ebsisht t\u00eb thuhet se dol\u00ebn t\u00eb sakatosur, dhe kjo jo vet\u00ebm p\u00ebr arsye t\u00eb","og_url":"https:\/\/www.visit-ulcinj.com\/blog\/2016\/10\/28\/qellimi-mbylljes-te-maternitetit-ne-ulqin-ashte-pazari-per-pushtetin\/","og_site_name":"Lajme nga Ulqini","article_published_time":"2016-10-28T14:09:28+00:00","twitter_misc":{"Written by":"ulqini","Est. reading time":"3 minutes"},"schema":{"@context":"https:\/\/schema.org","@graph":[{"@type":"WebSite","@id":"https:\/\/www.visit-ulcinj.com\/blog\/#website","url":"https:\/\/www.visit-ulcinj.com\/blog\/","name":"Lajme nga Ulqini","description":"Lajme,Vijesti,Ulqini,Ulqin,Crna Gora,Mali i Zi","potentialAction":[{"@type":"SearchAction","target":{"@type":"EntryPoint","urlTemplate":"https:\/\/www.visit-ulcinj.com\/blog\/?s={search_term_string}"},"query-input":"required name=search_term_string"}],"inLanguage":"en-US"},{"@type":"WebPage","@id":"https:\/\/www.visit-ulcinj.com\/blog\/2016\/10\/28\/qellimi-mbylljes-te-maternitetit-ne-ulqin-ashte-pazari-per-pushtetin\/#webpage","url":"https:\/\/www.visit-ulcinj.com\/blog\/2016\/10\/28\/qellimi-mbylljes-te-maternitetit-ne-ulqin-ashte-pazari-per-pushtetin\/","name":"Q\u00ebllimi i mbylljes t\u00eb Maternitetit n\u00eb Ulqin asht\u00eb pazari p\u00ebr pushtetin - Lajme nga Ulqini","isPartOf":{"@id":"https:\/\/www.visit-ulcinj.com\/blog\/#website"},"datePublished":"2016-10-28T14:09:28+00:00","dateModified":"2016-10-28T14:09:28+00:00","author":{"@id":"https:\/\/www.visit-ulcinj.com\/blog\/#\/schema\/person\/dcab619c614d3038751c63bc2aadc06d"},"description":"Koalicionet e partive shqiptare n\u00eb zgjedhjet e fundit parlamentare, \u00a0mund leht\u00ebsisht t\u00eb thuhet se dol\u00ebn t\u00eb sakatosur, dhe kjo jo vet\u00ebm p\u00ebr arsye t\u00eb","breadcrumb":{"@id":"https:\/\/www.visit-ulcinj.com\/blog\/2016\/10\/28\/qellimi-mbylljes-te-maternitetit-ne-ulqin-ashte-pazari-per-pushtetin\/#breadcrumb"},"inLanguage":"en-US","potentialAction":[{"@type":"ReadAction","target":["https:\/\/www.visit-ulcinj.com\/blog\/2016\/10\/28\/qellimi-mbylljes-te-maternitetit-ne-ulqin-ashte-pazari-per-pushtetin\/"]}]},{"@type":"BreadcrumbList","@id":"https:\/\/www.visit-ulcinj.com\/blog\/2016\/10\/28\/qellimi-mbylljes-te-maternitetit-ne-ulqin-ashte-pazari-per-pushtetin\/#breadcrumb","itemListElement":[{"@type":"ListItem","position":1,"name":"Q\u00ebllimi i mbylljes t\u00eb Maternitetit n\u00eb Ulqin asht\u00eb pazari p\u00ebr pushtetin"}]},{"@type":"Person","@id":"https:\/\/www.visit-ulcinj.com\/blog\/#\/schema\/person\/dcab619c614d3038751c63bc2aadc06d","name":"ulqini","sameAs":["http:\/\/www.visit-ulcinj.com"],"url":"https:\/\/www.visit-ulcinj.com\/blog\/author\/admin\/"}]}},"jetpack_featured_media_url":"","jetpack_sharing_enabled":true,"jetpack_shortlink":"https:\/\/wp.me\/pe6lTn-qb0","_links":{"self":[{"href":"https:\/\/www.visit-ulcinj.com\/blog\/wp-json\/wp\/v2\/posts\/100626"}],"collection":[{"href":"https:\/\/www.visit-ulcinj.com\/blog\/wp-json\/wp\/v2\/posts"}],"about":[{"href":"https:\/\/www.visit-ulcinj.com\/blog\/wp-json\/wp\/v2\/types\/post"}],"author":[{"embeddable":true,"href":"https:\/\/www.visit-ulcinj.com\/blog\/wp-json\/wp\/v2\/users\/1"}],"replies":[{"embeddable":true,"href":"https:\/\/www.visit-ulcinj.com\/blog\/wp-json\/wp\/v2\/comments?post=100626"}],"version-history":[{"count":1,"href":"https:\/\/www.visit-ulcinj.com\/blog\/wp-json\/wp\/v2\/posts\/100626\/revisions"}],"predecessor-version":[{"id":100628,"href":"https:\/\/www.visit-ulcinj.com\/blog\/wp-json\/wp\/v2\/posts\/100626\/revisions\/100628"}],"wp:attachment":[{"href":"https:\/\/www.visit-ulcinj.com\/blog\/wp-json\/wp\/v2\/media?parent=100626"}],"wp:term":[{"taxonomy":"category","embeddable":true,"href":"https:\/\/www.visit-ulcinj.com\/blog\/wp-json\/wp\/v2\/categories?post=100626"},{"taxonomy":"post_tag","embeddable":true,"href":"https:\/\/www.visit-ulcinj.com\/blog\/wp-json\/wp\/v2\/tags?post=100626"}],"curies":[{"name":"wp","href":"https:\/\/api.w.org\/{rel}","templated":true}]}}