{"id":10063,"date":"2009-01-29T20:57:11","date_gmt":"2009-01-29T19:57:11","guid":{"rendered":"http:\/\/www.visit-ulcinj.com\/blog\/?p=10063"},"modified":"2009-01-29T20:58:07","modified_gmt":"2009-01-29T19:58:07","slug":"fejohet-arta-bajrami","status":"publish","type":"post","link":"https:\/\/www.visit-ulcinj.com\/blog\/2009\/01\/29\/fejohet-arta-bajrami\/","title":{"rendered":"Fejohet Arta Bajrami"},"content":{"rendered":"<div style=\"text-align: justify;\"><a rel=\"attachment wp-att-10064\" href=\"http:\/\/www.visit-ulcinj.com\/blog\/2009\/01\/29\/fejohet-arta-bajrami\/arta-bajrami21\/\"><img loading=\"lazy\" class=\"alignleft size-full wp-image-10064\" title=\"arta-bajrami21\" src=\"http:\/\/www.visit-ulcinj.com\/blog\/wp-content\/uploads\/2009\/01\/arta-bajrami21.jpg\" alt=\"arta-bajrami21\" width=\"570\" height=\"320\" \/><\/a>K\u00ebng\u00ebtarja e njohur kosovare, Arta Bajrami \u00ebsht\u00eb fejuar para dy dite. Lajmin e ka konfirmuar p\u00ebr &#8220;Express Online&#8221;, vet k\u00ebng\u00ebtarja e cila ka th\u00ebn\u00eb se e ka marr\u00eb k\u00ebt\u00eb vendim pasi kishte gjetur personin q\u00eb i \u00ebsht\u00eb p\u00ebrshtatur. &#8220;I fejuari i im ka pseudonimin Xhimi dhe jeton n\u00eb Gjermani. P\u00ebr emrin e v\u00ebrtet\u00eb nuk dua t\u00eb jap detale. Data e fejes\u00ebs \u00ebsht\u00eb data 22 janar&#8221;, ka th\u00ebn\u00eb Arta p\u00ebr &#8220;Express Online&#8221;. Por, redaksia e &#8220;Express Online&#8221; ka m\u00ebsuar se emri i t\u00eb fejuarit t\u00eb Art\u00ebs \u00ebsht\u00eb Xhemajl, por nuk ka arritur t\u00eb m\u00ebsoj p\u00ebr mbiemrin e tij. Ajo po ashtu ka lavd\u00ebruar t\u00eb fejuarin e saj, i cili sipas saj, \u00ebsht\u00eb djali q\u00eb ajo e ka \u00ebnd\u00ebrruar p\u00ebr nj\u00eb koh\u00eb t\u00eb gjat\u00eb.<\/div>\n<div style=\"text-align: justify;\">\n<\/div>\n<div style=\"text-align: justify;\"><!--YouTube Error: bad URL entered--><\/div>\n","protected":false},"excerpt":{"rendered":"<p>K\u00ebng\u00ebtarja e njohur kosovare, Arta Bajrami \u00ebsht\u00eb fejuar para dy dite. Lajmin e ka konfirmuar p\u00ebr &#8220;Express Online&#8221;, vet k\u00ebng\u00ebtarja e cila ka th\u00ebn\u00eb se e ka marr\u00eb k\u00ebt\u00eb vendim pasi kishte gjetur personin q\u00eb i \u00ebsht\u00eb p\u00ebrshtatur. &#8220;I fejuari i im ka pseudonimin Xhimi dhe jeton n\u00eb Gjermani. P\u00ebr emrin e v\u00ebrtet\u00eb nuk dua [&hellip;]<\/p>\n","protected":false},"author":1,"featured_media":0,"comment_status":"open","ping_status":"closed","sticky":false,"template":"","format":"standard","meta":{"spay_email":"","jetpack_publicize_message":"","jetpack_is_tweetstorm":false,"jetpack_publicize_feature_enabled":true},"categories":[1],"tags":[6203],"jetpack_publicize_connections":[],"yoast_head":"<!-- This site is optimized with the Yoast SEO plugin v19.1 - https:\/\/yoast.com\/wordpress\/plugins\/seo\/ -->\n<title>Fejohet Arta Bajrami - Lajme nga Ulqini<\/title>\n<meta name=\"description\" content=\"K\u00ebng\u00ebtarja e njohur kosovare, Arta Bajrami \u00ebsht\u00eb fejuar para dy dite. Lajmin e ka konfirmuar p\u00ebr &quot;Express Online&quot;, vet k\u00ebng\u00ebtarja e cila ka th\u00ebn\u00eb se e ka\" \/>\n<meta name=\"robots\" content=\"index, follow, max-snippet:-1, max-image-preview:large, max-video-preview:-1\" \/>\n<link rel=\"canonical\" href=\"https:\/\/www.visit-ulcinj.com\/blog\/2009\/01\/29\/fejohet-arta-bajrami\/\" \/>\n<meta property=\"og:locale\" content=\"en_US\" \/>\n<meta property=\"og:type\" content=\"article\" \/>\n<meta property=\"og:title\" content=\"Fejohet Arta Bajrami - Lajme nga Ulqini\" \/>\n<meta property=\"og:description\" content=\"K\u00ebng\u00ebtarja e njohur kosovare, Arta Bajrami \u00ebsht\u00eb fejuar para dy dite. Lajmin e ka konfirmuar p\u00ebr &quot;Express Online&quot;, vet k\u00ebng\u00ebtarja e cila ka th\u00ebn\u00eb se e ka\" \/>\n<meta property=\"og:url\" content=\"https:\/\/www.visit-ulcinj.com\/blog\/2009\/01\/29\/fejohet-arta-bajrami\/\" \/>\n<meta property=\"og:site_name\" content=\"Lajme nga Ulqini\" \/>\n<meta property=\"article:published_time\" content=\"2009-01-29T19:57:11+00:00\" \/>\n<meta property=\"article:modified_time\" content=\"2009-01-29T19:58:07+00:00\" \/>\n<meta property=\"og:image\" content=\"https:\/\/www.visit-ulcinj.com\/blog\/wp-content\/uploads\/2009\/01\/arta-bajrami21-150x150.jpg\" \/>\n<meta name=\"twitter:label1\" content=\"Written by\" \/>\n\t<meta name=\"twitter:data1\" content=\"ulqini\" \/>\n\t<meta name=\"twitter:label2\" content=\"Est. reading time\" \/>\n\t<meta name=\"twitter:data2\" content=\"1 minute\" \/>\n<script type=\"application\/ld+json\" class=\"yoast-schema-graph\">{\"@context\":\"https:\/\/schema.org\",\"@graph\":[{\"@type\":\"WebSite\",\"@id\":\"https:\/\/www.visit-ulcinj.com\/blog\/#website\",\"url\":\"https:\/\/www.visit-ulcinj.com\/blog\/\",\"name\":\"Lajme nga Ulqini\",\"description\":\"Lajme,Vijesti,Ulqini,Ulqin,Crna Gora,Mali i Zi\",\"potentialAction\":[{\"@type\":\"SearchAction\",\"target\":{\"@type\":\"EntryPoint\",\"urlTemplate\":\"https:\/\/www.visit-ulcinj.com\/blog\/?s={search_term_string}\"},\"query-input\":\"required name=search_term_string\"}],\"inLanguage\":\"en-US\"},{\"@type\":\"ImageObject\",\"inLanguage\":\"en-US\",\"@id\":\"https:\/\/www.visit-ulcinj.com\/blog\/2009\/01\/29\/fejohet-arta-bajrami\/#primaryimage\",\"url\":\"http:\/\/www.visit-ulcinj.com\/blog\/wp-content\/uploads\/2009\/01\/arta-bajrami21.jpg\",\"contentUrl\":\"http:\/\/www.visit-ulcinj.com\/blog\/wp-content\/uploads\/2009\/01\/arta-bajrami21.jpg\"},{\"@type\":\"WebPage\",\"@id\":\"https:\/\/www.visit-ulcinj.com\/blog\/2009\/01\/29\/fejohet-arta-bajrami\/#webpage\",\"url\":\"https:\/\/www.visit-ulcinj.com\/blog\/2009\/01\/29\/fejohet-arta-bajrami\/\",\"name\":\"Fejohet Arta Bajrami - Lajme nga Ulqini\",\"isPartOf\":{\"@id\":\"https:\/\/www.visit-ulcinj.com\/blog\/#website\"},\"primaryImageOfPage\":{\"@id\":\"https:\/\/www.visit-ulcinj.com\/blog\/2009\/01\/29\/fejohet-arta-bajrami\/#primaryimage\"},\"datePublished\":\"2009-01-29T19:57:11+00:00\",\"dateModified\":\"2009-01-29T19:58:07+00:00\",\"author\":{\"@id\":\"https:\/\/www.visit-ulcinj.com\/blog\/#\/schema\/person\/dcab619c614d3038751c63bc2aadc06d\"},\"description\":\"K\u00ebng\u00ebtarja e njohur kosovare, Arta Bajrami \u00ebsht\u00eb fejuar para dy dite. Lajmin e ka konfirmuar p\u00ebr \\\"Express Online\\\", vet k\u00ebng\u00ebtarja e cila ka th\u00ebn\u00eb se e ka\",\"breadcrumb\":{\"@id\":\"https:\/\/www.visit-ulcinj.com\/blog\/2009\/01\/29\/fejohet-arta-bajrami\/#breadcrumb\"},\"inLanguage\":\"en-US\",\"potentialAction\":[{\"@type\":\"ReadAction\",\"target\":[\"https:\/\/www.visit-ulcinj.com\/blog\/2009\/01\/29\/fejohet-arta-bajrami\/\"]}]},{\"@type\":\"BreadcrumbList\",\"@id\":\"https:\/\/www.visit-ulcinj.com\/blog\/2009\/01\/29\/fejohet-arta-bajrami\/#breadcrumb\",\"itemListElement\":[{\"@type\":\"ListItem\",\"position\":1,\"name\":\"Fejohet Arta Bajrami\"}]},{\"@type\":\"Person\",\"@id\":\"https:\/\/www.visit-ulcinj.com\/blog\/#\/schema\/person\/dcab619c614d3038751c63bc2aadc06d\",\"name\":\"ulqini\",\"sameAs\":[\"http:\/\/www.visit-ulcinj.com\"],\"url\":\"https:\/\/www.visit-ulcinj.com\/blog\/author\/admin\/\"}]}<\/script>\n<!-- \/ Yoast SEO plugin. -->","yoast_head_json":{"title":"Fejohet Arta Bajrami - Lajme nga Ulqini","description":"K\u00ebng\u00ebtarja e njohur kosovare, Arta Bajrami \u00ebsht\u00eb fejuar para dy dite. Lajmin e ka konfirmuar p\u00ebr \"Express Online\", vet k\u00ebng\u00ebtarja e cila ka th\u00ebn\u00eb se e ka","robots":{"index":"index","follow":"follow","max-snippet":"max-snippet:-1","max-image-preview":"max-image-preview:large","max-video-preview":"max-video-preview:-1"},"canonical":"https:\/\/www.visit-ulcinj.com\/blog\/2009\/01\/29\/fejohet-arta-bajrami\/","og_locale":"en_US","og_type":"article","og_title":"Fejohet Arta Bajrami - Lajme nga Ulqini","og_description":"K\u00ebng\u00ebtarja e njohur kosovare, Arta Bajrami \u00ebsht\u00eb fejuar para dy dite. Lajmin e ka konfirmuar p\u00ebr \"Express Online\", vet k\u00ebng\u00ebtarja e cila ka th\u00ebn\u00eb se e ka","og_url":"https:\/\/www.visit-ulcinj.com\/blog\/2009\/01\/29\/fejohet-arta-bajrami\/","og_site_name":"Lajme nga Ulqini","article_published_time":"2009-01-29T19:57:11+00:00","article_modified_time":"2009-01-29T19:58:07+00:00","og_image":[{"url":"https:\/\/www.visit-ulcinj.com\/blog\/wp-content\/uploads\/2009\/01\/arta-bajrami21-150x150.jpg"}],"twitter_misc":{"Written by":"ulqini","Est. reading time":"1 minute"},"schema":{"@context":"https:\/\/schema.org","@graph":[{"@type":"WebSite","@id":"https:\/\/www.visit-ulcinj.com\/blog\/#website","url":"https:\/\/www.visit-ulcinj.com\/blog\/","name":"Lajme nga Ulqini","description":"Lajme,Vijesti,Ulqini,Ulqin,Crna Gora,Mali i Zi","potentialAction":[{"@type":"SearchAction","target":{"@type":"EntryPoint","urlTemplate":"https:\/\/www.visit-ulcinj.com\/blog\/?s={search_term_string}"},"query-input":"required name=search_term_string"}],"inLanguage":"en-US"},{"@type":"ImageObject","inLanguage":"en-US","@id":"https:\/\/www.visit-ulcinj.com\/blog\/2009\/01\/29\/fejohet-arta-bajrami\/#primaryimage","url":"http:\/\/www.visit-ulcinj.com\/blog\/wp-content\/uploads\/2009\/01\/arta-bajrami21.jpg","contentUrl":"http:\/\/www.visit-ulcinj.com\/blog\/wp-content\/uploads\/2009\/01\/arta-bajrami21.jpg"},{"@type":"WebPage","@id":"https:\/\/www.visit-ulcinj.com\/blog\/2009\/01\/29\/fejohet-arta-bajrami\/#webpage","url":"https:\/\/www.visit-ulcinj.com\/blog\/2009\/01\/29\/fejohet-arta-bajrami\/","name":"Fejohet Arta Bajrami - Lajme nga Ulqini","isPartOf":{"@id":"https:\/\/www.visit-ulcinj.com\/blog\/#website"},"primaryImageOfPage":{"@id":"https:\/\/www.visit-ulcinj.com\/blog\/2009\/01\/29\/fejohet-arta-bajrami\/#primaryimage"},"datePublished":"2009-01-29T19:57:11+00:00","dateModified":"2009-01-29T19:58:07+00:00","author":{"@id":"https:\/\/www.visit-ulcinj.com\/blog\/#\/schema\/person\/dcab619c614d3038751c63bc2aadc06d"},"description":"K\u00ebng\u00ebtarja e njohur kosovare, Arta Bajrami \u00ebsht\u00eb fejuar para dy dite. Lajmin e ka konfirmuar p\u00ebr \"Express Online\", vet k\u00ebng\u00ebtarja e cila ka th\u00ebn\u00eb se e ka","breadcrumb":{"@id":"https:\/\/www.visit-ulcinj.com\/blog\/2009\/01\/29\/fejohet-arta-bajrami\/#breadcrumb"},"inLanguage":"en-US","potentialAction":[{"@type":"ReadAction","target":["https:\/\/www.visit-ulcinj.com\/blog\/2009\/01\/29\/fejohet-arta-bajrami\/"]}]},{"@type":"BreadcrumbList","@id":"https:\/\/www.visit-ulcinj.com\/blog\/2009\/01\/29\/fejohet-arta-bajrami\/#breadcrumb","itemListElement":[{"@type":"ListItem","position":1,"name":"Fejohet Arta Bajrami"}]},{"@type":"Person","@id":"https:\/\/www.visit-ulcinj.com\/blog\/#\/schema\/person\/dcab619c614d3038751c63bc2aadc06d","name":"ulqini","sameAs":["http:\/\/www.visit-ulcinj.com"],"url":"https:\/\/www.visit-ulcinj.com\/blog\/author\/admin\/"}]}},"jetpack_featured_media_url":"","jetpack_sharing_enabled":true,"jetpack_shortlink":"https:\/\/wp.me\/pe6lTn-2Cj","_links":{"self":[{"href":"https:\/\/www.visit-ulcinj.com\/blog\/wp-json\/wp\/v2\/posts\/10063"}],"collection":[{"href":"https:\/\/www.visit-ulcinj.com\/blog\/wp-json\/wp\/v2\/posts"}],"about":[{"href":"https:\/\/www.visit-ulcinj.com\/blog\/wp-json\/wp\/v2\/types\/post"}],"author":[{"embeddable":true,"href":"https:\/\/www.visit-ulcinj.com\/blog\/wp-json\/wp\/v2\/users\/1"}],"replies":[{"embeddable":true,"href":"https:\/\/www.visit-ulcinj.com\/blog\/wp-json\/wp\/v2\/comments?post=10063"}],"version-history":[{"count":0,"href":"https:\/\/www.visit-ulcinj.com\/blog\/wp-json\/wp\/v2\/posts\/10063\/revisions"}],"wp:attachment":[{"href":"https:\/\/www.visit-ulcinj.com\/blog\/wp-json\/wp\/v2\/media?parent=10063"}],"wp:term":[{"taxonomy":"category","embeddable":true,"href":"https:\/\/www.visit-ulcinj.com\/blog\/wp-json\/wp\/v2\/categories?post=10063"},{"taxonomy":"post_tag","embeddable":true,"href":"https:\/\/www.visit-ulcinj.com\/blog\/wp-json\/wp\/v2\/tags?post=10063"}],"curies":[{"name":"wp","href":"https:\/\/api.w.org\/{rel}","templated":true}]}}