{"id":100633,"date":"2016-10-29T17:03:13","date_gmt":"2016-10-29T16:03:13","guid":{"rendered":"http:\/\/www.visit-ulcinj.com\/blog\/?p=100633"},"modified":"2016-10-30T13:41:53","modified_gmt":"2016-10-30T12:41:53","slug":"senad-dema-peshkatar-nga-ulqini-ze-peshkun-40-kg","status":"publish","type":"post","link":"https:\/\/www.visit-ulcinj.com\/blog\/2016\/10\/29\/senad-dema-peshkatar-nga-ulqini-ze-peshkun-40-kg\/","title":{"rendered":"Senad Dema peshkatar nga Ulqini z\u00eb peshkun 40 kg"},"content":{"rendered":"<p><a href=\"http:\/\/www.visit-ulcinj.com\/blog\/wp-content\/uploads\/2016\/10\/Peshkatari-Senad-Dema-Ulqin-Gof-40kg.jpg\"><img loading=\"lazy\" class=\"alignleft wp-image-100635\" src=\"http:\/\/www.visit-ulcinj.com\/blog\/wp-content\/uploads\/2016\/10\/Peshkatari-Senad-Dema-Ulqin-Gof-40kg.jpg\" alt=\"Peshkatari-Senad-Dema-Ulqin-Gof-40kg\" width=\"508\" height=\"480\" srcset=\"https:\/\/www.visit-ulcinj.com\/blog\/wp-content\/uploads\/2016\/10\/Peshkatari-Senad-Dema-Ulqin-Gof-40kg.jpg 717w, https:\/\/www.visit-ulcinj.com\/blog\/wp-content\/uploads\/2016\/10\/Peshkatari-Senad-Dema-Ulqin-Gof-40kg-300x284.jpg 300w\" sizes=\"(max-width: 508px) 100vw, 508px\" \/><\/a>Peshkatari Senad Dema nga Ulqini ka z\u00ebn peshkun Gof prej 40 kg. Duhet t\u00eb cekim q\u00eb peshkimi n\u00eb familjen Dema ka q\u00ebn\u00eb dhe mbetet nj\u00eb tradit\u00eb. Jo vet\u00ebm te moshat e\u00a0 m\u00ebdhaja por edhe t\u00eb rinj b\u00ebhen pjes\u00eb e k\u00ebsaj tradite q\u00eb ka ekzistuar dhe vazhdon t\u00eb p\u00ebrcillet edhe sot brez pas brezi n\u00eb ket\u00eb familje.<\/p>\n<p>Senad Dema m\u00eb s\u00eb shumti e zhvillon\u00eb k\u00ebt\u00eb veprimtari p\u00ebr arsye ekonomike, por ai peshkimin e ka si sportin e tij\u00eb t\u00eb preferuar dhe e zhvillon\u00eb p\u00ebr \u00e7do dit\u00eb.<\/p>\n<p><a href=\"http:\/\/www.visit-ulcinj.com\/blog\/wp-content\/uploads\/2016\/10\/Senad-Dema-Ulqin.jpg\"><img loading=\"lazy\" class=\"alignleft wp-image-100636\" src=\"http:\/\/www.visit-ulcinj.com\/blog\/wp-content\/uploads\/2016\/10\/Senad-Dema-Ulqin.jpg\" alt=\"Senad-Dema-Ulqin\" width=\"508\" height=\"660\" srcset=\"https:\/\/www.visit-ulcinj.com\/blog\/wp-content\/uploads\/2016\/10\/Senad-Dema-Ulqin.jpg 479w, https:\/\/www.visit-ulcinj.com\/blog\/wp-content\/uploads\/2016\/10\/Senad-Dema-Ulqin-231x300.jpg 231w\" sizes=\"(max-width: 508px) 100vw, 508px\" \/><\/a><\/p>\n<p><strong>Di\u00e7ka mbi Familjen e Senad Dem\u00ebs <\/strong><strong>q\u00eb vazhdon i tradit\u00ebn familjare<\/strong><\/p>\n<p>Babai peshkatar, i biri b\u00ebhet peshkatar.<\/p>\n<p>K\u00ebshtu u b\u00eb edhe i riu ulqinak &#8211; Senad Dema.<\/p>\n<p>St\u00ebrgjyshi, Alushi (peshkatari m\u00eb i mo\u00e7\u00ebm n\u00eb Ulqin, vdiq kur i mbushi 105 vjet) ishte peshkatar me tratka, i gjeneratr\u00ebs s\u00eb peshkatar\u00ebve legjendar\u00eb t\u00eb Ulqinit; ai peshkonte bashk\u00eb me t\u00eb bijt\u00eb: Hamdiun, Ademin, Bahriun) n\u00eb Nd\u00ebrmarrjen e peshkimit &#8220;Bojana&#8221;, deri kur u shp\u00ebrnda ajo.<\/p>\n<p>Gjyshi, Hamdiu, ishte po ashtu peshkatar me tratka, peshkonte bash\u00eb me baban\u00eb, Alushin dhe v\u00ebllez\u00ebrit.<\/p>\n<p>Babai, Xhivati, u b\u00eb nj\u00eb peshkatar i ve\u00e7ant\u00eb. N\u00eb detin e hapur (2-3 mile jasht\u00eb), n\u00eb Zall e n\u00eb gryk\u00eb t\u00eb lumit Buna, ai gjuajti peshk me rrjeta e me grepa, me parangalla. I ishte nj\u00eb peshkatar i cili kishte nj\u00eb mjeshtri t\u00eb rrall\u00eb t\u00eb peshkimit. Edhe kishte shum\u00eb fat. Gjuante pranver\u00ebn, ver\u00ebn dhe vjesht\u00ebn.<\/p>\n<p>Babai Xhivati, shpesh i merrte n\u00eb peshkim dy djemt\u00eb e vet.<\/p>\n<p><a href=\"http:\/\/www.visit-ulcinj.com\/blog\/wp-content\/uploads\/2016\/10\/Peshkatari-Senad-Dema-Ulqin-Gof-40kg-1.jpg\"><img loading=\"lazy\" class=\"alignleft wp-image-100637\" src=\"http:\/\/www.visit-ulcinj.com\/blog\/wp-content\/uploads\/2016\/10\/Peshkatari-Senad-Dema-Ulqin-Gof-40kg-1.jpg\" alt=\"Peshkatari-Senad-Dema-Ulqin-Gof-40kg-1\" width=\"508\" height=\"516\" srcset=\"https:\/\/www.visit-ulcinj.com\/blog\/wp-content\/uploads\/2016\/10\/Peshkatari-Senad-Dema-Ulqin-Gof-40kg-1.jpg 720w, https:\/\/www.visit-ulcinj.com\/blog\/wp-content\/uploads\/2016\/10\/Peshkatari-Senad-Dema-Ulqin-Gof-40kg-1-295x300.jpg 295w\" sizes=\"(max-width: 508px) 100vw, 508px\" \/><\/a><\/p>\n<p>Tash, peshkimin e vazhdon djali &#8211; Senadi.<\/p>\n<p>Senadi \u00ebsht\u00eb 34-vje\u00e7ar. Senadi ze peshk me grepa, me parangalla, zakonisht kur \u00ebsht\u00eb det i mir\u00eb.<\/p>\n<p>Ai e vazhdon tradit\u00ebn familjare.<\/p>\n","protected":false},"excerpt":{"rendered":"<p>Peshkatari Senad Dema nga Ulqini ka z\u00ebn peshkun Gof prej 40 kg. Duhet t\u00eb cekim q\u00eb peshkimi n\u00eb familjen Dema ka q\u00ebn\u00eb dhe mbetet nj\u00eb tradit\u00eb. Jo vet\u00ebm te moshat e\u00a0 m\u00ebdhaja por edhe t\u00eb rinj b\u00ebhen pjes\u00eb e k\u00ebsaj tradite q\u00eb ka ekzistuar dhe vazhdon t\u00eb p\u00ebrcillet edhe sot brez pas brezi n\u00eb ket\u00eb [&hellip;]<\/p>\n","protected":false},"author":1,"featured_media":0,"comment_status":"closed","ping_status":"closed","sticky":false,"template":"","format":"standard","meta":{"spay_email":"","jetpack_publicize_message":"","jetpack_is_tweetstorm":false,"jetpack_publicize_feature_enabled":true},"categories":[1,13],"tags":[],"jetpack_publicize_connections":[],"yoast_head":"<!-- This site is optimized with the Yoast SEO plugin v19.1 - https:\/\/yoast.com\/wordpress\/plugins\/seo\/ -->\n<title>Senad Dema peshkatar nga Ulqini z\u00eb peshkun 40 kg - Lajme nga Ulqini<\/title>\n<meta name=\"description\" content=\"Peshkatari Senad Dema nga Ulqini ka z\u00ebn peshkun Gof prej 40 kg. Duhet t\u00eb cekim q\u00eb peshkimi n\u00eb familjen Dema ka q\u00ebn\u00eb dhe mbetet nj\u00eb tradit\u00eb. Jo vet\u00ebm te\" \/>\n<meta name=\"robots\" content=\"index, follow, max-snippet:-1, max-image-preview:large, max-video-preview:-1\" \/>\n<link rel=\"canonical\" href=\"https:\/\/www.visit-ulcinj.com\/blog\/2016\/10\/29\/senad-dema-peshkatar-nga-ulqini-ze-peshkun-40-kg\/\" \/>\n<meta property=\"og:locale\" content=\"en_US\" \/>\n<meta property=\"og:type\" content=\"article\" \/>\n<meta property=\"og:title\" content=\"Senad Dema peshkatar nga Ulqini z\u00eb peshkun 40 kg - Lajme nga Ulqini\" \/>\n<meta property=\"og:description\" content=\"Peshkatari Senad Dema nga Ulqini ka z\u00ebn peshkun Gof prej 40 kg. Duhet t\u00eb cekim q\u00eb peshkimi n\u00eb familjen Dema ka q\u00ebn\u00eb dhe mbetet nj\u00eb tradit\u00eb. Jo vet\u00ebm te\" \/>\n<meta property=\"og:url\" content=\"https:\/\/www.visit-ulcinj.com\/blog\/2016\/10\/29\/senad-dema-peshkatar-nga-ulqini-ze-peshkun-40-kg\/\" \/>\n<meta property=\"og:site_name\" content=\"Lajme nga Ulqini\" \/>\n<meta property=\"article:published_time\" content=\"2016-10-29T16:03:13+00:00\" \/>\n<meta property=\"article:modified_time\" content=\"2016-10-30T12:41:53+00:00\" \/>\n<meta property=\"og:image\" content=\"http:\/\/www.visit-ulcinj.com\/blog\/wp-content\/uploads\/2016\/10\/Peshkatari-Senad-Dema-Ulqin-Gof-40kg.jpg\" \/>\n<meta name=\"twitter:label1\" content=\"Written by\" \/>\n\t<meta name=\"twitter:data1\" content=\"ulqini\" \/>\n\t<meta name=\"twitter:label2\" content=\"Est. reading time\" \/>\n\t<meta name=\"twitter:data2\" content=\"1 minute\" \/>\n<script type=\"application\/ld+json\" class=\"yoast-schema-graph\">{\"@context\":\"https:\/\/schema.org\",\"@graph\":[{\"@type\":\"WebSite\",\"@id\":\"https:\/\/www.visit-ulcinj.com\/blog\/#website\",\"url\":\"https:\/\/www.visit-ulcinj.com\/blog\/\",\"name\":\"Lajme nga Ulqini\",\"description\":\"Lajme,Vijesti,Ulqini,Ulqin,Crna Gora,Mali i Zi\",\"potentialAction\":[{\"@type\":\"SearchAction\",\"target\":{\"@type\":\"EntryPoint\",\"urlTemplate\":\"https:\/\/www.visit-ulcinj.com\/blog\/?s={search_term_string}\"},\"query-input\":\"required name=search_term_string\"}],\"inLanguage\":\"en-US\"},{\"@type\":\"ImageObject\",\"inLanguage\":\"en-US\",\"@id\":\"https:\/\/www.visit-ulcinj.com\/blog\/2016\/10\/29\/senad-dema-peshkatar-nga-ulqini-ze-peshkun-40-kg\/#primaryimage\",\"url\":\"https:\/\/www.visit-ulcinj.com\/blog\/wp-content\/uploads\/2016\/10\/Peshkatari-Senad-Dema-Ulqin-Gof-40kg.jpg\",\"contentUrl\":\"https:\/\/www.visit-ulcinj.com\/blog\/wp-content\/uploads\/2016\/10\/Peshkatari-Senad-Dema-Ulqin-Gof-40kg.jpg\",\"width\":717,\"height\":678},{\"@type\":\"WebPage\",\"@id\":\"https:\/\/www.visit-ulcinj.com\/blog\/2016\/10\/29\/senad-dema-peshkatar-nga-ulqini-ze-peshkun-40-kg\/#webpage\",\"url\":\"https:\/\/www.visit-ulcinj.com\/blog\/2016\/10\/29\/senad-dema-peshkatar-nga-ulqini-ze-peshkun-40-kg\/\",\"name\":\"Senad Dema peshkatar nga Ulqini z\u00eb peshkun 40 kg - Lajme nga Ulqini\",\"isPartOf\":{\"@id\":\"https:\/\/www.visit-ulcinj.com\/blog\/#website\"},\"primaryImageOfPage\":{\"@id\":\"https:\/\/www.visit-ulcinj.com\/blog\/2016\/10\/29\/senad-dema-peshkatar-nga-ulqini-ze-peshkun-40-kg\/#primaryimage\"},\"datePublished\":\"2016-10-29T16:03:13+00:00\",\"dateModified\":\"2016-10-30T12:41:53+00:00\",\"author\":{\"@id\":\"https:\/\/www.visit-ulcinj.com\/blog\/#\/schema\/person\/dcab619c614d3038751c63bc2aadc06d\"},\"description\":\"Peshkatari Senad Dema nga Ulqini ka z\u00ebn peshkun Gof prej 40 kg. Duhet t\u00eb cekim q\u00eb peshkimi n\u00eb familjen Dema ka q\u00ebn\u00eb dhe mbetet nj\u00eb tradit\u00eb. Jo vet\u00ebm te\",\"breadcrumb\":{\"@id\":\"https:\/\/www.visit-ulcinj.com\/blog\/2016\/10\/29\/senad-dema-peshkatar-nga-ulqini-ze-peshkun-40-kg\/#breadcrumb\"},\"inLanguage\":\"en-US\",\"potentialAction\":[{\"@type\":\"ReadAction\",\"target\":[\"https:\/\/www.visit-ulcinj.com\/blog\/2016\/10\/29\/senad-dema-peshkatar-nga-ulqini-ze-peshkun-40-kg\/\"]}]},{\"@type\":\"BreadcrumbList\",\"@id\":\"https:\/\/www.visit-ulcinj.com\/blog\/2016\/10\/29\/senad-dema-peshkatar-nga-ulqini-ze-peshkun-40-kg\/#breadcrumb\",\"itemListElement\":[{\"@type\":\"ListItem\",\"position\":1,\"name\":\"Senad Dema peshkatar nga Ulqini z\u00eb peshkun 40 kg\"}]},{\"@type\":\"Person\",\"@id\":\"https:\/\/www.visit-ulcinj.com\/blog\/#\/schema\/person\/dcab619c614d3038751c63bc2aadc06d\",\"name\":\"ulqini\",\"sameAs\":[\"http:\/\/www.visit-ulcinj.com\"],\"url\":\"https:\/\/www.visit-ulcinj.com\/blog\/author\/admin\/\"}]}<\/script>\n<!-- \/ Yoast SEO plugin. -->","yoast_head_json":{"title":"Senad Dema peshkatar nga Ulqini z\u00eb peshkun 40 kg - Lajme nga Ulqini","description":"Peshkatari Senad Dema nga Ulqini ka z\u00ebn peshkun Gof prej 40 kg. Duhet t\u00eb cekim q\u00eb peshkimi n\u00eb familjen Dema ka q\u00ebn\u00eb dhe mbetet nj\u00eb tradit\u00eb. Jo vet\u00ebm te","robots":{"index":"index","follow":"follow","max-snippet":"max-snippet:-1","max-image-preview":"max-image-preview:large","max-video-preview":"max-video-preview:-1"},"canonical":"https:\/\/www.visit-ulcinj.com\/blog\/2016\/10\/29\/senad-dema-peshkatar-nga-ulqini-ze-peshkun-40-kg\/","og_locale":"en_US","og_type":"article","og_title":"Senad Dema peshkatar nga Ulqini z\u00eb peshkun 40 kg - Lajme nga Ulqini","og_description":"Peshkatari Senad Dema nga Ulqini ka z\u00ebn peshkun Gof prej 40 kg. Duhet t\u00eb cekim q\u00eb peshkimi n\u00eb familjen Dema ka q\u00ebn\u00eb dhe mbetet nj\u00eb tradit\u00eb. Jo vet\u00ebm te","og_url":"https:\/\/www.visit-ulcinj.com\/blog\/2016\/10\/29\/senad-dema-peshkatar-nga-ulqini-ze-peshkun-40-kg\/","og_site_name":"Lajme nga Ulqini","article_published_time":"2016-10-29T16:03:13+00:00","article_modified_time":"2016-10-30T12:41:53+00:00","og_image":[{"url":"http:\/\/www.visit-ulcinj.com\/blog\/wp-content\/uploads\/2016\/10\/Peshkatari-Senad-Dema-Ulqin-Gof-40kg.jpg"}],"twitter_misc":{"Written by":"ulqini","Est. reading time":"1 minute"},"schema":{"@context":"https:\/\/schema.org","@graph":[{"@type":"WebSite","@id":"https:\/\/www.visit-ulcinj.com\/blog\/#website","url":"https:\/\/www.visit-ulcinj.com\/blog\/","name":"Lajme nga Ulqini","description":"Lajme,Vijesti,Ulqini,Ulqin,Crna Gora,Mali i Zi","potentialAction":[{"@type":"SearchAction","target":{"@type":"EntryPoint","urlTemplate":"https:\/\/www.visit-ulcinj.com\/blog\/?s={search_term_string}"},"query-input":"required name=search_term_string"}],"inLanguage":"en-US"},{"@type":"ImageObject","inLanguage":"en-US","@id":"https:\/\/www.visit-ulcinj.com\/blog\/2016\/10\/29\/senad-dema-peshkatar-nga-ulqini-ze-peshkun-40-kg\/#primaryimage","url":"https:\/\/www.visit-ulcinj.com\/blog\/wp-content\/uploads\/2016\/10\/Peshkatari-Senad-Dema-Ulqin-Gof-40kg.jpg","contentUrl":"https:\/\/www.visit-ulcinj.com\/blog\/wp-content\/uploads\/2016\/10\/Peshkatari-Senad-Dema-Ulqin-Gof-40kg.jpg","width":717,"height":678},{"@type":"WebPage","@id":"https:\/\/www.visit-ulcinj.com\/blog\/2016\/10\/29\/senad-dema-peshkatar-nga-ulqini-ze-peshkun-40-kg\/#webpage","url":"https:\/\/www.visit-ulcinj.com\/blog\/2016\/10\/29\/senad-dema-peshkatar-nga-ulqini-ze-peshkun-40-kg\/","name":"Senad Dema peshkatar nga Ulqini z\u00eb peshkun 40 kg - Lajme nga Ulqini","isPartOf":{"@id":"https:\/\/www.visit-ulcinj.com\/blog\/#website"},"primaryImageOfPage":{"@id":"https:\/\/www.visit-ulcinj.com\/blog\/2016\/10\/29\/senad-dema-peshkatar-nga-ulqini-ze-peshkun-40-kg\/#primaryimage"},"datePublished":"2016-10-29T16:03:13+00:00","dateModified":"2016-10-30T12:41:53+00:00","author":{"@id":"https:\/\/www.visit-ulcinj.com\/blog\/#\/schema\/person\/dcab619c614d3038751c63bc2aadc06d"},"description":"Peshkatari Senad Dema nga Ulqini ka z\u00ebn peshkun Gof prej 40 kg. Duhet t\u00eb cekim q\u00eb peshkimi n\u00eb familjen Dema ka q\u00ebn\u00eb dhe mbetet nj\u00eb tradit\u00eb. Jo vet\u00ebm te","breadcrumb":{"@id":"https:\/\/www.visit-ulcinj.com\/blog\/2016\/10\/29\/senad-dema-peshkatar-nga-ulqini-ze-peshkun-40-kg\/#breadcrumb"},"inLanguage":"en-US","potentialAction":[{"@type":"ReadAction","target":["https:\/\/www.visit-ulcinj.com\/blog\/2016\/10\/29\/senad-dema-peshkatar-nga-ulqini-ze-peshkun-40-kg\/"]}]},{"@type":"BreadcrumbList","@id":"https:\/\/www.visit-ulcinj.com\/blog\/2016\/10\/29\/senad-dema-peshkatar-nga-ulqini-ze-peshkun-40-kg\/#breadcrumb","itemListElement":[{"@type":"ListItem","position":1,"name":"Senad Dema peshkatar nga Ulqini z\u00eb peshkun 40 kg"}]},{"@type":"Person","@id":"https:\/\/www.visit-ulcinj.com\/blog\/#\/schema\/person\/dcab619c614d3038751c63bc2aadc06d","name":"ulqini","sameAs":["http:\/\/www.visit-ulcinj.com"],"url":"https:\/\/www.visit-ulcinj.com\/blog\/author\/admin\/"}]}},"jetpack_featured_media_url":"","jetpack_sharing_enabled":true,"jetpack_shortlink":"https:\/\/wp.me\/pe6lTn-qb7","_links":{"self":[{"href":"https:\/\/www.visit-ulcinj.com\/blog\/wp-json\/wp\/v2\/posts\/100633"}],"collection":[{"href":"https:\/\/www.visit-ulcinj.com\/blog\/wp-json\/wp\/v2\/posts"}],"about":[{"href":"https:\/\/www.visit-ulcinj.com\/blog\/wp-json\/wp\/v2\/types\/post"}],"author":[{"embeddable":true,"href":"https:\/\/www.visit-ulcinj.com\/blog\/wp-json\/wp\/v2\/users\/1"}],"replies":[{"embeddable":true,"href":"https:\/\/www.visit-ulcinj.com\/blog\/wp-json\/wp\/v2\/comments?post=100633"}],"version-history":[{"count":3,"href":"https:\/\/www.visit-ulcinj.com\/blog\/wp-json\/wp\/v2\/posts\/100633\/revisions"}],"predecessor-version":[{"id":100654,"href":"https:\/\/www.visit-ulcinj.com\/blog\/wp-json\/wp\/v2\/posts\/100633\/revisions\/100654"}],"wp:attachment":[{"href":"https:\/\/www.visit-ulcinj.com\/blog\/wp-json\/wp\/v2\/media?parent=100633"}],"wp:term":[{"taxonomy":"category","embeddable":true,"href":"https:\/\/www.visit-ulcinj.com\/blog\/wp-json\/wp\/v2\/categories?post=100633"},{"taxonomy":"post_tag","embeddable":true,"href":"https:\/\/www.visit-ulcinj.com\/blog\/wp-json\/wp\/v2\/tags?post=100633"}],"curies":[{"name":"wp","href":"https:\/\/api.w.org\/{rel}","templated":true}]}}