{"id":100664,"date":"2016-10-31T15:53:14","date_gmt":"2016-10-31T14:53:14","guid":{"rendered":"http:\/\/www.visit-ulcinj.com\/blog\/?p=100664"},"modified":"2016-10-31T16:22:16","modified_gmt":"2016-10-31T15:22:16","slug":"nika-cfare-pane-syte-dhe-dygjuan-veshet-ne-polici","status":"publish","type":"post","link":"https:\/\/www.visit-ulcinj.com\/blog\/2016\/10\/31\/nika-cfare-pane-syte-dhe-dygjuan-veshet-ne-polici\/","title":{"rendered":"Nika: \u00c7far\u00eb m\u00eb pan\u00eb syt\u00eb dhe m\u00eb dygjuan vesh\u00ebt n\u00eb polici&#8230;?!"},"content":{"rendered":"<p><strong><a href=\"http:\/\/www.visit-ulcinj.com\/blog\/wp-content\/uploads\/2014\/11\/Muhamet-Nika.jpg\"><img loading=\"lazy\" class=\"alignleft wp-image-86143 size-medium\" src=\"http:\/\/www.visit-ulcinj.com\/blog\/wp-content\/uploads\/2014\/11\/Muhamet-Nika-240x300.jpg\" alt=\"Muhamet Nika, Sudski tuma\u010d- P\u00ebrkthyes gjyq\u00ebsor \u201c MUHAMET NIKA \u201d Ulcinj- Ulqin Adresa: zgrada SO ULCINJ- nd\u00ebrtesa e KK Ulqin Telefon-i: 068 264 122 Email-i : muhamet-nika@hotmail.com Albanski jezik- prof. Albanskog jezika Gjuh\u00eb shqipe- prof. I gjuh\u00ebs shqipe\" width=\"240\" height=\"300\" srcset=\"https:\/\/www.visit-ulcinj.com\/blog\/wp-content\/uploads\/2014\/11\/Muhamet-Nika-240x300.jpg 240w, https:\/\/www.visit-ulcinj.com\/blog\/wp-content\/uploads\/2014\/11\/Muhamet-Nika.jpg 256w\" sizes=\"(max-width: 240px) 100vw, 240px\" \/><\/a>Shkruan Muhamet Nika<\/strong><\/p>\n<p>Pasi m\u00eb kishin skaduar afatet e dokumenteve personale para do koh\u00ebve\u00a0 u\u00a0 drejtova n\u00eb sportelin p\u00ebrkat\u00ebs n\u00eb polici \u00a0p\u00ebr t\u00eb rejat dhe aty duke pritur \u00a0radh\u00ebn, pash\u00eb e d\u00ebgjova se si punonj\u00ebsja\u00a0 e policis\u00eb- nj\u00eb serbo malazeze, \u00a0n\u00eb m\u00ebnyr\u00ebn sa m\u00eb t\u00eb kulturuar e \u00a0qytet\u00ebruar , \u00a0q\u00eb ishte e mundur pash\u00eb t\u2019i drejtohej nj\u00eb pale\u00a0 shqiptare\u00a0 q\u00eb aplikonte &#8230;, me fjal\u00ebt: \u201c Zot\u00ebri , n\u00eb cil\u00ebn gjuh\u00eb e doni t\u00eb shkruar emrin dhe mbiemrin n\u00eb dokument , shqip apo malazeze..\u201d?!<\/p>\n<p>Kurse p\u00ebr \u00e7udi- \u00a0pala pa u hamendur fare iu p\u00ebrgjigj, jo mos ma shkruani \u00a0shqip&#8230;?!!<\/p>\n<p>Dhe kur shikimi i tij, n\u00eb \u00e7ast,\u00a0 iu kryq\u00ebzua me timin e pasi i dhash\u00eb nj\u00eb shikim qortues dhe t\u00eb\u00a0 habitsh\u00ebm&#8230;, ai p\u00ebr tu nxjerr\u00eb \u00a0nga situata\u2013 pa e pyetur u shpreh: Jo se a e di si \u00ebsht\u00eb puna, un\u00eb e kap emrin Lanush dhe po e shkrova shqip, kompjuteri ma shkruan LAPUSH &#8230;?!<\/p>\n<p>E thash\u00eb me vete : \u00c7far\u00eb lapushash\u00a0 , ma toka\u00a0 e duron Ulqini&#8230;?!<\/p>\n<p><strong><em>Gjynah Bardhi dhe Milloja..?!<\/em><\/strong><\/p>\n<p>Mbaj mend sa p\u00ebr t\u00eb sqaruar k\u00ebt\u00eb \u00e7\u00ebshtje, q\u00eb\u00a0 M.Bardhi n\u00eb \u00e7do takim\u00a0 t\u00eb cilin e \u00a0kish me qeveritar\u00eb , por edhe me Millon&#8230;, ankohej se atij nuk po ia shkruanin dhe shqiptonin si duhet emrin dhe mbiemrin \u00a0shqip ..?!Dhe se ai \u00a0edhe n\u00eb let\u00ebr njoftimi- Nuk\u00a0 i shkruan \u00a0Bardhi&#8230;, por Bardi..?! Kurse Milloja , nga k\u00ebndi i tij thon\u00eb se arsyetohej; \u201c A \u0161to \u0107u mu ja kad na\u0161a azbuka ne ma to sllovo- kako da izgovorim- Dhe \u00e7far\u00eb do tash ai, n\u00eb qoft\u00eb se alfabeti jon\u00eb nuk \u00a0e ka \u00a0k\u00ebt\u00eb\u00a0 shkronj\u00eb\u00a0\u00a0 &#8211; Si ta \u00a0shkruaj e shqiptoj..\u201c. Por n\u00eb fund prap\u00eb k\u00ebta t\u00eb dy- me sa duket &#8211; ran\u00eb n\u00eb ujdi dhe e gjet\u00ebn zgjidhjen.<\/p>\n<p>Po kujt hyn\u00eb n\u00eb pun\u00eb kjo , e aq m\u00eb tep\u00ebr kur Bardhi shkoi n\u00eb pension dhe tjer\u00ebt b\u00ebhen gati t\u00eb shkojn\u00eb&#8230;?!<\/p>\n<p><strong><em>Shpresa vdes e fundit&#8230;?!<\/em><\/strong><\/p>\n<p>Mos e besoni po desh\u00ebt, por kur iu hodha syrin listave zgjedhore q\u00eb konkurruan\u00a0 n\u00eb zgjedhje, u g\u00ebzova p\u00ebr t\u00eb mir\u00eb, pasi \u00a0pash\u00eb se \u00a0kandidat\u00ebt p\u00ebr k\u00ebshilltar\u00eb nga\u00a0 lista \u00a0e DPS-it, emrin dhe mbiemrin ( me ndonj\u00eb p\u00ebrjashtim) e kishin t\u00eb shkruar shqip, kurse k\u00ebto n\u00eb listat nacionale , disa\u00a0 (mu duk \u00a0shumica), emrat dhe mbiemrat i kishin l\u00ebn\u00eb si dikur n\u00eb koh\u00ebn e gjysh\u00ebrve t\u00eb vet &#8211; \u00a0pa i nd\u00ebrruar fare, \u00a0ashtu si \u00a0kur votohej \u00a0partia \u00a0\u00a0serbe\u00a0 e \u00a0\u00a0kryeministrit\u00a0 Pashiq&#8230;?!! O n\u00ebna ime dhe n\u00ebn&#8230; e tyre&#8230;, po\u00a0 si nuk na\u00a0 mbajti t\u00eb th\u00ebrrasim\u00a0 asnj\u00ebher\u00eb \u2013 Posht\u00eb Pashiqi&#8230;, me k\u00ebto mbiemra\u00a0 e nga\u00a0 ky soj&#8230;?!!<\/p>\n","protected":false},"excerpt":{"rendered":"<p>Shkruan Muhamet Nika Pasi m\u00eb kishin skaduar afatet e dokumenteve personale para do koh\u00ebve\u00a0 u\u00a0 drejtova n\u00eb sportelin p\u00ebrkat\u00ebs n\u00eb polici \u00a0p\u00ebr t\u00eb rejat dhe aty duke pritur \u00a0radh\u00ebn, pash\u00eb e d\u00ebgjova se si punonj\u00ebsja\u00a0 e policis\u00eb- nj\u00eb serbo malazeze, \u00a0n\u00eb m\u00ebnyr\u00ebn sa m\u00eb t\u00eb kulturuar e \u00a0qytet\u00ebruar , \u00a0q\u00eb ishte e mundur pash\u00eb t\u2019i [&hellip;]<\/p>\n","protected":false},"author":1,"featured_media":0,"comment_status":"closed","ping_status":"closed","sticky":false,"template":"","format":"standard","meta":{"spay_email":"","jetpack_publicize_message":"","jetpack_is_tweetstorm":false,"jetpack_publicize_feature_enabled":true},"categories":[1,14249],"tags":[],"jetpack_publicize_connections":[],"yoast_head":"<!-- This site is optimized with the Yoast SEO plugin v19.1 - https:\/\/yoast.com\/wordpress\/plugins\/seo\/ -->\n<title>Nika: \u00c7far\u00eb m\u00eb pan\u00eb syt\u00eb dhe m\u00eb dygjuan vesh\u00ebt n\u00eb polici...?! - Lajme nga Ulqini<\/title>\n<meta name=\"description\" content=\"Shkruan Muhamet Nika Pasi m\u00eb kishin skaduar afatet e dokumenteve personale para do koh\u00ebve\u00a0 u\u00a0 drejtova n\u00eb sportelin p\u00ebrkat\u00ebs n\u00eb polici \u00a0p\u00ebr t\u00eb rejat dhe\" \/>\n<meta name=\"robots\" content=\"index, follow, max-snippet:-1, max-image-preview:large, max-video-preview:-1\" \/>\n<link rel=\"canonical\" href=\"https:\/\/www.visit-ulcinj.com\/blog\/2016\/10\/31\/nika-cfare-pane-syte-dhe-dygjuan-veshet-ne-polici\/\" \/>\n<meta property=\"og:locale\" content=\"en_US\" \/>\n<meta property=\"og:type\" content=\"article\" \/>\n<meta property=\"og:title\" content=\"Nika: \u00c7far\u00eb m\u00eb pan\u00eb syt\u00eb dhe m\u00eb dygjuan vesh\u00ebt n\u00eb polici...?! - Lajme nga Ulqini\" \/>\n<meta property=\"og:description\" content=\"Shkruan Muhamet Nika Pasi m\u00eb kishin skaduar afatet e dokumenteve personale para do koh\u00ebve\u00a0 u\u00a0 drejtova n\u00eb sportelin p\u00ebrkat\u00ebs n\u00eb polici \u00a0p\u00ebr t\u00eb rejat dhe\" \/>\n<meta property=\"og:url\" content=\"https:\/\/www.visit-ulcinj.com\/blog\/2016\/10\/31\/nika-cfare-pane-syte-dhe-dygjuan-veshet-ne-polici\/\" \/>\n<meta property=\"og:site_name\" content=\"Lajme nga Ulqini\" \/>\n<meta property=\"article:published_time\" content=\"2016-10-31T14:53:14+00:00\" \/>\n<meta property=\"article:modified_time\" content=\"2016-10-31T15:22:16+00:00\" \/>\n<meta property=\"og:image\" content=\"http:\/\/www.visit-ulcinj.com\/blog\/wp-content\/uploads\/2014\/11\/Muhamet-Nika-240x300.jpg\" \/>\n<meta name=\"twitter:label1\" content=\"Written by\" \/>\n\t<meta name=\"twitter:data1\" content=\"ulqini\" \/>\n\t<meta name=\"twitter:label2\" content=\"Est. reading time\" \/>\n\t<meta name=\"twitter:data2\" content=\"2 minutes\" \/>\n<script type=\"application\/ld+json\" class=\"yoast-schema-graph\">{\"@context\":\"https:\/\/schema.org\",\"@graph\":[{\"@type\":\"WebSite\",\"@id\":\"https:\/\/www.visit-ulcinj.com\/blog\/#website\",\"url\":\"https:\/\/www.visit-ulcinj.com\/blog\/\",\"name\":\"Lajme nga Ulqini\",\"description\":\"Lajme,Vijesti,Ulqini,Ulqin,Crna Gora,Mali i Zi\",\"potentialAction\":[{\"@type\":\"SearchAction\",\"target\":{\"@type\":\"EntryPoint\",\"urlTemplate\":\"https:\/\/www.visit-ulcinj.com\/blog\/?s={search_term_string}\"},\"query-input\":\"required name=search_term_string\"}],\"inLanguage\":\"en-US\"},{\"@type\":\"ImageObject\",\"inLanguage\":\"en-US\",\"@id\":\"https:\/\/www.visit-ulcinj.com\/blog\/2016\/10\/31\/nika-cfare-pane-syte-dhe-dygjuan-veshet-ne-polici\/#primaryimage\",\"url\":\"https:\/\/www.visit-ulcinj.com\/blog\/wp-content\/uploads\/2014\/11\/Muhamet-Nika.jpg\",\"contentUrl\":\"https:\/\/www.visit-ulcinj.com\/blog\/wp-content\/uploads\/2014\/11\/Muhamet-Nika.jpg\",\"width\":256,\"height\":319},{\"@type\":\"WebPage\",\"@id\":\"https:\/\/www.visit-ulcinj.com\/blog\/2016\/10\/31\/nika-cfare-pane-syte-dhe-dygjuan-veshet-ne-polici\/#webpage\",\"url\":\"https:\/\/www.visit-ulcinj.com\/blog\/2016\/10\/31\/nika-cfare-pane-syte-dhe-dygjuan-veshet-ne-polici\/\",\"name\":\"Nika: \u00c7far\u00eb m\u00eb pan\u00eb syt\u00eb dhe m\u00eb dygjuan vesh\u00ebt n\u00eb polici...?! - Lajme nga Ulqini\",\"isPartOf\":{\"@id\":\"https:\/\/www.visit-ulcinj.com\/blog\/#website\"},\"primaryImageOfPage\":{\"@id\":\"https:\/\/www.visit-ulcinj.com\/blog\/2016\/10\/31\/nika-cfare-pane-syte-dhe-dygjuan-veshet-ne-polici\/#primaryimage\"},\"datePublished\":\"2016-10-31T14:53:14+00:00\",\"dateModified\":\"2016-10-31T15:22:16+00:00\",\"author\":{\"@id\":\"https:\/\/www.visit-ulcinj.com\/blog\/#\/schema\/person\/dcab619c614d3038751c63bc2aadc06d\"},\"description\":\"Shkruan Muhamet Nika Pasi m\u00eb kishin skaduar afatet e dokumenteve personale para do koh\u00ebve\u00a0 u\u00a0 drejtova n\u00eb sportelin p\u00ebrkat\u00ebs n\u00eb polici \u00a0p\u00ebr t\u00eb rejat dhe\",\"breadcrumb\":{\"@id\":\"https:\/\/www.visit-ulcinj.com\/blog\/2016\/10\/31\/nika-cfare-pane-syte-dhe-dygjuan-veshet-ne-polici\/#breadcrumb\"},\"inLanguage\":\"en-US\",\"potentialAction\":[{\"@type\":\"ReadAction\",\"target\":[\"https:\/\/www.visit-ulcinj.com\/blog\/2016\/10\/31\/nika-cfare-pane-syte-dhe-dygjuan-veshet-ne-polici\/\"]}]},{\"@type\":\"BreadcrumbList\",\"@id\":\"https:\/\/www.visit-ulcinj.com\/blog\/2016\/10\/31\/nika-cfare-pane-syte-dhe-dygjuan-veshet-ne-polici\/#breadcrumb\",\"itemListElement\":[{\"@type\":\"ListItem\",\"position\":1,\"name\":\"Nika: \u00c7far\u00eb m\u00eb pan\u00eb syt\u00eb dhe m\u00eb dygjuan vesh\u00ebt n\u00eb polici&#8230;?!\"}]},{\"@type\":\"Person\",\"@id\":\"https:\/\/www.visit-ulcinj.com\/blog\/#\/schema\/person\/dcab619c614d3038751c63bc2aadc06d\",\"name\":\"ulqini\",\"sameAs\":[\"http:\/\/www.visit-ulcinj.com\"],\"url\":\"https:\/\/www.visit-ulcinj.com\/blog\/author\/admin\/\"}]}<\/script>\n<!-- \/ Yoast SEO plugin. -->","yoast_head_json":{"title":"Nika: \u00c7far\u00eb m\u00eb pan\u00eb syt\u00eb dhe m\u00eb dygjuan vesh\u00ebt n\u00eb polici...?! - Lajme nga Ulqini","description":"Shkruan Muhamet Nika Pasi m\u00eb kishin skaduar afatet e dokumenteve personale para do koh\u00ebve\u00a0 u\u00a0 drejtova n\u00eb sportelin p\u00ebrkat\u00ebs n\u00eb polici \u00a0p\u00ebr t\u00eb rejat dhe","robots":{"index":"index","follow":"follow","max-snippet":"max-snippet:-1","max-image-preview":"max-image-preview:large","max-video-preview":"max-video-preview:-1"},"canonical":"https:\/\/www.visit-ulcinj.com\/blog\/2016\/10\/31\/nika-cfare-pane-syte-dhe-dygjuan-veshet-ne-polici\/","og_locale":"en_US","og_type":"article","og_title":"Nika: \u00c7far\u00eb m\u00eb pan\u00eb syt\u00eb dhe m\u00eb dygjuan vesh\u00ebt n\u00eb polici...?! - Lajme nga Ulqini","og_description":"Shkruan Muhamet Nika Pasi m\u00eb kishin skaduar afatet e dokumenteve personale para do koh\u00ebve\u00a0 u\u00a0 drejtova n\u00eb sportelin p\u00ebrkat\u00ebs n\u00eb polici \u00a0p\u00ebr t\u00eb rejat dhe","og_url":"https:\/\/www.visit-ulcinj.com\/blog\/2016\/10\/31\/nika-cfare-pane-syte-dhe-dygjuan-veshet-ne-polici\/","og_site_name":"Lajme nga Ulqini","article_published_time":"2016-10-31T14:53:14+00:00","article_modified_time":"2016-10-31T15:22:16+00:00","og_image":[{"url":"http:\/\/www.visit-ulcinj.com\/blog\/wp-content\/uploads\/2014\/11\/Muhamet-Nika-240x300.jpg"}],"twitter_misc":{"Written by":"ulqini","Est. reading time":"2 minutes"},"schema":{"@context":"https:\/\/schema.org","@graph":[{"@type":"WebSite","@id":"https:\/\/www.visit-ulcinj.com\/blog\/#website","url":"https:\/\/www.visit-ulcinj.com\/blog\/","name":"Lajme nga Ulqini","description":"Lajme,Vijesti,Ulqini,Ulqin,Crna Gora,Mali i Zi","potentialAction":[{"@type":"SearchAction","target":{"@type":"EntryPoint","urlTemplate":"https:\/\/www.visit-ulcinj.com\/blog\/?s={search_term_string}"},"query-input":"required name=search_term_string"}],"inLanguage":"en-US"},{"@type":"ImageObject","inLanguage":"en-US","@id":"https:\/\/www.visit-ulcinj.com\/blog\/2016\/10\/31\/nika-cfare-pane-syte-dhe-dygjuan-veshet-ne-polici\/#primaryimage","url":"https:\/\/www.visit-ulcinj.com\/blog\/wp-content\/uploads\/2014\/11\/Muhamet-Nika.jpg","contentUrl":"https:\/\/www.visit-ulcinj.com\/blog\/wp-content\/uploads\/2014\/11\/Muhamet-Nika.jpg","width":256,"height":319},{"@type":"WebPage","@id":"https:\/\/www.visit-ulcinj.com\/blog\/2016\/10\/31\/nika-cfare-pane-syte-dhe-dygjuan-veshet-ne-polici\/#webpage","url":"https:\/\/www.visit-ulcinj.com\/blog\/2016\/10\/31\/nika-cfare-pane-syte-dhe-dygjuan-veshet-ne-polici\/","name":"Nika: \u00c7far\u00eb m\u00eb pan\u00eb syt\u00eb dhe m\u00eb dygjuan vesh\u00ebt n\u00eb polici...?! - Lajme nga Ulqini","isPartOf":{"@id":"https:\/\/www.visit-ulcinj.com\/blog\/#website"},"primaryImageOfPage":{"@id":"https:\/\/www.visit-ulcinj.com\/blog\/2016\/10\/31\/nika-cfare-pane-syte-dhe-dygjuan-veshet-ne-polici\/#primaryimage"},"datePublished":"2016-10-31T14:53:14+00:00","dateModified":"2016-10-31T15:22:16+00:00","author":{"@id":"https:\/\/www.visit-ulcinj.com\/blog\/#\/schema\/person\/dcab619c614d3038751c63bc2aadc06d"},"description":"Shkruan Muhamet Nika Pasi m\u00eb kishin skaduar afatet e dokumenteve personale para do koh\u00ebve\u00a0 u\u00a0 drejtova n\u00eb sportelin p\u00ebrkat\u00ebs n\u00eb polici \u00a0p\u00ebr t\u00eb rejat dhe","breadcrumb":{"@id":"https:\/\/www.visit-ulcinj.com\/blog\/2016\/10\/31\/nika-cfare-pane-syte-dhe-dygjuan-veshet-ne-polici\/#breadcrumb"},"inLanguage":"en-US","potentialAction":[{"@type":"ReadAction","target":["https:\/\/www.visit-ulcinj.com\/blog\/2016\/10\/31\/nika-cfare-pane-syte-dhe-dygjuan-veshet-ne-polici\/"]}]},{"@type":"BreadcrumbList","@id":"https:\/\/www.visit-ulcinj.com\/blog\/2016\/10\/31\/nika-cfare-pane-syte-dhe-dygjuan-veshet-ne-polici\/#breadcrumb","itemListElement":[{"@type":"ListItem","position":1,"name":"Nika: \u00c7far\u00eb m\u00eb pan\u00eb syt\u00eb dhe m\u00eb dygjuan vesh\u00ebt n\u00eb polici&#8230;?!"}]},{"@type":"Person","@id":"https:\/\/www.visit-ulcinj.com\/blog\/#\/schema\/person\/dcab619c614d3038751c63bc2aadc06d","name":"ulqini","sameAs":["http:\/\/www.visit-ulcinj.com"],"url":"https:\/\/www.visit-ulcinj.com\/blog\/author\/admin\/"}]}},"jetpack_featured_media_url":"","jetpack_sharing_enabled":true,"jetpack_shortlink":"https:\/\/wp.me\/pe6lTn-qbC","_links":{"self":[{"href":"https:\/\/www.visit-ulcinj.com\/blog\/wp-json\/wp\/v2\/posts\/100664"}],"collection":[{"href":"https:\/\/www.visit-ulcinj.com\/blog\/wp-json\/wp\/v2\/posts"}],"about":[{"href":"https:\/\/www.visit-ulcinj.com\/blog\/wp-json\/wp\/v2\/types\/post"}],"author":[{"embeddable":true,"href":"https:\/\/www.visit-ulcinj.com\/blog\/wp-json\/wp\/v2\/users\/1"}],"replies":[{"embeddable":true,"href":"https:\/\/www.visit-ulcinj.com\/blog\/wp-json\/wp\/v2\/comments?post=100664"}],"version-history":[{"count":1,"href":"https:\/\/www.visit-ulcinj.com\/blog\/wp-json\/wp\/v2\/posts\/100664\/revisions"}],"predecessor-version":[{"id":100665,"href":"https:\/\/www.visit-ulcinj.com\/blog\/wp-json\/wp\/v2\/posts\/100664\/revisions\/100665"}],"wp:attachment":[{"href":"https:\/\/www.visit-ulcinj.com\/blog\/wp-json\/wp\/v2\/media?parent=100664"}],"wp:term":[{"taxonomy":"category","embeddable":true,"href":"https:\/\/www.visit-ulcinj.com\/blog\/wp-json\/wp\/v2\/categories?post=100664"},{"taxonomy":"post_tag","embeddable":true,"href":"https:\/\/www.visit-ulcinj.com\/blog\/wp-json\/wp\/v2\/tags?post=100664"}],"curies":[{"name":"wp","href":"https:\/\/api.w.org\/{rel}","templated":true}]}}