{"id":100666,"date":"2016-10-31T16:20:32","date_gmt":"2016-10-31T15:20:32","guid":{"rendered":"http:\/\/www.visit-ulcinj.com\/blog\/?p=100666"},"modified":"2016-11-01T16:17:14","modified_gmt":"2016-11-01T15:17:14","slug":"nika-zgjedhjet-ne-ulqin-lufte-per-nje-vote-ja-pse-e-humbi-koalicioni-shqiptar-nje-qellim","status":"publish","type":"post","link":"https:\/\/www.visit-ulcinj.com\/blog\/2016\/10\/31\/nika-zgjedhjet-ne-ulqin-lufte-per-nje-vote-ja-pse-e-humbi-koalicioni-shqiptar-nje-qellim\/","title":{"rendered":"Nika: Zgjedhjet n\u00eb Ulqin: Luft\u00eb p\u00ebr nj\u00eb vot\u00eb, Ja pse humbi Koalicioni Shqiptar &#8220;Me nj\u00eb Q\u00ebllim&#8221;"},"content":{"rendered":"<p><strong><em><a href=\"http:\/\/www.visit-ulcinj.com\/blog\/wp-content\/uploads\/2016\/10\/Ja-pse-e-humbi-Koalicioni-Shqiptar-Me-nj\u00eb-Q\u00ebllim.jpg\"><img loading=\"lazy\" class=\"alignleft wp-image-100668\" src=\"http:\/\/www.visit-ulcinj.com\/blog\/wp-content\/uploads\/2016\/10\/Ja-pse-e-humbi-Koalicioni-Shqiptar-Me-nj\u00eb-Q\u00ebllim.jpg\" alt=\"Ja pse e humbi Koalicioni Shqiptar Me nj\u00eb Q\u00ebllim\" width=\"508\" height=\"339\" srcset=\"https:\/\/www.visit-ulcinj.com\/blog\/wp-content\/uploads\/2016\/10\/Ja-pse-e-humbi-Koalicioni-Shqiptar-Me-nj\u00eb-Q\u00ebllim.jpg 960w, https:\/\/www.visit-ulcinj.com\/blog\/wp-content\/uploads\/2016\/10\/Ja-pse-e-humbi-Koalicioni-Shqiptar-Me-nj\u00eb-Q\u00ebllim-300x200.jpg 300w, https:\/\/www.visit-ulcinj.com\/blog\/wp-content\/uploads\/2016\/10\/Ja-pse-e-humbi-Koalicioni-Shqiptar-Me-nj\u00eb-Q\u00ebllim-768x512.jpg 768w\" sizes=\"(max-width: 508px) 100vw, 508px\" \/><\/a>Shkruan Muhamet Nika<\/em><\/strong><\/p>\n<p><strong><em>ZGJEDHJET 2016- \u00a0UN\u00cb \u00a0NUK \u00a0PO E MARR \u00a0VESH : POLLI\u00a0 APO NUK\u00a0 POLLI\u00a0 MUSHKA&#8230;?!!!<\/em><\/strong><\/p>\n<ul>\n<li><strong><em>E SIKUR TA DINTE\u00a0 BILE\u00a0 T\u00cb PAKT\u00cbN\u00a0\u00a0 ..?!<\/em><\/strong><\/li>\n<\/ul>\n<p><strong><em>\u00cbsht\u00eb\u00a0 e v\u00ebrtet\u00eb\u00a0\u00a0 q\u00eb \u00a0kam th\u00ebn\u00eb dhe them se ligji zgjedhor aktual , p\u00ebr dallim prej t\u00eb parit, i cili i jepte mund\u00ebsin\u00eb DPS-it t\u00eb \u201c Vjedh\u00eb her\u00eb nj\u00eb e her\u00eb dy deputet\u00eb..\u201d, ky aktuali i jep mund\u00ebsin\u00eb edhe opozit\u00ebs- \u00e7etnik\u00ebve\u00a0 t\u00eb \u201c vjedhin nj\u00eb apo \u00a0dy deputet\u00eb \u00a0..\u201d?! \u00a0Dhe kjo\u00a0 ndodh\u00eb me bekimin e shqiptar\u00ebve ..\u201d ?!<\/em><\/strong><\/p>\n<p>Mir\u00eb po \u00a0\u00e7far\u00eb \u00ebsht\u00eb duke ndodhur tani me ankesat\u00a0 e Partis\u00eb Demokratike dhe mandatin e saj \u00a0p\u00ebr deputet, p\u00ebrs\u00ebri \u00a0nuk arrij ta kuptoj.<\/p>\n<p>Kurse\u00a0 p\u00ebr t\u00eb ndihmuar sa do pak\u00a0 duke e thjesht\u00ebsuar pun\u00ebn, po p\u00ebrcjellim vet\u00ebm at\u00eb \u00e7far\u00eb kjo parti\u00a0 dhe\u00a0 an\u00ebtari i saj n\u00eb komisionet zgjedhore \u00a0veproi :<\/p>\n<ul>\n<li><strong>Pozita e par\u00eb , Komisioni zgjedhor komunal\u00a0 , pranon rregullsin\u00eb\u00a0 e votave n\u00eb komun\u00eb..?!<\/strong><\/li>\n<li><strong>Ankohet PD( shqiptar\u00ebt me nj\u00eb q\u00ebllim) p\u00ebr pa rregullsi\u00a0 n\u00eb 4 vendvotime\u00a0 t\u00eb zgjedhjeve \u00a0t\u00eb pranuara &#8230;<\/strong><\/li>\n<li><strong>Komisioni komunal \u00a0, iu \u00a0pranon parregullsin\u00eb , n\u00eb 2 vendvotime e jo n\u00eb 4 vend votime&#8230;?!<\/strong><\/li>\n<li><strong>Edhe Forca pranon parregullsin\u00eb\u00a0 n\u00eb dy- \u00a0por jo n\u00eb 4 vendvotime edhe pse m\u00eb par\u00eb\u00a0 i kishin \u00a0pranuar \u00a0zgjedhjet \u00a0si t\u00eb rregullta?! Si duket iniciativa e p\u00ebrs\u00ebritjes doli nga DPS \u00a0edhe pse i rrinte pas PD dhe qe pse:<\/strong><\/li>\n<li><strong>N\u00eb dy vendvotimet\u00a0 q\u00eb \u00a0nuk pranohej zgjedhja- votuesit ishin t\u00eb DPS-it- Shtoj dhe Bratic\u00eb, kurse n\u00eb dy tjer\u00ebt q\u00eb k\u00ebrkonte PD, votuesit mund t\u00eb ishin potencial\u00eb\u00a0 t\u00eb Hajdinag\u00ebs- Kryth\u00eb e Kat\u00ebrkoll\u00eb&#8230;, por kjo u la \u00e7\u00ebshtje e hapur&#8230;?!!<\/strong><\/li>\n<li><strong>Kjo \u00a0duhet t\u00eb jet\u00eb k\u00ebshtu, ngase \u00a0DPS, nuk e kish t\u00eb siguruar \u00a0n\u00eb k\u00ebt\u00eb moment, \u00a0t\u00eb 36- deputet &#8211; Pra\u00a0 i binte q\u00eb Niman Begu \u2013 t\u00eb kish shum\u00eb pesh\u00eb si i 41-ti deputet n\u00eb qeverin\u00eb e re..?!! Tashti \u00ebsht\u00eb i 42 , e po t\u00eb fitonte edhe Hajdinaga\u00a0 do t\u00eb ishte i 43..?!!<\/strong><\/li>\n<li><strong>Forca ankohet n\u00eb komisionin zgjedhor republikan pasi kish votuar kund\u00ebr PD-s\u00eb n\u00eb Ulqin.<\/strong><\/li>\n<li><strong>Komisioni shtet\u00ebror\u00a0 i zgjedhjeve n\u00eb k\u00ebrkes\u00eb\u00a0 t\u00eb Forc\u00ebs , p\u00ebr tu ikur problemeve , detyrohet t\u00eb hedh\u00eb posht\u00eb\u00a0 k\u00ebrkes\u00ebn reale t\u00eb PD-s\u00eb.<\/strong><\/li>\n<li><strong>PD , vendos t\u00eb ankohet p\u00ebr pa rregullsi &#8211; gjykat\u00ebs kushtetuese\u00a0 dhe dor\u00ebzon ankes\u00ebn\u00a0 e cila me ligj\u00a0\u00a0 i takon t\u00eb ndaj\u00a0\u00a0 mejdanin e komisioneve &#8211; pro Hajdinag\u00ebs\u00a0 apo kund\u00ebr&#8230;?!<\/strong><\/li>\n<li><strong><u>Mbr\u00ebm\u00eb mblidhet \u00a0komisioni \u00a0republikan\u00a0 p\u00ebr t\u00eb shpall\u00eb rezultatin valid \u00a0p\u00ebrfundimtar\u00eb \u00a0t\u00eb zgjedhjeve , t\u00eb cilat duhen apo nuk duhen pranuar si t\u00eb rregullta..?!!\u00a0\u00a0 Si duket\u00a0 edhe an\u00ebtari i PD-s\u00eb, harron dhe pranon rregullsin\u00eb.?!<\/u><\/strong><\/li>\n<li><strong>Dhe tjet\u00ebr , \u00e7udia vazhdon ?! \u00a0Deri m\u00eb sot, shohim se- PD, nuk lajm\u00ebron opinionin \u00a0p\u00ebr fatin e padis\u00eb s\u00eb vet t\u00eb deponuar n\u00eb gjykat\u00ebn kushtetuese \u2013 n\u00eb kuptimin , n\u00eb se e t\u00ebrhoqi at\u00eb , apo \u00a0\u00a0gjykata \u00a0e hodhi posht\u00eb ankes\u00ebn e tyre \u00a0p\u00ebr p\u00ebrs\u00ebritje\u00a0 t\u00eb\u00a0 zgjedhjeve &#8230;?!<\/strong><\/li>\n<li><strong>Kurse p\u00ebr \u00a0fund t\u00eb te gjith\u00eb k\u00ebsaj, del q\u00eb \u00a0PD- pranon t\u00eb humb\u00eb deputetin &#8230;?! E \u00a0\u00e7far\u00eb do fitoj\u00eb\u00a0 ose nuk do fitoj\u00eb (si hejdije p\u00ebr k\u00ebt\u00eb pun\u00eb) , pak ose aspak\u00a0 ka r\u00ebnd\u00ebsi\u00a0 dhe \u00a0mbetet\u00a0\u00a0 t\u00eb shihet nes\u00ebr ..?! <\/strong><\/li>\n<\/ul>\n<p>Bisedat\u00a0 tjera\u00a0 \u00a0q\u00eb enden n\u00ebp\u00ebr \u00a0shtyp- t\u00eb asaj se si votoj X apo Y siloni, \u00a0gjithashtu\u00a0 jan\u00eb m\u00eb tep\u00ebr sensacione gazetash\u00a0 se sa t\u00eb \u00a0r\u00ebnd\u00ebsishme&#8230;?!<\/p>\n<p>&nbsp;<\/p>\n<p><em>Ve\u00e7 se p\u00ebr fund &#8211; <\/em>Nj\u00eb leksion\u00a0 kriminalistik p\u00ebr gjith\u00eb k\u00ebt\u00eb q\u00eb thuhet rreth autorizimeve t\u00eb\u00a0 Nikoll\u00ebs&#8230;?!<\/p>\n<p>&nbsp;<\/p>\n<p>Sipas\u00a0 specialist\u00ebve\u00a0 t\u00eb kriminalistik\u00ebs\u00a0 thuhet se njeriu \u00a0sa do\u00a0 q\u00eb t\u00eb jet\u00eb\u00a0 i specializuar\u00a0 p\u00ebr \u00a0falsifikim t\u00eb n\u00ebnshkrimit\u00a0 t\u00eb dikujt\u00a0 &#8211; ai e ka t\u00eb pa mundur\u00a0 q\u00eb t\u00eb mos \u00a0e p\u00ebrs\u00ebris\u00eb dor\u00ebshkrimin e vet- n\u00eb t\u00eb 12 her\u00eb&#8230;.?!! ]<\/p>\n<p>N\u00ebse nuk \u201c pritoni\u00a0 k\u00ebt\u00eb\u00a0 mund ta d\u00ebshmoni edhe vet po\u00a0 t\u2019i \u00a0num\u00ebroni germat..?!!<\/p>\n<p><a href=\"http:\/\/www.visit-ulcinj.com\/blog\/wp-content\/uploads\/2016\/10\/DOKUMENT-I-ZGJEDHJEVE-KQZ.jpg\"><img loading=\"lazy\" class=\"alignleft wp-image-100667\" src=\"http:\/\/www.visit-ulcinj.com\/blog\/wp-content\/uploads\/2016\/10\/DOKUMENT-I-ZGJEDHJEVE-KQZ.jpg\" alt=\"DOKUMENT I ZGJEDHJEVE-KQZ\" width=\"508\" height=\"508\" srcset=\"https:\/\/www.visit-ulcinj.com\/blog\/wp-content\/uploads\/2016\/10\/DOKUMENT-I-ZGJEDHJEVE-KQZ.jpg 623w, https:\/\/www.visit-ulcinj.com\/blog\/wp-content\/uploads\/2016\/10\/DOKUMENT-I-ZGJEDHJEVE-KQZ-150x150.jpg 150w, https:\/\/www.visit-ulcinj.com\/blog\/wp-content\/uploads\/2016\/10\/DOKUMENT-I-ZGJEDHJEVE-KQZ-300x300.jpg 300w\" sizes=\"(max-width: 508px) 100vw, 508px\" \/><\/a><\/p>\n<p>Sa p\u00ebr Hajdinag\u00ebn , ngush\u00ebllimet e mija, sepse edhe vet\u00eb dikur n\u00eb 98 , kur fitova mandatin si deputet, ma shiti Bardhi( past sh\u00ebndet.) ?!, sepse pasi festova \u00a0\u201c demek mandatin\u201d dhe\u201d qita me pi nja dy dit&#8230;n\u00eb kat\u00ebrkoll\u00eb..\u201d, doli q\u00eb nuk kisha fituar ?! E \u00a0n\u00eb duart e an\u00ebtarit t\u00eb komisionit zgjedhor t\u00eb at\u00ebhersh\u00ebm t\u00eb Lidhjes, pash t\u00eb kishte dy proces verbale rezultatesh &#8230;, \u00a0\u00a0t\u00eb n\u00ebnshkruara nga t\u00eb gjith\u00eb an\u00ebtar\u00ebt e KQZ-s\u00eb, me n\u00eb krye an\u00ebtarin e Lidhjes, ku sipas nj\u00ebrit- un\u00eb isha deputeti i dyt\u00eb i lidhjes, e sipas tjetrit\u00a0 nuk isha..?!!<\/p>\n","protected":false},"excerpt":{"rendered":"<p>Shkruan Muhamet Nika ZGJEDHJET 2016- \u00a0UN\u00cb \u00a0NUK \u00a0PO E MARR \u00a0VESH : POLLI\u00a0 APO NUK\u00a0 POLLI\u00a0 MUSHKA&#8230;?!!! E SIKUR TA DINTE\u00a0 BILE\u00a0 T\u00cb PAKT\u00cbN\u00a0\u00a0 ..?! \u00cbsht\u00eb\u00a0 e v\u00ebrtet\u00eb\u00a0\u00a0 q\u00eb \u00a0kam th\u00ebn\u00eb dhe them se ligji zgjedhor aktual , p\u00ebr dallim prej t\u00eb parit, i cili i jepte mund\u00ebsin\u00eb DPS-it t\u00eb \u201c Vjedh\u00eb her\u00eb nj\u00eb e [&hellip;]<\/p>\n","protected":false},"author":1,"featured_media":0,"comment_status":"closed","ping_status":"closed","sticky":false,"template":"","format":"standard","meta":{"spay_email":"","jetpack_publicize_message":"","jetpack_is_tweetstorm":false,"jetpack_publicize_feature_enabled":true},"categories":[1,6],"tags":[],"jetpack_publicize_connections":[],"yoast_head":"<!-- This site is optimized with the Yoast SEO plugin v19.1 - https:\/\/yoast.com\/wordpress\/plugins\/seo\/ -->\n<title>Nika: Zgjedhjet n\u00eb Ulqin: Luft\u00eb p\u00ebr nj\u00eb vot\u00eb, Ja pse humbi Koalicioni Shqiptar &quot;Me nj\u00eb Q\u00ebllim&quot; - Lajme nga Ulqini<\/title>\n<meta name=\"description\" content=\"Shkruan Muhamet Nika ZGJEDHJET 2016- \u00a0UN\u00cb \u00a0NUK \u00a0PO E MARR \u00a0VESH : POLLI\u00a0 APO NUK\u00a0 POLLI\u00a0 MUSHKA...?!!! E SIKUR TA DINTE\u00a0 BILE\u00a0 T\u00cb PAKT\u00cbN\u00a0\u00a0 ..?! \u00cbsht\u00eb\u00a0 e\" \/>\n<meta name=\"robots\" content=\"index, follow, max-snippet:-1, max-image-preview:large, max-video-preview:-1\" \/>\n<link rel=\"canonical\" href=\"https:\/\/www.visit-ulcinj.com\/blog\/2016\/10\/31\/nika-zgjedhjet-ne-ulqin-lufte-per-nje-vote-ja-pse-e-humbi-koalicioni-shqiptar-nje-qellim\/\" \/>\n<meta property=\"og:locale\" content=\"en_US\" \/>\n<meta property=\"og:type\" content=\"article\" \/>\n<meta property=\"og:title\" content=\"Nika: Zgjedhjet n\u00eb Ulqin: Luft\u00eb p\u00ebr nj\u00eb vot\u00eb, Ja pse humbi Koalicioni Shqiptar &quot;Me nj\u00eb Q\u00ebllim&quot; - Lajme nga Ulqini\" \/>\n<meta property=\"og:description\" content=\"Shkruan Muhamet Nika ZGJEDHJET 2016- \u00a0UN\u00cb \u00a0NUK \u00a0PO E MARR \u00a0VESH : POLLI\u00a0 APO NUK\u00a0 POLLI\u00a0 MUSHKA...?!!! E SIKUR TA DINTE\u00a0 BILE\u00a0 T\u00cb PAKT\u00cbN\u00a0\u00a0 ..?! \u00cbsht\u00eb\u00a0 e\" \/>\n<meta property=\"og:url\" content=\"https:\/\/www.visit-ulcinj.com\/blog\/2016\/10\/31\/nika-zgjedhjet-ne-ulqin-lufte-per-nje-vote-ja-pse-e-humbi-koalicioni-shqiptar-nje-qellim\/\" \/>\n<meta property=\"og:site_name\" content=\"Lajme nga Ulqini\" \/>\n<meta property=\"article:published_time\" content=\"2016-10-31T15:20:32+00:00\" \/>\n<meta property=\"article:modified_time\" content=\"2016-11-01T15:17:14+00:00\" \/>\n<meta property=\"og:image\" content=\"http:\/\/www.visit-ulcinj.com\/blog\/wp-content\/uploads\/2016\/10\/DOKUMENT-I-ZGJEDHJEVE-KQZ.jpg\" \/>\n<meta name=\"twitter:label1\" content=\"Written by\" \/>\n\t<meta name=\"twitter:data1\" content=\"ulqini\" \/>\n\t<meta name=\"twitter:label2\" content=\"Est. reading time\" \/>\n\t<meta name=\"twitter:data2\" content=\"4 minutes\" \/>\n<script type=\"application\/ld+json\" class=\"yoast-schema-graph\">{\"@context\":\"https:\/\/schema.org\",\"@graph\":[{\"@type\":\"WebSite\",\"@id\":\"https:\/\/www.visit-ulcinj.com\/blog\/#website\",\"url\":\"https:\/\/www.visit-ulcinj.com\/blog\/\",\"name\":\"Lajme nga Ulqini\",\"description\":\"Lajme,Vijesti,Ulqini,Ulqin,Crna Gora,Mali i Zi\",\"potentialAction\":[{\"@type\":\"SearchAction\",\"target\":{\"@type\":\"EntryPoint\",\"urlTemplate\":\"https:\/\/www.visit-ulcinj.com\/blog\/?s={search_term_string}\"},\"query-input\":\"required name=search_term_string\"}],\"inLanguage\":\"en-US\"},{\"@type\":\"ImageObject\",\"inLanguage\":\"en-US\",\"@id\":\"https:\/\/www.visit-ulcinj.com\/blog\/2016\/10\/31\/nika-zgjedhjet-ne-ulqin-lufte-per-nje-vote-ja-pse-e-humbi-koalicioni-shqiptar-nje-qellim\/#primaryimage\",\"url\":\"https:\/\/www.visit-ulcinj.com\/blog\/wp-content\/uploads\/2016\/10\/DOKUMENT-I-ZGJEDHJEVE-KQZ.jpg\",\"contentUrl\":\"https:\/\/www.visit-ulcinj.com\/blog\/wp-content\/uploads\/2016\/10\/DOKUMENT-I-ZGJEDHJEVE-KQZ.jpg\",\"width\":623,\"height\":623},{\"@type\":\"WebPage\",\"@id\":\"https:\/\/www.visit-ulcinj.com\/blog\/2016\/10\/31\/nika-zgjedhjet-ne-ulqin-lufte-per-nje-vote-ja-pse-e-humbi-koalicioni-shqiptar-nje-qellim\/#webpage\",\"url\":\"https:\/\/www.visit-ulcinj.com\/blog\/2016\/10\/31\/nika-zgjedhjet-ne-ulqin-lufte-per-nje-vote-ja-pse-e-humbi-koalicioni-shqiptar-nje-qellim\/\",\"name\":\"Nika: Zgjedhjet n\u00eb Ulqin: Luft\u00eb p\u00ebr nj\u00eb vot\u00eb, Ja pse humbi Koalicioni Shqiptar \\\"Me nj\u00eb Q\u00ebllim\\\" - Lajme nga Ulqini\",\"isPartOf\":{\"@id\":\"https:\/\/www.visit-ulcinj.com\/blog\/#website\"},\"primaryImageOfPage\":{\"@id\":\"https:\/\/www.visit-ulcinj.com\/blog\/2016\/10\/31\/nika-zgjedhjet-ne-ulqin-lufte-per-nje-vote-ja-pse-e-humbi-koalicioni-shqiptar-nje-qellim\/#primaryimage\"},\"datePublished\":\"2016-10-31T15:20:32+00:00\",\"dateModified\":\"2016-11-01T15:17:14+00:00\",\"author\":{\"@id\":\"https:\/\/www.visit-ulcinj.com\/blog\/#\/schema\/person\/dcab619c614d3038751c63bc2aadc06d\"},\"description\":\"Shkruan Muhamet Nika ZGJEDHJET 2016- \u00a0UN\u00cb \u00a0NUK \u00a0PO E MARR \u00a0VESH : POLLI\u00a0 APO NUK\u00a0 POLLI\u00a0 MUSHKA...?!!! E SIKUR TA DINTE\u00a0 BILE\u00a0 T\u00cb PAKT\u00cbN\u00a0\u00a0 ..?! \u00cbsht\u00eb\u00a0 e\",\"breadcrumb\":{\"@id\":\"https:\/\/www.visit-ulcinj.com\/blog\/2016\/10\/31\/nika-zgjedhjet-ne-ulqin-lufte-per-nje-vote-ja-pse-e-humbi-koalicioni-shqiptar-nje-qellim\/#breadcrumb\"},\"inLanguage\":\"en-US\",\"potentialAction\":[{\"@type\":\"ReadAction\",\"target\":[\"https:\/\/www.visit-ulcinj.com\/blog\/2016\/10\/31\/nika-zgjedhjet-ne-ulqin-lufte-per-nje-vote-ja-pse-e-humbi-koalicioni-shqiptar-nje-qellim\/\"]}]},{\"@type\":\"BreadcrumbList\",\"@id\":\"https:\/\/www.visit-ulcinj.com\/blog\/2016\/10\/31\/nika-zgjedhjet-ne-ulqin-lufte-per-nje-vote-ja-pse-e-humbi-koalicioni-shqiptar-nje-qellim\/#breadcrumb\",\"itemListElement\":[{\"@type\":\"ListItem\",\"position\":1,\"name\":\"Nika: Zgjedhjet n\u00eb Ulqin: Luft\u00eb p\u00ebr nj\u00eb vot\u00eb, Ja pse humbi Koalicioni Shqiptar &#8220;Me nj\u00eb Q\u00ebllim&#8221;\"}]},{\"@type\":\"Person\",\"@id\":\"https:\/\/www.visit-ulcinj.com\/blog\/#\/schema\/person\/dcab619c614d3038751c63bc2aadc06d\",\"name\":\"ulqini\",\"sameAs\":[\"http:\/\/www.visit-ulcinj.com\"],\"url\":\"https:\/\/www.visit-ulcinj.com\/blog\/author\/admin\/\"}]}<\/script>\n<!-- \/ Yoast SEO plugin. -->","yoast_head_json":{"title":"Nika: Zgjedhjet n\u00eb Ulqin: Luft\u00eb p\u00ebr nj\u00eb vot\u00eb, Ja pse humbi Koalicioni Shqiptar \"Me nj\u00eb Q\u00ebllim\" - Lajme nga Ulqini","description":"Shkruan Muhamet Nika ZGJEDHJET 2016- \u00a0UN\u00cb \u00a0NUK \u00a0PO E MARR \u00a0VESH : POLLI\u00a0 APO NUK\u00a0 POLLI\u00a0 MUSHKA...?!!! E SIKUR TA DINTE\u00a0 BILE\u00a0 T\u00cb PAKT\u00cbN\u00a0\u00a0 ..?! \u00cbsht\u00eb\u00a0 e","robots":{"index":"index","follow":"follow","max-snippet":"max-snippet:-1","max-image-preview":"max-image-preview:large","max-video-preview":"max-video-preview:-1"},"canonical":"https:\/\/www.visit-ulcinj.com\/blog\/2016\/10\/31\/nika-zgjedhjet-ne-ulqin-lufte-per-nje-vote-ja-pse-e-humbi-koalicioni-shqiptar-nje-qellim\/","og_locale":"en_US","og_type":"article","og_title":"Nika: Zgjedhjet n\u00eb Ulqin: Luft\u00eb p\u00ebr nj\u00eb vot\u00eb, Ja pse humbi Koalicioni Shqiptar \"Me nj\u00eb Q\u00ebllim\" - Lajme nga Ulqini","og_description":"Shkruan Muhamet Nika ZGJEDHJET 2016- \u00a0UN\u00cb \u00a0NUK \u00a0PO E MARR \u00a0VESH : POLLI\u00a0 APO NUK\u00a0 POLLI\u00a0 MUSHKA...?!!! E SIKUR TA DINTE\u00a0 BILE\u00a0 T\u00cb PAKT\u00cbN\u00a0\u00a0 ..?! \u00cbsht\u00eb\u00a0 e","og_url":"https:\/\/www.visit-ulcinj.com\/blog\/2016\/10\/31\/nika-zgjedhjet-ne-ulqin-lufte-per-nje-vote-ja-pse-e-humbi-koalicioni-shqiptar-nje-qellim\/","og_site_name":"Lajme nga Ulqini","article_published_time":"2016-10-31T15:20:32+00:00","article_modified_time":"2016-11-01T15:17:14+00:00","og_image":[{"url":"http:\/\/www.visit-ulcinj.com\/blog\/wp-content\/uploads\/2016\/10\/DOKUMENT-I-ZGJEDHJEVE-KQZ.jpg"}],"twitter_misc":{"Written by":"ulqini","Est. reading time":"4 minutes"},"schema":{"@context":"https:\/\/schema.org","@graph":[{"@type":"WebSite","@id":"https:\/\/www.visit-ulcinj.com\/blog\/#website","url":"https:\/\/www.visit-ulcinj.com\/blog\/","name":"Lajme nga Ulqini","description":"Lajme,Vijesti,Ulqini,Ulqin,Crna Gora,Mali i Zi","potentialAction":[{"@type":"SearchAction","target":{"@type":"EntryPoint","urlTemplate":"https:\/\/www.visit-ulcinj.com\/blog\/?s={search_term_string}"},"query-input":"required name=search_term_string"}],"inLanguage":"en-US"},{"@type":"ImageObject","inLanguage":"en-US","@id":"https:\/\/www.visit-ulcinj.com\/blog\/2016\/10\/31\/nika-zgjedhjet-ne-ulqin-lufte-per-nje-vote-ja-pse-e-humbi-koalicioni-shqiptar-nje-qellim\/#primaryimage","url":"https:\/\/www.visit-ulcinj.com\/blog\/wp-content\/uploads\/2016\/10\/DOKUMENT-I-ZGJEDHJEVE-KQZ.jpg","contentUrl":"https:\/\/www.visit-ulcinj.com\/blog\/wp-content\/uploads\/2016\/10\/DOKUMENT-I-ZGJEDHJEVE-KQZ.jpg","width":623,"height":623},{"@type":"WebPage","@id":"https:\/\/www.visit-ulcinj.com\/blog\/2016\/10\/31\/nika-zgjedhjet-ne-ulqin-lufte-per-nje-vote-ja-pse-e-humbi-koalicioni-shqiptar-nje-qellim\/#webpage","url":"https:\/\/www.visit-ulcinj.com\/blog\/2016\/10\/31\/nika-zgjedhjet-ne-ulqin-lufte-per-nje-vote-ja-pse-e-humbi-koalicioni-shqiptar-nje-qellim\/","name":"Nika: Zgjedhjet n\u00eb Ulqin: Luft\u00eb p\u00ebr nj\u00eb vot\u00eb, Ja pse humbi Koalicioni Shqiptar \"Me nj\u00eb Q\u00ebllim\" - Lajme nga Ulqini","isPartOf":{"@id":"https:\/\/www.visit-ulcinj.com\/blog\/#website"},"primaryImageOfPage":{"@id":"https:\/\/www.visit-ulcinj.com\/blog\/2016\/10\/31\/nika-zgjedhjet-ne-ulqin-lufte-per-nje-vote-ja-pse-e-humbi-koalicioni-shqiptar-nje-qellim\/#primaryimage"},"datePublished":"2016-10-31T15:20:32+00:00","dateModified":"2016-11-01T15:17:14+00:00","author":{"@id":"https:\/\/www.visit-ulcinj.com\/blog\/#\/schema\/person\/dcab619c614d3038751c63bc2aadc06d"},"description":"Shkruan Muhamet Nika ZGJEDHJET 2016- \u00a0UN\u00cb \u00a0NUK \u00a0PO E MARR \u00a0VESH : POLLI\u00a0 APO NUK\u00a0 POLLI\u00a0 MUSHKA...?!!! E SIKUR TA DINTE\u00a0 BILE\u00a0 T\u00cb PAKT\u00cbN\u00a0\u00a0 ..?! \u00cbsht\u00eb\u00a0 e","breadcrumb":{"@id":"https:\/\/www.visit-ulcinj.com\/blog\/2016\/10\/31\/nika-zgjedhjet-ne-ulqin-lufte-per-nje-vote-ja-pse-e-humbi-koalicioni-shqiptar-nje-qellim\/#breadcrumb"},"inLanguage":"en-US","potentialAction":[{"@type":"ReadAction","target":["https:\/\/www.visit-ulcinj.com\/blog\/2016\/10\/31\/nika-zgjedhjet-ne-ulqin-lufte-per-nje-vote-ja-pse-e-humbi-koalicioni-shqiptar-nje-qellim\/"]}]},{"@type":"BreadcrumbList","@id":"https:\/\/www.visit-ulcinj.com\/blog\/2016\/10\/31\/nika-zgjedhjet-ne-ulqin-lufte-per-nje-vote-ja-pse-e-humbi-koalicioni-shqiptar-nje-qellim\/#breadcrumb","itemListElement":[{"@type":"ListItem","position":1,"name":"Nika: Zgjedhjet n\u00eb Ulqin: Luft\u00eb p\u00ebr nj\u00eb vot\u00eb, Ja pse humbi Koalicioni Shqiptar &#8220;Me nj\u00eb Q\u00ebllim&#8221;"}]},{"@type":"Person","@id":"https:\/\/www.visit-ulcinj.com\/blog\/#\/schema\/person\/dcab619c614d3038751c63bc2aadc06d","name":"ulqini","sameAs":["http:\/\/www.visit-ulcinj.com"],"url":"https:\/\/www.visit-ulcinj.com\/blog\/author\/admin\/"}]}},"jetpack_featured_media_url":"","jetpack_sharing_enabled":true,"jetpack_shortlink":"https:\/\/wp.me\/pe6lTn-qbE","_links":{"self":[{"href":"https:\/\/www.visit-ulcinj.com\/blog\/wp-json\/wp\/v2\/posts\/100666"}],"collection":[{"href":"https:\/\/www.visit-ulcinj.com\/blog\/wp-json\/wp\/v2\/posts"}],"about":[{"href":"https:\/\/www.visit-ulcinj.com\/blog\/wp-json\/wp\/v2\/types\/post"}],"author":[{"embeddable":true,"href":"https:\/\/www.visit-ulcinj.com\/blog\/wp-json\/wp\/v2\/users\/1"}],"replies":[{"embeddable":true,"href":"https:\/\/www.visit-ulcinj.com\/blog\/wp-json\/wp\/v2\/comments?post=100666"}],"version-history":[{"count":3,"href":"https:\/\/www.visit-ulcinj.com\/blog\/wp-json\/wp\/v2\/posts\/100666\/revisions"}],"predecessor-version":[{"id":100713,"href":"https:\/\/www.visit-ulcinj.com\/blog\/wp-json\/wp\/v2\/posts\/100666\/revisions\/100713"}],"wp:attachment":[{"href":"https:\/\/www.visit-ulcinj.com\/blog\/wp-json\/wp\/v2\/media?parent=100666"}],"wp:term":[{"taxonomy":"category","embeddable":true,"href":"https:\/\/www.visit-ulcinj.com\/blog\/wp-json\/wp\/v2\/categories?post=100666"},{"taxonomy":"post_tag","embeddable":true,"href":"https:\/\/www.visit-ulcinj.com\/blog\/wp-json\/wp\/v2\/tags?post=100666"}],"curies":[{"name":"wp","href":"https:\/\/api.w.org\/{rel}","templated":true}]}}