{"id":100695,"date":"2016-10-31T18:55:00","date_gmt":"2016-10-31T17:55:00","guid":{"rendered":"http:\/\/www.visit-ulcinj.com\/blog\/?p=100695"},"modified":"2016-10-31T18:55:00","modified_gmt":"2016-10-31T17:55:00","slug":"predstavnici-ambasade-kine-posjetili-ulcinjsku-solanu","status":"publish","type":"post","link":"https:\/\/www.visit-ulcinj.com\/blog\/2016\/10\/31\/predstavnici-ambasade-kine-posjetili-ulcinjsku-solanu\/","title":{"rendered":"Predstavnici Ambasade Kine, posjetili ulcinjsku Solanu"},"content":{"rendered":"<p><strong><a href=\"http:\/\/www.visit-ulcinj.com\/blog\/wp-content\/uploads\/2016\/10\/Predstavnici-Ambasade-Kine-Ulcinjskoj-Solani.jpg\"><img loading=\"lazy\" class=\"alignleft wp-image-100696\" src=\"http:\/\/www.visit-ulcinj.com\/blog\/wp-content\/uploads\/2016\/10\/Predstavnici-Ambasade-Kine-Ulcinjskoj-Solani.jpg\" alt=\"Predstavnici Ambasade Kine-Ulcinjskoj Solani\" width=\"508\" height=\"372\" srcset=\"https:\/\/www.visit-ulcinj.com\/blog\/wp-content\/uploads\/2016\/10\/Predstavnici-Ambasade-Kine-Ulcinjskoj-Solani.jpg 640w, https:\/\/www.visit-ulcinj.com\/blog\/wp-content\/uploads\/2016\/10\/Predstavnici-Ambasade-Kine-Ulcinjskoj-Solani-300x220.jpg 300w\" sizes=\"(max-width: 508px) 100vw, 508px\" \/><\/a>Predstavnici Ambasade Kine, nakon \u0161to su donirali opremu Nacionalnim parkovima koja \u0107e biti kori\u0161\u0107ena za za\u0161titu prostora na\u0161ih parkova, iskazali su \u017eelju da posjete jedno od podru\u010dja na kojima \u0107e se ova oprema primjenjivati, posebno se interesuju\u0107i za biodiverzitet Ulcinjske solane. Tim povodom, predstavnici NPCG su ugostili zaposlene u Ambasadi Kine koji su, sa porodicama, u subotu posjetili solanu. <\/strong><\/p>\n<p>Direktorica Nacionalnih parkova Azra Vukovi\u0107 je prezentovala aktivnosti koje Nacionalni parkovi sprovode na ovom prostoru kao zakupci ulcinjske Solane ve\u0107 drugu godinu zaredom.<\/p>\n<div class=\"td-g-rec td-g-rec-id-content_inlineright \"><\/div>\n<p>Predstavnike Ambasade je posebno interesovao biodiverzitet, sa posebnim naglaskom na ptice Solane, o \u010demu im je vi\u0161e informacija dala ornitolog NPCG Nela Ve\u0161ovi\u0107 Dubak.<\/p>\n<p>U toku posjete, predstavnici NPCG i kineske Ambasade su razgovarali o daljoj saradnji i podr\u0161ci koju ova ambasada mo\u017ee pru\u017eiti Nacionalnim parkovima u smislu razmjene iskustava, ali i drugih vidova podr\u0161ke.<\/p>\n<p><strong>Izvor: Radio Televizija Crne Gore<\/strong><\/p>\n","protected":false},"excerpt":{"rendered":"<p>Predstavnici Ambasade Kine, nakon \u0161to su donirali opremu Nacionalnim parkovima koja \u0107e biti kori\u0161\u0107ena za za\u0161titu prostora na\u0161ih parkova, iskazali su \u017eelju da posjete jedno od podru\u010dja na kojima \u0107e se ova oprema primjenjivati, posebno se interesuju\u0107i za biodiverzitet Ulcinjske solane. Tim povodom, predstavnici NPCG su ugostili zaposlene u Ambasadi Kine koji su, sa porodicama, [&hellip;]<\/p>\n","protected":false},"author":1,"featured_media":0,"comment_status":"closed","ping_status":"closed","sticky":false,"template":"","format":"standard","meta":{"spay_email":"","jetpack_publicize_message":"","jetpack_is_tweetstorm":false,"jetpack_publicize_feature_enabled":true},"categories":[6950],"tags":[],"jetpack_publicize_connections":[],"yoast_head":"<!-- This site is optimized with the Yoast SEO plugin v19.1 - https:\/\/yoast.com\/wordpress\/plugins\/seo\/ -->\n<title>Predstavnici Ambasade Kine, posjetili ulcinjsku Solanu - Lajme nga Ulqini<\/title>\n<meta name=\"description\" content=\"Predstavnici Ambasade Kine, nakon \u0161to su donirali opremu Nacionalnim parkovima koja \u0107e biti kori\u0161\u0107ena za za\u0161titu prostora na\u0161ih parkova, iskazali su \u017eelju\" \/>\n<meta name=\"robots\" content=\"index, follow, max-snippet:-1, max-image-preview:large, max-video-preview:-1\" \/>\n<link rel=\"canonical\" href=\"https:\/\/www.visit-ulcinj.com\/blog\/2016\/10\/31\/predstavnici-ambasade-kine-posjetili-ulcinjsku-solanu\/\" \/>\n<meta property=\"og:locale\" content=\"en_US\" \/>\n<meta property=\"og:type\" content=\"article\" \/>\n<meta property=\"og:title\" content=\"Predstavnici Ambasade Kine, posjetili ulcinjsku Solanu - Lajme nga Ulqini\" \/>\n<meta property=\"og:description\" content=\"Predstavnici Ambasade Kine, nakon \u0161to su donirali opremu Nacionalnim parkovima koja \u0107e biti kori\u0161\u0107ena za za\u0161titu prostora na\u0161ih parkova, iskazali su \u017eelju\" \/>\n<meta property=\"og:url\" content=\"https:\/\/www.visit-ulcinj.com\/blog\/2016\/10\/31\/predstavnici-ambasade-kine-posjetili-ulcinjsku-solanu\/\" \/>\n<meta property=\"og:site_name\" content=\"Lajme nga Ulqini\" \/>\n<meta property=\"article:published_time\" content=\"2016-10-31T17:55:00+00:00\" \/>\n<meta property=\"og:image\" content=\"http:\/\/www.visit-ulcinj.com\/blog\/wp-content\/uploads\/2016\/10\/Predstavnici-Ambasade-Kine-Ulcinjskoj-Solani.jpg\" \/>\n<meta name=\"twitter:label1\" content=\"Written by\" \/>\n\t<meta name=\"twitter:data1\" content=\"ulqini\" \/>\n\t<meta name=\"twitter:label2\" content=\"Est. reading time\" \/>\n\t<meta name=\"twitter:data2\" content=\"1 minute\" \/>\n<script type=\"application\/ld+json\" class=\"yoast-schema-graph\">{\"@context\":\"https:\/\/schema.org\",\"@graph\":[{\"@type\":\"WebSite\",\"@id\":\"https:\/\/www.visit-ulcinj.com\/blog\/#website\",\"url\":\"https:\/\/www.visit-ulcinj.com\/blog\/\",\"name\":\"Lajme nga Ulqini\",\"description\":\"Lajme,Vijesti,Ulqini,Ulqin,Crna Gora,Mali i Zi\",\"potentialAction\":[{\"@type\":\"SearchAction\",\"target\":{\"@type\":\"EntryPoint\",\"urlTemplate\":\"https:\/\/www.visit-ulcinj.com\/blog\/?s={search_term_string}\"},\"query-input\":\"required name=search_term_string\"}],\"inLanguage\":\"en-US\"},{\"@type\":\"ImageObject\",\"inLanguage\":\"en-US\",\"@id\":\"https:\/\/www.visit-ulcinj.com\/blog\/2016\/10\/31\/predstavnici-ambasade-kine-posjetili-ulcinjsku-solanu\/#primaryimage\",\"url\":\"https:\/\/www.visit-ulcinj.com\/blog\/wp-content\/uploads\/2016\/10\/Predstavnici-Ambasade-Kine-Ulcinjskoj-Solani.jpg\",\"contentUrl\":\"https:\/\/www.visit-ulcinj.com\/blog\/wp-content\/uploads\/2016\/10\/Predstavnici-Ambasade-Kine-Ulcinjskoj-Solani.jpg\",\"width\":640,\"height\":469},{\"@type\":\"WebPage\",\"@id\":\"https:\/\/www.visit-ulcinj.com\/blog\/2016\/10\/31\/predstavnici-ambasade-kine-posjetili-ulcinjsku-solanu\/#webpage\",\"url\":\"https:\/\/www.visit-ulcinj.com\/blog\/2016\/10\/31\/predstavnici-ambasade-kine-posjetili-ulcinjsku-solanu\/\",\"name\":\"Predstavnici Ambasade Kine, posjetili ulcinjsku Solanu - Lajme nga Ulqini\",\"isPartOf\":{\"@id\":\"https:\/\/www.visit-ulcinj.com\/blog\/#website\"},\"primaryImageOfPage\":{\"@id\":\"https:\/\/www.visit-ulcinj.com\/blog\/2016\/10\/31\/predstavnici-ambasade-kine-posjetili-ulcinjsku-solanu\/#primaryimage\"},\"datePublished\":\"2016-10-31T17:55:00+00:00\",\"dateModified\":\"2016-10-31T17:55:00+00:00\",\"author\":{\"@id\":\"https:\/\/www.visit-ulcinj.com\/blog\/#\/schema\/person\/dcab619c614d3038751c63bc2aadc06d\"},\"description\":\"Predstavnici Ambasade Kine, nakon \u0161to su donirali opremu Nacionalnim parkovima koja \u0107e biti kori\u0161\u0107ena za za\u0161titu prostora na\u0161ih parkova, iskazali su \u017eelju\",\"breadcrumb\":{\"@id\":\"https:\/\/www.visit-ulcinj.com\/blog\/2016\/10\/31\/predstavnici-ambasade-kine-posjetili-ulcinjsku-solanu\/#breadcrumb\"},\"inLanguage\":\"en-US\",\"potentialAction\":[{\"@type\":\"ReadAction\",\"target\":[\"https:\/\/www.visit-ulcinj.com\/blog\/2016\/10\/31\/predstavnici-ambasade-kine-posjetili-ulcinjsku-solanu\/\"]}]},{\"@type\":\"BreadcrumbList\",\"@id\":\"https:\/\/www.visit-ulcinj.com\/blog\/2016\/10\/31\/predstavnici-ambasade-kine-posjetili-ulcinjsku-solanu\/#breadcrumb\",\"itemListElement\":[{\"@type\":\"ListItem\",\"position\":1,\"name\":\"Predstavnici Ambasade Kine, posjetili ulcinjsku Solanu\"}]},{\"@type\":\"Person\",\"@id\":\"https:\/\/www.visit-ulcinj.com\/blog\/#\/schema\/person\/dcab619c614d3038751c63bc2aadc06d\",\"name\":\"ulqini\",\"sameAs\":[\"http:\/\/www.visit-ulcinj.com\"],\"url\":\"https:\/\/www.visit-ulcinj.com\/blog\/author\/admin\/\"}]}<\/script>\n<!-- \/ Yoast SEO plugin. -->","yoast_head_json":{"title":"Predstavnici Ambasade Kine, posjetili ulcinjsku Solanu - Lajme nga Ulqini","description":"Predstavnici Ambasade Kine, nakon \u0161to su donirali opremu Nacionalnim parkovima koja \u0107e biti kori\u0161\u0107ena za za\u0161titu prostora na\u0161ih parkova, iskazali su \u017eelju","robots":{"index":"index","follow":"follow","max-snippet":"max-snippet:-1","max-image-preview":"max-image-preview:large","max-video-preview":"max-video-preview:-1"},"canonical":"https:\/\/www.visit-ulcinj.com\/blog\/2016\/10\/31\/predstavnici-ambasade-kine-posjetili-ulcinjsku-solanu\/","og_locale":"en_US","og_type":"article","og_title":"Predstavnici Ambasade Kine, posjetili ulcinjsku Solanu - Lajme nga Ulqini","og_description":"Predstavnici Ambasade Kine, nakon \u0161to su donirali opremu Nacionalnim parkovima koja \u0107e biti kori\u0161\u0107ena za za\u0161titu prostora na\u0161ih parkova, iskazali su \u017eelju","og_url":"https:\/\/www.visit-ulcinj.com\/blog\/2016\/10\/31\/predstavnici-ambasade-kine-posjetili-ulcinjsku-solanu\/","og_site_name":"Lajme nga Ulqini","article_published_time":"2016-10-31T17:55:00+00:00","og_image":[{"url":"http:\/\/www.visit-ulcinj.com\/blog\/wp-content\/uploads\/2016\/10\/Predstavnici-Ambasade-Kine-Ulcinjskoj-Solani.jpg"}],"twitter_misc":{"Written by":"ulqini","Est. reading time":"1 minute"},"schema":{"@context":"https:\/\/schema.org","@graph":[{"@type":"WebSite","@id":"https:\/\/www.visit-ulcinj.com\/blog\/#website","url":"https:\/\/www.visit-ulcinj.com\/blog\/","name":"Lajme nga Ulqini","description":"Lajme,Vijesti,Ulqini,Ulqin,Crna Gora,Mali i Zi","potentialAction":[{"@type":"SearchAction","target":{"@type":"EntryPoint","urlTemplate":"https:\/\/www.visit-ulcinj.com\/blog\/?s={search_term_string}"},"query-input":"required name=search_term_string"}],"inLanguage":"en-US"},{"@type":"ImageObject","inLanguage":"en-US","@id":"https:\/\/www.visit-ulcinj.com\/blog\/2016\/10\/31\/predstavnici-ambasade-kine-posjetili-ulcinjsku-solanu\/#primaryimage","url":"https:\/\/www.visit-ulcinj.com\/blog\/wp-content\/uploads\/2016\/10\/Predstavnici-Ambasade-Kine-Ulcinjskoj-Solani.jpg","contentUrl":"https:\/\/www.visit-ulcinj.com\/blog\/wp-content\/uploads\/2016\/10\/Predstavnici-Ambasade-Kine-Ulcinjskoj-Solani.jpg","width":640,"height":469},{"@type":"WebPage","@id":"https:\/\/www.visit-ulcinj.com\/blog\/2016\/10\/31\/predstavnici-ambasade-kine-posjetili-ulcinjsku-solanu\/#webpage","url":"https:\/\/www.visit-ulcinj.com\/blog\/2016\/10\/31\/predstavnici-ambasade-kine-posjetili-ulcinjsku-solanu\/","name":"Predstavnici Ambasade Kine, posjetili ulcinjsku Solanu - Lajme nga Ulqini","isPartOf":{"@id":"https:\/\/www.visit-ulcinj.com\/blog\/#website"},"primaryImageOfPage":{"@id":"https:\/\/www.visit-ulcinj.com\/blog\/2016\/10\/31\/predstavnici-ambasade-kine-posjetili-ulcinjsku-solanu\/#primaryimage"},"datePublished":"2016-10-31T17:55:00+00:00","dateModified":"2016-10-31T17:55:00+00:00","author":{"@id":"https:\/\/www.visit-ulcinj.com\/blog\/#\/schema\/person\/dcab619c614d3038751c63bc2aadc06d"},"description":"Predstavnici Ambasade Kine, nakon \u0161to su donirali opremu Nacionalnim parkovima koja \u0107e biti kori\u0161\u0107ena za za\u0161titu prostora na\u0161ih parkova, iskazali su \u017eelju","breadcrumb":{"@id":"https:\/\/www.visit-ulcinj.com\/blog\/2016\/10\/31\/predstavnici-ambasade-kine-posjetili-ulcinjsku-solanu\/#breadcrumb"},"inLanguage":"en-US","potentialAction":[{"@type":"ReadAction","target":["https:\/\/www.visit-ulcinj.com\/blog\/2016\/10\/31\/predstavnici-ambasade-kine-posjetili-ulcinjsku-solanu\/"]}]},{"@type":"BreadcrumbList","@id":"https:\/\/www.visit-ulcinj.com\/blog\/2016\/10\/31\/predstavnici-ambasade-kine-posjetili-ulcinjsku-solanu\/#breadcrumb","itemListElement":[{"@type":"ListItem","position":1,"name":"Predstavnici Ambasade Kine, posjetili ulcinjsku Solanu"}]},{"@type":"Person","@id":"https:\/\/www.visit-ulcinj.com\/blog\/#\/schema\/person\/dcab619c614d3038751c63bc2aadc06d","name":"ulqini","sameAs":["http:\/\/www.visit-ulcinj.com"],"url":"https:\/\/www.visit-ulcinj.com\/blog\/author\/admin\/"}]}},"jetpack_featured_media_url":"","jetpack_sharing_enabled":true,"jetpack_shortlink":"https:\/\/wp.me\/pe6lTn-qc7","_links":{"self":[{"href":"https:\/\/www.visit-ulcinj.com\/blog\/wp-json\/wp\/v2\/posts\/100695"}],"collection":[{"href":"https:\/\/www.visit-ulcinj.com\/blog\/wp-json\/wp\/v2\/posts"}],"about":[{"href":"https:\/\/www.visit-ulcinj.com\/blog\/wp-json\/wp\/v2\/types\/post"}],"author":[{"embeddable":true,"href":"https:\/\/www.visit-ulcinj.com\/blog\/wp-json\/wp\/v2\/users\/1"}],"replies":[{"embeddable":true,"href":"https:\/\/www.visit-ulcinj.com\/blog\/wp-json\/wp\/v2\/comments?post=100695"}],"version-history":[{"count":1,"href":"https:\/\/www.visit-ulcinj.com\/blog\/wp-json\/wp\/v2\/posts\/100695\/revisions"}],"predecessor-version":[{"id":100697,"href":"https:\/\/www.visit-ulcinj.com\/blog\/wp-json\/wp\/v2\/posts\/100695\/revisions\/100697"}],"wp:attachment":[{"href":"https:\/\/www.visit-ulcinj.com\/blog\/wp-json\/wp\/v2\/media?parent=100695"}],"wp:term":[{"taxonomy":"category","embeddable":true,"href":"https:\/\/www.visit-ulcinj.com\/blog\/wp-json\/wp\/v2\/categories?post=100695"},{"taxonomy":"post_tag","embeddable":true,"href":"https:\/\/www.visit-ulcinj.com\/blog\/wp-json\/wp\/v2\/tags?post=100695"}],"curies":[{"name":"wp","href":"https:\/\/api.w.org\/{rel}","templated":true}]}}