{"id":100698,"date":"2016-10-31T18:59:06","date_gmt":"2016-10-31T17:59:06","guid":{"rendered":"http:\/\/www.visit-ulcinj.com\/blog\/?p=100698"},"modified":"2016-10-31T18:59:06","modified_gmt":"2016-10-31T17:59:06","slug":"hajde-da-pomognemo-porodici-buzhala-iz-ulcinja","status":"publish","type":"post","link":"https:\/\/www.visit-ulcinj.com\/blog\/2016\/10\/31\/hajde-da-pomognemo-porodici-buzhala-iz-ulcinja\/","title":{"rendered":"Hajde da pomognemo porodici Buzhala iz Ulcinja"},"content":{"rendered":"<p><strong>NVO Banka hrane apelovala je na gra\u0111ane da pomognu porodici Buzhala iz Ulcinja, koji u mraku \u017eive punih sedam godina. <\/strong><\/p>\n<p><a href=\"http:\/\/www.visit-ulcinj.com\/blog\/wp-content\/uploads\/2016\/10\/Hajde-da-pomognemo-porodici-Buzhala-iz-Ulcinja.jpg\"><img loading=\"lazy\" class=\"alignleft wp-image-100699\" src=\"http:\/\/www.visit-ulcinj.com\/blog\/wp-content\/uploads\/2016\/10\/Hajde-da-pomognemo-porodici-Buzhala-iz-Ulcinja.jpg\" alt=\"Hajde da pomognemo porodici Buzhala iz Ulcinja\" width=\"508\" height=\"572\" srcset=\"https:\/\/www.visit-ulcinj.com\/blog\/wp-content\/uploads\/2016\/10\/Hajde-da-pomognemo-porodici-Buzhala-iz-Ulcinja.jpg 640w, https:\/\/www.visit-ulcinj.com\/blog\/wp-content\/uploads\/2016\/10\/Hajde-da-pomognemo-porodici-Buzhala-iz-Ulcinja-266x300.jpg 266w\" sizes=\"(max-width: 508px) 100vw, 508px\" \/><\/a><\/p>\n<p>\u201ePorodica Buzhala \u017eivi u ulcinjskom naselju \u0160toj bez struje i vode ve\u0107 sedam godina. Nijesu u mogu\u0107nisti, zbog nema\u0161tine da plate ra\u010dune. Nemaju nikakvih redovnih prihoda\u201c, navode u saop\u0161tenju, dodaju\u0107i da su do\u0161li iz Prizrena u Crnu Goru, zamjenom ku\u0107a, nadaju\u0107i se boljem \u017eivotu.<\/p>\n<div class=\"td-g-rec td-g-rec-id-content_inlineright \"><\/div>\n<p>Dodaju da porodicu \u010dine majka Ardijana, petnaestogodi\u0161nja k\u0107erka Vesa i njeni vreme\u0161ni roditelji Jagoda i \u0110email, koji iako lo\u0161eg zdravlja, rijetko idu na preglede i ne koriste lijekove.<\/p>\n<p>Kako navode, djevoj\u010dica Vesa polovinu svog \u017eivota \u017eivi bez struje i vode.<\/p>\n<p>\u201eNe ide u \u0161kolu, ne dru\u017ei se, ne mo\u017ee da se lije\u010di, obrazuje. Da li je mogu\u0107e pomo\u0107i ovoj porodici? Od svoje osme godine, Vesa ne zna \u0161ta zna\u010di gledati televizor, koristiti vodu iz bojlera, uzeti hranu iz fri\u017eidera. Odrasta u djevojku u 21. vijeku bez osnovnih uslova za \u017eivot\u201c, pi\u0161e u saop\u0161tenju.<\/p>\n<p>Isti\u010du da vodu porodica donosi iz bunara, kuvaju kada imaju namirnica na plin ili \u0161poret na drva, dok je ku\u0107a u kojoj \u017eive zapu\u0161tena.<\/p>\n<p>\u201ePoku\u0161avaju ve\u0107 godinama da je prodaju kako bi iza\u0161li iz bezna\u0111a u kojem su se na\u0161li. Ali, \u010dim kupci vide ku\u0107u, odustanu. Za ovu porodicu je \u010ditava vje\u010dnost od kako \u017eive bez ikakvih prihoda. \u010cesto su gladni, ne kriju. Odr\u017eavaju se u \u017eivotu od jednokratne pomo\u0107i kom\u0161ija i prijatelja. Do skoro su trpjeli i \u0107utali \u2013 nijesu tra\u017eili pomo\u0107, ali postalo je neizdr\u017eljivo. Zavise od svih nas, od na\u0161e humanosti \u2013 pomozimo !<\/p>\n<p>Navode da je Ardijana ljetos \u010distila ku\u0107e, dok je trajala sezona.<\/p>\n<p>\u201eTo im je bio spas od gladi. Sada nema nikavog posla. K\u0107erka Vesa se ove godine nije upisala u \u0161kolu zbog nema\u0161tine. Tu\u017ene su zbog toga i mama i k\u0107erka. Nevolja ne dolazi nikada sama. Vesa ima i zdravstvenih problema. Ona je bubre\u017eni bolesnik, bez redovne terapije. Treba platiti svaki pregled i ljekove, a kako, od \u010dega?\u201c, pitaju se u NVO-u.<\/p>\n<p>Podsje\u0107aju da je ta porodica od 2003. u Crnoj Gori, kao i da nijesu dr\u017eavljani Crne Gore, a samim tim nemaju prava na zdravstveno osiguranje.<\/p>\n<p>\u201eNjima sve fali, imaju samo krov nad glavom. Ipak, najve\u0107i problem im sto su preko sedam godina bez struje i vode\u201c, pi\u0161u u saop\u0161tenju.<\/p>\n<p>Iz Banke hrane mole Elektroprivredu Crne Gore da nadje na\u010din i pomogne toj porodici.<\/p>\n<p>\u201eBanka hrane CG je donirala hranu i higijenska sredstva, ali to nije dovoljno. Njima pomo\u0107 u hrani treba svakodnevno\u201c, zaklju\u010duju u saop\u0161tenju i dodaju:<\/p>\n<p>\u201eDonacija garderobe je tako\u0111e po\u017eeljna. Broj obu\u0107e za curicu je 39. Majka i baka nose 38 i 40, a \u0111ed 41.\u201c<\/p>\n<p><strong>\u017d.R. za pomo\u0107 je kod CKB 510-000000104127697 na ime Ardijana Buzhala. <\/strong><\/p>\n<p>&nbsp;<\/p>\n<p><strong>Izvor: Radio Televizija Crne Gore<\/strong><\/p>\n","protected":false},"excerpt":{"rendered":"<p>NVO Banka hrane apelovala je na gra\u0111ane da pomognu porodici Buzhala iz Ulcinja, koji u mraku \u017eive punih sedam godina. \u201ePorodica Buzhala \u017eivi u ulcinjskom naselju \u0160toj bez struje i vode ve\u0107 sedam godina. Nijesu u mogu\u0107nisti, zbog nema\u0161tine da plate ra\u010dune. Nemaju nikakvih redovnih prihoda\u201c, navode u saop\u0161tenju, dodaju\u0107i da su do\u0161li iz Prizrena [&hellip;]<\/p>\n","protected":false},"author":1,"featured_media":0,"comment_status":"closed","ping_status":"closed","sticky":false,"template":"","format":"standard","meta":{"spay_email":"","jetpack_publicize_message":"","jetpack_is_tweetstorm":false,"jetpack_publicize_feature_enabled":true},"categories":[6950],"tags":[],"jetpack_publicize_connections":[],"yoast_head":"<!-- This site is optimized with the Yoast SEO plugin v19.1 - https:\/\/yoast.com\/wordpress\/plugins\/seo\/ -->\n<title>Hajde da pomognemo porodici Buzhala iz Ulcinja - Lajme nga Ulqini<\/title>\n<meta name=\"description\" content=\"NVO Banka hrane apelovala je na gra\u0111ane da pomognu porodici Buzhala iz Ulcinja, koji u mraku \u017eive punih sedam godina. \u201ePorodica Buzhala \u017eivi u ulcinjskom\" \/>\n<meta name=\"robots\" content=\"index, follow, max-snippet:-1, max-image-preview:large, max-video-preview:-1\" \/>\n<link rel=\"canonical\" href=\"https:\/\/www.visit-ulcinj.com\/blog\/2016\/10\/31\/hajde-da-pomognemo-porodici-buzhala-iz-ulcinja\/\" \/>\n<meta property=\"og:locale\" content=\"en_US\" \/>\n<meta property=\"og:type\" content=\"article\" \/>\n<meta property=\"og:title\" content=\"Hajde da pomognemo porodici Buzhala iz Ulcinja - Lajme nga Ulqini\" \/>\n<meta property=\"og:description\" content=\"NVO Banka hrane apelovala je na gra\u0111ane da pomognu porodici Buzhala iz Ulcinja, koji u mraku \u017eive punih sedam godina. \u201ePorodica Buzhala \u017eivi u ulcinjskom\" \/>\n<meta property=\"og:url\" content=\"https:\/\/www.visit-ulcinj.com\/blog\/2016\/10\/31\/hajde-da-pomognemo-porodici-buzhala-iz-ulcinja\/\" \/>\n<meta property=\"og:site_name\" content=\"Lajme nga Ulqini\" \/>\n<meta property=\"article:published_time\" content=\"2016-10-31T17:59:06+00:00\" \/>\n<meta property=\"og:image\" content=\"http:\/\/www.visit-ulcinj.com\/blog\/wp-content\/uploads\/2016\/10\/Hajde-da-pomognemo-porodici-Buzhala-iz-Ulcinja.jpg\" \/>\n<meta name=\"twitter:label1\" content=\"Written by\" \/>\n\t<meta name=\"twitter:data1\" content=\"ulqini\" \/>\n\t<meta name=\"twitter:label2\" content=\"Est. reading time\" \/>\n\t<meta name=\"twitter:data2\" content=\"2 minutes\" \/>\n<script type=\"application\/ld+json\" class=\"yoast-schema-graph\">{\"@context\":\"https:\/\/schema.org\",\"@graph\":[{\"@type\":\"WebSite\",\"@id\":\"https:\/\/www.visit-ulcinj.com\/blog\/#website\",\"url\":\"https:\/\/www.visit-ulcinj.com\/blog\/\",\"name\":\"Lajme nga Ulqini\",\"description\":\"Lajme,Vijesti,Ulqini,Ulqin,Crna Gora,Mali i Zi\",\"potentialAction\":[{\"@type\":\"SearchAction\",\"target\":{\"@type\":\"EntryPoint\",\"urlTemplate\":\"https:\/\/www.visit-ulcinj.com\/blog\/?s={search_term_string}\"},\"query-input\":\"required name=search_term_string\"}],\"inLanguage\":\"en-US\"},{\"@type\":\"ImageObject\",\"inLanguage\":\"en-US\",\"@id\":\"https:\/\/www.visit-ulcinj.com\/blog\/2016\/10\/31\/hajde-da-pomognemo-porodici-buzhala-iz-ulcinja\/#primaryimage\",\"url\":\"https:\/\/www.visit-ulcinj.com\/blog\/wp-content\/uploads\/2016\/10\/Hajde-da-pomognemo-porodici-Buzhala-iz-Ulcinja.jpg\",\"contentUrl\":\"https:\/\/www.visit-ulcinj.com\/blog\/wp-content\/uploads\/2016\/10\/Hajde-da-pomognemo-porodici-Buzhala-iz-Ulcinja.jpg\",\"width\":640,\"height\":721},{\"@type\":\"WebPage\",\"@id\":\"https:\/\/www.visit-ulcinj.com\/blog\/2016\/10\/31\/hajde-da-pomognemo-porodici-buzhala-iz-ulcinja\/#webpage\",\"url\":\"https:\/\/www.visit-ulcinj.com\/blog\/2016\/10\/31\/hajde-da-pomognemo-porodici-buzhala-iz-ulcinja\/\",\"name\":\"Hajde da pomognemo porodici Buzhala iz Ulcinja - Lajme nga Ulqini\",\"isPartOf\":{\"@id\":\"https:\/\/www.visit-ulcinj.com\/blog\/#website\"},\"primaryImageOfPage\":{\"@id\":\"https:\/\/www.visit-ulcinj.com\/blog\/2016\/10\/31\/hajde-da-pomognemo-porodici-buzhala-iz-ulcinja\/#primaryimage\"},\"datePublished\":\"2016-10-31T17:59:06+00:00\",\"dateModified\":\"2016-10-31T17:59:06+00:00\",\"author\":{\"@id\":\"https:\/\/www.visit-ulcinj.com\/blog\/#\/schema\/person\/dcab619c614d3038751c63bc2aadc06d\"},\"description\":\"NVO Banka hrane apelovala je na gra\u0111ane da pomognu porodici Buzhala iz Ulcinja, koji u mraku \u017eive punih sedam godina. \u201ePorodica Buzhala \u017eivi u ulcinjskom\",\"breadcrumb\":{\"@id\":\"https:\/\/www.visit-ulcinj.com\/blog\/2016\/10\/31\/hajde-da-pomognemo-porodici-buzhala-iz-ulcinja\/#breadcrumb\"},\"inLanguage\":\"en-US\",\"potentialAction\":[{\"@type\":\"ReadAction\",\"target\":[\"https:\/\/www.visit-ulcinj.com\/blog\/2016\/10\/31\/hajde-da-pomognemo-porodici-buzhala-iz-ulcinja\/\"]}]},{\"@type\":\"BreadcrumbList\",\"@id\":\"https:\/\/www.visit-ulcinj.com\/blog\/2016\/10\/31\/hajde-da-pomognemo-porodici-buzhala-iz-ulcinja\/#breadcrumb\",\"itemListElement\":[{\"@type\":\"ListItem\",\"position\":1,\"name\":\"Hajde da pomognemo porodici Buzhala iz Ulcinja\"}]},{\"@type\":\"Person\",\"@id\":\"https:\/\/www.visit-ulcinj.com\/blog\/#\/schema\/person\/dcab619c614d3038751c63bc2aadc06d\",\"name\":\"ulqini\",\"sameAs\":[\"http:\/\/www.visit-ulcinj.com\"],\"url\":\"https:\/\/www.visit-ulcinj.com\/blog\/author\/admin\/\"}]}<\/script>\n<!-- \/ Yoast SEO plugin. -->","yoast_head_json":{"title":"Hajde da pomognemo porodici Buzhala iz Ulcinja - Lajme nga Ulqini","description":"NVO Banka hrane apelovala je na gra\u0111ane da pomognu porodici Buzhala iz Ulcinja, koji u mraku \u017eive punih sedam godina. \u201ePorodica Buzhala \u017eivi u ulcinjskom","robots":{"index":"index","follow":"follow","max-snippet":"max-snippet:-1","max-image-preview":"max-image-preview:large","max-video-preview":"max-video-preview:-1"},"canonical":"https:\/\/www.visit-ulcinj.com\/blog\/2016\/10\/31\/hajde-da-pomognemo-porodici-buzhala-iz-ulcinja\/","og_locale":"en_US","og_type":"article","og_title":"Hajde da pomognemo porodici Buzhala iz Ulcinja - Lajme nga Ulqini","og_description":"NVO Banka hrane apelovala je na gra\u0111ane da pomognu porodici Buzhala iz Ulcinja, koji u mraku \u017eive punih sedam godina. \u201ePorodica Buzhala \u017eivi u ulcinjskom","og_url":"https:\/\/www.visit-ulcinj.com\/blog\/2016\/10\/31\/hajde-da-pomognemo-porodici-buzhala-iz-ulcinja\/","og_site_name":"Lajme nga Ulqini","article_published_time":"2016-10-31T17:59:06+00:00","og_image":[{"url":"http:\/\/www.visit-ulcinj.com\/blog\/wp-content\/uploads\/2016\/10\/Hajde-da-pomognemo-porodici-Buzhala-iz-Ulcinja.jpg"}],"twitter_misc":{"Written by":"ulqini","Est. reading time":"2 minutes"},"schema":{"@context":"https:\/\/schema.org","@graph":[{"@type":"WebSite","@id":"https:\/\/www.visit-ulcinj.com\/blog\/#website","url":"https:\/\/www.visit-ulcinj.com\/blog\/","name":"Lajme nga Ulqini","description":"Lajme,Vijesti,Ulqini,Ulqin,Crna Gora,Mali i Zi","potentialAction":[{"@type":"SearchAction","target":{"@type":"EntryPoint","urlTemplate":"https:\/\/www.visit-ulcinj.com\/blog\/?s={search_term_string}"},"query-input":"required name=search_term_string"}],"inLanguage":"en-US"},{"@type":"ImageObject","inLanguage":"en-US","@id":"https:\/\/www.visit-ulcinj.com\/blog\/2016\/10\/31\/hajde-da-pomognemo-porodici-buzhala-iz-ulcinja\/#primaryimage","url":"https:\/\/www.visit-ulcinj.com\/blog\/wp-content\/uploads\/2016\/10\/Hajde-da-pomognemo-porodici-Buzhala-iz-Ulcinja.jpg","contentUrl":"https:\/\/www.visit-ulcinj.com\/blog\/wp-content\/uploads\/2016\/10\/Hajde-da-pomognemo-porodici-Buzhala-iz-Ulcinja.jpg","width":640,"height":721},{"@type":"WebPage","@id":"https:\/\/www.visit-ulcinj.com\/blog\/2016\/10\/31\/hajde-da-pomognemo-porodici-buzhala-iz-ulcinja\/#webpage","url":"https:\/\/www.visit-ulcinj.com\/blog\/2016\/10\/31\/hajde-da-pomognemo-porodici-buzhala-iz-ulcinja\/","name":"Hajde da pomognemo porodici Buzhala iz Ulcinja - Lajme nga Ulqini","isPartOf":{"@id":"https:\/\/www.visit-ulcinj.com\/blog\/#website"},"primaryImageOfPage":{"@id":"https:\/\/www.visit-ulcinj.com\/blog\/2016\/10\/31\/hajde-da-pomognemo-porodici-buzhala-iz-ulcinja\/#primaryimage"},"datePublished":"2016-10-31T17:59:06+00:00","dateModified":"2016-10-31T17:59:06+00:00","author":{"@id":"https:\/\/www.visit-ulcinj.com\/blog\/#\/schema\/person\/dcab619c614d3038751c63bc2aadc06d"},"description":"NVO Banka hrane apelovala je na gra\u0111ane da pomognu porodici Buzhala iz Ulcinja, koji u mraku \u017eive punih sedam godina. \u201ePorodica Buzhala \u017eivi u ulcinjskom","breadcrumb":{"@id":"https:\/\/www.visit-ulcinj.com\/blog\/2016\/10\/31\/hajde-da-pomognemo-porodici-buzhala-iz-ulcinja\/#breadcrumb"},"inLanguage":"en-US","potentialAction":[{"@type":"ReadAction","target":["https:\/\/www.visit-ulcinj.com\/blog\/2016\/10\/31\/hajde-da-pomognemo-porodici-buzhala-iz-ulcinja\/"]}]},{"@type":"BreadcrumbList","@id":"https:\/\/www.visit-ulcinj.com\/blog\/2016\/10\/31\/hajde-da-pomognemo-porodici-buzhala-iz-ulcinja\/#breadcrumb","itemListElement":[{"@type":"ListItem","position":1,"name":"Hajde da pomognemo porodici Buzhala iz Ulcinja"}]},{"@type":"Person","@id":"https:\/\/www.visit-ulcinj.com\/blog\/#\/schema\/person\/dcab619c614d3038751c63bc2aadc06d","name":"ulqini","sameAs":["http:\/\/www.visit-ulcinj.com"],"url":"https:\/\/www.visit-ulcinj.com\/blog\/author\/admin\/"}]}},"jetpack_featured_media_url":"","jetpack_sharing_enabled":true,"jetpack_shortlink":"https:\/\/wp.me\/pe6lTn-qca","_links":{"self":[{"href":"https:\/\/www.visit-ulcinj.com\/blog\/wp-json\/wp\/v2\/posts\/100698"}],"collection":[{"href":"https:\/\/www.visit-ulcinj.com\/blog\/wp-json\/wp\/v2\/posts"}],"about":[{"href":"https:\/\/www.visit-ulcinj.com\/blog\/wp-json\/wp\/v2\/types\/post"}],"author":[{"embeddable":true,"href":"https:\/\/www.visit-ulcinj.com\/blog\/wp-json\/wp\/v2\/users\/1"}],"replies":[{"embeddable":true,"href":"https:\/\/www.visit-ulcinj.com\/blog\/wp-json\/wp\/v2\/comments?post=100698"}],"version-history":[{"count":1,"href":"https:\/\/www.visit-ulcinj.com\/blog\/wp-json\/wp\/v2\/posts\/100698\/revisions"}],"predecessor-version":[{"id":100700,"href":"https:\/\/www.visit-ulcinj.com\/blog\/wp-json\/wp\/v2\/posts\/100698\/revisions\/100700"}],"wp:attachment":[{"href":"https:\/\/www.visit-ulcinj.com\/blog\/wp-json\/wp\/v2\/media?parent=100698"}],"wp:term":[{"taxonomy":"category","embeddable":true,"href":"https:\/\/www.visit-ulcinj.com\/blog\/wp-json\/wp\/v2\/categories?post=100698"},{"taxonomy":"post_tag","embeddable":true,"href":"https:\/\/www.visit-ulcinj.com\/blog\/wp-json\/wp\/v2\/tags?post=100698"}],"curies":[{"name":"wp","href":"https:\/\/api.w.org\/{rel}","templated":true}]}}