{"id":1007,"date":"2008-03-22T10:55:37","date_gmt":"2008-03-22T15:55:37","guid":{"rendered":"http:\/\/www.visit-ulcinj.com\/blog\/2008\/03\/22\/u-skupstini-voljom-poslanika-vlasti-bs-i-dua-usvojen-prostorni-plan\/"},"modified":"2008-03-25T17:39:04","modified_gmt":"2008-03-25T22:39:04","slug":"u-skupstini-voljom-poslanika-vlasti-bs-i-dua-usvojen-prostorni-plan","status":"publish","type":"post","link":"https:\/\/www.visit-ulcinj.com\/blog\/2008\/03\/22\/u-skupstini-voljom-poslanika-vlasti-bs-i-dua-usvojen-prostorni-plan\/","title":{"rendered":"U skup\u0161tini voljom poslanika vlasti, BS i DUA usvojen prostorni plan"},"content":{"rendered":"<p><a href=\"http:\/\/www.visit-ulcinj.com\/blog\/wp-content\/uploads\/2008\/03\/dinosha-vujanoviq.jpg\" title=\"dinosha-vujanoviq\"><img loading=\"lazy\" src=\"http:\/\/www.visit-ulcinj.com\/blog\/wp-content\/uploads\/2008\/03\/dinosha-vujanoviq.thumbnail.jpg\" alt=\"dinosha-vujanoviq\" align=\"left\" height=\"111\" width=\"200\" \/><\/a>Glasovima Demokratske partije socijalista, Socijaldemokratske partije i poslanika Bo\u0161nja?ke stranke Kemala Puri\u0161i?a i Demokratske unije Albanaca Ferhata Dino\u0161e u crnogorskom parlamentu ju?e je usvojen Prostorni plan do 2020.godine. Protiv ovog dokumenta, uz ocjenu da je lo\u0161 i pisan po diktatu lobija, glasali su poslanici Srpske liste, Socijalisti?ke narodne partije i poslanik Demokratskog saveza Mehmet Bardhi, dok predstavnici Pokreta za promjene, NS-a i DSS-a nijesu prisustvovali glasanju. Na zahtjev opozicije, koji je saop\u0161tio poslanik SL Novak Radulovi?, glasalo se prozivkom &#8220;kako bi se vidjelo ko je podr\u017eao najtu\u017enije \u0161tivo koje je do\u0161lo u parlament posle ustava&#8221;.<br \/>\nPoslanik SL Andrija Mandi? ocijenio je da je Vlada ovakav dokument predlo\u017eila kako bi imala pokri?e pred me?unarodnom zajednicom.<a href=\"http:\/\/www.visit-ulcinj.com\/blog\/wp-content\/uploads\/2008\/03\/bardhi_dinosha.jpg\" title=\"Bardhi_Dinosha\"><img loading=\"lazy\" src=\"http:\/\/www.visit-ulcinj.com\/blog\/wp-content\/uploads\/2008\/03\/bardhi_dinosha.thumbnail.jpg\" alt=\"Bardhi_Dinosha\" align=\"right\" height=\"140\" width=\"200\" \/><\/a><br \/>\n&#8211; Poslani?ki klub SL ne?e podr\u017eati Prostorni plan jer imamo namjeru da vrlo brzo ?im smijenimo vlast izradimo novi. Parlamentarna ve?ina ?e sigurno usvojiti ovaj akt i nije prvi put da izglasaju ne\u0161to suprotno interesima gra?ana ali na nama je da to mijenjamo. Ovaj Prostorni plan je ra?en za tridesetak porodica koje upravljaju Crnom Gorom i kako bi se Vladi obezbijedio \u0161to ve?i manevarski prostor da upravljaju svim resursima &#8211; kazao je Mandi?.<br \/>\nNajavljuju?i da ni PzP ne?e podr\u017eati Prostorni plan, poslanik te partije Branko Radulovi? istakao je da se radi o bezvrijednom papiru, iza kojeg ne stoje interesi gra?ana i pamet Crne Gore, tvrde?i da je ura?en netransparentno.<br \/>\n&#8211; Niste zapazili ni seizmiku. Daleko bilo da do?e do zemljotresa, li?no ?ete odgovarati kad po?nu da se ru\u0161e zgrade po Budvi &#8211; poru?io je on ministru za ekonomski razvoj Branimiru Gvozdenovi?u.<br \/>\nMinistar je odgovorio da je prostorni plan ra?en transparentno te da je javna rasprava doprinijela da se do?e do kvalitetnijih rje\u0161enja.<br \/>\nPoslanik SNP-a Vuksan Simonovi? kazao je da Prostorni plan nije u skladu sa zakonom, i da ima puno falinki.<br \/>\n<a href=\"http:\/\/www.visit-ulcinj.com\/blog\/wp-content\/uploads\/2008\/02\/solana.jpg\" title=\"solana bajo sekulic\"><img loading=\"lazy\" src=\"http:\/\/www.visit-ulcinj.com\/blog\/wp-content\/uploads\/2008\/02\/solana.thumbnail.jpg\" alt=\"solana bajo sekulic\" align=\"left\" height=\"133\" width=\"200\" \/><\/a> &#8211; Na vje\u0161t na?in oduzimate nadle\u017enost parlamenta i \u017eelite da provu?ete ono \u0161to tra\u017ee energetski i gra?evinski lobiji. Nijesu to lobiji, to je ne\u0161to drugo \u0161to upravlja Crnom Gorom. Vi ste samo servis tih lobija &#8211; rekao je Vuksanovi?.<br \/>\nGvozdenovi? je zbog tih rije?i negodovao, poru?uju?i Vuksanovi?u da bi &#8220;mogao da ka\u017ee i ?iji je on servis&#8221;.Simonovi? je pojasnio da nije mislio personalno na ministra ve? &#8220;na re\u017eim koji je u sprezi sa mafijom koja upravlja Crnom Gorom&#8221;.<br \/>\nI Predrag Popovi? (NS)smatra da se Prostornim planom oduzimaju nadle\u017eosti Skup\u0161tini &#8220;koja se dovodi u situaciji da verifikuje \u017eelje male grupe ljudi koji upravljaju Crnom Gorom&#8221;.<br \/>\nPoslanik SNP-a Sr?an Mili? ukazao je da je Skup\u0161tina trebalo da Vladi vrati Predlog prostornog plana jer ne sadr\u017ei obrazlo\u017eenje. ?itaju?i tekst prostornog plana u kojem se izme?u ostalog isti?e &#8220;veliki nedostatak ta?nih podataka, ocijenio je da takav dokument ne mo\u017ee biti osnova za kvalitetno planiranje. On smatra da sjeverni region nije dovoljno kvalitetno obra?en, da poljoprivredi nije dat odgovaraju?i zna?aj dok projekcije razvoja turizma smatra preuveli?anim.<a href=\"http:\/\/www.visit-ulcinj.com\/blog\/wp-content\/uploads\/2008\/02\/plazha-e-madhe5.jpg\" title=\"Port Milena ulqin\"><img loading=\"lazy\" src=\"http:\/\/www.visit-ulcinj.com\/blog\/wp-content\/uploads\/2008\/02\/plazha-e-madhe5.thumbnail.jpg\" alt=\"Port Milena ulqin\" align=\"right\" height=\"91\" width=\"128\" \/><\/a><br \/>\nKemal Puri\u0161i? (BS) zapitao se da li je veliki dio korisnih podataka iz Nacrta prostornog plana izbrisan kako bi Vlada obezbijedila sebi vi\u0161e prava da upravlja razvojem i prostorom. Ivan Brajovi? (SDP) smatra da Prostorni plan predstavlja preduslov, pored ostalog, za gradnju autoputa ka sjeveru, jadransko-jonskog puta&#8230;<br \/>\nVasilije Lalo\u0161evi? (SNP) pitao je i ostao bez odgovora da li neko namjerava da promijeni namjenu ulcinjske Solane &#8221; kako bi nekome ko ju je kupio omogu?io da na tom prostoru gradi ugostiteljske objekte&#8221;.<br \/>\nParlament je usvojio i Predlog studije lokacije &#8220;Arsenal&#8221; Tivat, kao i odluku o osnivanju nacionalnog savjeta za evropske integracije. Bez prisustva opozicije u ?etvrtom poku\u0161aju za ?lana savjeta RTVCG izabran je Blagota Erakovi?. Slobodan Dragovi? reizabran je za zamjenika generalnog sekretara Skup\u0161tine. Usvojena je i Odluka o formiranju Komisije za kontrolu privatizacije. Skup\u0161tina je konstatovala ostavku Gorana Kne\u017eevi?a na mjesto ?lana Savjeta Centralne banke.<br \/>\nV.RADENOVI?<\/p>\n<p><strong>Umalo tu?a<br \/>\n<\/strong><br \/>\nU Skup\u0161tini je u zadnjem trenutku izbjegnut fizi?ki obra?un izme?u Bo\u017eidara Vuksanovi?a (DPS) i Branka Radulovi?a (PzP). Sve je po?elo Radulovi?evom tvrdnjom da mu nije jasno u ?ije ime Vuksanovi? istupa. Poslanik DPS je odgovorio da govori u svoje ime, a Radulovi? sa mjesta dobacio &#8220;znam ja da ti istupa\u0161 u ime kartela, sram te bilo&#8221;. Vuksanovi? je na to uzvratio tri puta govore?i Radulovi?u &#8220;d\u017eukelo jedna&#8221;. Prokomentarisao je i da je Radulovi? nevaspitan i da su &#8221; neki poslanici pod uticajem svojih navika&#8221;.<br \/>\n&#8211; Za to \u0161to si mi rekao i majku ti i oca, jesi li ?uo &#8211; odbrusio je Radulovi?, nakon ?ega su krenuli jedan prema drugom ali su ih partijski tabori umirili, a onda je uslijedila polu?asovna pauza da se smire strasti.<\/p>\n<p><strong>(In)direktno priznanje Kosova<\/strong><br \/>\nPoslanik DSS-a Ranko Kadi? optu\u017eio je Vladu da kroz Prostorni plan \u017eeli da prizna nezavisnost Kosova. Pri?itao je dio dokumenta u kojem se ka\u017ee da u vezi nacionalnog parka Prokletije &#8220;treba sara?ivati sa Albanijom i Srbijom-Kosovom&#8221;, nagla\u0161avaju?i da u Nacrtu prostornog plana Kosovo nije pominjano.<br \/>\n&#8211; Ho?e li Skup\u0161tina smjeti da na ovaj na?in prizna la\u017enu dr\u017eavu Kosovo &#8211; zapitao se on.<\/p>\n<p>www.dan.cg.yu<\/p>\n<p><strong><a href=\"http:\/\/wikimapia.org\/#lat=41.869621&amp;lon=19.346055&amp;z=18&amp;l=0&amp;m=a&amp;v=2\" title=\"ulqin,ulqini,ulcinj,montenegro\" target=\"_blank\">http:\/\/wikimapia.org\/<\/a><\/strong><\/p>\n","protected":false},"excerpt":{"rendered":"<p><img loading=\"lazy\" src=\"http:\/\/www.visit-ulcinj.com\/blog\/wp-content\/uploads\/2008\/03\/dinosha-vujanoviq.thumbnail.jpg\" alt=\"dinosha-vujanoviq\" align=\"left\" height=\"140\" width=\"140\" \/><\/p>\n","protected":false},"author":1,"featured_media":0,"comment_status":"open","ping_status":"closed","sticky":false,"template":"","format":"standard","meta":{"spay_email":"","jetpack_publicize_message":"","jetpack_is_tweetstorm":false,"jetpack_publicize_feature_enabled":true},"categories":[6],"tags":[91,20,90,89,530,87,1434,95,333,516,1388],"jetpack_publicize_connections":[],"yoast_head":"<!-- This site is optimized with the Yoast SEO plugin v19.1 - https:\/\/yoast.com\/wordpress\/plugins\/seo\/ -->\n<title>U skup\u0161tini voljom poslanika vlasti, BS i DUA usvojen prostorni plan - Lajme nga Ulqini<\/title>\n<meta name=\"robots\" content=\"index, follow, max-snippet:-1, max-image-preview:large, max-video-preview:-1\" \/>\n<link rel=\"canonical\" href=\"https:\/\/www.visit-ulcinj.com\/blog\/2008\/03\/22\/u-skupstini-voljom-poslanika-vlasti-bs-i-dua-usvojen-prostorni-plan\/\" \/>\n<meta property=\"og:locale\" content=\"en_US\" \/>\n<meta property=\"og:type\" content=\"article\" \/>\n<meta property=\"og:title\" content=\"U skup\u0161tini voljom poslanika vlasti, BS i DUA usvojen prostorni plan - Lajme nga Ulqini\" \/>\n<meta property=\"og:url\" content=\"https:\/\/www.visit-ulcinj.com\/blog\/2008\/03\/22\/u-skupstini-voljom-poslanika-vlasti-bs-i-dua-usvojen-prostorni-plan\/\" \/>\n<meta property=\"og:site_name\" content=\"Lajme nga Ulqini\" \/>\n<meta property=\"article:published_time\" content=\"2008-03-22T15:55:37+00:00\" \/>\n<meta property=\"article:modified_time\" content=\"2008-03-25T22:39:04+00:00\" \/>\n<meta property=\"og:image\" content=\"http:\/\/www.visit-ulcinj.com\/blog\/wp-content\/uploads\/2008\/03\/dinosha-vujanoviq.thumbnail.jpg\" \/>\n<meta name=\"twitter:label1\" content=\"Written by\" \/>\n\t<meta name=\"twitter:data1\" content=\"ulqini\" \/>\n\t<meta name=\"twitter:label2\" content=\"Est. reading time\" \/>\n\t<meta name=\"twitter:data2\" content=\"5 minutes\" \/>\n<script type=\"application\/ld+json\" class=\"yoast-schema-graph\">{\"@context\":\"https:\/\/schema.org\",\"@graph\":[{\"@type\":\"WebSite\",\"@id\":\"https:\/\/www.visit-ulcinj.com\/blog\/#website\",\"url\":\"https:\/\/www.visit-ulcinj.com\/blog\/\",\"name\":\"Lajme nga Ulqini\",\"description\":\"Lajme,Vijesti,Ulqini,Ulqin,Crna Gora,Mali i Zi\",\"potentialAction\":[{\"@type\":\"SearchAction\",\"target\":{\"@type\":\"EntryPoint\",\"urlTemplate\":\"https:\/\/www.visit-ulcinj.com\/blog\/?s={search_term_string}\"},\"query-input\":\"required name=search_term_string\"}],\"inLanguage\":\"en-US\"},{\"@type\":\"ImageObject\",\"inLanguage\":\"en-US\",\"@id\":\"https:\/\/www.visit-ulcinj.com\/blog\/2008\/03\/22\/u-skupstini-voljom-poslanika-vlasti-bs-i-dua-usvojen-prostorni-plan\/#primaryimage\",\"url\":\"http:\/\/www.visit-ulcinj.com\/blog\/wp-content\/uploads\/2008\/03\/dinosha-vujanoviq.thumbnail.jpg\",\"contentUrl\":\"http:\/\/www.visit-ulcinj.com\/blog\/wp-content\/uploads\/2008\/03\/dinosha-vujanoviq.thumbnail.jpg\"},{\"@type\":\"WebPage\",\"@id\":\"https:\/\/www.visit-ulcinj.com\/blog\/2008\/03\/22\/u-skupstini-voljom-poslanika-vlasti-bs-i-dua-usvojen-prostorni-plan\/#webpage\",\"url\":\"https:\/\/www.visit-ulcinj.com\/blog\/2008\/03\/22\/u-skupstini-voljom-poslanika-vlasti-bs-i-dua-usvojen-prostorni-plan\/\",\"name\":\"U skup\u0161tini voljom poslanika vlasti, BS i DUA usvojen prostorni plan - Lajme nga Ulqini\",\"isPartOf\":{\"@id\":\"https:\/\/www.visit-ulcinj.com\/blog\/#website\"},\"primaryImageOfPage\":{\"@id\":\"https:\/\/www.visit-ulcinj.com\/blog\/2008\/03\/22\/u-skupstini-voljom-poslanika-vlasti-bs-i-dua-usvojen-prostorni-plan\/#primaryimage\"},\"datePublished\":\"2008-03-22T15:55:37+00:00\",\"dateModified\":\"2008-03-25T22:39:04+00:00\",\"author\":{\"@id\":\"https:\/\/www.visit-ulcinj.com\/blog\/#\/schema\/person\/dcab619c614d3038751c63bc2aadc06d\"},\"breadcrumb\":{\"@id\":\"https:\/\/www.visit-ulcinj.com\/blog\/2008\/03\/22\/u-skupstini-voljom-poslanika-vlasti-bs-i-dua-usvojen-prostorni-plan\/#breadcrumb\"},\"inLanguage\":\"en-US\",\"potentialAction\":[{\"@type\":\"ReadAction\",\"target\":[\"https:\/\/www.visit-ulcinj.com\/blog\/2008\/03\/22\/u-skupstini-voljom-poslanika-vlasti-bs-i-dua-usvojen-prostorni-plan\/\"]}]},{\"@type\":\"BreadcrumbList\",\"@id\":\"https:\/\/www.visit-ulcinj.com\/blog\/2008\/03\/22\/u-skupstini-voljom-poslanika-vlasti-bs-i-dua-usvojen-prostorni-plan\/#breadcrumb\",\"itemListElement\":[{\"@type\":\"ListItem\",\"position\":1,\"name\":\"U skup\u0161tini voljom poslanika vlasti, BS i DUA usvojen prostorni plan\"}]},{\"@type\":\"Person\",\"@id\":\"https:\/\/www.visit-ulcinj.com\/blog\/#\/schema\/person\/dcab619c614d3038751c63bc2aadc06d\",\"name\":\"ulqini\",\"sameAs\":[\"http:\/\/www.visit-ulcinj.com\"],\"url\":\"https:\/\/www.visit-ulcinj.com\/blog\/author\/admin\/\"}]}<\/script>\n<!-- \/ Yoast SEO plugin. -->","yoast_head_json":{"title":"U skup\u0161tini voljom poslanika vlasti, BS i DUA usvojen prostorni plan - Lajme nga Ulqini","robots":{"index":"index","follow":"follow","max-snippet":"max-snippet:-1","max-image-preview":"max-image-preview:large","max-video-preview":"max-video-preview:-1"},"canonical":"https:\/\/www.visit-ulcinj.com\/blog\/2008\/03\/22\/u-skupstini-voljom-poslanika-vlasti-bs-i-dua-usvojen-prostorni-plan\/","og_locale":"en_US","og_type":"article","og_title":"U skup\u0161tini voljom poslanika vlasti, BS i DUA usvojen prostorni plan - Lajme nga Ulqini","og_url":"https:\/\/www.visit-ulcinj.com\/blog\/2008\/03\/22\/u-skupstini-voljom-poslanika-vlasti-bs-i-dua-usvojen-prostorni-plan\/","og_site_name":"Lajme nga Ulqini","article_published_time":"2008-03-22T15:55:37+00:00","article_modified_time":"2008-03-25T22:39:04+00:00","og_image":[{"url":"http:\/\/www.visit-ulcinj.com\/blog\/wp-content\/uploads\/2008\/03\/dinosha-vujanoviq.thumbnail.jpg"}],"twitter_misc":{"Written by":"ulqini","Est. reading time":"5 minutes"},"schema":{"@context":"https:\/\/schema.org","@graph":[{"@type":"WebSite","@id":"https:\/\/www.visit-ulcinj.com\/blog\/#website","url":"https:\/\/www.visit-ulcinj.com\/blog\/","name":"Lajme nga Ulqini","description":"Lajme,Vijesti,Ulqini,Ulqin,Crna Gora,Mali i Zi","potentialAction":[{"@type":"SearchAction","target":{"@type":"EntryPoint","urlTemplate":"https:\/\/www.visit-ulcinj.com\/blog\/?s={search_term_string}"},"query-input":"required name=search_term_string"}],"inLanguage":"en-US"},{"@type":"ImageObject","inLanguage":"en-US","@id":"https:\/\/www.visit-ulcinj.com\/blog\/2008\/03\/22\/u-skupstini-voljom-poslanika-vlasti-bs-i-dua-usvojen-prostorni-plan\/#primaryimage","url":"http:\/\/www.visit-ulcinj.com\/blog\/wp-content\/uploads\/2008\/03\/dinosha-vujanoviq.thumbnail.jpg","contentUrl":"http:\/\/www.visit-ulcinj.com\/blog\/wp-content\/uploads\/2008\/03\/dinosha-vujanoviq.thumbnail.jpg"},{"@type":"WebPage","@id":"https:\/\/www.visit-ulcinj.com\/blog\/2008\/03\/22\/u-skupstini-voljom-poslanika-vlasti-bs-i-dua-usvojen-prostorni-plan\/#webpage","url":"https:\/\/www.visit-ulcinj.com\/blog\/2008\/03\/22\/u-skupstini-voljom-poslanika-vlasti-bs-i-dua-usvojen-prostorni-plan\/","name":"U skup\u0161tini voljom poslanika vlasti, BS i DUA usvojen prostorni plan - Lajme nga Ulqini","isPartOf":{"@id":"https:\/\/www.visit-ulcinj.com\/blog\/#website"},"primaryImageOfPage":{"@id":"https:\/\/www.visit-ulcinj.com\/blog\/2008\/03\/22\/u-skupstini-voljom-poslanika-vlasti-bs-i-dua-usvojen-prostorni-plan\/#primaryimage"},"datePublished":"2008-03-22T15:55:37+00:00","dateModified":"2008-03-25T22:39:04+00:00","author":{"@id":"https:\/\/www.visit-ulcinj.com\/blog\/#\/schema\/person\/dcab619c614d3038751c63bc2aadc06d"},"breadcrumb":{"@id":"https:\/\/www.visit-ulcinj.com\/blog\/2008\/03\/22\/u-skupstini-voljom-poslanika-vlasti-bs-i-dua-usvojen-prostorni-plan\/#breadcrumb"},"inLanguage":"en-US","potentialAction":[{"@type":"ReadAction","target":["https:\/\/www.visit-ulcinj.com\/blog\/2008\/03\/22\/u-skupstini-voljom-poslanika-vlasti-bs-i-dua-usvojen-prostorni-plan\/"]}]},{"@type":"BreadcrumbList","@id":"https:\/\/www.visit-ulcinj.com\/blog\/2008\/03\/22\/u-skupstini-voljom-poslanika-vlasti-bs-i-dua-usvojen-prostorni-plan\/#breadcrumb","itemListElement":[{"@type":"ListItem","position":1,"name":"U skup\u0161tini voljom poslanika vlasti, BS i DUA usvojen prostorni plan"}]},{"@type":"Person","@id":"https:\/\/www.visit-ulcinj.com\/blog\/#\/schema\/person\/dcab619c614d3038751c63bc2aadc06d","name":"ulqini","sameAs":["http:\/\/www.visit-ulcinj.com"],"url":"https:\/\/www.visit-ulcinj.com\/blog\/author\/admin\/"}]}},"jetpack_featured_media_url":"","jetpack_sharing_enabled":true,"jetpack_shortlink":"https:\/\/wp.me\/pe6lTn-gf","_links":{"self":[{"href":"https:\/\/www.visit-ulcinj.com\/blog\/wp-json\/wp\/v2\/posts\/1007"}],"collection":[{"href":"https:\/\/www.visit-ulcinj.com\/blog\/wp-json\/wp\/v2\/posts"}],"about":[{"href":"https:\/\/www.visit-ulcinj.com\/blog\/wp-json\/wp\/v2\/types\/post"}],"author":[{"embeddable":true,"href":"https:\/\/www.visit-ulcinj.com\/blog\/wp-json\/wp\/v2\/users\/1"}],"replies":[{"embeddable":true,"href":"https:\/\/www.visit-ulcinj.com\/blog\/wp-json\/wp\/v2\/comments?post=1007"}],"version-history":[{"count":0,"href":"https:\/\/www.visit-ulcinj.com\/blog\/wp-json\/wp\/v2\/posts\/1007\/revisions"}],"wp:attachment":[{"href":"https:\/\/www.visit-ulcinj.com\/blog\/wp-json\/wp\/v2\/media?parent=1007"}],"wp:term":[{"taxonomy":"category","embeddable":true,"href":"https:\/\/www.visit-ulcinj.com\/blog\/wp-json\/wp\/v2\/categories?post=1007"},{"taxonomy":"post_tag","embeddable":true,"href":"https:\/\/www.visit-ulcinj.com\/blog\/wp-json\/wp\/v2\/tags?post=1007"}],"curies":[{"name":"wp","href":"https:\/\/api.w.org\/{rel}","templated":true}]}}