{"id":100704,"date":"2016-10-31T19:17:29","date_gmt":"2016-10-31T18:17:29","guid":{"rendered":"http:\/\/www.visit-ulcinj.com\/blog\/?p=100704"},"modified":"2016-10-31T19:24:09","modified_gmt":"2016-10-31T18:24:09","slug":"shendetesia-me-zgjedhje-dhe-propozim-te-ri-nga-prim-dr-gani-karamanaga","status":"publish","type":"post","link":"https:\/\/www.visit-ulcinj.com\/blog\/2016\/10\/31\/shendetesia-me-zgjedhje-dhe-propozim-te-ri-nga-prim-dr-gani-karamanaga\/","title":{"rendered":"Sh\u00ebndet\u00ebsia me zgjedhje dhe propozim t\u00eb ri nga Prim.Dr.Gani Karamanaga"},"content":{"rendered":"<p><a href=\"http:\/\/www.visit-ulcinj.com\/blog\/wp-content\/uploads\/2016\/10\/Gani-Karamanaga.jpg\"><img loading=\"lazy\" class=\"alignleft wp-image-100707\" src=\"http:\/\/www.visit-ulcinj.com\/blog\/wp-content\/uploads\/2016\/10\/Gani-Karamanaga.jpg\" alt=\"Gani-Karamanaga\" width=\"508\" height=\"317\" srcset=\"https:\/\/www.visit-ulcinj.com\/blog\/wp-content\/uploads\/2016\/10\/Gani-Karamanaga.jpg 995w, https:\/\/www.visit-ulcinj.com\/blog\/wp-content\/uploads\/2016\/10\/Gani-Karamanaga-300x187.jpg 300w, https:\/\/www.visit-ulcinj.com\/blog\/wp-content\/uploads\/2016\/10\/Gani-Karamanaga-768x479.jpg 768w\" sizes=\"(max-width: 508px) 100vw, 508px\" \/><\/a>Sh\u00ebrbimi\u00a0 sh\u00ebndet\u00ebsor ku shqiptar\u00ebt p\u00ebrbejn\u00eb shumic\u00ebn mundet dhe duhet me qen\u00eb n\u00eb nj\u00eb nivel m\u00eb t\u00eb lart\u00eb.<\/p>\n<p>Propozoj :<\/p>\n<p><strong><em>Stacionin sh\u00ebndet\u00ebsor n\u00eb Ostros <\/em><\/strong><\/p>\n<p>Laboratoriumi biokimik\u00a0 me analiza me spektrin m\u00eb t\u00eb zmadhuar, sh\u00ebrbimi i ultrasonografis\u00eb nj\u00eb her\u00eb n\u00eb jav\u00eb.\u00a0 Organizimi i disa sh\u00ebrbimeve specialistike: internisti nj\u00eb her\u00eb n\u00eb jav\u00eb, gjinekologu (m\u00eb mir\u00eb gjinekologe fem\u00ebr prej Ulqinit shqiptare) nj\u00eb her\u00eb n\u00eb jav\u00eb.<\/p>\n<p><strong><em>Stacioni sh\u00ebndet\u00ebsor n\u00eb Kat\u00ebrkoll\u00eb<\/em><\/strong><\/p>\n<p>Organizimi i ultrasonografis\u00eb nj\u00eb her\u00eb n\u00eb jav\u00eb, gjinekologu nj\u00eb her\u00eb n\u00eb jav\u00eb, laboratoriumi biokimik me analiza m\u00eb t\u00eb shumta. Gatishm\u00ebria e mjek\u00ebve n\u00eb ort\u00eb e nat\u00ebs dhe t\u00eb diel\u00ebn dhe dit\u00ebve t\u00eb festimeve. Organizimi\u00a0 i pikave sh\u00ebndet\u00ebsor n\u00eb Sukubin\u00eb dhe Kryth\u00eb.<\/p>\n<p><strong><em>Stacioni sh\u00ebndet\u00ebsor n\u00eb Tuz dhe\u00a0 Guci<\/em><\/strong><\/p>\n<p>Propozim q\u00eb k\u00ebto \u00a0stacione \u00a0t\u00eb shnd\u00ebrrohet n\u00eb\u00a0 SHT\u00cbPIN\u00cb E SH\u00cbNDETIT i cili ka me qen\u00eb\u00a0 organizat\u00eb sh\u00ebndet\u00ebsore e ve\u00e7ant\u00eb si\u00e7 jan\u00eb ato n\u00eb qytete tjer\u00eb ( Ulqin, Tivar, Berane etj).<\/p>\n<p><strong><em>Sht\u00ebpia e sh\u00ebndetit\u00a0 Ulqin<\/em><\/strong><\/p>\n<p>T\u00eb organizohet sh\u00ebrbimi sh\u00ebndet\u00ebsor specialistik. Internisti dy her\u00eb n\u00eb jav\u00eb, urologu, okulisti-oftalmologu, kirurgu, ortopedi ka nj\u00eb her\u00eb n\u00eb jav\u00eb. Spitali i Tivarit sipas ligjit p\u00ebr sh\u00ebndet\u00ebsi \u00ebsht\u00eb i obliguar p\u00ebr k\u00ebt\u00eb sh\u00ebrbim\u00a0 p\u00ebr arsye se edhe merr mjete financiare.<\/p>\n<p>P\u00ebrmir\u00ebsim i sh\u00ebrbimit t\u00eb emergjenc\u00ebs, si edhe laboratorimit biokimik dhe mikrobiologjik.<\/p>\n<p><strong><em>Materniteti n\u00eb Ulqin<\/em><\/strong><\/p>\n<p>T\u00eb obligohet menanxhmenti q\u00eb t\u00eb organizojn\u00eb menj\u00ebher\u00eb hapjen \u00a0e <strong><em>stacionit p\u00ebr transfuzion<\/em><\/strong> p\u00ebr \u00e7ka e ka dh\u00ebn\u00eb p\u00eblqimin publik Ministri i sh\u00ebndet\u00ebsis\u00eb t\u00eb MZ Dr. Budimir Shegrt.<\/p>\n<p>T\u00eb iniciohet plot\u00ebsimi i ligjit p\u00ebr sh\u00ebndet\u00ebsi lidhur me lejimin e <strong><em>sall\u00ebs p\u00ebr<\/em><\/strong> <strong><em>operacion me sh\u00ebrbimin intensiv.<\/em><\/strong><\/p>\n<p><strong><em>Spitali rajonal i Tivarit<\/em><\/strong><\/p>\n<p>\u00cbsht\u00eb i formuar p\u00ebr t\u00eb dy komunat ( Tivari dhe Ulqini ). P\u00ebr k\u00ebt\u00eb arsye duhet t\u00eb obligohet p\u00ebr punsimin e kuadrave\u00a0 shqiptar\u00eb nga Ulqini ( mjek\u00ebt, infermier\u00ebt etj). Gjithashtu edhe trajtimi i pacient\u00ebve duhet me qen\u00eb i barabart\u00eb. \u00cbsht\u00eb\u00a0 obligimi i menaxhmentit t\u00eb Sht\u00ebpis\u00eb sh\u00ebndetit t\u00eb Ulqinit p\u00ebr marr\u00ebdh\u00ebnie korrekte dhe\u00a0 p\u00ebrmir\u00ebsimin e angazhimit spitalit t\u00eb sa i takon sht\u00ebpis\u00eb sh\u00ebndetit t\u00eb Ulqinit.<\/p>\n<p><strong><em>N\u00eb fund :<\/em><\/strong><\/p>\n<p>Jam i mendimit se k\u00ebto propozime munden t\u2019i ndihmojn\u00eb edhe grupit negociues p\u00ebr platform\u00ebn e bisedave n\u00eb formimin e Qeveris\u00eb s\u00eb re t\u00eb Malit t\u00eb Zi.<\/p>\n<p><strong>Ul.info<\/strong><\/p>\n","protected":false},"excerpt":{"rendered":"<p>Sh\u00ebrbimi\u00a0 sh\u00ebndet\u00ebsor ku shqiptar\u00ebt p\u00ebrbejn\u00eb shumic\u00ebn mundet dhe duhet me qen\u00eb n\u00eb nj\u00eb nivel m\u00eb t\u00eb lart\u00eb. Propozoj : Stacionin sh\u00ebndet\u00ebsor n\u00eb Ostros Laboratoriumi biokimik\u00a0 me analiza me spektrin m\u00eb t\u00eb zmadhuar, sh\u00ebrbimi i ultrasonografis\u00eb nj\u00eb her\u00eb n\u00eb jav\u00eb.\u00a0 Organizimi i disa sh\u00ebrbimeve specialistike: internisti nj\u00eb her\u00eb n\u00eb jav\u00eb, gjinekologu (m\u00eb mir\u00eb gjinekologe fem\u00ebr prej [&hellip;]<\/p>\n","protected":false},"author":1,"featured_media":0,"comment_status":"closed","ping_status":"closed","sticky":false,"template":"","format":"standard","meta":{"spay_email":"","jetpack_publicize_message":"","jetpack_is_tweetstorm":false,"jetpack_publicize_feature_enabled":true},"categories":[11],"tags":[],"jetpack_publicize_connections":[],"yoast_head":"<!-- This site is optimized with the Yoast SEO plugin v19.1 - https:\/\/yoast.com\/wordpress\/plugins\/seo\/ -->\n<title>Sh\u00ebndet\u00ebsia me zgjedhje dhe propozim t\u00eb ri nga Prim.Dr.Gani Karamanaga - Lajme nga Ulqini<\/title>\n<meta name=\"description\" content=\"Sh\u00ebrbimi\u00a0 sh\u00ebndet\u00ebsor ku shqiptar\u00ebt p\u00ebrbejn\u00eb shumic\u00ebn mundet dhe duhet me qen\u00eb n\u00eb nj\u00eb nivel m\u00eb t\u00eb lart\u00eb. Propozoj : Stacionin sh\u00ebndet\u00ebsor n\u00eb Ostros\" \/>\n<meta name=\"robots\" content=\"index, follow, max-snippet:-1, max-image-preview:large, max-video-preview:-1\" \/>\n<link rel=\"canonical\" href=\"https:\/\/www.visit-ulcinj.com\/blog\/2016\/10\/31\/shendetesia-me-zgjedhje-dhe-propozim-te-ri-nga-prim-dr-gani-karamanaga\/\" \/>\n<meta property=\"og:locale\" content=\"en_US\" \/>\n<meta property=\"og:type\" content=\"article\" \/>\n<meta property=\"og:title\" content=\"Sh\u00ebndet\u00ebsia me zgjedhje dhe propozim t\u00eb ri nga Prim.Dr.Gani Karamanaga - Lajme nga Ulqini\" \/>\n<meta property=\"og:description\" content=\"Sh\u00ebrbimi\u00a0 sh\u00ebndet\u00ebsor ku shqiptar\u00ebt p\u00ebrbejn\u00eb shumic\u00ebn mundet dhe duhet me qen\u00eb n\u00eb nj\u00eb nivel m\u00eb t\u00eb lart\u00eb. Propozoj : Stacionin sh\u00ebndet\u00ebsor n\u00eb Ostros\" \/>\n<meta property=\"og:url\" content=\"https:\/\/www.visit-ulcinj.com\/blog\/2016\/10\/31\/shendetesia-me-zgjedhje-dhe-propozim-te-ri-nga-prim-dr-gani-karamanaga\/\" \/>\n<meta property=\"og:site_name\" content=\"Lajme nga Ulqini\" \/>\n<meta property=\"article:published_time\" content=\"2016-10-31T18:17:29+00:00\" \/>\n<meta property=\"article:modified_time\" content=\"2016-10-31T18:24:09+00:00\" \/>\n<meta property=\"og:image\" content=\"http:\/\/www.visit-ulcinj.com\/blog\/wp-content\/uploads\/2016\/10\/Gani-Karamanaga.jpg\" \/>\n<meta name=\"twitter:label1\" content=\"Written by\" \/>\n\t<meta name=\"twitter:data1\" content=\"ulqini\" \/>\n\t<meta name=\"twitter:label2\" content=\"Est. reading time\" \/>\n\t<meta name=\"twitter:data2\" content=\"2 minutes\" \/>\n<script type=\"application\/ld+json\" class=\"yoast-schema-graph\">{\"@context\":\"https:\/\/schema.org\",\"@graph\":[{\"@type\":\"WebSite\",\"@id\":\"https:\/\/www.visit-ulcinj.com\/blog\/#website\",\"url\":\"https:\/\/www.visit-ulcinj.com\/blog\/\",\"name\":\"Lajme nga Ulqini\",\"description\":\"Lajme,Vijesti,Ulqini,Ulqin,Crna Gora,Mali i Zi\",\"potentialAction\":[{\"@type\":\"SearchAction\",\"target\":{\"@type\":\"EntryPoint\",\"urlTemplate\":\"https:\/\/www.visit-ulcinj.com\/blog\/?s={search_term_string}\"},\"query-input\":\"required name=search_term_string\"}],\"inLanguage\":\"en-US\"},{\"@type\":\"ImageObject\",\"inLanguage\":\"en-US\",\"@id\":\"https:\/\/www.visit-ulcinj.com\/blog\/2016\/10\/31\/shendetesia-me-zgjedhje-dhe-propozim-te-ri-nga-prim-dr-gani-karamanaga\/#primaryimage\",\"url\":\"https:\/\/www.visit-ulcinj.com\/blog\/wp-content\/uploads\/2016\/10\/Gani-Karamanaga.jpg\",\"contentUrl\":\"https:\/\/www.visit-ulcinj.com\/blog\/wp-content\/uploads\/2016\/10\/Gani-Karamanaga.jpg\",\"width\":995,\"height\":620},{\"@type\":\"WebPage\",\"@id\":\"https:\/\/www.visit-ulcinj.com\/blog\/2016\/10\/31\/shendetesia-me-zgjedhje-dhe-propozim-te-ri-nga-prim-dr-gani-karamanaga\/#webpage\",\"url\":\"https:\/\/www.visit-ulcinj.com\/blog\/2016\/10\/31\/shendetesia-me-zgjedhje-dhe-propozim-te-ri-nga-prim-dr-gani-karamanaga\/\",\"name\":\"Sh\u00ebndet\u00ebsia me zgjedhje dhe propozim t\u00eb ri nga Prim.Dr.Gani Karamanaga - Lajme nga Ulqini\",\"isPartOf\":{\"@id\":\"https:\/\/www.visit-ulcinj.com\/blog\/#website\"},\"primaryImageOfPage\":{\"@id\":\"https:\/\/www.visit-ulcinj.com\/blog\/2016\/10\/31\/shendetesia-me-zgjedhje-dhe-propozim-te-ri-nga-prim-dr-gani-karamanaga\/#primaryimage\"},\"datePublished\":\"2016-10-31T18:17:29+00:00\",\"dateModified\":\"2016-10-31T18:24:09+00:00\",\"author\":{\"@id\":\"https:\/\/www.visit-ulcinj.com\/blog\/#\/schema\/person\/dcab619c614d3038751c63bc2aadc06d\"},\"description\":\"Sh\u00ebrbimi\u00a0 sh\u00ebndet\u00ebsor ku shqiptar\u00ebt p\u00ebrbejn\u00eb shumic\u00ebn mundet dhe duhet me qen\u00eb n\u00eb nj\u00eb nivel m\u00eb t\u00eb lart\u00eb. Propozoj : Stacionin sh\u00ebndet\u00ebsor n\u00eb Ostros\",\"breadcrumb\":{\"@id\":\"https:\/\/www.visit-ulcinj.com\/blog\/2016\/10\/31\/shendetesia-me-zgjedhje-dhe-propozim-te-ri-nga-prim-dr-gani-karamanaga\/#breadcrumb\"},\"inLanguage\":\"en-US\",\"potentialAction\":[{\"@type\":\"ReadAction\",\"target\":[\"https:\/\/www.visit-ulcinj.com\/blog\/2016\/10\/31\/shendetesia-me-zgjedhje-dhe-propozim-te-ri-nga-prim-dr-gani-karamanaga\/\"]}]},{\"@type\":\"BreadcrumbList\",\"@id\":\"https:\/\/www.visit-ulcinj.com\/blog\/2016\/10\/31\/shendetesia-me-zgjedhje-dhe-propozim-te-ri-nga-prim-dr-gani-karamanaga\/#breadcrumb\",\"itemListElement\":[{\"@type\":\"ListItem\",\"position\":1,\"name\":\"Sh\u00ebndet\u00ebsia me zgjedhje dhe propozim t\u00eb ri nga Prim.Dr.Gani Karamanaga\"}]},{\"@type\":\"Person\",\"@id\":\"https:\/\/www.visit-ulcinj.com\/blog\/#\/schema\/person\/dcab619c614d3038751c63bc2aadc06d\",\"name\":\"ulqini\",\"sameAs\":[\"http:\/\/www.visit-ulcinj.com\"],\"url\":\"https:\/\/www.visit-ulcinj.com\/blog\/author\/admin\/\"}]}<\/script>\n<!-- \/ Yoast SEO plugin. -->","yoast_head_json":{"title":"Sh\u00ebndet\u00ebsia me zgjedhje dhe propozim t\u00eb ri nga Prim.Dr.Gani Karamanaga - Lajme nga Ulqini","description":"Sh\u00ebrbimi\u00a0 sh\u00ebndet\u00ebsor ku shqiptar\u00ebt p\u00ebrbejn\u00eb shumic\u00ebn mundet dhe duhet me qen\u00eb n\u00eb nj\u00eb nivel m\u00eb t\u00eb lart\u00eb. Propozoj : Stacionin sh\u00ebndet\u00ebsor n\u00eb Ostros","robots":{"index":"index","follow":"follow","max-snippet":"max-snippet:-1","max-image-preview":"max-image-preview:large","max-video-preview":"max-video-preview:-1"},"canonical":"https:\/\/www.visit-ulcinj.com\/blog\/2016\/10\/31\/shendetesia-me-zgjedhje-dhe-propozim-te-ri-nga-prim-dr-gani-karamanaga\/","og_locale":"en_US","og_type":"article","og_title":"Sh\u00ebndet\u00ebsia me zgjedhje dhe propozim t\u00eb ri nga Prim.Dr.Gani Karamanaga - Lajme nga Ulqini","og_description":"Sh\u00ebrbimi\u00a0 sh\u00ebndet\u00ebsor ku shqiptar\u00ebt p\u00ebrbejn\u00eb shumic\u00ebn mundet dhe duhet me qen\u00eb n\u00eb nj\u00eb nivel m\u00eb t\u00eb lart\u00eb. Propozoj : Stacionin sh\u00ebndet\u00ebsor n\u00eb Ostros","og_url":"https:\/\/www.visit-ulcinj.com\/blog\/2016\/10\/31\/shendetesia-me-zgjedhje-dhe-propozim-te-ri-nga-prim-dr-gani-karamanaga\/","og_site_name":"Lajme nga Ulqini","article_published_time":"2016-10-31T18:17:29+00:00","article_modified_time":"2016-10-31T18:24:09+00:00","og_image":[{"url":"http:\/\/www.visit-ulcinj.com\/blog\/wp-content\/uploads\/2016\/10\/Gani-Karamanaga.jpg"}],"twitter_misc":{"Written by":"ulqini","Est. reading time":"2 minutes"},"schema":{"@context":"https:\/\/schema.org","@graph":[{"@type":"WebSite","@id":"https:\/\/www.visit-ulcinj.com\/blog\/#website","url":"https:\/\/www.visit-ulcinj.com\/blog\/","name":"Lajme nga Ulqini","description":"Lajme,Vijesti,Ulqini,Ulqin,Crna Gora,Mali i Zi","potentialAction":[{"@type":"SearchAction","target":{"@type":"EntryPoint","urlTemplate":"https:\/\/www.visit-ulcinj.com\/blog\/?s={search_term_string}"},"query-input":"required name=search_term_string"}],"inLanguage":"en-US"},{"@type":"ImageObject","inLanguage":"en-US","@id":"https:\/\/www.visit-ulcinj.com\/blog\/2016\/10\/31\/shendetesia-me-zgjedhje-dhe-propozim-te-ri-nga-prim-dr-gani-karamanaga\/#primaryimage","url":"https:\/\/www.visit-ulcinj.com\/blog\/wp-content\/uploads\/2016\/10\/Gani-Karamanaga.jpg","contentUrl":"https:\/\/www.visit-ulcinj.com\/blog\/wp-content\/uploads\/2016\/10\/Gani-Karamanaga.jpg","width":995,"height":620},{"@type":"WebPage","@id":"https:\/\/www.visit-ulcinj.com\/blog\/2016\/10\/31\/shendetesia-me-zgjedhje-dhe-propozim-te-ri-nga-prim-dr-gani-karamanaga\/#webpage","url":"https:\/\/www.visit-ulcinj.com\/blog\/2016\/10\/31\/shendetesia-me-zgjedhje-dhe-propozim-te-ri-nga-prim-dr-gani-karamanaga\/","name":"Sh\u00ebndet\u00ebsia me zgjedhje dhe propozim t\u00eb ri nga Prim.Dr.Gani Karamanaga - Lajme nga Ulqini","isPartOf":{"@id":"https:\/\/www.visit-ulcinj.com\/blog\/#website"},"primaryImageOfPage":{"@id":"https:\/\/www.visit-ulcinj.com\/blog\/2016\/10\/31\/shendetesia-me-zgjedhje-dhe-propozim-te-ri-nga-prim-dr-gani-karamanaga\/#primaryimage"},"datePublished":"2016-10-31T18:17:29+00:00","dateModified":"2016-10-31T18:24:09+00:00","author":{"@id":"https:\/\/www.visit-ulcinj.com\/blog\/#\/schema\/person\/dcab619c614d3038751c63bc2aadc06d"},"description":"Sh\u00ebrbimi\u00a0 sh\u00ebndet\u00ebsor ku shqiptar\u00ebt p\u00ebrbejn\u00eb shumic\u00ebn mundet dhe duhet me qen\u00eb n\u00eb nj\u00eb nivel m\u00eb t\u00eb lart\u00eb. Propozoj : Stacionin sh\u00ebndet\u00ebsor n\u00eb Ostros","breadcrumb":{"@id":"https:\/\/www.visit-ulcinj.com\/blog\/2016\/10\/31\/shendetesia-me-zgjedhje-dhe-propozim-te-ri-nga-prim-dr-gani-karamanaga\/#breadcrumb"},"inLanguage":"en-US","potentialAction":[{"@type":"ReadAction","target":["https:\/\/www.visit-ulcinj.com\/blog\/2016\/10\/31\/shendetesia-me-zgjedhje-dhe-propozim-te-ri-nga-prim-dr-gani-karamanaga\/"]}]},{"@type":"BreadcrumbList","@id":"https:\/\/www.visit-ulcinj.com\/blog\/2016\/10\/31\/shendetesia-me-zgjedhje-dhe-propozim-te-ri-nga-prim-dr-gani-karamanaga\/#breadcrumb","itemListElement":[{"@type":"ListItem","position":1,"name":"Sh\u00ebndet\u00ebsia me zgjedhje dhe propozim t\u00eb ri nga Prim.Dr.Gani Karamanaga"}]},{"@type":"Person","@id":"https:\/\/www.visit-ulcinj.com\/blog\/#\/schema\/person\/dcab619c614d3038751c63bc2aadc06d","name":"ulqini","sameAs":["http:\/\/www.visit-ulcinj.com"],"url":"https:\/\/www.visit-ulcinj.com\/blog\/author\/admin\/"}]}},"jetpack_featured_media_url":"","jetpack_sharing_enabled":true,"jetpack_shortlink":"https:\/\/wp.me\/pe6lTn-qcg","_links":{"self":[{"href":"https:\/\/www.visit-ulcinj.com\/blog\/wp-json\/wp\/v2\/posts\/100704"}],"collection":[{"href":"https:\/\/www.visit-ulcinj.com\/blog\/wp-json\/wp\/v2\/posts"}],"about":[{"href":"https:\/\/www.visit-ulcinj.com\/blog\/wp-json\/wp\/v2\/types\/post"}],"author":[{"embeddable":true,"href":"https:\/\/www.visit-ulcinj.com\/blog\/wp-json\/wp\/v2\/users\/1"}],"replies":[{"embeddable":true,"href":"https:\/\/www.visit-ulcinj.com\/blog\/wp-json\/wp\/v2\/comments?post=100704"}],"version-history":[{"count":4,"href":"https:\/\/www.visit-ulcinj.com\/blog\/wp-json\/wp\/v2\/posts\/100704\/revisions"}],"predecessor-version":[{"id":100709,"href":"https:\/\/www.visit-ulcinj.com\/blog\/wp-json\/wp\/v2\/posts\/100704\/revisions\/100709"}],"wp:attachment":[{"href":"https:\/\/www.visit-ulcinj.com\/blog\/wp-json\/wp\/v2\/media?parent=100704"}],"wp:term":[{"taxonomy":"category","embeddable":true,"href":"https:\/\/www.visit-ulcinj.com\/blog\/wp-json\/wp\/v2\/categories?post=100704"},{"taxonomy":"post_tag","embeddable":true,"href":"https:\/\/www.visit-ulcinj.com\/blog\/wp-json\/wp\/v2\/tags?post=100704"}],"curies":[{"name":"wp","href":"https:\/\/api.w.org\/{rel}","templated":true}]}}