{"id":100714,"date":"2016-11-01T14:03:54","date_gmt":"2016-11-01T13:03:54","guid":{"rendered":"http:\/\/www.visit-ulcinj.com\/blog\/?p=100714"},"modified":"2016-11-29T17:22:20","modified_gmt":"2016-11-29T16:22:20","slug":"rrefehet-eskorta-e-vip-ave-politikanet-ne-ballkan-kerkojne-party-dhe-orgji","status":"publish","type":"post","link":"https:\/\/www.visit-ulcinj.com\/blog\/2016\/11\/01\/rrefehet-eskorta-e-vip-ave-politikanet-ne-ballkan-kerkojne-party-dhe-orgji\/","title":{"rendered":"Rr\u00ebfehet eskorta e VIP-ave: Politikan\u00ebt n\u00eb Ballkan k\u00ebrkojn\u00eb \u201cparty\u201d dhe orgji"},"content":{"rendered":"<p><a href=\"http:\/\/www.visit-ulcinj.com\/blog\/wp-content\/uploads\/2016\/11\/PARTI-BREGDETI-MALI-ZI.jpg\"><img loading=\"lazy\" class=\"alignleft wp-image-100715\" src=\"http:\/\/www.visit-ulcinj.com\/blog\/wp-content\/uploads\/2016\/11\/PARTI-BREGDETI-MALI-ZI.jpg\" alt=\"PARTI-BREGDETI-MALI-ZI\" width=\"508\" height=\"278\" \/><\/a>Pasi u arrestua her\u00ebn e fundit, numrat dhe emailat e zyrtar\u00ebve m\u00eb t\u00eb lart\u00eb shtet\u00ebror\u00eb, si dhe t\u00eb biznesmen\u00ebve m\u00eb t\u00eb pasur n\u00eb rajon u gjet\u00ebn n\u00eb telefonin e saj.<\/p>\n<p>Zeljka Rolovic u arrestua disa her\u00eb nga policia p\u00ebr organizim elitar t\u00eb prostitucionit n\u00eb Malin e Zi, dhe n\u00eb jahtet ku vinin klient\u00ebt e saj, shiheshin shpesh sportist\u00ebt e famsh\u00ebm kroat\u00eb, politikan\u00eb t\u00eb r\u00ebnd\u00ebsish\u00ebm sllav\u00eb dhe shqiptar, deputet\u00eb dhe biznesmen\u00eb, shkruan \u201ctelegraf.rs\u201d.<\/p>\n<p>Un\u00eb erdha n\u00eb universitet n\u00eb Beograd por hyra n\u00eb elit\u00ebn e prostitucionit dhe m\u00eb p\u00eblqeu. E njohur si \u201cMadam Seljka\u201d, k\u00ebto dit\u00eb ajo rr\u00ebfeu detaje p\u00ebr jet\u00ebn e saj t\u00eb turbullt, se si ajo ishte vet\u00ebm 10 vje\u00e7e kur i ati i vrau n\u00ebn\u00ebn, gjyshen (vjehrr\u00ebn e tij) dhe m\u00eb pas veten.<\/p>\n<p>Por ajo q\u00eb \u00ebsht\u00eb m\u00eb interesant n\u00eb k\u00ebt\u00eb rr\u00ebfim \u00ebsht\u00eb fakti kur Zeljka tregon se, si e zhvillon aktivitetin e prostitutave elitare \u201cescort\u201d n\u00eb jahtet e Kotorrit dhe Budva-s p\u00ebr klient\u00ebt \u201cspecial\u201d t\u00eb biznesit dhe politik\u00ebs n\u00eb ballkan.<\/p>\n<p>Zeljka tregon nd\u00ebr t\u00eb tjera n\u00eb nj\u00eb rr\u00ebfim t\u00eb gjat\u00eb p\u00ebr \u201cTelegraf.rs\u201d, se nd\u00ebr klient\u00ebt e \u201crregullt\u201d t\u00eb saj jan\u00eb politikan\u00ebt dhe deputet\u00ebt nga Shqip\u00ebria.<\/p>\n<p>\u201cPo, ata vijn\u00eb shpesh dhe paguajn\u00eb mjaft\u00eb mir\u00eb vajzat. Ka nga ata q\u00eb kan\u00eb edhe jahte apo sht\u00ebpi t\u00eb blera k\u00ebtu n\u00eb Montenegro. Jan\u00eb shum\u00eb t\u00eb pasur, por t\u00eb gjith\u00eb t\u00eb martuar\u2026 Ata vijn\u00eb gati \u00e7do fundjav\u00eb dhe m\u00eb k\u00ebrkojn\u00eb q\u00eb t\u2019u organizoj\u00eb \u2018party\u2019\u201d,- tregon \u201cmbret\u00ebresha e prostitucionit\u201d n\u00eb Ballkan p\u00ebr \u201cTelegraf.rs\u201d.\/Telegraf.rs\/<\/p>\n<p>MAPO<\/p>\n","protected":false},"excerpt":{"rendered":"<p>Pasi u arrestua her\u00ebn e fundit, numrat dhe emailat e zyrtar\u00ebve m\u00eb t\u00eb lart\u00eb shtet\u00ebror\u00eb, si dhe t\u00eb biznesmen\u00ebve m\u00eb t\u00eb pasur n\u00eb rajon u gjet\u00ebn n\u00eb telefonin e saj. Zeljka Rolovic u arrestua disa her\u00eb nga policia p\u00ebr organizim elitar t\u00eb prostitucionit n\u00eb Malin e Zi, dhe n\u00eb jahtet ku vinin klient\u00ebt e saj, [&hellip;]<\/p>\n","protected":false},"author":1,"featured_media":0,"comment_status":"closed","ping_status":"closed","sticky":false,"template":"","format":"standard","meta":{"spay_email":"","jetpack_publicize_message":"","jetpack_is_tweetstorm":false,"jetpack_publicize_feature_enabled":true},"categories":[10],"tags":[],"jetpack_publicize_connections":[],"yoast_head":"<!-- This site is optimized with the Yoast SEO plugin v19.1 - https:\/\/yoast.com\/wordpress\/plugins\/seo\/ -->\n<title>Rr\u00ebfehet eskorta e VIP-ave: Politikan\u00ebt n\u00eb Ballkan k\u00ebrkojn\u00eb \u201cparty\u201d dhe orgji - Lajme nga Ulqini<\/title>\n<meta name=\"description\" content=\"Pasi u arrestua her\u00ebn e fundit, numrat dhe emailat e zyrtar\u00ebve m\u00eb t\u00eb lart\u00eb shtet\u00ebror\u00eb, si dhe t\u00eb biznesmen\u00ebve m\u00eb t\u00eb pasur n\u00eb rajon u gjet\u00ebn n\u00eb telefonin e\" \/>\n<meta name=\"robots\" content=\"index, follow, max-snippet:-1, max-image-preview:large, max-video-preview:-1\" \/>\n<link rel=\"canonical\" href=\"https:\/\/www.visit-ulcinj.com\/blog\/2016\/11\/01\/rrefehet-eskorta-e-vip-ave-politikanet-ne-ballkan-kerkojne-party-dhe-orgji\/\" \/>\n<meta property=\"og:locale\" content=\"en_US\" \/>\n<meta property=\"og:type\" content=\"article\" \/>\n<meta property=\"og:title\" content=\"Rr\u00ebfehet eskorta e VIP-ave: Politikan\u00ebt n\u00eb Ballkan k\u00ebrkojn\u00eb \u201cparty\u201d dhe orgji - Lajme nga Ulqini\" \/>\n<meta property=\"og:description\" content=\"Pasi u arrestua her\u00ebn e fundit, numrat dhe emailat e zyrtar\u00ebve m\u00eb t\u00eb lart\u00eb shtet\u00ebror\u00eb, si dhe t\u00eb biznesmen\u00ebve m\u00eb t\u00eb pasur n\u00eb rajon u gjet\u00ebn n\u00eb telefonin e\" \/>\n<meta property=\"og:url\" content=\"https:\/\/www.visit-ulcinj.com\/blog\/2016\/11\/01\/rrefehet-eskorta-e-vip-ave-politikanet-ne-ballkan-kerkojne-party-dhe-orgji\/\" \/>\n<meta property=\"og:site_name\" content=\"Lajme nga Ulqini\" \/>\n<meta property=\"article:published_time\" content=\"2016-11-01T13:03:54+00:00\" \/>\n<meta property=\"article:modified_time\" content=\"2016-11-29T16:22:20+00:00\" \/>\n<meta property=\"og:image\" content=\"http:\/\/www.visit-ulcinj.com\/blog\/wp-content\/uploads\/2016\/11\/PARTI-BREGDETI-MALI-ZI.jpg\" \/>\n<meta name=\"twitter:label1\" content=\"Written by\" \/>\n\t<meta name=\"twitter:data1\" content=\"ulqini\" \/>\n\t<meta name=\"twitter:label2\" content=\"Est. reading time\" \/>\n\t<meta name=\"twitter:data2\" content=\"1 minute\" \/>\n<script type=\"application\/ld+json\" class=\"yoast-schema-graph\">{\"@context\":\"https:\/\/schema.org\",\"@graph\":[{\"@type\":\"WebSite\",\"@id\":\"https:\/\/www.visit-ulcinj.com\/blog\/#website\",\"url\":\"https:\/\/www.visit-ulcinj.com\/blog\/\",\"name\":\"Lajme nga Ulqini\",\"description\":\"Lajme,Vijesti,Ulqini,Ulqin,Crna Gora,Mali i Zi\",\"potentialAction\":[{\"@type\":\"SearchAction\",\"target\":{\"@type\":\"EntryPoint\",\"urlTemplate\":\"https:\/\/www.visit-ulcinj.com\/blog\/?s={search_term_string}\"},\"query-input\":\"required name=search_term_string\"}],\"inLanguage\":\"en-US\"},{\"@type\":\"ImageObject\",\"inLanguage\":\"en-US\",\"@id\":\"https:\/\/www.visit-ulcinj.com\/blog\/2016\/11\/01\/rrefehet-eskorta-e-vip-ave-politikanet-ne-ballkan-kerkojne-party-dhe-orgji\/#primaryimage\",\"url\":\"http:\/\/www.visit-ulcinj.com\/blog\/wp-content\/uploads\/2016\/11\/PARTI-BREGDETI-MALI-ZI.jpg\",\"contentUrl\":\"http:\/\/www.visit-ulcinj.com\/blog\/wp-content\/uploads\/2016\/11\/PARTI-BREGDETI-MALI-ZI.jpg\"},{\"@type\":\"WebPage\",\"@id\":\"https:\/\/www.visit-ulcinj.com\/blog\/2016\/11\/01\/rrefehet-eskorta-e-vip-ave-politikanet-ne-ballkan-kerkojne-party-dhe-orgji\/#webpage\",\"url\":\"https:\/\/www.visit-ulcinj.com\/blog\/2016\/11\/01\/rrefehet-eskorta-e-vip-ave-politikanet-ne-ballkan-kerkojne-party-dhe-orgji\/\",\"name\":\"Rr\u00ebfehet eskorta e VIP-ave: Politikan\u00ebt n\u00eb Ballkan k\u00ebrkojn\u00eb \u201cparty\u201d dhe orgji - Lajme nga Ulqini\",\"isPartOf\":{\"@id\":\"https:\/\/www.visit-ulcinj.com\/blog\/#website\"},\"primaryImageOfPage\":{\"@id\":\"https:\/\/www.visit-ulcinj.com\/blog\/2016\/11\/01\/rrefehet-eskorta-e-vip-ave-politikanet-ne-ballkan-kerkojne-party-dhe-orgji\/#primaryimage\"},\"datePublished\":\"2016-11-01T13:03:54+00:00\",\"dateModified\":\"2016-11-29T16:22:20+00:00\",\"author\":{\"@id\":\"https:\/\/www.visit-ulcinj.com\/blog\/#\/schema\/person\/dcab619c614d3038751c63bc2aadc06d\"},\"description\":\"Pasi u arrestua her\u00ebn e fundit, numrat dhe emailat e zyrtar\u00ebve m\u00eb t\u00eb lart\u00eb shtet\u00ebror\u00eb, si dhe t\u00eb biznesmen\u00ebve m\u00eb t\u00eb pasur n\u00eb rajon u gjet\u00ebn n\u00eb telefonin e\",\"breadcrumb\":{\"@id\":\"https:\/\/www.visit-ulcinj.com\/blog\/2016\/11\/01\/rrefehet-eskorta-e-vip-ave-politikanet-ne-ballkan-kerkojne-party-dhe-orgji\/#breadcrumb\"},\"inLanguage\":\"en-US\",\"potentialAction\":[{\"@type\":\"ReadAction\",\"target\":[\"https:\/\/www.visit-ulcinj.com\/blog\/2016\/11\/01\/rrefehet-eskorta-e-vip-ave-politikanet-ne-ballkan-kerkojne-party-dhe-orgji\/\"]}]},{\"@type\":\"BreadcrumbList\",\"@id\":\"https:\/\/www.visit-ulcinj.com\/blog\/2016\/11\/01\/rrefehet-eskorta-e-vip-ave-politikanet-ne-ballkan-kerkojne-party-dhe-orgji\/#breadcrumb\",\"itemListElement\":[{\"@type\":\"ListItem\",\"position\":1,\"name\":\"Rr\u00ebfehet eskorta e VIP-ave: Politikan\u00ebt n\u00eb Ballkan k\u00ebrkojn\u00eb \u201cparty\u201d dhe orgji\"}]},{\"@type\":\"Person\",\"@id\":\"https:\/\/www.visit-ulcinj.com\/blog\/#\/schema\/person\/dcab619c614d3038751c63bc2aadc06d\",\"name\":\"ulqini\",\"sameAs\":[\"http:\/\/www.visit-ulcinj.com\"],\"url\":\"https:\/\/www.visit-ulcinj.com\/blog\/author\/admin\/\"}]}<\/script>\n<!-- \/ Yoast SEO plugin. -->","yoast_head_json":{"title":"Rr\u00ebfehet eskorta e VIP-ave: Politikan\u00ebt n\u00eb Ballkan k\u00ebrkojn\u00eb \u201cparty\u201d dhe orgji - Lajme nga Ulqini","description":"Pasi u arrestua her\u00ebn e fundit, numrat dhe emailat e zyrtar\u00ebve m\u00eb t\u00eb lart\u00eb shtet\u00ebror\u00eb, si dhe t\u00eb biznesmen\u00ebve m\u00eb t\u00eb pasur n\u00eb rajon u gjet\u00ebn n\u00eb telefonin e","robots":{"index":"index","follow":"follow","max-snippet":"max-snippet:-1","max-image-preview":"max-image-preview:large","max-video-preview":"max-video-preview:-1"},"canonical":"https:\/\/www.visit-ulcinj.com\/blog\/2016\/11\/01\/rrefehet-eskorta-e-vip-ave-politikanet-ne-ballkan-kerkojne-party-dhe-orgji\/","og_locale":"en_US","og_type":"article","og_title":"Rr\u00ebfehet eskorta e VIP-ave: Politikan\u00ebt n\u00eb Ballkan k\u00ebrkojn\u00eb \u201cparty\u201d dhe orgji - Lajme nga Ulqini","og_description":"Pasi u arrestua her\u00ebn e fundit, numrat dhe emailat e zyrtar\u00ebve m\u00eb t\u00eb lart\u00eb shtet\u00ebror\u00eb, si dhe t\u00eb biznesmen\u00ebve m\u00eb t\u00eb pasur n\u00eb rajon u gjet\u00ebn n\u00eb telefonin e","og_url":"https:\/\/www.visit-ulcinj.com\/blog\/2016\/11\/01\/rrefehet-eskorta-e-vip-ave-politikanet-ne-ballkan-kerkojne-party-dhe-orgji\/","og_site_name":"Lajme nga Ulqini","article_published_time":"2016-11-01T13:03:54+00:00","article_modified_time":"2016-11-29T16:22:20+00:00","og_image":[{"url":"http:\/\/www.visit-ulcinj.com\/blog\/wp-content\/uploads\/2016\/11\/PARTI-BREGDETI-MALI-ZI.jpg"}],"twitter_misc":{"Written by":"ulqini","Est. reading time":"1 minute"},"schema":{"@context":"https:\/\/schema.org","@graph":[{"@type":"WebSite","@id":"https:\/\/www.visit-ulcinj.com\/blog\/#website","url":"https:\/\/www.visit-ulcinj.com\/blog\/","name":"Lajme nga Ulqini","description":"Lajme,Vijesti,Ulqini,Ulqin,Crna Gora,Mali i Zi","potentialAction":[{"@type":"SearchAction","target":{"@type":"EntryPoint","urlTemplate":"https:\/\/www.visit-ulcinj.com\/blog\/?s={search_term_string}"},"query-input":"required name=search_term_string"}],"inLanguage":"en-US"},{"@type":"ImageObject","inLanguage":"en-US","@id":"https:\/\/www.visit-ulcinj.com\/blog\/2016\/11\/01\/rrefehet-eskorta-e-vip-ave-politikanet-ne-ballkan-kerkojne-party-dhe-orgji\/#primaryimage","url":"http:\/\/www.visit-ulcinj.com\/blog\/wp-content\/uploads\/2016\/11\/PARTI-BREGDETI-MALI-ZI.jpg","contentUrl":"http:\/\/www.visit-ulcinj.com\/blog\/wp-content\/uploads\/2016\/11\/PARTI-BREGDETI-MALI-ZI.jpg"},{"@type":"WebPage","@id":"https:\/\/www.visit-ulcinj.com\/blog\/2016\/11\/01\/rrefehet-eskorta-e-vip-ave-politikanet-ne-ballkan-kerkojne-party-dhe-orgji\/#webpage","url":"https:\/\/www.visit-ulcinj.com\/blog\/2016\/11\/01\/rrefehet-eskorta-e-vip-ave-politikanet-ne-ballkan-kerkojne-party-dhe-orgji\/","name":"Rr\u00ebfehet eskorta e VIP-ave: Politikan\u00ebt n\u00eb Ballkan k\u00ebrkojn\u00eb \u201cparty\u201d dhe orgji - Lajme nga Ulqini","isPartOf":{"@id":"https:\/\/www.visit-ulcinj.com\/blog\/#website"},"primaryImageOfPage":{"@id":"https:\/\/www.visit-ulcinj.com\/blog\/2016\/11\/01\/rrefehet-eskorta-e-vip-ave-politikanet-ne-ballkan-kerkojne-party-dhe-orgji\/#primaryimage"},"datePublished":"2016-11-01T13:03:54+00:00","dateModified":"2016-11-29T16:22:20+00:00","author":{"@id":"https:\/\/www.visit-ulcinj.com\/blog\/#\/schema\/person\/dcab619c614d3038751c63bc2aadc06d"},"description":"Pasi u arrestua her\u00ebn e fundit, numrat dhe emailat e zyrtar\u00ebve m\u00eb t\u00eb lart\u00eb shtet\u00ebror\u00eb, si dhe t\u00eb biznesmen\u00ebve m\u00eb t\u00eb pasur n\u00eb rajon u gjet\u00ebn n\u00eb telefonin e","breadcrumb":{"@id":"https:\/\/www.visit-ulcinj.com\/blog\/2016\/11\/01\/rrefehet-eskorta-e-vip-ave-politikanet-ne-ballkan-kerkojne-party-dhe-orgji\/#breadcrumb"},"inLanguage":"en-US","potentialAction":[{"@type":"ReadAction","target":["https:\/\/www.visit-ulcinj.com\/blog\/2016\/11\/01\/rrefehet-eskorta-e-vip-ave-politikanet-ne-ballkan-kerkojne-party-dhe-orgji\/"]}]},{"@type":"BreadcrumbList","@id":"https:\/\/www.visit-ulcinj.com\/blog\/2016\/11\/01\/rrefehet-eskorta-e-vip-ave-politikanet-ne-ballkan-kerkojne-party-dhe-orgji\/#breadcrumb","itemListElement":[{"@type":"ListItem","position":1,"name":"Rr\u00ebfehet eskorta e VIP-ave: Politikan\u00ebt n\u00eb Ballkan k\u00ebrkojn\u00eb \u201cparty\u201d dhe orgji"}]},{"@type":"Person","@id":"https:\/\/www.visit-ulcinj.com\/blog\/#\/schema\/person\/dcab619c614d3038751c63bc2aadc06d","name":"ulqini","sameAs":["http:\/\/www.visit-ulcinj.com"],"url":"https:\/\/www.visit-ulcinj.com\/blog\/author\/admin\/"}]}},"jetpack_featured_media_url":"","jetpack_sharing_enabled":true,"jetpack_shortlink":"https:\/\/wp.me\/pe6lTn-qcq","_links":{"self":[{"href":"https:\/\/www.visit-ulcinj.com\/blog\/wp-json\/wp\/v2\/posts\/100714"}],"collection":[{"href":"https:\/\/www.visit-ulcinj.com\/blog\/wp-json\/wp\/v2\/posts"}],"about":[{"href":"https:\/\/www.visit-ulcinj.com\/blog\/wp-json\/wp\/v2\/types\/post"}],"author":[{"embeddable":true,"href":"https:\/\/www.visit-ulcinj.com\/blog\/wp-json\/wp\/v2\/users\/1"}],"replies":[{"embeddable":true,"href":"https:\/\/www.visit-ulcinj.com\/blog\/wp-json\/wp\/v2\/comments?post=100714"}],"version-history":[{"count":1,"href":"https:\/\/www.visit-ulcinj.com\/blog\/wp-json\/wp\/v2\/posts\/100714\/revisions"}],"predecessor-version":[{"id":100716,"href":"https:\/\/www.visit-ulcinj.com\/blog\/wp-json\/wp\/v2\/posts\/100714\/revisions\/100716"}],"wp:attachment":[{"href":"https:\/\/www.visit-ulcinj.com\/blog\/wp-json\/wp\/v2\/media?parent=100714"}],"wp:term":[{"taxonomy":"category","embeddable":true,"href":"https:\/\/www.visit-ulcinj.com\/blog\/wp-json\/wp\/v2\/categories?post=100714"},{"taxonomy":"post_tag","embeddable":true,"href":"https:\/\/www.visit-ulcinj.com\/blog\/wp-json\/wp\/v2\/tags?post=100714"}],"curies":[{"name":"wp","href":"https:\/\/api.w.org\/{rel}","templated":true}]}}