{"id":100726,"date":"2016-11-01T15:26:14","date_gmt":"2016-11-01T14:26:14","guid":{"rendered":"http:\/\/www.visit-ulcinj.com\/blog\/?p=100726"},"modified":"2016-11-01T15:28:24","modified_gmt":"2016-11-01T14:28:24","slug":"ne-tivar-vritet-nje-ri-pas-perfundimit-te-ndeshjes-mornar-crvena-zvezda-video","status":"publish","type":"post","link":"https:\/\/www.visit-ulcinj.com\/blog\/2016\/11\/01\/ne-tivar-vritet-nje-ri-pas-perfundimit-te-ndeshjes-mornar-crvena-zvezda-video\/","title":{"rendered":"N\u00eb Tivar vritet nj\u00eb i ri pas p\u00ebrfundimit t\u00eb ndeshjes Mornar \u2013 Crvena Zvezda &#8211; Video"},"content":{"rendered":"<p><a href=\"http:\/\/www.visit-ulcinj.com\/blog\/wp-content\/uploads\/2016\/11\/Mornar-\u2013-Crvena-Zvezda.jpg\"><img loading=\"lazy\" class=\"alignleft wp-image-100727\" src=\"http:\/\/www.visit-ulcinj.com\/blog\/wp-content\/uploads\/2016\/11\/Mornar-\u2013-Crvena-Zvezda.jpg\" alt=\"Mornar \u2013 Crvena Zvezda\" width=\"508\" height=\"286\" srcset=\"https:\/\/www.visit-ulcinj.com\/blog\/wp-content\/uploads\/2016\/11\/Mornar-\u2013-Crvena-Zvezda.jpg 960w, https:\/\/www.visit-ulcinj.com\/blog\/wp-content\/uploads\/2016\/11\/Mornar-\u2013-Crvena-Zvezda-300x169.jpg 300w, https:\/\/www.visit-ulcinj.com\/blog\/wp-content\/uploads\/2016\/11\/Mornar-\u2013-Crvena-Zvezda-768x432.jpg 768w\" sizes=\"(max-width: 508px) 100vw, 508px\" \/><\/a>N\u00eb Tivar (Bar)t\u00eb Mali t\u00eb Zi, n\u00eb mbr\u00ebmjen e sotme \u00ebsht\u00eb vrar\u00eb nj\u00eb i ri 29 vje\u00e7ar, pas p\u00ebrfundimit t\u00eb ndeshjes mes Mornar \u2013 Crvena Zvezda.<br \/>\nSipas mediave nga Mali i Zi viktima \u00ebsht\u00eb Ivan Laban \u00a0dhe \u00ebsht\u00eb vrar\u00eb n\u00eb nj\u00eb atentat af\u00ebr qendr\u00ebs sportive \u201cTopolica\u201d n\u00eb Bar, pasi kishte p\u00ebrfunduar ndeshja e basketbollit<\/p>\n<p>Sipas burimeve t\u00eb mediave, i riu ishte n\u00eb shoq\u00ebrin\u00eb e nj\u00eb vajze dhe \u00ebsht\u00eb q\u00eblluar nga dy persona q\u00eb ishin n\u00eb nj\u00eb moto\u00e7iklet\u00eb dhe mbanin n\u00eb kok\u00eb helmeta. Atentator\u00ebt sht\u00ebn\u00eb n\u00eb te, pasi ai hyri n\u00eb vetur\u00eb.\/GazetaBlic<\/p>\n<!--YouTube Error: bad URL entered-->\n<!--YouTube Error: bad URL entered-->\n<p>&nbsp;<\/p>\n","protected":false},"excerpt":{"rendered":"<p>N\u00eb Tivar (Bar)t\u00eb Mali t\u00eb Zi, n\u00eb mbr\u00ebmjen e sotme \u00ebsht\u00eb vrar\u00eb nj\u00eb i ri 29 vje\u00e7ar, pas p\u00ebrfundimit t\u00eb ndeshjes mes Mornar \u2013 Crvena Zvezda. Sipas mediave nga Mali i Zi viktima \u00ebsht\u00eb Ivan Laban \u00a0dhe \u00ebsht\u00eb vrar\u00eb n\u00eb nj\u00eb atentat af\u00ebr qendr\u00ebs sportive \u201cTopolica\u201d n\u00eb Bar, pasi kishte p\u00ebrfunduar ndeshja e basketbollit Sipas [&hellip;]<\/p>\n","protected":false},"author":1,"featured_media":0,"comment_status":"closed","ping_status":"closed","sticky":false,"template":"","format":"standard","meta":{"spay_email":"","jetpack_publicize_message":"","jetpack_is_tweetstorm":false,"jetpack_publicize_feature_enabled":true},"categories":[3],"tags":[],"jetpack_publicize_connections":[],"yoast_head":"<!-- This site is optimized with the Yoast SEO plugin v19.1 - https:\/\/yoast.com\/wordpress\/plugins\/seo\/ -->\n<title>N\u00eb Tivar vritet nj\u00eb i ri pas p\u00ebrfundimit t\u00eb ndeshjes Mornar \u2013 Crvena Zvezda - Video - Lajme nga Ulqini<\/title>\n<meta name=\"description\" content=\"N\u00eb Tivar (Bar)t\u00eb Mali t\u00eb Zi, n\u00eb mbr\u00ebmjen e sotme \u00ebsht\u00eb vrar\u00eb nj\u00eb i ri 29 vje\u00e7ar, pas p\u00ebrfundimit t\u00eb ndeshjes mes Mornar \u2013 Crvena Zvezda. Sipas mediave nga\" \/>\n<meta name=\"robots\" content=\"index, follow, max-snippet:-1, max-image-preview:large, max-video-preview:-1\" \/>\n<link rel=\"canonical\" href=\"https:\/\/www.visit-ulcinj.com\/blog\/2016\/11\/01\/ne-tivar-vritet-nje-ri-pas-perfundimit-te-ndeshjes-mornar-crvena-zvezda-video\/\" \/>\n<meta property=\"og:locale\" content=\"en_US\" \/>\n<meta property=\"og:type\" content=\"article\" \/>\n<meta property=\"og:title\" content=\"N\u00eb Tivar vritet nj\u00eb i ri pas p\u00ebrfundimit t\u00eb ndeshjes Mornar \u2013 Crvena Zvezda - Video - Lajme nga Ulqini\" \/>\n<meta property=\"og:description\" content=\"N\u00eb Tivar (Bar)t\u00eb Mali t\u00eb Zi, n\u00eb mbr\u00ebmjen e sotme \u00ebsht\u00eb vrar\u00eb nj\u00eb i ri 29 vje\u00e7ar, pas p\u00ebrfundimit t\u00eb ndeshjes mes Mornar \u2013 Crvena Zvezda. Sipas mediave nga\" \/>\n<meta property=\"og:url\" content=\"https:\/\/www.visit-ulcinj.com\/blog\/2016\/11\/01\/ne-tivar-vritet-nje-ri-pas-perfundimit-te-ndeshjes-mornar-crvena-zvezda-video\/\" \/>\n<meta property=\"og:site_name\" content=\"Lajme nga Ulqini\" \/>\n<meta property=\"article:published_time\" content=\"2016-11-01T14:26:14+00:00\" \/>\n<meta property=\"article:modified_time\" content=\"2016-11-01T14:28:24+00:00\" \/>\n<meta name=\"twitter:label1\" content=\"Written by\" \/>\n\t<meta name=\"twitter:data1\" content=\"ulqini\" \/>\n\t<meta name=\"twitter:label2\" content=\"Est. reading time\" \/>\n\t<meta name=\"twitter:data2\" content=\"1 minute\" \/>\n<script type=\"application\/ld+json\" class=\"yoast-schema-graph\">{\"@context\":\"https:\/\/schema.org\",\"@graph\":[{\"@type\":\"WebSite\",\"@id\":\"https:\/\/www.visit-ulcinj.com\/blog\/#website\",\"url\":\"https:\/\/www.visit-ulcinj.com\/blog\/\",\"name\":\"Lajme nga Ulqini\",\"description\":\"Lajme,Vijesti,Ulqini,Ulqin,Crna Gora,Mali i Zi\",\"potentialAction\":[{\"@type\":\"SearchAction\",\"target\":{\"@type\":\"EntryPoint\",\"urlTemplate\":\"https:\/\/www.visit-ulcinj.com\/blog\/?s={search_term_string}\"},\"query-input\":\"required name=search_term_string\"}],\"inLanguage\":\"en-US\"},{\"@type\":\"WebPage\",\"@id\":\"https:\/\/www.visit-ulcinj.com\/blog\/2016\/11\/01\/ne-tivar-vritet-nje-ri-pas-perfundimit-te-ndeshjes-mornar-crvena-zvezda-video\/#webpage\",\"url\":\"https:\/\/www.visit-ulcinj.com\/blog\/2016\/11\/01\/ne-tivar-vritet-nje-ri-pas-perfundimit-te-ndeshjes-mornar-crvena-zvezda-video\/\",\"name\":\"N\u00eb Tivar vritet nj\u00eb i ri pas p\u00ebrfundimit t\u00eb ndeshjes Mornar \u2013 Crvena Zvezda - Video - Lajme nga Ulqini\",\"isPartOf\":{\"@id\":\"https:\/\/www.visit-ulcinj.com\/blog\/#website\"},\"datePublished\":\"2016-11-01T14:26:14+00:00\",\"dateModified\":\"2016-11-01T14:28:24+00:00\",\"author\":{\"@id\":\"https:\/\/www.visit-ulcinj.com\/blog\/#\/schema\/person\/dcab619c614d3038751c63bc2aadc06d\"},\"description\":\"N\u00eb Tivar (Bar)t\u00eb Mali t\u00eb Zi, n\u00eb mbr\u00ebmjen e sotme \u00ebsht\u00eb vrar\u00eb nj\u00eb i ri 29 vje\u00e7ar, pas p\u00ebrfundimit t\u00eb ndeshjes mes Mornar \u2013 Crvena Zvezda. Sipas mediave nga\",\"breadcrumb\":{\"@id\":\"https:\/\/www.visit-ulcinj.com\/blog\/2016\/11\/01\/ne-tivar-vritet-nje-ri-pas-perfundimit-te-ndeshjes-mornar-crvena-zvezda-video\/#breadcrumb\"},\"inLanguage\":\"en-US\",\"potentialAction\":[{\"@type\":\"ReadAction\",\"target\":[\"https:\/\/www.visit-ulcinj.com\/blog\/2016\/11\/01\/ne-tivar-vritet-nje-ri-pas-perfundimit-te-ndeshjes-mornar-crvena-zvezda-video\/\"]}]},{\"@type\":\"BreadcrumbList\",\"@id\":\"https:\/\/www.visit-ulcinj.com\/blog\/2016\/11\/01\/ne-tivar-vritet-nje-ri-pas-perfundimit-te-ndeshjes-mornar-crvena-zvezda-video\/#breadcrumb\",\"itemListElement\":[{\"@type\":\"ListItem\",\"position\":1,\"name\":\"N\u00eb Tivar vritet nj\u00eb i ri pas p\u00ebrfundimit t\u00eb ndeshjes Mornar \u2013 Crvena Zvezda &#8211; Video\"}]},{\"@type\":\"Person\",\"@id\":\"https:\/\/www.visit-ulcinj.com\/blog\/#\/schema\/person\/dcab619c614d3038751c63bc2aadc06d\",\"name\":\"ulqini\",\"sameAs\":[\"http:\/\/www.visit-ulcinj.com\"],\"url\":\"https:\/\/www.visit-ulcinj.com\/blog\/author\/admin\/\"}]}<\/script>\n<!-- \/ Yoast SEO plugin. -->","yoast_head_json":{"title":"N\u00eb Tivar vritet nj\u00eb i ri pas p\u00ebrfundimit t\u00eb ndeshjes Mornar \u2013 Crvena Zvezda - Video - Lajme nga Ulqini","description":"N\u00eb Tivar (Bar)t\u00eb Mali t\u00eb Zi, n\u00eb mbr\u00ebmjen e sotme \u00ebsht\u00eb vrar\u00eb nj\u00eb i ri 29 vje\u00e7ar, pas p\u00ebrfundimit t\u00eb ndeshjes mes Mornar \u2013 Crvena Zvezda. Sipas mediave nga","robots":{"index":"index","follow":"follow","max-snippet":"max-snippet:-1","max-image-preview":"max-image-preview:large","max-video-preview":"max-video-preview:-1"},"canonical":"https:\/\/www.visit-ulcinj.com\/blog\/2016\/11\/01\/ne-tivar-vritet-nje-ri-pas-perfundimit-te-ndeshjes-mornar-crvena-zvezda-video\/","og_locale":"en_US","og_type":"article","og_title":"N\u00eb Tivar vritet nj\u00eb i ri pas p\u00ebrfundimit t\u00eb ndeshjes Mornar \u2013 Crvena Zvezda - Video - Lajme nga Ulqini","og_description":"N\u00eb Tivar (Bar)t\u00eb Mali t\u00eb Zi, n\u00eb mbr\u00ebmjen e sotme \u00ebsht\u00eb vrar\u00eb nj\u00eb i ri 29 vje\u00e7ar, pas p\u00ebrfundimit t\u00eb ndeshjes mes Mornar \u2013 Crvena Zvezda. Sipas mediave nga","og_url":"https:\/\/www.visit-ulcinj.com\/blog\/2016\/11\/01\/ne-tivar-vritet-nje-ri-pas-perfundimit-te-ndeshjes-mornar-crvena-zvezda-video\/","og_site_name":"Lajme nga Ulqini","article_published_time":"2016-11-01T14:26:14+00:00","article_modified_time":"2016-11-01T14:28:24+00:00","twitter_misc":{"Written by":"ulqini","Est. reading time":"1 minute"},"schema":{"@context":"https:\/\/schema.org","@graph":[{"@type":"WebSite","@id":"https:\/\/www.visit-ulcinj.com\/blog\/#website","url":"https:\/\/www.visit-ulcinj.com\/blog\/","name":"Lajme nga Ulqini","description":"Lajme,Vijesti,Ulqini,Ulqin,Crna Gora,Mali i Zi","potentialAction":[{"@type":"SearchAction","target":{"@type":"EntryPoint","urlTemplate":"https:\/\/www.visit-ulcinj.com\/blog\/?s={search_term_string}"},"query-input":"required name=search_term_string"}],"inLanguage":"en-US"},{"@type":"WebPage","@id":"https:\/\/www.visit-ulcinj.com\/blog\/2016\/11\/01\/ne-tivar-vritet-nje-ri-pas-perfundimit-te-ndeshjes-mornar-crvena-zvezda-video\/#webpage","url":"https:\/\/www.visit-ulcinj.com\/blog\/2016\/11\/01\/ne-tivar-vritet-nje-ri-pas-perfundimit-te-ndeshjes-mornar-crvena-zvezda-video\/","name":"N\u00eb Tivar vritet nj\u00eb i ri pas p\u00ebrfundimit t\u00eb ndeshjes Mornar \u2013 Crvena Zvezda - Video - Lajme nga Ulqini","isPartOf":{"@id":"https:\/\/www.visit-ulcinj.com\/blog\/#website"},"datePublished":"2016-11-01T14:26:14+00:00","dateModified":"2016-11-01T14:28:24+00:00","author":{"@id":"https:\/\/www.visit-ulcinj.com\/blog\/#\/schema\/person\/dcab619c614d3038751c63bc2aadc06d"},"description":"N\u00eb Tivar (Bar)t\u00eb Mali t\u00eb Zi, n\u00eb mbr\u00ebmjen e sotme \u00ebsht\u00eb vrar\u00eb nj\u00eb i ri 29 vje\u00e7ar, pas p\u00ebrfundimit t\u00eb ndeshjes mes Mornar \u2013 Crvena Zvezda. Sipas mediave nga","breadcrumb":{"@id":"https:\/\/www.visit-ulcinj.com\/blog\/2016\/11\/01\/ne-tivar-vritet-nje-ri-pas-perfundimit-te-ndeshjes-mornar-crvena-zvezda-video\/#breadcrumb"},"inLanguage":"en-US","potentialAction":[{"@type":"ReadAction","target":["https:\/\/www.visit-ulcinj.com\/blog\/2016\/11\/01\/ne-tivar-vritet-nje-ri-pas-perfundimit-te-ndeshjes-mornar-crvena-zvezda-video\/"]}]},{"@type":"BreadcrumbList","@id":"https:\/\/www.visit-ulcinj.com\/blog\/2016\/11\/01\/ne-tivar-vritet-nje-ri-pas-perfundimit-te-ndeshjes-mornar-crvena-zvezda-video\/#breadcrumb","itemListElement":[{"@type":"ListItem","position":1,"name":"N\u00eb Tivar vritet nj\u00eb i ri pas p\u00ebrfundimit t\u00eb ndeshjes Mornar \u2013 Crvena Zvezda &#8211; Video"}]},{"@type":"Person","@id":"https:\/\/www.visit-ulcinj.com\/blog\/#\/schema\/person\/dcab619c614d3038751c63bc2aadc06d","name":"ulqini","sameAs":["http:\/\/www.visit-ulcinj.com"],"url":"https:\/\/www.visit-ulcinj.com\/blog\/author\/admin\/"}]}},"jetpack_featured_media_url":"","jetpack_sharing_enabled":true,"jetpack_shortlink":"https:\/\/wp.me\/pe6lTn-qcC","_links":{"self":[{"href":"https:\/\/www.visit-ulcinj.com\/blog\/wp-json\/wp\/v2\/posts\/100726"}],"collection":[{"href":"https:\/\/www.visit-ulcinj.com\/blog\/wp-json\/wp\/v2\/posts"}],"about":[{"href":"https:\/\/www.visit-ulcinj.com\/blog\/wp-json\/wp\/v2\/types\/post"}],"author":[{"embeddable":true,"href":"https:\/\/www.visit-ulcinj.com\/blog\/wp-json\/wp\/v2\/users\/1"}],"replies":[{"embeddable":true,"href":"https:\/\/www.visit-ulcinj.com\/blog\/wp-json\/wp\/v2\/comments?post=100726"}],"version-history":[{"count":2,"href":"https:\/\/www.visit-ulcinj.com\/blog\/wp-json\/wp\/v2\/posts\/100726\/revisions"}],"predecessor-version":[{"id":100729,"href":"https:\/\/www.visit-ulcinj.com\/blog\/wp-json\/wp\/v2\/posts\/100726\/revisions\/100729"}],"wp:attachment":[{"href":"https:\/\/www.visit-ulcinj.com\/blog\/wp-json\/wp\/v2\/media?parent=100726"}],"wp:term":[{"taxonomy":"category","embeddable":true,"href":"https:\/\/www.visit-ulcinj.com\/blog\/wp-json\/wp\/v2\/categories?post=100726"},{"taxonomy":"post_tag","embeddable":true,"href":"https:\/\/www.visit-ulcinj.com\/blog\/wp-json\/wp\/v2\/tags?post=100726"}],"curies":[{"name":"wp","href":"https:\/\/api.w.org\/{rel}","templated":true}]}}