{"id":100731,"date":"2016-11-01T16:08:13","date_gmt":"2016-11-01T15:08:13","guid":{"rendered":"http:\/\/www.visit-ulcinj.com\/blog\/?p=100731"},"modified":"2016-11-01T16:08:42","modified_gmt":"2016-11-01T15:08:42","slug":"ne-ulqin-perfundon-shkolla-e-peshkimit-per-fillestare","status":"publish","type":"post","link":"https:\/\/www.visit-ulcinj.com\/blog\/2016\/11\/01\/ne-ulqin-perfundon-shkolla-e-peshkimit-per-fillestare\/","title":{"rendered":"N\u00eb Ulqin p\u00ebrfundon Shkolla e peshkimit p\u00ebr fillestar\u00eb"},"content":{"rendered":"<p><strong><a href=\"http:\/\/www.visit-ulcinj.com\/blog\/wp-content\/uploads\/2016\/11\/Shkolla-e-peshkimit-p\u00ebr-fillestar\u00eb-ndahen-mir\u00ebnjohjet-Ulqin.jpg\"><img loading=\"lazy\" class=\"alignleft wp-image-100732\" src=\"http:\/\/www.visit-ulcinj.com\/blog\/wp-content\/uploads\/2016\/11\/Shkolla-e-peshkimit-p\u00ebr-fillestar\u00eb-ndahen-mir\u00ebnjohjet-Ulqin.jpg\" alt=\"Shkolla e peshkimit p\u00ebr fillestar\u00eb ndahen mir\u00ebnjohjet-Ulqin\" width=\"508\" height=\"339\" srcset=\"https:\/\/www.visit-ulcinj.com\/blog\/wp-content\/uploads\/2016\/11\/Shkolla-e-peshkimit-p\u00ebr-fillestar\u00eb-ndahen-mir\u00ebnjohjet-Ulqin.jpg 960w, https:\/\/www.visit-ulcinj.com\/blog\/wp-content\/uploads\/2016\/11\/Shkolla-e-peshkimit-p\u00ebr-fillestar\u00eb-ndahen-mir\u00ebnjohjet-Ulqin-300x200.jpg 300w, https:\/\/www.visit-ulcinj.com\/blog\/wp-content\/uploads\/2016\/11\/Shkolla-e-peshkimit-p\u00ebr-fillestar\u00eb-ndahen-mir\u00ebnjohjet-Ulqin-768x512.jpg 768w\" sizes=\"(max-width: 508px) 100vw, 508px\" \/><\/a>Shkolla e peshkimit p\u00ebr fillestar\u00eb: ndahen mir\u00ebnjohjet<\/strong><\/p>\n<p>Si aktivitet p\u00ebrb\u00ebr\u00ebs i Projektit p\u00ebr mbrojtjen e ekosistemit detar, n\u00eb bashk\u00ebpunim me partnerin n\u00eb projekt &#8211; Klubin e peshkimit sportiv \u201cBojana\u201d, p\u00ebrfundon Shkolla e peshkimit p\u00ebr fillestar\u00eb.<\/p>\n<p>Q\u00ebllimi par\u00ebsor i k\u00ebtij aktivitet ishte q\u00eb brezit t\u00eb ri t&#8217;iu p\u00ebrcillet dituria baz\u00eb mbi sportin e peshkimit n\u00eb det.<\/p>\n<div class=\"text_exposed_show\">\n<p>N\u00eb kuad\u00ebr t\u00eb k\u00ebtij aktivitet, i cili p\u00ebrb\u00ebhej prej 10 or\u00ebsh m\u00ebsimi \u2013 praks\u00eb dhe praktik\u00eb, nx\u00ebn\u00ebsit pat\u00ebn mund\u00ebsi t\u00eb njihen me baz\u00ebn teorike t\u00eb k\u00ebtij sport, por edhe ta ushtrojn\u00eb at\u00eb n\u00eb det.<\/p>\n<p>Gjithashtu, n\u00eb prezantimin edukativ q\u00eb u mbajt n\u00eb suaza t\u00eb k\u00ebsaj shkolle, profesor\u00ebt e SH.F. \u201cBoshko Struguar\u201d dhe \u201cMarshall Tito\u201d \u2013 Rasim Lika dhe Martin Ko\u00e7oviq, nx\u00ebn\u00ebsve u m\u00ebsuan r\u00ebnd\u00ebsin\u00eb e ruajtjes s\u00eb detit, organizmave dhe gjallesave q\u00eb ekzistojn\u00eb brenda tij, si dhe p\u00ebr d\u00ebmet q\u00eb mjetet shp\u00ebrthyese i shkaktojn\u00eb k\u00ebtij ekosistem kaq t\u00eb brisht\u00eb.<\/p>\n<p><a href=\"http:\/\/www.visit-ulcinj.com\/blog\/wp-content\/uploads\/2016\/11\/Shkolla-e-peshkimit-p\u00ebr-fillestar\u00eb-ndahen-mir\u00ebnjohjet-Ulqin-3.jpg\"><img loading=\"lazy\" class=\"alignleft wp-image-100733\" src=\"http:\/\/www.visit-ulcinj.com\/blog\/wp-content\/uploads\/2016\/11\/Shkolla-e-peshkimit-p\u00ebr-fillestar\u00eb-ndahen-mir\u00ebnjohjet-Ulqin-3.jpg\" alt=\"Shkolla e peshkimit p\u00ebr fillestar\u00eb ndahen mir\u00ebnjohjet-Ulqin-3\" width=\"508\" height=\"339\" srcset=\"https:\/\/www.visit-ulcinj.com\/blog\/wp-content\/uploads\/2016\/11\/Shkolla-e-peshkimit-p\u00ebr-fillestar\u00eb-ndahen-mir\u00ebnjohjet-Ulqin-3.jpg 960w, https:\/\/www.visit-ulcinj.com\/blog\/wp-content\/uploads\/2016\/11\/Shkolla-e-peshkimit-p\u00ebr-fillestar\u00eb-ndahen-mir\u00ebnjohjet-Ulqin-3-300x200.jpg 300w, https:\/\/www.visit-ulcinj.com\/blog\/wp-content\/uploads\/2016\/11\/Shkolla-e-peshkimit-p\u00ebr-fillestar\u00eb-ndahen-mir\u00ebnjohjet-Ulqin-3-768x512.jpg 768w\" sizes=\"(max-width: 508px) 100vw, 508px\" \/><\/a><\/p>\n<p>Si p\u00ebrfundim, nx\u00ebn\u00ebsve t\u00eb shkoll\u00ebs s\u00eb peshkimit, kryetari i Klubit t\u00eb peshkimit sportiv \u201cBOJANA\u201d, Muzafer Belo \u00c7aushi i ndau mir\u00ebnjohjet p\u00ebr p\u00ebrvet\u00ebsimin e suksessh\u00ebm t\u00eb njohurive dhe aft\u00ebsive t\u00eb peshkimit n\u00eb det.<\/p>\n<p><strong><a id=\"js_1a\" class=\"_hli\" href=\"https:\/\/www.facebook.com\/Ulcinj-Marine-Fauna-Protection-and-Cultivation-1573152122962758\/\" data-ft=\"{&quot;tn&quot;:&quot;k&quot;}\" data-hovercard=\"\/ajax\/hovercard\/page.php?id=1573152122962758\">Ulcinj Marine Fauna Protection and Cultivation <\/a>Facebook<\/strong><\/p>\n<\/div>\n","protected":false},"excerpt":{"rendered":"<p>Shkolla e peshkimit p\u00ebr fillestar\u00eb: ndahen mir\u00ebnjohjet Si aktivitet p\u00ebrb\u00ebr\u00ebs i Projektit p\u00ebr mbrojtjen e ekosistemit detar, n\u00eb bashk\u00ebpunim me partnerin n\u00eb projekt &#8211; Klubin e peshkimit sportiv \u201cBojana\u201d, p\u00ebrfundon Shkolla e peshkimit p\u00ebr fillestar\u00eb. Q\u00ebllimi par\u00ebsor i k\u00ebtij aktivitet ishte q\u00eb brezit t\u00eb ri t&#8217;iu p\u00ebrcillet dituria baz\u00eb mbi sportin e peshkimit n\u00eb det. [&hellip;]<\/p>\n","protected":false},"author":1,"featured_media":0,"comment_status":"closed","ping_status":"closed","sticky":false,"template":"","format":"standard","meta":{"spay_email":"","jetpack_publicize_message":"","jetpack_is_tweetstorm":false,"jetpack_publicize_feature_enabled":true},"categories":[1],"tags":[],"jetpack_publicize_connections":[],"yoast_head":"<!-- This site is optimized with the Yoast SEO plugin v19.1 - https:\/\/yoast.com\/wordpress\/plugins\/seo\/ -->\n<title>N\u00eb Ulqin p\u00ebrfundon Shkolla e peshkimit p\u00ebr fillestar\u00eb - Lajme nga Ulqini<\/title>\n<meta name=\"description\" content=\"Shkolla e peshkimit p\u00ebr fillestar\u00eb: ndahen mir\u00ebnjohjet Si aktivitet p\u00ebrb\u00ebr\u00ebs i Projektit p\u00ebr mbrojtjen e ekosistemit detar, n\u00eb bashk\u00ebpunim me partnerin n\u00eb\" \/>\n<meta name=\"robots\" content=\"index, follow, max-snippet:-1, max-image-preview:large, max-video-preview:-1\" \/>\n<link rel=\"canonical\" href=\"https:\/\/www.visit-ulcinj.com\/blog\/2016\/11\/01\/ne-ulqin-perfundon-shkolla-e-peshkimit-per-fillestare\/\" \/>\n<meta property=\"og:locale\" content=\"en_US\" \/>\n<meta property=\"og:type\" content=\"article\" \/>\n<meta property=\"og:title\" content=\"N\u00eb Ulqin p\u00ebrfundon Shkolla e peshkimit p\u00ebr fillestar\u00eb - Lajme nga Ulqini\" \/>\n<meta property=\"og:description\" content=\"Shkolla e peshkimit p\u00ebr fillestar\u00eb: ndahen mir\u00ebnjohjet Si aktivitet p\u00ebrb\u00ebr\u00ebs i Projektit p\u00ebr mbrojtjen e ekosistemit detar, n\u00eb bashk\u00ebpunim me partnerin n\u00eb\" \/>\n<meta property=\"og:url\" content=\"https:\/\/www.visit-ulcinj.com\/blog\/2016\/11\/01\/ne-ulqin-perfundon-shkolla-e-peshkimit-per-fillestare\/\" \/>\n<meta property=\"og:site_name\" content=\"Lajme nga Ulqini\" \/>\n<meta property=\"article:published_time\" content=\"2016-11-01T15:08:13+00:00\" \/>\n<meta property=\"article:modified_time\" content=\"2016-11-01T15:08:42+00:00\" \/>\n<meta name=\"twitter:label1\" content=\"Written by\" \/>\n\t<meta name=\"twitter:data1\" content=\"ulqini\" \/>\n\t<meta name=\"twitter:label2\" content=\"Est. reading time\" \/>\n\t<meta name=\"twitter:data2\" content=\"1 minute\" \/>\n<script type=\"application\/ld+json\" class=\"yoast-schema-graph\">{\"@context\":\"https:\/\/schema.org\",\"@graph\":[{\"@type\":\"WebSite\",\"@id\":\"https:\/\/www.visit-ulcinj.com\/blog\/#website\",\"url\":\"https:\/\/www.visit-ulcinj.com\/blog\/\",\"name\":\"Lajme nga Ulqini\",\"description\":\"Lajme,Vijesti,Ulqini,Ulqin,Crna Gora,Mali i Zi\",\"potentialAction\":[{\"@type\":\"SearchAction\",\"target\":{\"@type\":\"EntryPoint\",\"urlTemplate\":\"https:\/\/www.visit-ulcinj.com\/blog\/?s={search_term_string}\"},\"query-input\":\"required name=search_term_string\"}],\"inLanguage\":\"en-US\"},{\"@type\":\"WebPage\",\"@id\":\"https:\/\/www.visit-ulcinj.com\/blog\/2016\/11\/01\/ne-ulqin-perfundon-shkolla-e-peshkimit-per-fillestare\/#webpage\",\"url\":\"https:\/\/www.visit-ulcinj.com\/blog\/2016\/11\/01\/ne-ulqin-perfundon-shkolla-e-peshkimit-per-fillestare\/\",\"name\":\"N\u00eb Ulqin p\u00ebrfundon Shkolla e peshkimit p\u00ebr fillestar\u00eb - Lajme nga Ulqini\",\"isPartOf\":{\"@id\":\"https:\/\/www.visit-ulcinj.com\/blog\/#website\"},\"datePublished\":\"2016-11-01T15:08:13+00:00\",\"dateModified\":\"2016-11-01T15:08:42+00:00\",\"author\":{\"@id\":\"https:\/\/www.visit-ulcinj.com\/blog\/#\/schema\/person\/dcab619c614d3038751c63bc2aadc06d\"},\"description\":\"Shkolla e peshkimit p\u00ebr fillestar\u00eb: ndahen mir\u00ebnjohjet Si aktivitet p\u00ebrb\u00ebr\u00ebs i Projektit p\u00ebr mbrojtjen e ekosistemit detar, n\u00eb bashk\u00ebpunim me partnerin n\u00eb\",\"breadcrumb\":{\"@id\":\"https:\/\/www.visit-ulcinj.com\/blog\/2016\/11\/01\/ne-ulqin-perfundon-shkolla-e-peshkimit-per-fillestare\/#breadcrumb\"},\"inLanguage\":\"en-US\",\"potentialAction\":[{\"@type\":\"ReadAction\",\"target\":[\"https:\/\/www.visit-ulcinj.com\/blog\/2016\/11\/01\/ne-ulqin-perfundon-shkolla-e-peshkimit-per-fillestare\/\"]}]},{\"@type\":\"BreadcrumbList\",\"@id\":\"https:\/\/www.visit-ulcinj.com\/blog\/2016\/11\/01\/ne-ulqin-perfundon-shkolla-e-peshkimit-per-fillestare\/#breadcrumb\",\"itemListElement\":[{\"@type\":\"ListItem\",\"position\":1,\"name\":\"N\u00eb Ulqin p\u00ebrfundon Shkolla e peshkimit p\u00ebr fillestar\u00eb\"}]},{\"@type\":\"Person\",\"@id\":\"https:\/\/www.visit-ulcinj.com\/blog\/#\/schema\/person\/dcab619c614d3038751c63bc2aadc06d\",\"name\":\"ulqini\",\"sameAs\":[\"http:\/\/www.visit-ulcinj.com\"],\"url\":\"https:\/\/www.visit-ulcinj.com\/blog\/author\/admin\/\"}]}<\/script>\n<!-- \/ Yoast SEO plugin. -->","yoast_head_json":{"title":"N\u00eb Ulqin p\u00ebrfundon Shkolla e peshkimit p\u00ebr fillestar\u00eb - Lajme nga Ulqini","description":"Shkolla e peshkimit p\u00ebr fillestar\u00eb: ndahen mir\u00ebnjohjet Si aktivitet p\u00ebrb\u00ebr\u00ebs i Projektit p\u00ebr mbrojtjen e ekosistemit detar, n\u00eb bashk\u00ebpunim me partnerin n\u00eb","robots":{"index":"index","follow":"follow","max-snippet":"max-snippet:-1","max-image-preview":"max-image-preview:large","max-video-preview":"max-video-preview:-1"},"canonical":"https:\/\/www.visit-ulcinj.com\/blog\/2016\/11\/01\/ne-ulqin-perfundon-shkolla-e-peshkimit-per-fillestare\/","og_locale":"en_US","og_type":"article","og_title":"N\u00eb Ulqin p\u00ebrfundon Shkolla e peshkimit p\u00ebr fillestar\u00eb - Lajme nga Ulqini","og_description":"Shkolla e peshkimit p\u00ebr fillestar\u00eb: ndahen mir\u00ebnjohjet Si aktivitet p\u00ebrb\u00ebr\u00ebs i Projektit p\u00ebr mbrojtjen e ekosistemit detar, n\u00eb bashk\u00ebpunim me partnerin n\u00eb","og_url":"https:\/\/www.visit-ulcinj.com\/blog\/2016\/11\/01\/ne-ulqin-perfundon-shkolla-e-peshkimit-per-fillestare\/","og_site_name":"Lajme nga Ulqini","article_published_time":"2016-11-01T15:08:13+00:00","article_modified_time":"2016-11-01T15:08:42+00:00","twitter_misc":{"Written by":"ulqini","Est. reading time":"1 minute"},"schema":{"@context":"https:\/\/schema.org","@graph":[{"@type":"WebSite","@id":"https:\/\/www.visit-ulcinj.com\/blog\/#website","url":"https:\/\/www.visit-ulcinj.com\/blog\/","name":"Lajme nga Ulqini","description":"Lajme,Vijesti,Ulqini,Ulqin,Crna Gora,Mali i Zi","potentialAction":[{"@type":"SearchAction","target":{"@type":"EntryPoint","urlTemplate":"https:\/\/www.visit-ulcinj.com\/blog\/?s={search_term_string}"},"query-input":"required name=search_term_string"}],"inLanguage":"en-US"},{"@type":"WebPage","@id":"https:\/\/www.visit-ulcinj.com\/blog\/2016\/11\/01\/ne-ulqin-perfundon-shkolla-e-peshkimit-per-fillestare\/#webpage","url":"https:\/\/www.visit-ulcinj.com\/blog\/2016\/11\/01\/ne-ulqin-perfundon-shkolla-e-peshkimit-per-fillestare\/","name":"N\u00eb Ulqin p\u00ebrfundon Shkolla e peshkimit p\u00ebr fillestar\u00eb - Lajme nga Ulqini","isPartOf":{"@id":"https:\/\/www.visit-ulcinj.com\/blog\/#website"},"datePublished":"2016-11-01T15:08:13+00:00","dateModified":"2016-11-01T15:08:42+00:00","author":{"@id":"https:\/\/www.visit-ulcinj.com\/blog\/#\/schema\/person\/dcab619c614d3038751c63bc2aadc06d"},"description":"Shkolla e peshkimit p\u00ebr fillestar\u00eb: ndahen mir\u00ebnjohjet Si aktivitet p\u00ebrb\u00ebr\u00ebs i Projektit p\u00ebr mbrojtjen e ekosistemit detar, n\u00eb bashk\u00ebpunim me partnerin n\u00eb","breadcrumb":{"@id":"https:\/\/www.visit-ulcinj.com\/blog\/2016\/11\/01\/ne-ulqin-perfundon-shkolla-e-peshkimit-per-fillestare\/#breadcrumb"},"inLanguage":"en-US","potentialAction":[{"@type":"ReadAction","target":["https:\/\/www.visit-ulcinj.com\/blog\/2016\/11\/01\/ne-ulqin-perfundon-shkolla-e-peshkimit-per-fillestare\/"]}]},{"@type":"BreadcrumbList","@id":"https:\/\/www.visit-ulcinj.com\/blog\/2016\/11\/01\/ne-ulqin-perfundon-shkolla-e-peshkimit-per-fillestare\/#breadcrumb","itemListElement":[{"@type":"ListItem","position":1,"name":"N\u00eb Ulqin p\u00ebrfundon Shkolla e peshkimit p\u00ebr fillestar\u00eb"}]},{"@type":"Person","@id":"https:\/\/www.visit-ulcinj.com\/blog\/#\/schema\/person\/dcab619c614d3038751c63bc2aadc06d","name":"ulqini","sameAs":["http:\/\/www.visit-ulcinj.com"],"url":"https:\/\/www.visit-ulcinj.com\/blog\/author\/admin\/"}]}},"jetpack_featured_media_url":"","jetpack_sharing_enabled":true,"jetpack_shortlink":"https:\/\/wp.me\/pe6lTn-qcH","_links":{"self":[{"href":"https:\/\/www.visit-ulcinj.com\/blog\/wp-json\/wp\/v2\/posts\/100731"}],"collection":[{"href":"https:\/\/www.visit-ulcinj.com\/blog\/wp-json\/wp\/v2\/posts"}],"about":[{"href":"https:\/\/www.visit-ulcinj.com\/blog\/wp-json\/wp\/v2\/types\/post"}],"author":[{"embeddable":true,"href":"https:\/\/www.visit-ulcinj.com\/blog\/wp-json\/wp\/v2\/users\/1"}],"replies":[{"embeddable":true,"href":"https:\/\/www.visit-ulcinj.com\/blog\/wp-json\/wp\/v2\/comments?post=100731"}],"version-history":[{"count":2,"href":"https:\/\/www.visit-ulcinj.com\/blog\/wp-json\/wp\/v2\/posts\/100731\/revisions"}],"predecessor-version":[{"id":100735,"href":"https:\/\/www.visit-ulcinj.com\/blog\/wp-json\/wp\/v2\/posts\/100731\/revisions\/100735"}],"wp:attachment":[{"href":"https:\/\/www.visit-ulcinj.com\/blog\/wp-json\/wp\/v2\/media?parent=100731"}],"wp:term":[{"taxonomy":"category","embeddable":true,"href":"https:\/\/www.visit-ulcinj.com\/blog\/wp-json\/wp\/v2\/categories?post=100731"},{"taxonomy":"post_tag","embeddable":true,"href":"https:\/\/www.visit-ulcinj.com\/blog\/wp-json\/wp\/v2\/tags?post=100731"}],"curies":[{"name":"wp","href":"https:\/\/api.w.org\/{rel}","templated":true}]}}