{"id":100740,"date":"2016-11-01T22:35:46","date_gmt":"2016-11-01T21:35:46","guid":{"rendered":"http:\/\/www.visit-ulcinj.com\/blog\/?p=100740"},"modified":"2016-11-03T12:28:18","modified_gmt":"2016-11-03T11:28:18","slug":"zenka-punesimi-ne-ulqin-arrin-kulmin-ka-mungese-te-fuqise-punetore","status":"publish","type":"post","link":"https:\/\/www.visit-ulcinj.com\/blog\/2016\/11\/01\/zenka-punesimi-ne-ulqin-arrin-kulmin-ka-mungese-te-fuqise-punetore\/","title":{"rendered":"Zenka: Pun\u00ebsimi n\u00eb Ulqin arrin kulmin, ka munges\u00eb t\u00eb fuqis\u00eb pun\u00ebtore"},"content":{"rendered":"<p><strong><a href=\"http:\/\/www.visit-ulcinj.com\/blog\/wp-content\/uploads\/2016\/04\/Mehmet-Zenka-drejtor-i-NP-veprimtarite-komunale.jpg\"><img loading=\"lazy\" class=\"alignleft wp-image-96524\" src=\"http:\/\/www.visit-ulcinj.com\/blog\/wp-content\/uploads\/2016\/04\/Mehmet-Zenka-drejtor-i-NP-veprimtarite-komunale.jpg\" alt=\"Mehmet Zenka -drejtor i NP veprimtarite komunale\" width=\"508\" height=\"319\" srcset=\"https:\/\/www.visit-ulcinj.com\/blog\/wp-content\/uploads\/2016\/04\/Mehmet-Zenka-drejtor-i-NP-veprimtarite-komunale.jpg 701w, https:\/\/www.visit-ulcinj.com\/blog\/wp-content\/uploads\/2016\/04\/Mehmet-Zenka-drejtor-i-NP-veprimtarite-komunale-300x188.jpg 300w\" sizes=\"(max-width: 508px) 100vw, 508px\" \/><\/a>Mungesa e fuqis\u00eb pun\u00ebtore n\u00eb Ulqin gjat\u00eb viteve t\u00eb ardhshme do t\u00eb b\u00ebhet shum\u00eb m\u00eb e shprehur dhe m\u00eb kritik, prandaj gjat\u00eb viteve t\u00eb ardhshme t\u00eb jet\u00eb edhe m\u00eb e keqe.<\/strong><\/p>\n<p>Nd\u00ebrmarrja publike veprimtarit\u00eb komunale ka nisur p\u00ebrgatitjet p\u00ebr sezonin dim\u00ebror p\u00ebr periudh\u00ebn post sezonale.Muajt e fundit kjo nd\u00ebrmarrje \u00ebsht\u00eb ballafaquar me\u00a0 probleme p\u00ebrsa i p\u00ebrket fuqis\u00eb pun\u00ebtore,pasi ato mungojn\u00eb,duke b\u00ebr\u00eb t\u00eb pamundur pastrimin e qytetit me intensitetin e m\u00ebparsh\u00ebm,kur kan\u00eb q\u00ebn\u00eb t\u00eb pun\u00ebsuar punonj\u00ebsit sezonal, transmeton portali TV Teuta.<\/p>\n<p>Drejtori i nd\u00ebrmarrjes publike veprimtarit\u00eb komunale Mehmet Zenka, shprehet p\u00ebr televizionin Teuta se ndodhemi n\u00eb nj\u00eb situat aspak t\u00eb mir\u00eb,pasi kemi punuar me nj\u00eb fuqi pun\u00ebtore minimale gjat\u00eb k\u00ebsaj periudhe.Zenka tregon se pothuajse n\u00eb t\u00eb gjith\u00eb sektor\u00ebt e k\u00ebsaj nd\u00ebrmarrjeje ka mang\u00ebsi n\u00eb numrin e punonj\u00ebsve p\u00ebr t\u00eb p\u00ebrballuar fluksin e pun\u00ebs.Sa i p\u00ebrket gjendjes financiare kjo nd\u00ebrmarrje\u00a0 i ka tejkaluar\u00a0 problemet n\u00eb m\u00ebnyr\u00eb t\u00eb suksesshme dhe i ka shlyer t\u00eb gjitha detyrimet kundrejt punonj\u00ebsve.Me vjeljen e tarifave n\u00eb p\u00ebrgjithsi, e n\u00eb vecanti t\u00eb sht\u00ebpizave n\u00eb Bun\u00eb pritet akoma m\u00eb shum\u00eb nj\u00eb p\u00ebrmirsim i situat\u00ebs financiare n\u00eb k\u00ebt\u00eb nd\u00ebrrmarrje.<\/p>\n","protected":false},"excerpt":{"rendered":"<p>Mungesa e fuqis\u00eb pun\u00ebtore n\u00eb Ulqin gjat\u00eb viteve t\u00eb ardhshme do t\u00eb b\u00ebhet shum\u00eb m\u00eb e shprehur dhe m\u00eb kritik, prandaj gjat\u00eb viteve t\u00eb ardhshme t\u00eb jet\u00eb edhe m\u00eb e keqe. Nd\u00ebrmarrja publike veprimtarit\u00eb komunale ka nisur p\u00ebrgatitjet p\u00ebr sezonin dim\u00ebror p\u00ebr periudh\u00ebn post sezonale.Muajt e fundit kjo nd\u00ebrmarrje \u00ebsht\u00eb ballafaquar me\u00a0 probleme p\u00ebrsa i [&hellip;]<\/p>\n","protected":false},"author":1,"featured_media":0,"comment_status":"closed","ping_status":"closed","sticky":false,"template":"","format":"standard","meta":{"spay_email":"","jetpack_publicize_message":"","jetpack_is_tweetstorm":false,"jetpack_publicize_feature_enabled":true},"categories":[1,11],"tags":[],"jetpack_publicize_connections":[],"yoast_head":"<!-- This site is optimized with the Yoast SEO plugin v19.1 - https:\/\/yoast.com\/wordpress\/plugins\/seo\/ -->\n<title>Zenka: Pun\u00ebsimi n\u00eb Ulqin arrin kulmin, ka munges\u00eb t\u00eb fuqis\u00eb pun\u00ebtore - Lajme nga Ulqini<\/title>\n<meta name=\"description\" content=\"Mungesa e fuqis\u00eb pun\u00ebtore n\u00eb Ulqin gjat\u00eb viteve t\u00eb ardhshme do t\u00eb b\u00ebhet shum\u00eb m\u00eb e shprehur dhe m\u00eb kritik, prandaj gjat\u00eb viteve t\u00eb ardhshme t\u00eb jet\u00eb edhe\" \/>\n<meta name=\"robots\" content=\"index, follow, max-snippet:-1, max-image-preview:large, max-video-preview:-1\" \/>\n<link rel=\"canonical\" href=\"https:\/\/www.visit-ulcinj.com\/blog\/2016\/11\/01\/zenka-punesimi-ne-ulqin-arrin-kulmin-ka-mungese-te-fuqise-punetore\/\" \/>\n<meta property=\"og:locale\" content=\"en_US\" \/>\n<meta property=\"og:type\" content=\"article\" \/>\n<meta property=\"og:title\" content=\"Zenka: Pun\u00ebsimi n\u00eb Ulqin arrin kulmin, ka munges\u00eb t\u00eb fuqis\u00eb pun\u00ebtore - Lajme nga Ulqini\" \/>\n<meta property=\"og:description\" content=\"Mungesa e fuqis\u00eb pun\u00ebtore n\u00eb Ulqin gjat\u00eb viteve t\u00eb ardhshme do t\u00eb b\u00ebhet shum\u00eb m\u00eb e shprehur dhe m\u00eb kritik, prandaj gjat\u00eb viteve t\u00eb ardhshme t\u00eb jet\u00eb edhe\" \/>\n<meta property=\"og:url\" content=\"https:\/\/www.visit-ulcinj.com\/blog\/2016\/11\/01\/zenka-punesimi-ne-ulqin-arrin-kulmin-ka-mungese-te-fuqise-punetore\/\" \/>\n<meta property=\"og:site_name\" content=\"Lajme nga Ulqini\" \/>\n<meta property=\"article:published_time\" content=\"2016-11-01T21:35:46+00:00\" \/>\n<meta property=\"article:modified_time\" content=\"2016-11-03T11:28:18+00:00\" \/>\n<meta property=\"og:image\" content=\"http:\/\/www.visit-ulcinj.com\/blog\/wp-content\/uploads\/2016\/04\/Mehmet-Zenka-drejtor-i-NP-veprimtarite-komunale.jpg\" \/>\n<meta name=\"twitter:label1\" content=\"Written by\" \/>\n\t<meta name=\"twitter:data1\" content=\"ulqini\" \/>\n\t<meta name=\"twitter:label2\" content=\"Est. reading time\" \/>\n\t<meta name=\"twitter:data2\" content=\"1 minute\" \/>\n<script type=\"application\/ld+json\" class=\"yoast-schema-graph\">{\"@context\":\"https:\/\/schema.org\",\"@graph\":[{\"@type\":\"WebSite\",\"@id\":\"https:\/\/www.visit-ulcinj.com\/blog\/#website\",\"url\":\"https:\/\/www.visit-ulcinj.com\/blog\/\",\"name\":\"Lajme nga Ulqini\",\"description\":\"Lajme,Vijesti,Ulqini,Ulqin,Crna Gora,Mali i Zi\",\"potentialAction\":[{\"@type\":\"SearchAction\",\"target\":{\"@type\":\"EntryPoint\",\"urlTemplate\":\"https:\/\/www.visit-ulcinj.com\/blog\/?s={search_term_string}\"},\"query-input\":\"required name=search_term_string\"}],\"inLanguage\":\"en-US\"},{\"@type\":\"ImageObject\",\"inLanguage\":\"en-US\",\"@id\":\"https:\/\/www.visit-ulcinj.com\/blog\/2016\/11\/01\/zenka-punesimi-ne-ulqin-arrin-kulmin-ka-mungese-te-fuqise-punetore\/#primaryimage\",\"url\":\"https:\/\/www.visit-ulcinj.com\/blog\/wp-content\/uploads\/2016\/04\/Mehmet-Zenka-drejtor-i-NP-veprimtarite-komunale.jpg\",\"contentUrl\":\"https:\/\/www.visit-ulcinj.com\/blog\/wp-content\/uploads\/2016\/04\/Mehmet-Zenka-drejtor-i-NP-veprimtarite-komunale.jpg\",\"width\":701,\"height\":440},{\"@type\":\"WebPage\",\"@id\":\"https:\/\/www.visit-ulcinj.com\/blog\/2016\/11\/01\/zenka-punesimi-ne-ulqin-arrin-kulmin-ka-mungese-te-fuqise-punetore\/#webpage\",\"url\":\"https:\/\/www.visit-ulcinj.com\/blog\/2016\/11\/01\/zenka-punesimi-ne-ulqin-arrin-kulmin-ka-mungese-te-fuqise-punetore\/\",\"name\":\"Zenka: Pun\u00ebsimi n\u00eb Ulqin arrin kulmin, ka munges\u00eb t\u00eb fuqis\u00eb pun\u00ebtore - Lajme nga Ulqini\",\"isPartOf\":{\"@id\":\"https:\/\/www.visit-ulcinj.com\/blog\/#website\"},\"primaryImageOfPage\":{\"@id\":\"https:\/\/www.visit-ulcinj.com\/blog\/2016\/11\/01\/zenka-punesimi-ne-ulqin-arrin-kulmin-ka-mungese-te-fuqise-punetore\/#primaryimage\"},\"datePublished\":\"2016-11-01T21:35:46+00:00\",\"dateModified\":\"2016-11-03T11:28:18+00:00\",\"author\":{\"@id\":\"https:\/\/www.visit-ulcinj.com\/blog\/#\/schema\/person\/dcab619c614d3038751c63bc2aadc06d\"},\"description\":\"Mungesa e fuqis\u00eb pun\u00ebtore n\u00eb Ulqin gjat\u00eb viteve t\u00eb ardhshme do t\u00eb b\u00ebhet shum\u00eb m\u00eb e shprehur dhe m\u00eb kritik, prandaj gjat\u00eb viteve t\u00eb ardhshme t\u00eb jet\u00eb edhe\",\"breadcrumb\":{\"@id\":\"https:\/\/www.visit-ulcinj.com\/blog\/2016\/11\/01\/zenka-punesimi-ne-ulqin-arrin-kulmin-ka-mungese-te-fuqise-punetore\/#breadcrumb\"},\"inLanguage\":\"en-US\",\"potentialAction\":[{\"@type\":\"ReadAction\",\"target\":[\"https:\/\/www.visit-ulcinj.com\/blog\/2016\/11\/01\/zenka-punesimi-ne-ulqin-arrin-kulmin-ka-mungese-te-fuqise-punetore\/\"]}]},{\"@type\":\"BreadcrumbList\",\"@id\":\"https:\/\/www.visit-ulcinj.com\/blog\/2016\/11\/01\/zenka-punesimi-ne-ulqin-arrin-kulmin-ka-mungese-te-fuqise-punetore\/#breadcrumb\",\"itemListElement\":[{\"@type\":\"ListItem\",\"position\":1,\"name\":\"Zenka: Pun\u00ebsimi n\u00eb Ulqin arrin kulmin, ka munges\u00eb t\u00eb fuqis\u00eb pun\u00ebtore\"}]},{\"@type\":\"Person\",\"@id\":\"https:\/\/www.visit-ulcinj.com\/blog\/#\/schema\/person\/dcab619c614d3038751c63bc2aadc06d\",\"name\":\"ulqini\",\"sameAs\":[\"http:\/\/www.visit-ulcinj.com\"],\"url\":\"https:\/\/www.visit-ulcinj.com\/blog\/author\/admin\/\"}]}<\/script>\n<!-- \/ Yoast SEO plugin. -->","yoast_head_json":{"title":"Zenka: Pun\u00ebsimi n\u00eb Ulqin arrin kulmin, ka munges\u00eb t\u00eb fuqis\u00eb pun\u00ebtore - Lajme nga Ulqini","description":"Mungesa e fuqis\u00eb pun\u00ebtore n\u00eb Ulqin gjat\u00eb viteve t\u00eb ardhshme do t\u00eb b\u00ebhet shum\u00eb m\u00eb e shprehur dhe m\u00eb kritik, prandaj gjat\u00eb viteve t\u00eb ardhshme t\u00eb jet\u00eb edhe","robots":{"index":"index","follow":"follow","max-snippet":"max-snippet:-1","max-image-preview":"max-image-preview:large","max-video-preview":"max-video-preview:-1"},"canonical":"https:\/\/www.visit-ulcinj.com\/blog\/2016\/11\/01\/zenka-punesimi-ne-ulqin-arrin-kulmin-ka-mungese-te-fuqise-punetore\/","og_locale":"en_US","og_type":"article","og_title":"Zenka: Pun\u00ebsimi n\u00eb Ulqin arrin kulmin, ka munges\u00eb t\u00eb fuqis\u00eb pun\u00ebtore - Lajme nga Ulqini","og_description":"Mungesa e fuqis\u00eb pun\u00ebtore n\u00eb Ulqin gjat\u00eb viteve t\u00eb ardhshme do t\u00eb b\u00ebhet shum\u00eb m\u00eb e shprehur dhe m\u00eb kritik, prandaj gjat\u00eb viteve t\u00eb ardhshme t\u00eb jet\u00eb edhe","og_url":"https:\/\/www.visit-ulcinj.com\/blog\/2016\/11\/01\/zenka-punesimi-ne-ulqin-arrin-kulmin-ka-mungese-te-fuqise-punetore\/","og_site_name":"Lajme nga Ulqini","article_published_time":"2016-11-01T21:35:46+00:00","article_modified_time":"2016-11-03T11:28:18+00:00","og_image":[{"url":"http:\/\/www.visit-ulcinj.com\/blog\/wp-content\/uploads\/2016\/04\/Mehmet-Zenka-drejtor-i-NP-veprimtarite-komunale.jpg"}],"twitter_misc":{"Written by":"ulqini","Est. reading time":"1 minute"},"schema":{"@context":"https:\/\/schema.org","@graph":[{"@type":"WebSite","@id":"https:\/\/www.visit-ulcinj.com\/blog\/#website","url":"https:\/\/www.visit-ulcinj.com\/blog\/","name":"Lajme nga Ulqini","description":"Lajme,Vijesti,Ulqini,Ulqin,Crna Gora,Mali i Zi","potentialAction":[{"@type":"SearchAction","target":{"@type":"EntryPoint","urlTemplate":"https:\/\/www.visit-ulcinj.com\/blog\/?s={search_term_string}"},"query-input":"required name=search_term_string"}],"inLanguage":"en-US"},{"@type":"ImageObject","inLanguage":"en-US","@id":"https:\/\/www.visit-ulcinj.com\/blog\/2016\/11\/01\/zenka-punesimi-ne-ulqin-arrin-kulmin-ka-mungese-te-fuqise-punetore\/#primaryimage","url":"https:\/\/www.visit-ulcinj.com\/blog\/wp-content\/uploads\/2016\/04\/Mehmet-Zenka-drejtor-i-NP-veprimtarite-komunale.jpg","contentUrl":"https:\/\/www.visit-ulcinj.com\/blog\/wp-content\/uploads\/2016\/04\/Mehmet-Zenka-drejtor-i-NP-veprimtarite-komunale.jpg","width":701,"height":440},{"@type":"WebPage","@id":"https:\/\/www.visit-ulcinj.com\/blog\/2016\/11\/01\/zenka-punesimi-ne-ulqin-arrin-kulmin-ka-mungese-te-fuqise-punetore\/#webpage","url":"https:\/\/www.visit-ulcinj.com\/blog\/2016\/11\/01\/zenka-punesimi-ne-ulqin-arrin-kulmin-ka-mungese-te-fuqise-punetore\/","name":"Zenka: Pun\u00ebsimi n\u00eb Ulqin arrin kulmin, ka munges\u00eb t\u00eb fuqis\u00eb pun\u00ebtore - Lajme nga Ulqini","isPartOf":{"@id":"https:\/\/www.visit-ulcinj.com\/blog\/#website"},"primaryImageOfPage":{"@id":"https:\/\/www.visit-ulcinj.com\/blog\/2016\/11\/01\/zenka-punesimi-ne-ulqin-arrin-kulmin-ka-mungese-te-fuqise-punetore\/#primaryimage"},"datePublished":"2016-11-01T21:35:46+00:00","dateModified":"2016-11-03T11:28:18+00:00","author":{"@id":"https:\/\/www.visit-ulcinj.com\/blog\/#\/schema\/person\/dcab619c614d3038751c63bc2aadc06d"},"description":"Mungesa e fuqis\u00eb pun\u00ebtore n\u00eb Ulqin gjat\u00eb viteve t\u00eb ardhshme do t\u00eb b\u00ebhet shum\u00eb m\u00eb e shprehur dhe m\u00eb kritik, prandaj gjat\u00eb viteve t\u00eb ardhshme t\u00eb jet\u00eb edhe","breadcrumb":{"@id":"https:\/\/www.visit-ulcinj.com\/blog\/2016\/11\/01\/zenka-punesimi-ne-ulqin-arrin-kulmin-ka-mungese-te-fuqise-punetore\/#breadcrumb"},"inLanguage":"en-US","potentialAction":[{"@type":"ReadAction","target":["https:\/\/www.visit-ulcinj.com\/blog\/2016\/11\/01\/zenka-punesimi-ne-ulqin-arrin-kulmin-ka-mungese-te-fuqise-punetore\/"]}]},{"@type":"BreadcrumbList","@id":"https:\/\/www.visit-ulcinj.com\/blog\/2016\/11\/01\/zenka-punesimi-ne-ulqin-arrin-kulmin-ka-mungese-te-fuqise-punetore\/#breadcrumb","itemListElement":[{"@type":"ListItem","position":1,"name":"Zenka: Pun\u00ebsimi n\u00eb Ulqin arrin kulmin, ka munges\u00eb t\u00eb fuqis\u00eb pun\u00ebtore"}]},{"@type":"Person","@id":"https:\/\/www.visit-ulcinj.com\/blog\/#\/schema\/person\/dcab619c614d3038751c63bc2aadc06d","name":"ulqini","sameAs":["http:\/\/www.visit-ulcinj.com"],"url":"https:\/\/www.visit-ulcinj.com\/blog\/author\/admin\/"}]}},"jetpack_featured_media_url":"","jetpack_sharing_enabled":true,"jetpack_shortlink":"https:\/\/wp.me\/pe6lTn-qcQ","_links":{"self":[{"href":"https:\/\/www.visit-ulcinj.com\/blog\/wp-json\/wp\/v2\/posts\/100740"}],"collection":[{"href":"https:\/\/www.visit-ulcinj.com\/blog\/wp-json\/wp\/v2\/posts"}],"about":[{"href":"https:\/\/www.visit-ulcinj.com\/blog\/wp-json\/wp\/v2\/types\/post"}],"author":[{"embeddable":true,"href":"https:\/\/www.visit-ulcinj.com\/blog\/wp-json\/wp\/v2\/users\/1"}],"replies":[{"embeddable":true,"href":"https:\/\/www.visit-ulcinj.com\/blog\/wp-json\/wp\/v2\/comments?post=100740"}],"version-history":[{"count":1,"href":"https:\/\/www.visit-ulcinj.com\/blog\/wp-json\/wp\/v2\/posts\/100740\/revisions"}],"predecessor-version":[{"id":100741,"href":"https:\/\/www.visit-ulcinj.com\/blog\/wp-json\/wp\/v2\/posts\/100740\/revisions\/100741"}],"wp:attachment":[{"href":"https:\/\/www.visit-ulcinj.com\/blog\/wp-json\/wp\/v2\/media?parent=100740"}],"wp:term":[{"taxonomy":"category","embeddable":true,"href":"https:\/\/www.visit-ulcinj.com\/blog\/wp-json\/wp\/v2\/categories?post=100740"},{"taxonomy":"post_tag","embeddable":true,"href":"https:\/\/www.visit-ulcinj.com\/blog\/wp-json\/wp\/v2\/tags?post=100740"}],"curies":[{"name":"wp","href":"https:\/\/api.w.org\/{rel}","templated":true}]}}