{"id":100742,"date":"2016-11-01T22:54:06","date_gmt":"2016-11-01T21:54:06","guid":{"rendered":"http:\/\/www.visit-ulcinj.com\/blog\/?p=100742"},"modified":"2016-11-02T15:03:40","modified_gmt":"2016-11-02T14:03:40","slug":"shqiponjat-e-publikojne-klipin-e-nxehte-pa-ty-video","status":"publish","type":"post","link":"https:\/\/www.visit-ulcinj.com\/blog\/2016\/11\/01\/shqiponjat-e-publikojne-klipin-e-nxehte-pa-ty-video\/","title":{"rendered":"Shqiponjat e publikojn\u00eb klipin e nxeht\u00eb &#8220;Pa ty&#8221; &#8211; Video"},"content":{"rendered":"<p><a href=\"http:\/\/www.visit-ulcinj.com\/blog\/wp-content\/uploads\/2016\/11\/Xhibo-Granit-Mehmeti.jpg\"><img loading=\"lazy\" class=\"alignleft wp-image-100744\" src=\"http:\/\/www.visit-ulcinj.com\/blog\/wp-content\/uploads\/2016\/11\/Xhibo-Granit-Mehmeti.jpg\" alt=\"Xhibo Granit Mehmeti\" width=\"508\" height=\"508\" \/><\/a>Grupi i njohur\u00a0 nga Ulqini \u2018Shqiponjat\u2019 publikojn\u00eb videoklipin m\u00eb t\u00eb ri t\u00eb titulluar \u2018 Pa ty \u2019. K\u00ebsaj radhe grupi sjell\u00eb nj\u00eb klip interesant, me pjesmarrjen e femrave seksi n\u00eb plazhet e Ulqinit.<\/p>\n<p>Muzik\u00ebn e k\u00ebng\u00ebs e ka b\u00ebr\u00eb <span class=\"_3oh- _58nk\">Shkelqim Ravja<\/span>,\u00a0 nd\u00ebrsa videoklipi \u00ebsht\u00eb realizuar nga G\u00ebzim Mavric, kurse in\u00e7izimi i kenges \u00ebsht\u00eb b\u00ebr\u00eb nga &#8220;Orange Records&#8221;.<\/p>\n<p><span class=\"_3oh- _58nk\">Videoklipi eshte bere ne Ada te Ulqinit..Te drejtat e videoklipit i ka Arkivashqip.<\/span><\/p>\n<!--YouTube Error: bad URL entered-->\n<p>&nbsp;<\/p>\n<div><\/div>\n","protected":false},"excerpt":{"rendered":"<p>Grupi i njohur\u00a0 nga Ulqini \u2018Shqiponjat\u2019 publikojn\u00eb videoklipin m\u00eb t\u00eb ri t\u00eb titulluar \u2018 Pa ty \u2019. K\u00ebsaj radhe grupi sjell\u00eb nj\u00eb klip interesant, me pjesmarrjen e femrave seksi n\u00eb plazhet e Ulqinit. Muzik\u00ebn e k\u00ebng\u00ebs e ka b\u00ebr\u00eb Shkelqim Ravja,\u00a0 nd\u00ebrsa videoklipi \u00ebsht\u00eb realizuar nga G\u00ebzim Mavric, kurse in\u00e7izimi i kenges \u00ebsht\u00eb b\u00ebr\u00eb nga [&hellip;]<\/p>\n","protected":false},"author":1,"featured_media":0,"comment_status":"closed","ping_status":"closed","sticky":false,"template":"","format":"standard","meta":{"spay_email":"","jetpack_publicize_message":"","jetpack_is_tweetstorm":false,"jetpack_publicize_feature_enabled":true},"categories":[1],"tags":[],"jetpack_publicize_connections":[],"yoast_head":"<!-- This site is optimized with the Yoast SEO plugin v19.1 - https:\/\/yoast.com\/wordpress\/plugins\/seo\/ -->\n<title>Shqiponjat e publikojn\u00eb klipin e nxeht\u00eb &quot;Pa ty&quot; - Video - Lajme nga Ulqini<\/title>\n<meta name=\"description\" content=\"Grupi i njohur\u00a0 nga Ulqini \u2018Shqiponjat\u2019 publikojn\u00eb videoklipin m\u00eb t\u00eb ri t\u00eb titulluar \u2018 Pa ty \u2019. K\u00ebsaj radhe grupi sjell\u00eb nj\u00eb klip interesant, me\" \/>\n<meta name=\"robots\" content=\"index, follow, max-snippet:-1, max-image-preview:large, max-video-preview:-1\" \/>\n<link rel=\"canonical\" href=\"https:\/\/www.visit-ulcinj.com\/blog\/2016\/11\/01\/shqiponjat-e-publikojne-klipin-e-nxehte-pa-ty-video\/\" \/>\n<meta property=\"og:locale\" content=\"en_US\" \/>\n<meta property=\"og:type\" content=\"article\" \/>\n<meta property=\"og:title\" content=\"Shqiponjat e publikojn\u00eb klipin e nxeht\u00eb &quot;Pa ty&quot; - Video - Lajme nga Ulqini\" \/>\n<meta property=\"og:description\" content=\"Grupi i njohur\u00a0 nga Ulqini \u2018Shqiponjat\u2019 publikojn\u00eb videoklipin m\u00eb t\u00eb ri t\u00eb titulluar \u2018 Pa ty \u2019. K\u00ebsaj radhe grupi sjell\u00eb nj\u00eb klip interesant, me\" \/>\n<meta property=\"og:url\" content=\"https:\/\/www.visit-ulcinj.com\/blog\/2016\/11\/01\/shqiponjat-e-publikojne-klipin-e-nxehte-pa-ty-video\/\" \/>\n<meta property=\"og:site_name\" content=\"Lajme nga Ulqini\" \/>\n<meta property=\"article:published_time\" content=\"2016-11-01T21:54:06+00:00\" \/>\n<meta property=\"article:modified_time\" content=\"2016-11-02T14:03:40+00:00\" \/>\n<meta property=\"og:image\" content=\"http:\/\/www.visit-ulcinj.com\/blog\/wp-content\/uploads\/2016\/11\/Xhibo-Granit-Mehmeti.jpg\" \/>\n<meta name=\"twitter:label1\" content=\"Written by\" \/>\n\t<meta name=\"twitter:data1\" content=\"ulqini\" \/>\n<script type=\"application\/ld+json\" class=\"yoast-schema-graph\">{\"@context\":\"https:\/\/schema.org\",\"@graph\":[{\"@type\":\"WebSite\",\"@id\":\"https:\/\/www.visit-ulcinj.com\/blog\/#website\",\"url\":\"https:\/\/www.visit-ulcinj.com\/blog\/\",\"name\":\"Lajme nga Ulqini\",\"description\":\"Lajme,Vijesti,Ulqini,Ulqin,Crna Gora,Mali i Zi\",\"potentialAction\":[{\"@type\":\"SearchAction\",\"target\":{\"@type\":\"EntryPoint\",\"urlTemplate\":\"https:\/\/www.visit-ulcinj.com\/blog\/?s={search_term_string}\"},\"query-input\":\"required name=search_term_string\"}],\"inLanguage\":\"en-US\"},{\"@type\":\"ImageObject\",\"inLanguage\":\"en-US\",\"@id\":\"https:\/\/www.visit-ulcinj.com\/blog\/2016\/11\/01\/shqiponjat-e-publikojne-klipin-e-nxehte-pa-ty-video\/#primaryimage\",\"url\":\"http:\/\/www.visit-ulcinj.com\/blog\/wp-content\/uploads\/2016\/11\/Xhibo-Granit-Mehmeti.jpg\",\"contentUrl\":\"http:\/\/www.visit-ulcinj.com\/blog\/wp-content\/uploads\/2016\/11\/Xhibo-Granit-Mehmeti.jpg\"},{\"@type\":\"WebPage\",\"@id\":\"https:\/\/www.visit-ulcinj.com\/blog\/2016\/11\/01\/shqiponjat-e-publikojne-klipin-e-nxehte-pa-ty-video\/#webpage\",\"url\":\"https:\/\/www.visit-ulcinj.com\/blog\/2016\/11\/01\/shqiponjat-e-publikojne-klipin-e-nxehte-pa-ty-video\/\",\"name\":\"Shqiponjat e publikojn\u00eb klipin e nxeht\u00eb \\\"Pa ty\\\" - Video - Lajme nga Ulqini\",\"isPartOf\":{\"@id\":\"https:\/\/www.visit-ulcinj.com\/blog\/#website\"},\"primaryImageOfPage\":{\"@id\":\"https:\/\/www.visit-ulcinj.com\/blog\/2016\/11\/01\/shqiponjat-e-publikojne-klipin-e-nxehte-pa-ty-video\/#primaryimage\"},\"datePublished\":\"2016-11-01T21:54:06+00:00\",\"dateModified\":\"2016-11-02T14:03:40+00:00\",\"author\":{\"@id\":\"https:\/\/www.visit-ulcinj.com\/blog\/#\/schema\/person\/dcab619c614d3038751c63bc2aadc06d\"},\"description\":\"Grupi i njohur\u00a0 nga Ulqini \u2018Shqiponjat\u2019 publikojn\u00eb videoklipin m\u00eb t\u00eb ri t\u00eb titulluar \u2018 Pa ty \u2019. K\u00ebsaj radhe grupi sjell\u00eb nj\u00eb klip interesant, me\",\"breadcrumb\":{\"@id\":\"https:\/\/www.visit-ulcinj.com\/blog\/2016\/11\/01\/shqiponjat-e-publikojne-klipin-e-nxehte-pa-ty-video\/#breadcrumb\"},\"inLanguage\":\"en-US\",\"potentialAction\":[{\"@type\":\"ReadAction\",\"target\":[\"https:\/\/www.visit-ulcinj.com\/blog\/2016\/11\/01\/shqiponjat-e-publikojne-klipin-e-nxehte-pa-ty-video\/\"]}]},{\"@type\":\"BreadcrumbList\",\"@id\":\"https:\/\/www.visit-ulcinj.com\/blog\/2016\/11\/01\/shqiponjat-e-publikojne-klipin-e-nxehte-pa-ty-video\/#breadcrumb\",\"itemListElement\":[{\"@type\":\"ListItem\",\"position\":1,\"name\":\"Shqiponjat e publikojn\u00eb klipin e nxeht\u00eb &#8220;Pa ty&#8221; &#8211; Video\"}]},{\"@type\":\"Person\",\"@id\":\"https:\/\/www.visit-ulcinj.com\/blog\/#\/schema\/person\/dcab619c614d3038751c63bc2aadc06d\",\"name\":\"ulqini\",\"sameAs\":[\"http:\/\/www.visit-ulcinj.com\"],\"url\":\"https:\/\/www.visit-ulcinj.com\/blog\/author\/admin\/\"}]}<\/script>\n<!-- \/ Yoast SEO plugin. -->","yoast_head_json":{"title":"Shqiponjat e publikojn\u00eb klipin e nxeht\u00eb \"Pa ty\" - Video - Lajme nga Ulqini","description":"Grupi i njohur\u00a0 nga Ulqini \u2018Shqiponjat\u2019 publikojn\u00eb videoklipin m\u00eb t\u00eb ri t\u00eb titulluar \u2018 Pa ty \u2019. K\u00ebsaj radhe grupi sjell\u00eb nj\u00eb klip interesant, me","robots":{"index":"index","follow":"follow","max-snippet":"max-snippet:-1","max-image-preview":"max-image-preview:large","max-video-preview":"max-video-preview:-1"},"canonical":"https:\/\/www.visit-ulcinj.com\/blog\/2016\/11\/01\/shqiponjat-e-publikojne-klipin-e-nxehte-pa-ty-video\/","og_locale":"en_US","og_type":"article","og_title":"Shqiponjat e publikojn\u00eb klipin e nxeht\u00eb \"Pa ty\" - Video - Lajme nga Ulqini","og_description":"Grupi i njohur\u00a0 nga Ulqini \u2018Shqiponjat\u2019 publikojn\u00eb videoklipin m\u00eb t\u00eb ri t\u00eb titulluar \u2018 Pa ty \u2019. K\u00ebsaj radhe grupi sjell\u00eb nj\u00eb klip interesant, me","og_url":"https:\/\/www.visit-ulcinj.com\/blog\/2016\/11\/01\/shqiponjat-e-publikojne-klipin-e-nxehte-pa-ty-video\/","og_site_name":"Lajme nga Ulqini","article_published_time":"2016-11-01T21:54:06+00:00","article_modified_time":"2016-11-02T14:03:40+00:00","og_image":[{"url":"http:\/\/www.visit-ulcinj.com\/blog\/wp-content\/uploads\/2016\/11\/Xhibo-Granit-Mehmeti.jpg"}],"twitter_misc":{"Written by":"ulqini"},"schema":{"@context":"https:\/\/schema.org","@graph":[{"@type":"WebSite","@id":"https:\/\/www.visit-ulcinj.com\/blog\/#website","url":"https:\/\/www.visit-ulcinj.com\/blog\/","name":"Lajme nga Ulqini","description":"Lajme,Vijesti,Ulqini,Ulqin,Crna Gora,Mali i Zi","potentialAction":[{"@type":"SearchAction","target":{"@type":"EntryPoint","urlTemplate":"https:\/\/www.visit-ulcinj.com\/blog\/?s={search_term_string}"},"query-input":"required name=search_term_string"}],"inLanguage":"en-US"},{"@type":"ImageObject","inLanguage":"en-US","@id":"https:\/\/www.visit-ulcinj.com\/blog\/2016\/11\/01\/shqiponjat-e-publikojne-klipin-e-nxehte-pa-ty-video\/#primaryimage","url":"http:\/\/www.visit-ulcinj.com\/blog\/wp-content\/uploads\/2016\/11\/Xhibo-Granit-Mehmeti.jpg","contentUrl":"http:\/\/www.visit-ulcinj.com\/blog\/wp-content\/uploads\/2016\/11\/Xhibo-Granit-Mehmeti.jpg"},{"@type":"WebPage","@id":"https:\/\/www.visit-ulcinj.com\/blog\/2016\/11\/01\/shqiponjat-e-publikojne-klipin-e-nxehte-pa-ty-video\/#webpage","url":"https:\/\/www.visit-ulcinj.com\/blog\/2016\/11\/01\/shqiponjat-e-publikojne-klipin-e-nxehte-pa-ty-video\/","name":"Shqiponjat e publikojn\u00eb klipin e nxeht\u00eb \"Pa ty\" - Video - Lajme nga Ulqini","isPartOf":{"@id":"https:\/\/www.visit-ulcinj.com\/blog\/#website"},"primaryImageOfPage":{"@id":"https:\/\/www.visit-ulcinj.com\/blog\/2016\/11\/01\/shqiponjat-e-publikojne-klipin-e-nxehte-pa-ty-video\/#primaryimage"},"datePublished":"2016-11-01T21:54:06+00:00","dateModified":"2016-11-02T14:03:40+00:00","author":{"@id":"https:\/\/www.visit-ulcinj.com\/blog\/#\/schema\/person\/dcab619c614d3038751c63bc2aadc06d"},"description":"Grupi i njohur\u00a0 nga Ulqini \u2018Shqiponjat\u2019 publikojn\u00eb videoklipin m\u00eb t\u00eb ri t\u00eb titulluar \u2018 Pa ty \u2019. K\u00ebsaj radhe grupi sjell\u00eb nj\u00eb klip interesant, me","breadcrumb":{"@id":"https:\/\/www.visit-ulcinj.com\/blog\/2016\/11\/01\/shqiponjat-e-publikojne-klipin-e-nxehte-pa-ty-video\/#breadcrumb"},"inLanguage":"en-US","potentialAction":[{"@type":"ReadAction","target":["https:\/\/www.visit-ulcinj.com\/blog\/2016\/11\/01\/shqiponjat-e-publikojne-klipin-e-nxehte-pa-ty-video\/"]}]},{"@type":"BreadcrumbList","@id":"https:\/\/www.visit-ulcinj.com\/blog\/2016\/11\/01\/shqiponjat-e-publikojne-klipin-e-nxehte-pa-ty-video\/#breadcrumb","itemListElement":[{"@type":"ListItem","position":1,"name":"Shqiponjat e publikojn\u00eb klipin e nxeht\u00eb &#8220;Pa ty&#8221; &#8211; Video"}]},{"@type":"Person","@id":"https:\/\/www.visit-ulcinj.com\/blog\/#\/schema\/person\/dcab619c614d3038751c63bc2aadc06d","name":"ulqini","sameAs":["http:\/\/www.visit-ulcinj.com"],"url":"https:\/\/www.visit-ulcinj.com\/blog\/author\/admin\/"}]}},"jetpack_featured_media_url":"","jetpack_sharing_enabled":true,"jetpack_shortlink":"https:\/\/wp.me\/pe6lTn-qcS","_links":{"self":[{"href":"https:\/\/www.visit-ulcinj.com\/blog\/wp-json\/wp\/v2\/posts\/100742"}],"collection":[{"href":"https:\/\/www.visit-ulcinj.com\/blog\/wp-json\/wp\/v2\/posts"}],"about":[{"href":"https:\/\/www.visit-ulcinj.com\/blog\/wp-json\/wp\/v2\/types\/post"}],"author":[{"embeddable":true,"href":"https:\/\/www.visit-ulcinj.com\/blog\/wp-json\/wp\/v2\/users\/1"}],"replies":[{"embeddable":true,"href":"https:\/\/www.visit-ulcinj.com\/blog\/wp-json\/wp\/v2\/comments?post=100742"}],"version-history":[{"count":6,"href":"https:\/\/www.visit-ulcinj.com\/blog\/wp-json\/wp\/v2\/posts\/100742\/revisions"}],"predecessor-version":[{"id":100758,"href":"https:\/\/www.visit-ulcinj.com\/blog\/wp-json\/wp\/v2\/posts\/100742\/revisions\/100758"}],"wp:attachment":[{"href":"https:\/\/www.visit-ulcinj.com\/blog\/wp-json\/wp\/v2\/media?parent=100742"}],"wp:term":[{"taxonomy":"category","embeddable":true,"href":"https:\/\/www.visit-ulcinj.com\/blog\/wp-json\/wp\/v2\/categories?post=100742"},{"taxonomy":"post_tag","embeddable":true,"href":"https:\/\/www.visit-ulcinj.com\/blog\/wp-json\/wp\/v2\/tags?post=100742"}],"curies":[{"name":"wp","href":"https:\/\/api.w.org\/{rel}","templated":true}]}}