{"id":10075,"date":"2009-01-29T21:06:05","date_gmt":"2009-01-29T20:06:05","guid":{"rendered":"http:\/\/www.visit-ulcinj.com\/blog\/?p=10075"},"modified":"2009-01-30T18:10:37","modified_gmt":"2009-01-30T17:10:37","slug":"prishtina-gati-ta-pranoje-pakicen-malazeze","status":"publish","type":"post","link":"https:\/\/www.visit-ulcinj.com\/blog\/2009\/01\/29\/prishtina-gati-ta-pranoje-pakicen-malazeze\/","title":{"rendered":"Prishtina gati ta pranoj\u00eb pakic\u00ebn malazeze &#8211; Video"},"content":{"rendered":"<p><strong><a rel=\"attachment wp-att-10076\" href=\"http:\/\/www.visit-ulcinj.com\/blog\/2009\/01\/29\/prishtina-gati-ta-pranoje-pakicen-malazeze\/delegacioni-malazez-gjate-vizites-ne-ministrine-e-kthimit-ne-kosove\/\"><img loading=\"lazy\" class=\"alignleft size-full wp-image-10076\" title=\"delegacioni-malazez-gjate-vizites-ne-ministrine-e-kthimit-ne-kosove\" src=\"http:\/\/www.visit-ulcinj.com\/blog\/wp-content\/uploads\/2009\/01\/delegacioni-malazez-gjate-vizites-ne-ministrine-e-kthimit-ne-kosove.jpg\" alt=\"delegacioni-malazez-gjate-vizites-ne-ministrine-e-kthimit-ne-kosove\" width=\"570\" height=\"320\" \/><\/a>N\u00ebnkryetari i Kuvendit t\u00eb Malit t\u00eb Zi, Rifat Rastoder tha t\u00eb m\u00ebrkur\u00ebn n\u00eb Prishtin\u00eb q\u00eb ka ardhur koha q\u00eb malazez\u00ebt kosovar\u00eb t\u00eb mos identifikohen m\u00eb me serb\u00ebt, apo me cil\u00ebndo bashk\u00ebsi tjet\u00ebr.<\/strong><br \/>\nK\u00ebto komente ai b\u00ebri n\u00eb nj\u00eb debat t\u00eb organizuar me tem\u00ebn \u201cPozita e malazez\u00ebve n\u00eb Kosov\u00eb\u201d. \u201cNuk duhet t\u00eb ket\u00eb dyshim se mbase \u00e7\u00ebshtja m\u00eb e ndjeshme \u00ebsht\u00eb pik\u00ebrisht kjo, e drejta kushtetuese p\u00ebr gjendjen e bashk\u00ebsis\u00eb malazeze n\u00eb Kosov\u00eb dhe krijimi i kushteve p\u00ebr kthimin e t\u00eb zhvendosurve nga Kosova, q\u00eb do t\u00eb thot\u00eb krijimi i kushteve p\u00ebr nj\u00eb paqe afatgjat\u00eb dhe stabilitet n\u00eb rajon&#8221;, tha Rastander.<\/p>\n<p>N\u00eb k\u00ebt\u00eb tem\u00eb diskutoi edhe ministri i Pushtetit Lokal t\u00eb Kosov\u00ebs, Sadri Ferati, sipas t\u00eb cilit nuk ekziston asnj\u00eb penges\u00eb kushtetuese dhe ligjore q\u00eb e pengon organizimin dhe t\u00eb drejtat e komunitetit malazez n\u00eb Kosov\u00eb.<\/p>\n<p>\u201cQeveria e Kosov\u00ebs \u00ebsht\u00eb e gatshme t\u2019u p\u00ebrgjigjet dhe t\u2019i pranoj\u00eb k\u00ebrkesat e komunitetit malazez n\u00eb Kosov\u00eb\u201d, tha Ferati, duke shtuar se institucionet e Kosov\u00ebs jan\u00eb t\u00eb gatshme sot t\u00eb ndryshojn\u00eb qasjen plot\u00ebsisht nga vet\u00eb d\u00ebshira e malazez\u00ebve.<\/p>\n<p><strong>Malazez\u00ebt k\u00ebrkojn\u00eb status m\u00eb t\u00eb mir\u00eb<\/strong><\/p>\n<p>Ministri p\u00ebr Kthim dhe Komunitete, Sasha Rashi\u00e7, pas takimit me delegacionin e lart\u00eb nga Podgorica, ka th\u00ebn\u00eb se institucionet e Kosov\u00ebs do t\u00eb punojn\u00eb p\u00ebr nj\u00eb status m\u00eb t\u00eb mir\u00eb t\u00eb malazez\u00ebve n\u00eb Kosov\u00eb. Rifat Rastoder thot\u00eb se malazez\u00ebt nuk trajtohen si pakicat e tjera.<\/p>\n<p>Zyrtar\u00eb t\u00eb lart\u00eb t\u00eb shtetit t\u00eb Malit t\u00eb Zi pas takimeve me udh\u00ebheq\u00ebsit e institucioneve t\u00eb Kosov\u00ebs, kan\u00eb realizuar edhe nj\u00eb takim me ministrin p\u00ebr Kthim dhe Komunitete, Sasha Rashi\u00e7. Gjat\u00eb takimit q\u00eb ka zgjatur, m\u00ebsuam se nj\u00eb or\u00eb e gjysm\u00eb \u00ebsht\u00eb biseduar kryesisht p\u00ebr pozit\u00ebn e pakic\u00ebs malazeze n\u00eb Kosov\u00eb. Zyrtar\u00ebt nga Podgorica kan\u00eb k\u00ebrkuar q\u00eb shtetasit e tyre q\u00eb jetojn\u00eb n\u00eb Kosov\u00eb t\u00eb ken\u00eb t\u00eb drejtat t\u00eb barabarta me pakicat e tjera n\u00eb Kosov\u00eb.<\/p>\n<p>N\u00ebnkryetari i legjislativit malazez, Rifat Rastoder ka th\u00ebn\u00eb se nuk d\u00ebshirojn\u00eb t\u00eb b\u00ebjn\u00eb asnj\u00eb presion apo kusht\u00ebzim si\u00e7 \u00ebsht\u00eb th\u00ebn\u00eb dit\u00eb m\u00eb par\u00eb, por, sipas tij, ata kan\u00eb biseduar gjat\u00eb gjith\u00eb koh\u00ebs me lider\u00ebt e Kosov\u00ebs p\u00ebr t\u00eb gjetur m\u00ebnyr\u00ebn p\u00ebr nj\u00eb pozit\u00eb m\u00eb t\u00eb mir\u00eb t\u00eb malazez\u00ebve q\u00eb jetojn\u00eb n\u00eb Kosov\u00eb.<\/p>\n<p>\u201c\u00c7\u00ebshtja q\u00eb na ka interesuar ka qen\u00eb statusi kushtetues i malazez\u00ebve t\u00eb Kosov\u00ebs. Dim\u00eb p\u00ebr statusin e pakicave t\u00eb tjera, por malazez\u00ebt kan\u00eb mbetur anash dhe p\u00ebr k\u00ebt\u00eb jemi interesuar\u201d, ka th\u00ebn\u00eb Rastoder. Tem\u00eb tjet\u00ebr q\u00eb \u00ebsht\u00eb biseduar nd\u00ebrmjet Rashicit dhe Rastoderit ka qen\u00eb edhe krijimi i kushteve p\u00ebr kthimin e t\u00eb shp\u00ebrngulurve nga Mali i Zi .<\/p>\n<p>\u201cAjo q\u00eb kemi diskutuar ka qen\u00eb q\u00eb t`i ndihmojm\u00eb nj\u00ebri-tjetrit, kulmi i gjith\u00eb k\u00ebsaj ka qen\u00eb q\u00eb t\u00eb ndihmojm\u00eb nj\u00ebri-tjetrin. T\u00eb mos b\u00ebjm\u00eb presione, mos t\u00eb pengojm\u00eb nj\u00ebri-tjetrin, por t\u00eb gjejm\u00eb m\u00ebnyra se si t`i ndihmojm\u00eb nj\u00ebri-tjetrit\u2019, kan\u00eb th\u00ebn\u00eb zyrtar\u00ebt nga Podgorica.<\/p>\n<p>Ministri p\u00ebr Kthim dhe Komunitete, Sasha Rashi\u00e7 ka th\u00ebn\u00eb se me zyrtar\u00ebt nga Mali i Zi jan\u00eb dakorduar p\u00ebr t\u00eb bashk\u00ebpunuar n\u00eb shum\u00eb fusha q\u00eb kan\u00eb t\u00eb b\u00ebjn\u00eb me kthimin e personave t\u00eb zhvendosur.<\/p>\n<p>\u201cKemi ardhur n\u00eb p\u00ebrfundime t\u00eb p\u00ebrbashk\u00ebta, p\u00ebr bashk\u00ebpunim, p\u00ebr planet tona t\u00eb bashk\u00ebpunimit p\u00ebr t\u00eb gjitha minoritetet n\u00eb Kosov\u00eb dhe t\u00eb gjith\u00eb ata t\u00eb d\u00ebbuarit q\u00eb ndodhen n\u00eb Mal t\u00eb Zi\u201d, ka deklaruar Rashi\u00e7.<\/p>\n<p>N\u00ebnkryetari i legjislativit malazez, Rastoder, duke folur p\u00ebr pozit\u00ebn e bashk\u00ebkomb\u00ebsve t\u00eb tij q\u00eb jetojn\u00eb n\u00eb Kosov\u00eb, k\u00ebrkoi nga institucionet kosovare q\u00eb t\u00eb mos i identifikojn\u00eb k\u00ebta qytetar\u00eb me bashk\u00ebsin\u00eb serbe. Ndryshe, zyrtar\u00ebt m\u00eb t\u00eb lart\u00eb n\u00eb Podgoric\u00eb dit\u00eb m\u00eb par\u00eb kan\u00eb k\u00ebrkuar q\u00eb malazez\u00ebt n\u00eb Kosov\u00eb ta ken\u00eb statusin e pakicave, duke b\u00ebr\u00eb k\u00ebshtu kusht\u00ebzimin e hapjes s\u00eb Ambasad\u00ebs s\u00eb Kosov\u00ebs n\u00eb Mal t\u00eb Zi.<\/p>\n<p><strong>Nebih Maxhuni<br \/>\nGazeta Express<\/strong><\/p>\n<p><!--YouTube Error: bad URL entered--><strong><br \/>\n<\/strong><\/p>\n","protected":false},"excerpt":{"rendered":"<p>N\u00ebnkryetari i Kuvendit t\u00eb Malit t\u00eb Zi, Rifat Rastoder tha t\u00eb m\u00ebrkur\u00ebn n\u00eb Prishtin\u00eb q\u00eb ka ardhur koha q\u00eb malazez\u00ebt kosovar\u00eb t\u00eb mos identifikohen m\u00eb me serb\u00ebt, apo me cil\u00ebndo bashk\u00ebsi tjet\u00ebr. K\u00ebto komente ai b\u00ebri n\u00eb nj\u00eb debat t\u00eb organizuar me tem\u00ebn \u201cPozita e malazez\u00ebve n\u00eb Kosov\u00eb\u201d. \u201cNuk duhet t\u00eb ket\u00eb dyshim se mbase [&hellip;]<\/p>\n","protected":false},"author":1,"featured_media":0,"comment_status":"open","ping_status":"closed","sticky":false,"template":"","format":"standard","meta":{"spay_email":"","jetpack_publicize_message":"","jetpack_is_tweetstorm":false,"jetpack_publicize_feature_enabled":true},"categories":[14],"tags":[6204,6207,6210,106,6212,6208,6205,6206,174,6209,6211],"jetpack_publicize_connections":[],"yoast_head":"<!-- This site is optimized with the Yoast SEO plugin v19.1 - https:\/\/yoast.com\/wordpress\/plugins\/seo\/ -->\n<title>Prishtina gati ta pranoj\u00eb pakic\u00ebn malazeze - Video - Lajme nga Ulqini<\/title>\n<meta name=\"description\" content=\"N\u00ebnkryetari i Kuvendit t\u00eb Malit t\u00eb Zi, Rifat Rastoder tha t\u00eb m\u00ebrkur\u00ebn n\u00eb Prishtin\u00eb q\u00eb ka ardhur koha q\u00eb malazez\u00ebt kosovar\u00eb t\u00eb mos identifikohen m\u00eb me\" \/>\n<meta name=\"robots\" content=\"index, follow, max-snippet:-1, max-image-preview:large, max-video-preview:-1\" \/>\n<link rel=\"canonical\" href=\"https:\/\/www.visit-ulcinj.com\/blog\/2009\/01\/29\/prishtina-gati-ta-pranoje-pakicen-malazeze\/\" \/>\n<meta property=\"og:locale\" content=\"en_US\" \/>\n<meta property=\"og:type\" content=\"article\" \/>\n<meta property=\"og:title\" content=\"Prishtina gati ta pranoj\u00eb pakic\u00ebn malazeze - Video - Lajme nga Ulqini\" \/>\n<meta property=\"og:description\" content=\"N\u00ebnkryetari i Kuvendit t\u00eb Malit t\u00eb Zi, Rifat Rastoder tha t\u00eb m\u00ebrkur\u00ebn n\u00eb Prishtin\u00eb q\u00eb ka ardhur koha q\u00eb malazez\u00ebt kosovar\u00eb t\u00eb mos identifikohen m\u00eb me\" \/>\n<meta property=\"og:url\" content=\"https:\/\/www.visit-ulcinj.com\/blog\/2009\/01\/29\/prishtina-gati-ta-pranoje-pakicen-malazeze\/\" \/>\n<meta property=\"og:site_name\" content=\"Lajme nga Ulqini\" \/>\n<meta property=\"article:published_time\" content=\"2009-01-29T20:06:05+00:00\" \/>\n<meta property=\"article:modified_time\" content=\"2009-01-30T17:10:37+00:00\" \/>\n<meta property=\"og:image\" content=\"http:\/\/www.visit-ulcinj.com\/blog\/wp-content\/uploads\/2009\/01\/delegacioni-malazez-gjate-vizites-ne-ministrine-e-kthimit-ne-kosove.jpg\" \/>\n<meta name=\"twitter:label1\" content=\"Written by\" \/>\n\t<meta name=\"twitter:data1\" content=\"ulqini\" \/>\n\t<meta name=\"twitter:label2\" content=\"Est. reading time\" \/>\n\t<meta name=\"twitter:data2\" content=\"4 minutes\" \/>\n<script type=\"application\/ld+json\" class=\"yoast-schema-graph\">{\"@context\":\"https:\/\/schema.org\",\"@graph\":[{\"@type\":\"WebSite\",\"@id\":\"https:\/\/www.visit-ulcinj.com\/blog\/#website\",\"url\":\"https:\/\/www.visit-ulcinj.com\/blog\/\",\"name\":\"Lajme nga Ulqini\",\"description\":\"Lajme,Vijesti,Ulqini,Ulqin,Crna Gora,Mali i Zi\",\"potentialAction\":[{\"@type\":\"SearchAction\",\"target\":{\"@type\":\"EntryPoint\",\"urlTemplate\":\"https:\/\/www.visit-ulcinj.com\/blog\/?s={search_term_string}\"},\"query-input\":\"required name=search_term_string\"}],\"inLanguage\":\"en-US\"},{\"@type\":\"ImageObject\",\"inLanguage\":\"en-US\",\"@id\":\"https:\/\/www.visit-ulcinj.com\/blog\/2009\/01\/29\/prishtina-gati-ta-pranoje-pakicen-malazeze\/#primaryimage\",\"url\":\"https:\/\/www.visit-ulcinj.com\/blog\/wp-content\/uploads\/2009\/01\/delegacioni-malazez-gjate-vizites-ne-ministrine-e-kthimit-ne-kosove.jpg\",\"contentUrl\":\"https:\/\/www.visit-ulcinj.com\/blog\/wp-content\/uploads\/2009\/01\/delegacioni-malazez-gjate-vizites-ne-ministrine-e-kthimit-ne-kosove.jpg\",\"width\":\"490\",\"height\":\"320\"},{\"@type\":\"WebPage\",\"@id\":\"https:\/\/www.visit-ulcinj.com\/blog\/2009\/01\/29\/prishtina-gati-ta-pranoje-pakicen-malazeze\/#webpage\",\"url\":\"https:\/\/www.visit-ulcinj.com\/blog\/2009\/01\/29\/prishtina-gati-ta-pranoje-pakicen-malazeze\/\",\"name\":\"Prishtina gati ta pranoj\u00eb pakic\u00ebn malazeze - Video - Lajme nga Ulqini\",\"isPartOf\":{\"@id\":\"https:\/\/www.visit-ulcinj.com\/blog\/#website\"},\"primaryImageOfPage\":{\"@id\":\"https:\/\/www.visit-ulcinj.com\/blog\/2009\/01\/29\/prishtina-gati-ta-pranoje-pakicen-malazeze\/#primaryimage\"},\"datePublished\":\"2009-01-29T20:06:05+00:00\",\"dateModified\":\"2009-01-30T17:10:37+00:00\",\"author\":{\"@id\":\"https:\/\/www.visit-ulcinj.com\/blog\/#\/schema\/person\/dcab619c614d3038751c63bc2aadc06d\"},\"description\":\"N\u00ebnkryetari i Kuvendit t\u00eb Malit t\u00eb Zi, Rifat Rastoder tha t\u00eb m\u00ebrkur\u00ebn n\u00eb Prishtin\u00eb q\u00eb ka ardhur koha q\u00eb malazez\u00ebt kosovar\u00eb t\u00eb mos identifikohen m\u00eb me\",\"breadcrumb\":{\"@id\":\"https:\/\/www.visit-ulcinj.com\/blog\/2009\/01\/29\/prishtina-gati-ta-pranoje-pakicen-malazeze\/#breadcrumb\"},\"inLanguage\":\"en-US\",\"potentialAction\":[{\"@type\":\"ReadAction\",\"target\":[\"https:\/\/www.visit-ulcinj.com\/blog\/2009\/01\/29\/prishtina-gati-ta-pranoje-pakicen-malazeze\/\"]}]},{\"@type\":\"BreadcrumbList\",\"@id\":\"https:\/\/www.visit-ulcinj.com\/blog\/2009\/01\/29\/prishtina-gati-ta-pranoje-pakicen-malazeze\/#breadcrumb\",\"itemListElement\":[{\"@type\":\"ListItem\",\"position\":1,\"name\":\"Prishtina gati ta pranoj\u00eb pakic\u00ebn malazeze &#8211; Video\"}]},{\"@type\":\"Person\",\"@id\":\"https:\/\/www.visit-ulcinj.com\/blog\/#\/schema\/person\/dcab619c614d3038751c63bc2aadc06d\",\"name\":\"ulqini\",\"sameAs\":[\"http:\/\/www.visit-ulcinj.com\"],\"url\":\"https:\/\/www.visit-ulcinj.com\/blog\/author\/admin\/\"}]}<\/script>\n<!-- \/ Yoast SEO plugin. -->","yoast_head_json":{"title":"Prishtina gati ta pranoj\u00eb pakic\u00ebn malazeze - Video - Lajme nga Ulqini","description":"N\u00ebnkryetari i Kuvendit t\u00eb Malit t\u00eb Zi, Rifat Rastoder tha t\u00eb m\u00ebrkur\u00ebn n\u00eb Prishtin\u00eb q\u00eb ka ardhur koha q\u00eb malazez\u00ebt kosovar\u00eb t\u00eb mos identifikohen m\u00eb me","robots":{"index":"index","follow":"follow","max-snippet":"max-snippet:-1","max-image-preview":"max-image-preview:large","max-video-preview":"max-video-preview:-1"},"canonical":"https:\/\/www.visit-ulcinj.com\/blog\/2009\/01\/29\/prishtina-gati-ta-pranoje-pakicen-malazeze\/","og_locale":"en_US","og_type":"article","og_title":"Prishtina gati ta pranoj\u00eb pakic\u00ebn malazeze - Video - Lajme nga Ulqini","og_description":"N\u00ebnkryetari i Kuvendit t\u00eb Malit t\u00eb Zi, Rifat Rastoder tha t\u00eb m\u00ebrkur\u00ebn n\u00eb Prishtin\u00eb q\u00eb ka ardhur koha q\u00eb malazez\u00ebt kosovar\u00eb t\u00eb mos identifikohen m\u00eb me","og_url":"https:\/\/www.visit-ulcinj.com\/blog\/2009\/01\/29\/prishtina-gati-ta-pranoje-pakicen-malazeze\/","og_site_name":"Lajme nga Ulqini","article_published_time":"2009-01-29T20:06:05+00:00","article_modified_time":"2009-01-30T17:10:37+00:00","og_image":[{"url":"http:\/\/www.visit-ulcinj.com\/blog\/wp-content\/uploads\/2009\/01\/delegacioni-malazez-gjate-vizites-ne-ministrine-e-kthimit-ne-kosove.jpg"}],"twitter_misc":{"Written by":"ulqini","Est. reading time":"4 minutes"},"schema":{"@context":"https:\/\/schema.org","@graph":[{"@type":"WebSite","@id":"https:\/\/www.visit-ulcinj.com\/blog\/#website","url":"https:\/\/www.visit-ulcinj.com\/blog\/","name":"Lajme nga Ulqini","description":"Lajme,Vijesti,Ulqini,Ulqin,Crna Gora,Mali i Zi","potentialAction":[{"@type":"SearchAction","target":{"@type":"EntryPoint","urlTemplate":"https:\/\/www.visit-ulcinj.com\/blog\/?s={search_term_string}"},"query-input":"required name=search_term_string"}],"inLanguage":"en-US"},{"@type":"ImageObject","inLanguage":"en-US","@id":"https:\/\/www.visit-ulcinj.com\/blog\/2009\/01\/29\/prishtina-gati-ta-pranoje-pakicen-malazeze\/#primaryimage","url":"https:\/\/www.visit-ulcinj.com\/blog\/wp-content\/uploads\/2009\/01\/delegacioni-malazez-gjate-vizites-ne-ministrine-e-kthimit-ne-kosove.jpg","contentUrl":"https:\/\/www.visit-ulcinj.com\/blog\/wp-content\/uploads\/2009\/01\/delegacioni-malazez-gjate-vizites-ne-ministrine-e-kthimit-ne-kosove.jpg","width":"490","height":"320"},{"@type":"WebPage","@id":"https:\/\/www.visit-ulcinj.com\/blog\/2009\/01\/29\/prishtina-gati-ta-pranoje-pakicen-malazeze\/#webpage","url":"https:\/\/www.visit-ulcinj.com\/blog\/2009\/01\/29\/prishtina-gati-ta-pranoje-pakicen-malazeze\/","name":"Prishtina gati ta pranoj\u00eb pakic\u00ebn malazeze - Video - Lajme nga Ulqini","isPartOf":{"@id":"https:\/\/www.visit-ulcinj.com\/blog\/#website"},"primaryImageOfPage":{"@id":"https:\/\/www.visit-ulcinj.com\/blog\/2009\/01\/29\/prishtina-gati-ta-pranoje-pakicen-malazeze\/#primaryimage"},"datePublished":"2009-01-29T20:06:05+00:00","dateModified":"2009-01-30T17:10:37+00:00","author":{"@id":"https:\/\/www.visit-ulcinj.com\/blog\/#\/schema\/person\/dcab619c614d3038751c63bc2aadc06d"},"description":"N\u00ebnkryetari i Kuvendit t\u00eb Malit t\u00eb Zi, Rifat Rastoder tha t\u00eb m\u00ebrkur\u00ebn n\u00eb Prishtin\u00eb q\u00eb ka ardhur koha q\u00eb malazez\u00ebt kosovar\u00eb t\u00eb mos identifikohen m\u00eb me","breadcrumb":{"@id":"https:\/\/www.visit-ulcinj.com\/blog\/2009\/01\/29\/prishtina-gati-ta-pranoje-pakicen-malazeze\/#breadcrumb"},"inLanguage":"en-US","potentialAction":[{"@type":"ReadAction","target":["https:\/\/www.visit-ulcinj.com\/blog\/2009\/01\/29\/prishtina-gati-ta-pranoje-pakicen-malazeze\/"]}]},{"@type":"BreadcrumbList","@id":"https:\/\/www.visit-ulcinj.com\/blog\/2009\/01\/29\/prishtina-gati-ta-pranoje-pakicen-malazeze\/#breadcrumb","itemListElement":[{"@type":"ListItem","position":1,"name":"Prishtina gati ta pranoj\u00eb pakic\u00ebn malazeze &#8211; Video"}]},{"@type":"Person","@id":"https:\/\/www.visit-ulcinj.com\/blog\/#\/schema\/person\/dcab619c614d3038751c63bc2aadc06d","name":"ulqini","sameAs":["http:\/\/www.visit-ulcinj.com"],"url":"https:\/\/www.visit-ulcinj.com\/blog\/author\/admin\/"}]}},"jetpack_featured_media_url":"","jetpack_sharing_enabled":true,"jetpack_shortlink":"https:\/\/wp.me\/pe6lTn-2Cv","_links":{"self":[{"href":"https:\/\/www.visit-ulcinj.com\/blog\/wp-json\/wp\/v2\/posts\/10075"}],"collection":[{"href":"https:\/\/www.visit-ulcinj.com\/blog\/wp-json\/wp\/v2\/posts"}],"about":[{"href":"https:\/\/www.visit-ulcinj.com\/blog\/wp-json\/wp\/v2\/types\/post"}],"author":[{"embeddable":true,"href":"https:\/\/www.visit-ulcinj.com\/blog\/wp-json\/wp\/v2\/users\/1"}],"replies":[{"embeddable":true,"href":"https:\/\/www.visit-ulcinj.com\/blog\/wp-json\/wp\/v2\/comments?post=10075"}],"version-history":[{"count":0,"href":"https:\/\/www.visit-ulcinj.com\/blog\/wp-json\/wp\/v2\/posts\/10075\/revisions"}],"wp:attachment":[{"href":"https:\/\/www.visit-ulcinj.com\/blog\/wp-json\/wp\/v2\/media?parent=10075"}],"wp:term":[{"taxonomy":"category","embeddable":true,"href":"https:\/\/www.visit-ulcinj.com\/blog\/wp-json\/wp\/v2\/categories?post=10075"},{"taxonomy":"post_tag","embeddable":true,"href":"https:\/\/www.visit-ulcinj.com\/blog\/wp-json\/wp\/v2\/tags?post=10075"}],"curies":[{"name":"wp","href":"https:\/\/api.w.org\/{rel}","templated":true}]}}