{"id":100774,"date":"2016-11-03T12:26:40","date_gmt":"2016-11-03T11:26:40","guid":{"rendered":"http:\/\/www.visit-ulcinj.com\/blog\/?p=100774"},"modified":"2016-11-04T17:56:44","modified_gmt":"2016-11-04T16:56:44","slug":"cungu-po-kerkone-vende-ne-qeveri","status":"publish","type":"post","link":"https:\/\/www.visit-ulcinj.com\/blog\/2016\/11\/03\/cungu-po-kerkone-vende-ne-qeveri\/","title":{"rendered":"Cungu po k\u00ebrkon\u00eb vende n\u00eb Qeveri"},"content":{"rendered":"<p><strong><a href=\"http:\/\/www.visit-ulcinj.com\/blog\/wp-content\/uploads\/2016\/11\/Nazif-Cungu-Ostros.jpg\"><img loading=\"lazy\" class=\"alignleft wp-image-100775\" src=\"http:\/\/www.visit-ulcinj.com\/blog\/wp-content\/uploads\/2016\/11\/Nazif-Cungu-Ostros.jpg\" alt=\"Nazif-Cungu-Ostros\" width=\"508\" height=\"373\" srcset=\"https:\/\/www.visit-ulcinj.com\/blog\/wp-content\/uploads\/2016\/11\/Nazif-Cungu-Ostros.jpg 960w, https:\/\/www.visit-ulcinj.com\/blog\/wp-content\/uploads\/2016\/11\/Nazif-Cungu-Ostros-300x220.jpg 300w, https:\/\/www.visit-ulcinj.com\/blog\/wp-content\/uploads\/2016\/11\/Nazif-Cungu-Ostros-768x563.jpg 768w\" sizes=\"(max-width: 508px) 100vw, 508px\" \/><\/a>Shqiptar\u00ebt dhe kroat\u00ebt k\u00ebrkojn\u00eb vende n\u00eb Qeveri<\/strong><\/p>\n<p>Vende t\u00eb caktuara n\u00eb Qeveri k\u00ebrkojn\u00eb edhe shqiptar\u00ebt, deklaroi Naziv Cunga nga Koalicioni \u201cShqiptar\u00eb t\u00eb vendosur\u201d, p\u00ebr Radion e Malit t\u00eb Zi, pas takimit me Dushko Markoviq, kandidatin p\u00ebr mandator. \u201cSa i p\u00ebrket pjes\u00ebmarrjes n\u00eb Qeveri, ne do ta dor\u00ebzojm\u00eb marr\u00ebveshjen e plot\u00eb dhe kuptohet se do t\u00eb k\u00ebrkojm\u00eb pozicione t\u00eb caktuar n\u00eb Qeveri\u201d, ka deklaruar Cungu. Me mandatorin p\u00ebr Qeverin\u00eb e re, Dushko Markoviq, p\u00ebrfaq\u00ebsuesit e Koalicionit, \u201cShqiptar\u00eb t\u00eb vendosur\u201d, kan\u00eb biseduar vet\u00ebm n\u00eb parim, deklaroi Cungu. \u201cMarkoviqin e kam njoftuar se jemi n\u00eb faz\u00ebn e p\u00ebrgatitjes s\u00eb platform\u00ebs s\u00eb p\u00ebrbashk\u00ebt me kroat\u00ebt dhe se dokumentin do ta prezantojm\u00eb kur t\u00eb jet\u00eb i gatsh\u00ebm\u201d.<\/p>\n<p>I pyetur se a do t\u00eb p\u00ebrgjigjet n\u00eb ofert\u00ebn q\u00eb ka d\u00ebrguar opozita dhe t\u00eb bisedoj me ta mbi formimin e Qeveris\u00eb, Cungu tha se si lider i partis\u00eb, nga opozitar\u00ebt nuk ka marr\u00eb ftes\u00eb, as let\u00ebr, prandaj edhe nuk mund t\u00eb deklarohet. Edhe kroat\u00ebt kan\u00eb k\u00ebrkuar nj\u00eb vend n\u00eb pushtetin ekzekutiv si kusht p\u00ebr hyrjen n\u00eb Qeveri nga kandidati p\u00ebr mandator Dushko Markoviq, deklaroi poashtu p\u00ebr Radion e Malit t\u00eb Zi kryetarja e Iniciativ\u00ebs Qytetare Marija Vu\u00e7inoviq. \u201cP\u00ebr mund\u00ebsin\u00eb e formimit t\u00eb ministris\u00eb s\u00eb diaspor\u00ebs, kroat\u00ebt kan\u00eb d\u00ebgjuar vet\u00ebm nga mediat, por e p\u00ebrsh\u00ebndesim k\u00ebt\u00eb ide\u201d, thot\u00eb Vu\u00e7inoviq.<\/p>\n<p>TVCG<\/p>\n","protected":false},"excerpt":{"rendered":"<p>Shqiptar\u00ebt dhe kroat\u00ebt k\u00ebrkojn\u00eb vende n\u00eb Qeveri Vende t\u00eb caktuara n\u00eb Qeveri k\u00ebrkojn\u00eb edhe shqiptar\u00ebt, deklaroi Naziv Cunga nga Koalicioni \u201cShqiptar\u00eb t\u00eb vendosur\u201d, p\u00ebr Radion e Malit t\u00eb Zi, pas takimit me Dushko Markoviq, kandidatin p\u00ebr mandator. \u201cSa i p\u00ebrket pjes\u00ebmarrjes n\u00eb Qeveri, ne do ta dor\u00ebzojm\u00eb marr\u00ebveshjen e plot\u00eb dhe kuptohet se do t\u00eb [&hellip;]<\/p>\n","protected":false},"author":1,"featured_media":0,"comment_status":"closed","ping_status":"closed","sticky":false,"template":"","format":"standard","meta":{"spay_email":"","jetpack_publicize_message":"","jetpack_is_tweetstorm":false,"jetpack_publicize_feature_enabled":true},"categories":[1,11],"tags":[],"jetpack_publicize_connections":[],"yoast_head":"<!-- This site is optimized with the Yoast SEO plugin v19.1 - https:\/\/yoast.com\/wordpress\/plugins\/seo\/ -->\n<title>Cungu po k\u00ebrkon\u00eb vende n\u00eb Qeveri - Lajme nga Ulqini<\/title>\n<meta name=\"description\" content=\"Shqiptar\u00ebt dhe kroat\u00ebt k\u00ebrkojn\u00eb vende n\u00eb Qeveri Vende t\u00eb caktuara n\u00eb Qeveri k\u00ebrkojn\u00eb edhe shqiptar\u00ebt, deklaroi Naziv Cunga nga Koalicioni \u201cShqiptar\u00eb t\u00eb\" \/>\n<meta name=\"robots\" content=\"index, follow, max-snippet:-1, max-image-preview:large, max-video-preview:-1\" \/>\n<link rel=\"canonical\" href=\"https:\/\/www.visit-ulcinj.com\/blog\/2016\/11\/03\/cungu-po-kerkone-vende-ne-qeveri\/\" \/>\n<meta property=\"og:locale\" content=\"en_US\" \/>\n<meta property=\"og:type\" content=\"article\" \/>\n<meta property=\"og:title\" content=\"Cungu po k\u00ebrkon\u00eb vende n\u00eb Qeveri - Lajme nga Ulqini\" \/>\n<meta property=\"og:description\" content=\"Shqiptar\u00ebt dhe kroat\u00ebt k\u00ebrkojn\u00eb vende n\u00eb Qeveri Vende t\u00eb caktuara n\u00eb Qeveri k\u00ebrkojn\u00eb edhe shqiptar\u00ebt, deklaroi Naziv Cunga nga Koalicioni \u201cShqiptar\u00eb t\u00eb\" \/>\n<meta property=\"og:url\" content=\"https:\/\/www.visit-ulcinj.com\/blog\/2016\/11\/03\/cungu-po-kerkone-vende-ne-qeveri\/\" \/>\n<meta property=\"og:site_name\" content=\"Lajme nga Ulqini\" \/>\n<meta property=\"article:published_time\" content=\"2016-11-03T11:26:40+00:00\" \/>\n<meta property=\"article:modified_time\" content=\"2016-11-04T16:56:44+00:00\" \/>\n<meta property=\"og:image\" content=\"http:\/\/www.visit-ulcinj.com\/blog\/wp-content\/uploads\/2016\/11\/Nazif-Cungu-Ostros.jpg\" \/>\n<meta name=\"twitter:label1\" content=\"Written by\" \/>\n\t<meta name=\"twitter:data1\" content=\"ulqini\" \/>\n\t<meta name=\"twitter:label2\" content=\"Est. reading time\" \/>\n\t<meta name=\"twitter:data2\" content=\"1 minute\" \/>\n<script type=\"application\/ld+json\" class=\"yoast-schema-graph\">{\"@context\":\"https:\/\/schema.org\",\"@graph\":[{\"@type\":\"WebSite\",\"@id\":\"https:\/\/www.visit-ulcinj.com\/blog\/#website\",\"url\":\"https:\/\/www.visit-ulcinj.com\/blog\/\",\"name\":\"Lajme nga Ulqini\",\"description\":\"Lajme,Vijesti,Ulqini,Ulqin,Crna Gora,Mali i Zi\",\"potentialAction\":[{\"@type\":\"SearchAction\",\"target\":{\"@type\":\"EntryPoint\",\"urlTemplate\":\"https:\/\/www.visit-ulcinj.com\/blog\/?s={search_term_string}\"},\"query-input\":\"required name=search_term_string\"}],\"inLanguage\":\"en-US\"},{\"@type\":\"ImageObject\",\"inLanguage\":\"en-US\",\"@id\":\"https:\/\/www.visit-ulcinj.com\/blog\/2016\/11\/03\/cungu-po-kerkone-vende-ne-qeveri\/#primaryimage\",\"url\":\"https:\/\/www.visit-ulcinj.com\/blog\/wp-content\/uploads\/2016\/11\/Nazif-Cungu-Ostros.jpg\",\"contentUrl\":\"https:\/\/www.visit-ulcinj.com\/blog\/wp-content\/uploads\/2016\/11\/Nazif-Cungu-Ostros.jpg\",\"width\":960,\"height\":704},{\"@type\":\"WebPage\",\"@id\":\"https:\/\/www.visit-ulcinj.com\/blog\/2016\/11\/03\/cungu-po-kerkone-vende-ne-qeveri\/#webpage\",\"url\":\"https:\/\/www.visit-ulcinj.com\/blog\/2016\/11\/03\/cungu-po-kerkone-vende-ne-qeveri\/\",\"name\":\"Cungu po k\u00ebrkon\u00eb vende n\u00eb Qeveri - Lajme nga Ulqini\",\"isPartOf\":{\"@id\":\"https:\/\/www.visit-ulcinj.com\/blog\/#website\"},\"primaryImageOfPage\":{\"@id\":\"https:\/\/www.visit-ulcinj.com\/blog\/2016\/11\/03\/cungu-po-kerkone-vende-ne-qeveri\/#primaryimage\"},\"datePublished\":\"2016-11-03T11:26:40+00:00\",\"dateModified\":\"2016-11-04T16:56:44+00:00\",\"author\":{\"@id\":\"https:\/\/www.visit-ulcinj.com\/blog\/#\/schema\/person\/dcab619c614d3038751c63bc2aadc06d\"},\"description\":\"Shqiptar\u00ebt dhe kroat\u00ebt k\u00ebrkojn\u00eb vende n\u00eb Qeveri Vende t\u00eb caktuara n\u00eb Qeveri k\u00ebrkojn\u00eb edhe shqiptar\u00ebt, deklaroi Naziv Cunga nga Koalicioni \u201cShqiptar\u00eb t\u00eb\",\"breadcrumb\":{\"@id\":\"https:\/\/www.visit-ulcinj.com\/blog\/2016\/11\/03\/cungu-po-kerkone-vende-ne-qeveri\/#breadcrumb\"},\"inLanguage\":\"en-US\",\"potentialAction\":[{\"@type\":\"ReadAction\",\"target\":[\"https:\/\/www.visit-ulcinj.com\/blog\/2016\/11\/03\/cungu-po-kerkone-vende-ne-qeveri\/\"]}]},{\"@type\":\"BreadcrumbList\",\"@id\":\"https:\/\/www.visit-ulcinj.com\/blog\/2016\/11\/03\/cungu-po-kerkone-vende-ne-qeveri\/#breadcrumb\",\"itemListElement\":[{\"@type\":\"ListItem\",\"position\":1,\"name\":\"Cungu po k\u00ebrkon\u00eb vende n\u00eb Qeveri\"}]},{\"@type\":\"Person\",\"@id\":\"https:\/\/www.visit-ulcinj.com\/blog\/#\/schema\/person\/dcab619c614d3038751c63bc2aadc06d\",\"name\":\"ulqini\",\"sameAs\":[\"http:\/\/www.visit-ulcinj.com\"],\"url\":\"https:\/\/www.visit-ulcinj.com\/blog\/author\/admin\/\"}]}<\/script>\n<!-- \/ Yoast SEO plugin. -->","yoast_head_json":{"title":"Cungu po k\u00ebrkon\u00eb vende n\u00eb Qeveri - Lajme nga Ulqini","description":"Shqiptar\u00ebt dhe kroat\u00ebt k\u00ebrkojn\u00eb vende n\u00eb Qeveri Vende t\u00eb caktuara n\u00eb Qeveri k\u00ebrkojn\u00eb edhe shqiptar\u00ebt, deklaroi Naziv Cunga nga Koalicioni \u201cShqiptar\u00eb t\u00eb","robots":{"index":"index","follow":"follow","max-snippet":"max-snippet:-1","max-image-preview":"max-image-preview:large","max-video-preview":"max-video-preview:-1"},"canonical":"https:\/\/www.visit-ulcinj.com\/blog\/2016\/11\/03\/cungu-po-kerkone-vende-ne-qeveri\/","og_locale":"en_US","og_type":"article","og_title":"Cungu po k\u00ebrkon\u00eb vende n\u00eb Qeveri - Lajme nga Ulqini","og_description":"Shqiptar\u00ebt dhe kroat\u00ebt k\u00ebrkojn\u00eb vende n\u00eb Qeveri Vende t\u00eb caktuara n\u00eb Qeveri k\u00ebrkojn\u00eb edhe shqiptar\u00ebt, deklaroi Naziv Cunga nga Koalicioni \u201cShqiptar\u00eb t\u00eb","og_url":"https:\/\/www.visit-ulcinj.com\/blog\/2016\/11\/03\/cungu-po-kerkone-vende-ne-qeveri\/","og_site_name":"Lajme nga Ulqini","article_published_time":"2016-11-03T11:26:40+00:00","article_modified_time":"2016-11-04T16:56:44+00:00","og_image":[{"url":"http:\/\/www.visit-ulcinj.com\/blog\/wp-content\/uploads\/2016\/11\/Nazif-Cungu-Ostros.jpg"}],"twitter_misc":{"Written by":"ulqini","Est. reading time":"1 minute"},"schema":{"@context":"https:\/\/schema.org","@graph":[{"@type":"WebSite","@id":"https:\/\/www.visit-ulcinj.com\/blog\/#website","url":"https:\/\/www.visit-ulcinj.com\/blog\/","name":"Lajme nga Ulqini","description":"Lajme,Vijesti,Ulqini,Ulqin,Crna Gora,Mali i Zi","potentialAction":[{"@type":"SearchAction","target":{"@type":"EntryPoint","urlTemplate":"https:\/\/www.visit-ulcinj.com\/blog\/?s={search_term_string}"},"query-input":"required name=search_term_string"}],"inLanguage":"en-US"},{"@type":"ImageObject","inLanguage":"en-US","@id":"https:\/\/www.visit-ulcinj.com\/blog\/2016\/11\/03\/cungu-po-kerkone-vende-ne-qeveri\/#primaryimage","url":"https:\/\/www.visit-ulcinj.com\/blog\/wp-content\/uploads\/2016\/11\/Nazif-Cungu-Ostros.jpg","contentUrl":"https:\/\/www.visit-ulcinj.com\/blog\/wp-content\/uploads\/2016\/11\/Nazif-Cungu-Ostros.jpg","width":960,"height":704},{"@type":"WebPage","@id":"https:\/\/www.visit-ulcinj.com\/blog\/2016\/11\/03\/cungu-po-kerkone-vende-ne-qeveri\/#webpage","url":"https:\/\/www.visit-ulcinj.com\/blog\/2016\/11\/03\/cungu-po-kerkone-vende-ne-qeveri\/","name":"Cungu po k\u00ebrkon\u00eb vende n\u00eb Qeveri - Lajme nga Ulqini","isPartOf":{"@id":"https:\/\/www.visit-ulcinj.com\/blog\/#website"},"primaryImageOfPage":{"@id":"https:\/\/www.visit-ulcinj.com\/blog\/2016\/11\/03\/cungu-po-kerkone-vende-ne-qeveri\/#primaryimage"},"datePublished":"2016-11-03T11:26:40+00:00","dateModified":"2016-11-04T16:56:44+00:00","author":{"@id":"https:\/\/www.visit-ulcinj.com\/blog\/#\/schema\/person\/dcab619c614d3038751c63bc2aadc06d"},"description":"Shqiptar\u00ebt dhe kroat\u00ebt k\u00ebrkojn\u00eb vende n\u00eb Qeveri Vende t\u00eb caktuara n\u00eb Qeveri k\u00ebrkojn\u00eb edhe shqiptar\u00ebt, deklaroi Naziv Cunga nga Koalicioni \u201cShqiptar\u00eb t\u00eb","breadcrumb":{"@id":"https:\/\/www.visit-ulcinj.com\/blog\/2016\/11\/03\/cungu-po-kerkone-vende-ne-qeveri\/#breadcrumb"},"inLanguage":"en-US","potentialAction":[{"@type":"ReadAction","target":["https:\/\/www.visit-ulcinj.com\/blog\/2016\/11\/03\/cungu-po-kerkone-vende-ne-qeveri\/"]}]},{"@type":"BreadcrumbList","@id":"https:\/\/www.visit-ulcinj.com\/blog\/2016\/11\/03\/cungu-po-kerkone-vende-ne-qeveri\/#breadcrumb","itemListElement":[{"@type":"ListItem","position":1,"name":"Cungu po k\u00ebrkon\u00eb vende n\u00eb Qeveri"}]},{"@type":"Person","@id":"https:\/\/www.visit-ulcinj.com\/blog\/#\/schema\/person\/dcab619c614d3038751c63bc2aadc06d","name":"ulqini","sameAs":["http:\/\/www.visit-ulcinj.com"],"url":"https:\/\/www.visit-ulcinj.com\/blog\/author\/admin\/"}]}},"jetpack_featured_media_url":"","jetpack_sharing_enabled":true,"jetpack_shortlink":"https:\/\/wp.me\/pe6lTn-qdo","_links":{"self":[{"href":"https:\/\/www.visit-ulcinj.com\/blog\/wp-json\/wp\/v2\/posts\/100774"}],"collection":[{"href":"https:\/\/www.visit-ulcinj.com\/blog\/wp-json\/wp\/v2\/posts"}],"about":[{"href":"https:\/\/www.visit-ulcinj.com\/blog\/wp-json\/wp\/v2\/types\/post"}],"author":[{"embeddable":true,"href":"https:\/\/www.visit-ulcinj.com\/blog\/wp-json\/wp\/v2\/users\/1"}],"replies":[{"embeddable":true,"href":"https:\/\/www.visit-ulcinj.com\/blog\/wp-json\/wp\/v2\/comments?post=100774"}],"version-history":[{"count":1,"href":"https:\/\/www.visit-ulcinj.com\/blog\/wp-json\/wp\/v2\/posts\/100774\/revisions"}],"predecessor-version":[{"id":100776,"href":"https:\/\/www.visit-ulcinj.com\/blog\/wp-json\/wp\/v2\/posts\/100774\/revisions\/100776"}],"wp:attachment":[{"href":"https:\/\/www.visit-ulcinj.com\/blog\/wp-json\/wp\/v2\/media?parent=100774"}],"wp:term":[{"taxonomy":"category","embeddable":true,"href":"https:\/\/www.visit-ulcinj.com\/blog\/wp-json\/wp\/v2\/categories?post=100774"},{"taxonomy":"post_tag","embeddable":true,"href":"https:\/\/www.visit-ulcinj.com\/blog\/wp-json\/wp\/v2\/tags?post=100774"}],"curies":[{"name":"wp","href":"https:\/\/api.w.org\/{rel}","templated":true}]}}