{"id":100780,"date":"2016-11-03T16:48:47","date_gmt":"2016-11-03T15:48:47","guid":{"rendered":"http:\/\/www.visit-ulcinj.com\/blog\/?p=100780"},"modified":"2016-11-03T16:49:20","modified_gmt":"2016-11-03T15:49:20","slug":"dy-shqiptare-ne-unionin-e-shkollave-te-mesme-ne-mal-te-zi","status":"publish","type":"post","link":"https:\/\/www.visit-ulcinj.com\/blog\/2016\/11\/03\/dy-shqiptare-ne-unionin-e-shkollave-te-mesme-ne-mal-te-zi\/","title":{"rendered":"Dy shqiptar\u00eb n\u00eb  Unionin e Shkollave t\u00eb Mesme n\u00eb Mal t\u00eb Zi"},"content":{"rendered":"<p><a href=\"http:\/\/www.visit-ulcinj.com\/blog\/wp-content\/uploads\/2016\/11\/Dy-shqptar\u00eb-n\u00eb-Unionin-e-Shkollave-Mali-Zi.jpg\"><img loading=\"lazy\" class=\"alignleft wp-image-100781\" src=\"http:\/\/www.visit-ulcinj.com\/blog\/wp-content\/uploads\/2016\/11\/Dy-shqptar\u00eb-n\u00eb-Unionin-e-Shkollave-Mali-Zi.jpg\" alt=\"Dy shqptar\u00eb n\u00eb Unionin e Shkollave -Mali-Zi\" width=\"508\" height=\"339\" srcset=\"https:\/\/www.visit-ulcinj.com\/blog\/wp-content\/uploads\/2016\/11\/Dy-shqptar\u00eb-n\u00eb-Unionin-e-Shkollave-Mali-Zi.jpg 624w, https:\/\/www.visit-ulcinj.com\/blog\/wp-content\/uploads\/2016\/11\/Dy-shqptar\u00eb-n\u00eb-Unionin-e-Shkollave-Mali-Zi-300x200.jpg 300w\" sizes=\"(max-width: 508px) 100vw, 508px\" \/><\/a>N\u00eb Budv\u00eb nga data\u00a0 28 -30 tetor t\u00eb k\u00ebtij viti\u00a0 u mbajt\u00a0 Kuvendi i dyt\u00eb i Unionit t\u00eb Shkollave t\u00eb Mesme t\u00eb\u00a0 Malit t\u00eb Zi. U zgjodh\u00ebn an\u00ebtar\u00ebt e Kuvendit dhe K\u00ebshillit Drejtues si dhe u miratua Rregullorja e\u00a0\u00a0 pun\u00ebs. Mor\u00ebn pjes\u00eb nx\u00ebn\u00ebsit e shkollave t\u00eb mesme nga pothuaj t\u00eb gjitha\u00a0 shkollat e mesme n\u00eb Mal t\u00eb Zi. N\u00eb mesin e tyre ishin edhe dy \u00a0shqiptar\u00eb, Amina Nikoviq nga Tuzi dhe Rajmond Gjonaj nga gjimnazi privat\u00a0 \u201c Drita\u201d \u2013 Ulqin.<\/p>\n<p>N\u00eb fjal\u00ebn\u00a0 p\u00ebrsh\u00ebndet\u00ebse\u00a0 kryetari\u00a0 K\u00ebshillit Drejtues t\u00eb Unionit t\u00eb Shkollave t\u00eb Mesme t\u00eb Malit t\u00eb Zi, Jovan Bojoviq theksoi se kjo organizat\u00eb\u00a0 n\u00eb periudh\u00ebn e kaluar \u00ebsht\u00eb fokusuar n\u00eb p\u00ebrmir\u00ebsimin e\u00a0 parlamenteve t\u00eb nx\u00ebn\u00ebsve, themelimin\u00a0 dhe p\u00ebrforcimin e tyre. Sipas fajal\u00ebve t\u00eb tij\u00a0 dy vite pas themelimit t\u00eb k\u00ebsaj organizzat\u00eb mund t\u00eb thuhet se\u00a0 ajo ia arriti q\u00ebllimit dhe se r\u00ebnd\u00ebsin\u00eb e saj e kan\u00eb kuptuar edhe institucionet shtet\u00ebrore. \u201cN\u00eb periudh\u00ebn e kaluar kemi punuar mjaft, kurse n\u00eb t\u00eb ardhmen na presin edhe m\u00eb shum\u00eb pun\u00eb. Ne duhet t\u00eb jemi t\u00eb gatsh\u00ebm p\u00ebr ndryshime dhe t\u00eb jemi shtyt\u00ebsit m\u00eb t\u00eb m\u00ebdhenj t\u00eb tyre, sepse forca m\u00eb e madhe\u00a0 jemi\u00a0 ne\u00a0 nx\u00ebn\u00ebsit e shkollave t\u00eb mesme\u201d, pohoi Bojoviq dhe shtoi se\u00a0 nx\u00ebn\u00ebsit e shkollave t\u00eb mesme p\u00ebrb\u00ebjn\u00eb\u00a0 5 p\u00ebr qind t\u00eb popullsis\u00eb n\u00eb Mal t\u00eb Zi, por p\u00ebrb\u00ebjn\u00eb 100 p\u00ebr qind t\u00eb ardhm\u00ebris\u00eb son\u00eb.<\/p>\n<p>Drejtori i p\u00ebrgjithsh\u00ebm i\u00a0 Drejtoris\u00eb\u00a0 p\u00ebr shkollat e\u00a0 mesme\u00a0 dhe arsimimin e t\u00eb rriturve pran\u00eb Minsitris\u00eb s\u00eb s\u00eb Arsimit Veljko Tomiq n\u00ebnvizoi se \u00ebsht\u00eb me r\u00ebnd\u00ebsi t\u2019i motivojm\u00eb t\u00eb gjitha parlamentet e nx\u00ebn\u00ebsve t\u00eb marrin pjes\u00eb n\u00eb pun\u00ebn e organeve t\u00eb shkoll\u00ebs, kur diksutohet p\u00ebr\u00a0 \u00e7\u00ebshtjet q\u00eb kan\u00eb t\u00eb b\u00ebjn\u00eb me nx\u00ebn\u00ebsit e shkollave t\u00eb mesme, si\u00e7 jan\u00eb\u00a0 m\u00ebnyra e\u00a0 mbajtjes s\u00eb m\u00ebsimit, problemi i vler\u00ebsimit me not\u00eb, relaizimi i provimeve, raportet n\u00eb mes t\u00eb\u00a0 nx\u00ebn\u00ebsit dhe m\u00ebsimdh\u00ebn\u00ebsit, standardi i nx\u00ebn\u00ebsve dhe aktivitetet e lira.<\/p>\n<p>N\u00eb em\u00ebr t\u00eb\u00a0 Entit\u00a0 p\u00ebr Shkollim foli Radovan Popoviq,\u00a0 \u00a0Qendr\u00ebs p\u00ebr Arsimim Profesional, Dushko Rajkvoiq,\u00a0 \u00a0Qendr\u00ebs\u00a0 p\u00ebr Provime t\u00eb Malit t\u00eb Zi Stana &#8211; Sanja Kallugjeroviq, Drejtoris\u00eb p\u00ebr Sport dhe Rini, Krsto Vukanoviq,\u00a0 \u00a0OJQ \u201c Juventas\u201d Ivana Vujoviq dhe t\u00eb\u00a0 Asociacionit\u00a0\u00a0 t\u00eb Nx\u00ebn\u00ebsve t\u00eb Shkollave t\u00eb Mesme t\u00eb Bosnj\u00ebs e Hercogovin\u00ebs Milan Gjurica. Dit\u00ebn e dyt\u00eb dhe t\u00eb tret\u00eb\u00a0 nx\u00ebn\u00ebsit e shkollave t\u00eb mesme \u00a0duke punuar n\u00eb grupe\u00a0 shk\u00ebmbyen ide t\u00eb nd\u00ebrsjellta dhe u njoftuan se \u00e7ka punojn\u00eb parlamentet\u00a0 tjera t\u00eb nx\u00ebn\u00ebsve.(Gj.Gj)<\/p>\n<p>&nbsp;<\/p>\n","protected":false},"excerpt":{"rendered":"<p>N\u00eb Budv\u00eb nga data\u00a0 28 -30 tetor t\u00eb k\u00ebtij viti\u00a0 u mbajt\u00a0 Kuvendi i dyt\u00eb i Unionit t\u00eb Shkollave t\u00eb Mesme t\u00eb\u00a0 Malit t\u00eb Zi. U zgjodh\u00ebn an\u00ebtar\u00ebt e Kuvendit dhe K\u00ebshillit Drejtues si dhe u miratua Rregullorja e\u00a0\u00a0 pun\u00ebs. Mor\u00ebn pjes\u00eb nx\u00ebn\u00ebsit e shkollave t\u00eb mesme nga pothuaj t\u00eb gjitha\u00a0 shkollat e mesme n\u00eb [&hellip;]<\/p>\n","protected":false},"author":1,"featured_media":0,"comment_status":"closed","ping_status":"closed","sticky":false,"template":"","format":"standard","meta":{"spay_email":"","jetpack_publicize_message":"","jetpack_is_tweetstorm":false,"jetpack_publicize_feature_enabled":true},"categories":[13],"tags":[],"jetpack_publicize_connections":[],"yoast_head":"<!-- This site is optimized with the Yoast SEO plugin v19.1 - https:\/\/yoast.com\/wordpress\/plugins\/seo\/ -->\n<title>Dy shqiptar\u00eb n\u00eb Unionin e Shkollave t\u00eb Mesme n\u00eb Mal t\u00eb Zi - Lajme nga Ulqini<\/title>\n<meta name=\"description\" content=\"N\u00eb Budv\u00eb nga data\u00a0 28 -30 tetor t\u00eb k\u00ebtij viti\u00a0 u mbajt\u00a0 Kuvendi i dyt\u00eb i Unionit t\u00eb Shkollave t\u00eb Mesme t\u00eb\u00a0 Malit t\u00eb Zi. U zgjodh\u00ebn an\u00ebtar\u00ebt e Kuvendit dhe\" \/>\n<meta name=\"robots\" content=\"index, follow, max-snippet:-1, max-image-preview:large, max-video-preview:-1\" \/>\n<link rel=\"canonical\" href=\"https:\/\/www.visit-ulcinj.com\/blog\/2016\/11\/03\/dy-shqiptare-ne-unionin-e-shkollave-te-mesme-ne-mal-te-zi\/\" \/>\n<meta property=\"og:locale\" content=\"en_US\" \/>\n<meta property=\"og:type\" content=\"article\" \/>\n<meta property=\"og:title\" content=\"Dy shqiptar\u00eb n\u00eb Unionin e Shkollave t\u00eb Mesme n\u00eb Mal t\u00eb Zi - Lajme nga Ulqini\" \/>\n<meta property=\"og:description\" content=\"N\u00eb Budv\u00eb nga data\u00a0 28 -30 tetor t\u00eb k\u00ebtij viti\u00a0 u mbajt\u00a0 Kuvendi i dyt\u00eb i Unionit t\u00eb Shkollave t\u00eb Mesme t\u00eb\u00a0 Malit t\u00eb Zi. U zgjodh\u00ebn an\u00ebtar\u00ebt e Kuvendit dhe\" \/>\n<meta property=\"og:url\" content=\"https:\/\/www.visit-ulcinj.com\/blog\/2016\/11\/03\/dy-shqiptare-ne-unionin-e-shkollave-te-mesme-ne-mal-te-zi\/\" \/>\n<meta property=\"og:site_name\" content=\"Lajme nga Ulqini\" \/>\n<meta property=\"article:published_time\" content=\"2016-11-03T15:48:47+00:00\" \/>\n<meta property=\"article:modified_time\" content=\"2016-11-03T15:49:20+00:00\" \/>\n<meta name=\"twitter:label1\" content=\"Written by\" \/>\n\t<meta name=\"twitter:data1\" content=\"ulqini\" \/>\n\t<meta name=\"twitter:label2\" content=\"Est. reading time\" \/>\n\t<meta name=\"twitter:data2\" content=\"2 minutes\" \/>\n<script type=\"application\/ld+json\" class=\"yoast-schema-graph\">{\"@context\":\"https:\/\/schema.org\",\"@graph\":[{\"@type\":\"WebSite\",\"@id\":\"https:\/\/www.visit-ulcinj.com\/blog\/#website\",\"url\":\"https:\/\/www.visit-ulcinj.com\/blog\/\",\"name\":\"Lajme nga Ulqini\",\"description\":\"Lajme,Vijesti,Ulqini,Ulqin,Crna Gora,Mali i Zi\",\"potentialAction\":[{\"@type\":\"SearchAction\",\"target\":{\"@type\":\"EntryPoint\",\"urlTemplate\":\"https:\/\/www.visit-ulcinj.com\/blog\/?s={search_term_string}\"},\"query-input\":\"required name=search_term_string\"}],\"inLanguage\":\"en-US\"},{\"@type\":\"WebPage\",\"@id\":\"https:\/\/www.visit-ulcinj.com\/blog\/2016\/11\/03\/dy-shqiptare-ne-unionin-e-shkollave-te-mesme-ne-mal-te-zi\/#webpage\",\"url\":\"https:\/\/www.visit-ulcinj.com\/blog\/2016\/11\/03\/dy-shqiptare-ne-unionin-e-shkollave-te-mesme-ne-mal-te-zi\/\",\"name\":\"Dy shqiptar\u00eb n\u00eb Unionin e Shkollave t\u00eb Mesme n\u00eb Mal t\u00eb Zi - Lajme nga Ulqini\",\"isPartOf\":{\"@id\":\"https:\/\/www.visit-ulcinj.com\/blog\/#website\"},\"datePublished\":\"2016-11-03T15:48:47+00:00\",\"dateModified\":\"2016-11-03T15:49:20+00:00\",\"author\":{\"@id\":\"https:\/\/www.visit-ulcinj.com\/blog\/#\/schema\/person\/dcab619c614d3038751c63bc2aadc06d\"},\"description\":\"N\u00eb Budv\u00eb nga data\u00a0 28 -30 tetor t\u00eb k\u00ebtij viti\u00a0 u mbajt\u00a0 Kuvendi i dyt\u00eb i Unionit t\u00eb Shkollave t\u00eb Mesme t\u00eb\u00a0 Malit t\u00eb Zi. U zgjodh\u00ebn an\u00ebtar\u00ebt e Kuvendit dhe\",\"breadcrumb\":{\"@id\":\"https:\/\/www.visit-ulcinj.com\/blog\/2016\/11\/03\/dy-shqiptare-ne-unionin-e-shkollave-te-mesme-ne-mal-te-zi\/#breadcrumb\"},\"inLanguage\":\"en-US\",\"potentialAction\":[{\"@type\":\"ReadAction\",\"target\":[\"https:\/\/www.visit-ulcinj.com\/blog\/2016\/11\/03\/dy-shqiptare-ne-unionin-e-shkollave-te-mesme-ne-mal-te-zi\/\"]}]},{\"@type\":\"BreadcrumbList\",\"@id\":\"https:\/\/www.visit-ulcinj.com\/blog\/2016\/11\/03\/dy-shqiptare-ne-unionin-e-shkollave-te-mesme-ne-mal-te-zi\/#breadcrumb\",\"itemListElement\":[{\"@type\":\"ListItem\",\"position\":1,\"name\":\"Dy shqiptar\u00eb n\u00eb Unionin e Shkollave t\u00eb Mesme n\u00eb Mal t\u00eb Zi\"}]},{\"@type\":\"Person\",\"@id\":\"https:\/\/www.visit-ulcinj.com\/blog\/#\/schema\/person\/dcab619c614d3038751c63bc2aadc06d\",\"name\":\"ulqini\",\"sameAs\":[\"http:\/\/www.visit-ulcinj.com\"],\"url\":\"https:\/\/www.visit-ulcinj.com\/blog\/author\/admin\/\"}]}<\/script>\n<!-- \/ Yoast SEO plugin. -->","yoast_head_json":{"title":"Dy shqiptar\u00eb n\u00eb Unionin e Shkollave t\u00eb Mesme n\u00eb Mal t\u00eb Zi - Lajme nga Ulqini","description":"N\u00eb Budv\u00eb nga data\u00a0 28 -30 tetor t\u00eb k\u00ebtij viti\u00a0 u mbajt\u00a0 Kuvendi i dyt\u00eb i Unionit t\u00eb Shkollave t\u00eb Mesme t\u00eb\u00a0 Malit t\u00eb Zi. U zgjodh\u00ebn an\u00ebtar\u00ebt e Kuvendit dhe","robots":{"index":"index","follow":"follow","max-snippet":"max-snippet:-1","max-image-preview":"max-image-preview:large","max-video-preview":"max-video-preview:-1"},"canonical":"https:\/\/www.visit-ulcinj.com\/blog\/2016\/11\/03\/dy-shqiptare-ne-unionin-e-shkollave-te-mesme-ne-mal-te-zi\/","og_locale":"en_US","og_type":"article","og_title":"Dy shqiptar\u00eb n\u00eb Unionin e Shkollave t\u00eb Mesme n\u00eb Mal t\u00eb Zi - Lajme nga Ulqini","og_description":"N\u00eb Budv\u00eb nga data\u00a0 28 -30 tetor t\u00eb k\u00ebtij viti\u00a0 u mbajt\u00a0 Kuvendi i dyt\u00eb i Unionit t\u00eb Shkollave t\u00eb Mesme t\u00eb\u00a0 Malit t\u00eb Zi. U zgjodh\u00ebn an\u00ebtar\u00ebt e Kuvendit dhe","og_url":"https:\/\/www.visit-ulcinj.com\/blog\/2016\/11\/03\/dy-shqiptare-ne-unionin-e-shkollave-te-mesme-ne-mal-te-zi\/","og_site_name":"Lajme nga Ulqini","article_published_time":"2016-11-03T15:48:47+00:00","article_modified_time":"2016-11-03T15:49:20+00:00","twitter_misc":{"Written by":"ulqini","Est. reading time":"2 minutes"},"schema":{"@context":"https:\/\/schema.org","@graph":[{"@type":"WebSite","@id":"https:\/\/www.visit-ulcinj.com\/blog\/#website","url":"https:\/\/www.visit-ulcinj.com\/blog\/","name":"Lajme nga Ulqini","description":"Lajme,Vijesti,Ulqini,Ulqin,Crna Gora,Mali i Zi","potentialAction":[{"@type":"SearchAction","target":{"@type":"EntryPoint","urlTemplate":"https:\/\/www.visit-ulcinj.com\/blog\/?s={search_term_string}"},"query-input":"required name=search_term_string"}],"inLanguage":"en-US"},{"@type":"WebPage","@id":"https:\/\/www.visit-ulcinj.com\/blog\/2016\/11\/03\/dy-shqiptare-ne-unionin-e-shkollave-te-mesme-ne-mal-te-zi\/#webpage","url":"https:\/\/www.visit-ulcinj.com\/blog\/2016\/11\/03\/dy-shqiptare-ne-unionin-e-shkollave-te-mesme-ne-mal-te-zi\/","name":"Dy shqiptar\u00eb n\u00eb Unionin e Shkollave t\u00eb Mesme n\u00eb Mal t\u00eb Zi - Lajme nga Ulqini","isPartOf":{"@id":"https:\/\/www.visit-ulcinj.com\/blog\/#website"},"datePublished":"2016-11-03T15:48:47+00:00","dateModified":"2016-11-03T15:49:20+00:00","author":{"@id":"https:\/\/www.visit-ulcinj.com\/blog\/#\/schema\/person\/dcab619c614d3038751c63bc2aadc06d"},"description":"N\u00eb Budv\u00eb nga data\u00a0 28 -30 tetor t\u00eb k\u00ebtij viti\u00a0 u mbajt\u00a0 Kuvendi i dyt\u00eb i Unionit t\u00eb Shkollave t\u00eb Mesme t\u00eb\u00a0 Malit t\u00eb Zi. U zgjodh\u00ebn an\u00ebtar\u00ebt e Kuvendit dhe","breadcrumb":{"@id":"https:\/\/www.visit-ulcinj.com\/blog\/2016\/11\/03\/dy-shqiptare-ne-unionin-e-shkollave-te-mesme-ne-mal-te-zi\/#breadcrumb"},"inLanguage":"en-US","potentialAction":[{"@type":"ReadAction","target":["https:\/\/www.visit-ulcinj.com\/blog\/2016\/11\/03\/dy-shqiptare-ne-unionin-e-shkollave-te-mesme-ne-mal-te-zi\/"]}]},{"@type":"BreadcrumbList","@id":"https:\/\/www.visit-ulcinj.com\/blog\/2016\/11\/03\/dy-shqiptare-ne-unionin-e-shkollave-te-mesme-ne-mal-te-zi\/#breadcrumb","itemListElement":[{"@type":"ListItem","position":1,"name":"Dy shqiptar\u00eb n\u00eb Unionin e Shkollave t\u00eb Mesme n\u00eb Mal t\u00eb Zi"}]},{"@type":"Person","@id":"https:\/\/www.visit-ulcinj.com\/blog\/#\/schema\/person\/dcab619c614d3038751c63bc2aadc06d","name":"ulqini","sameAs":["http:\/\/www.visit-ulcinj.com"],"url":"https:\/\/www.visit-ulcinj.com\/blog\/author\/admin\/"}]}},"jetpack_featured_media_url":"","jetpack_sharing_enabled":true,"jetpack_shortlink":"https:\/\/wp.me\/pe6lTn-qdu","_links":{"self":[{"href":"https:\/\/www.visit-ulcinj.com\/blog\/wp-json\/wp\/v2\/posts\/100780"}],"collection":[{"href":"https:\/\/www.visit-ulcinj.com\/blog\/wp-json\/wp\/v2\/posts"}],"about":[{"href":"https:\/\/www.visit-ulcinj.com\/blog\/wp-json\/wp\/v2\/types\/post"}],"author":[{"embeddable":true,"href":"https:\/\/www.visit-ulcinj.com\/blog\/wp-json\/wp\/v2\/users\/1"}],"replies":[{"embeddable":true,"href":"https:\/\/www.visit-ulcinj.com\/blog\/wp-json\/wp\/v2\/comments?post=100780"}],"version-history":[{"count":2,"href":"https:\/\/www.visit-ulcinj.com\/blog\/wp-json\/wp\/v2\/posts\/100780\/revisions"}],"predecessor-version":[{"id":100783,"href":"https:\/\/www.visit-ulcinj.com\/blog\/wp-json\/wp\/v2\/posts\/100780\/revisions\/100783"}],"wp:attachment":[{"href":"https:\/\/www.visit-ulcinj.com\/blog\/wp-json\/wp\/v2\/media?parent=100780"}],"wp:term":[{"taxonomy":"category","embeddable":true,"href":"https:\/\/www.visit-ulcinj.com\/blog\/wp-json\/wp\/v2\/categories?post=100780"},{"taxonomy":"post_tag","embeddable":true,"href":"https:\/\/www.visit-ulcinj.com\/blog\/wp-json\/wp\/v2\/tags?post=100780"}],"curies":[{"name":"wp","href":"https:\/\/api.w.org\/{rel}","templated":true}]}}