{"id":100784,"date":"2016-11-04T16:47:47","date_gmt":"2016-11-04T15:47:47","guid":{"rendered":"http:\/\/www.visit-ulcinj.com\/blog\/?p=100784"},"modified":"2016-11-08T08:35:15","modified_gmt":"2016-11-08T07:35:15","slug":"nika-kush-don-me-na-ble-shih-ketu-edhe-tri-fjale-per-zgjedhjet-2016","status":"publish","type":"post","link":"https:\/\/www.visit-ulcinj.com\/blog\/2016\/11\/04\/nika-kush-don-me-na-ble-shih-ketu-edhe-tri-fjale-per-zgjedhjet-2016\/","title":{"rendered":"Nika: Kush don me na ble &#8211; Shih k\u00ebtu edhe tri fjal\u00eb p\u00ebr zgjedhjet 2016?!"},"content":{"rendered":"<p><strong><em><a href=\"http:\/\/www.visit-ulcinj.com\/blog\/wp-content\/uploads\/2016\/11\/Komisioni-zgjedhor.jpg\"><img loading=\"lazy\" class=\"alignleft wp-image-100785\" src=\"http:\/\/www.visit-ulcinj.com\/blog\/wp-content\/uploads\/2016\/11\/Komisioni-zgjedhor.jpg\" alt=\"Komisioni-zgjedhor\" width=\"508\" height=\"341\" srcset=\"https:\/\/www.visit-ulcinj.com\/blog\/wp-content\/uploads\/2016\/11\/Komisioni-zgjedhor.jpg 500w, https:\/\/www.visit-ulcinj.com\/blog\/wp-content\/uploads\/2016\/11\/Komisioni-zgjedhor-300x202.jpg 300w\" sizes=\"(max-width: 508px) 100vw, 508px\" \/><\/a>Shkrtuan Muhamet Nika<\/em><\/strong><\/p>\n<p><strong><em>Sa mu ka hije k\u00ebtyre n\u00eb fotografi t\u00eb planit t\u00eb pare kur \u201c godisin buqet..- sin \u00eb 98\u2026\u201d?!!<\/em><\/strong><\/p>\n<p><strong><em>FOTO- KOMISIONI ZGJEDHOR:<\/em><\/strong><\/p>\n<p><em><strong>\u201c Thon\u00eb se druri gjithher\u00eb\u00a0 qahet \u00a0n\u00eb bisht kur sheh s\u00ebpat\u00ebn ta pres\u00eb\u2026\u201d<\/strong><\/em><\/p>\n<p><em><strong>Nr.1<\/strong><\/em><\/p>\n<p>Ndoshta \u00ebsht\u00eb me interes t\u00eb sjellim\u00a0 edhe\u00a0 disa shk\u00ebputje\u00a0 t\u00eb shkrimesh\u00a0 n\u00eb gazet\u00ebn\u00a0 Dan p\u00ebr zgjedhjet ,\u00a0 n\u00eb t\u00eb cil\u00ebn gjejm\u00eb \u201c t\u00eb\u00a0 v\u00ebrtet\u00ebn..\u201d\u00a0 q\u00eb\u00a0\u00a0 rr\u00ebfehen\u00a0 \u00a0Nikoll\u00eb Camaj ( lista LDSH), \u00a0\u00a0ku ai arsyeton , se si p\u00ebrmes shantazhit politik, atij \u00a0kishin tentuar t\u2019i falsifikojn\u00eb edhe\u00a0 k\u00ebrkes\u00ebn p\u00ebr dor\u00ebheqjen\u00a0 e an\u00ebtarit t\u00eb tij n\u00eb komision- gjoja edhe\u00a0 me n\u00ebnshkrim t\u00eb vet\u00eb Nikoll\u00ebs?! Vet\u00ebm e vet\u00ebm se si t\u00eb\u00a0 p\u00ebrmbysej\u00a0\u00a0 n\u00eb munges\u00eb t\u00eb tij votimi -pro anulimit\u00a0 t\u00eb k\u00ebtyre zgjedhjeve\u00a0 q\u00eb k\u00ebrkonte opozita\u2026?!!.<\/p>\n<p>Ai shton se\u00a0 n\u00ebnshkrimi i cekur n\u00eb dor\u00ebheqje nuk ishte fare i tij, duke l\u00ebn\u00eb t\u00eb n\u00ebnkuptohej q\u00eb kjo\u00a0 e\u00a0 t\u00ebra ishte\u00a0\u00a0 nj\u00eb kurdisje nga Ahmet\u00a0\u00a0 Aloshi- ose q\u00eb\u00a0 ai ishte n\u00eb dijeni p\u00ebr k\u00ebt\u00eb. Ahmeti ishte \u00a0nj\u00eb an\u00ebtar\u00eb\u00a0 tjet\u00ebr i komisionit\u00a0 zgjedhor\u00a0 republikan nga partia e Fatmir Gjek\u00ebs, q\u00eb \u00a0\u00a0nat\u00ebn kritike t\u00eb votimit\u00a0 e kish lexuar \u2013 \u00a0letr\u00ebn kontestuese, duke\u00a0 b\u00ebr\u00eb t\u00eb ditur se si Klement Camaj , ishte t\u00ebrhequr\u00a0 dhe nuk b\u00ebnte \u00a0m\u00eb kuorum\u2026, bashk\u00eb\u00a0 me\u00a0 z\u00ebvend\u00ebsin Bafte Mavriqin?!<\/p>\n<p>Kjo\u00a0 si duket duhej t\u00eb ndodhte\u00a0 k\u00ebshtu\u00a0 sepse , Fatmir Gjeka (Ahmet\u00a0 Aloshi) edhe pse \u201c p\u00ebr opinion\u201d\u00a0 nuk pranonte zgjedhjet\u00a0 duke\u00a0 deponuar madje edhe \u00a0ankes\u00eb\u00a0 n\u00eb gjykat\u00ebn kushtetuese\u2026, duket \u00a0se prap\u00eb se prap\u00eb, \u00a0ishin\u00a0 marr\u00eb vesh\u201d\u00a0 p\u00ebr Pazar\u2026 \u201c\u00a0 me DPS-in, t\u00eb\u00a0 l\u00ebshoj\u00eb pe\u00a0 dhe t\u00eb votojn\u00eb\u00a0 rregullsin\u00eb\u00a0 e procesit zgjedhor<\/p>\n<p>N\u00eb opinion besohej se Klement Camaj\u00a0 , do kish votuar vendimin e opozit\u00ebs p\u00ebr p\u00ebrmbysje t\u00eb rezultatit zgjedhor\u2026??!!!!<\/p>\n<p>&nbsp;<\/p>\n<p><a href=\"http:\/\/www.visit-ulcinj.com\/blog\/wp-content\/uploads\/2016\/10\/camaj.jpg\"><img loading=\"lazy\" class=\"alignleft wp-image-100683\" src=\"http:\/\/www.visit-ulcinj.com\/blog\/wp-content\/uploads\/2016\/10\/camaj.jpg\" alt=\"camaj\" width=\"508\" height=\"381\" \/><\/a><\/p>\n<p><strong>Shih p\u00ebr k\u00ebt\u00eb edhe\u00a0 tekstin\u00a0 \u201cJakupi \u00a0mi \u00a0tra\u017eio 3.000 eura, prijete \u00a0mi porodici<\/strong><\/p>\n<p>OCTOBER 31, 2016\u00a0\u00a0\u00a0|\u00a0<a href=\"http:\/\/www.visit-ulcinj.com\/blog\/category\/news\/\">NEWS<\/a><\/p>\n<p><a href=\"http:\/\/www.dan.co.me\/?nivo=3&amp;rubrika=Politika&amp;clanak=570980&amp;datum=2016-10-31&amp;naslov=Jakupi%20mi%20tra%BEio%203.000%20eura,%20prijete%20mi%20porodici\">Presudan glas da DIK proglasi kona\u010dne rezultate dala je Bafta Mavri\u0107, slu\u017ebenica ulcinjskog katastra, protiv koje je policija nedavno podnijela krivi\u010dnu prijavu zbog sumnje za korupciju prilikom prodaje imovine kontroverznog biznismena Muja Red\u017ee Baftu Mavri\u0107 nikada nijesam vidio, do\u0161la je na sjednicu DIK-a bez na\u0161eg znanja i DSA ne podr\u017eava progla\u0161enje kona\u010dnih rezultata, kazao je Nikola Camaj<\/a>.<\/p>\n<p>\u201c Jakupi m\u00eb\u00a0 k\u00ebrkon\u00a0 3,000 euro- po \u00a0\u00a0k\u00ebrc\u00ebnojn\u00eb familjen time\u2026?!<\/p>\n<p>&nbsp;<\/p>\n<p>Vot\u00ebn\u00a0 vendimtare\u00a0 q\u00eb KSHZ- t\u00eb shpall\u00eb\u00a0 rezultatin\u00a0 p\u00ebrfundimtar p\u00ebr pranim t\u00eb zgjedhjeve \u00a0e dha BAFTA Mavriq, n\u00ebpun\u00ebse e\u00a0 kadastr\u00ebs n\u00eb Ulqin, kund\u00ebr t\u00eb cil\u00ebs policia ka ngritur koh\u00ebt e fundit akuzat penale\u00a0 nj\u00eb e \u00a0dyshuar p\u00ebr korrupsion gjat\u00eb shitjes s\u00eb aseteve t\u00eb biznesmenit kontrovers Muja Rexh\u00ebs . BAFTA Mavriqin- Un\u00eb kurr\u00eb nuk\u00a0 e kam par\u00eb. Ajo\u00a0 erdhi n\u00eb seanc\u00ebn e KSHZ-s\u00eb pa\u00a0 njohurin\u00eb\u00a0 e LDSH-s\u00eb e cila\u00a0 nuk e mb\u00ebshtet shpalljen e rezultateve p\u00ebrfundimtare, tha Nikola Camaj..\u201d<\/p>\n<p>Duke vazhduar\u00a0 m\u00eb tej n\u00eb tekst akuz\u00ebn e vet ndaj Aloshit cek:<\/p>\n<p>\u201c Ka\u00adzao je da o\u010de\u00adku\u00adje hit\u00adnu re\u00adak\u00adci\u00adju dr\u00ad\u017eav\u00adnog tu\u00ad\u017ei\u00adla\u00ad\u0161tva za\u00adto \u0161to je pred\u00adstav\u00adnik dru\u00adge al\u00adban\u00adske li\u00adste Ah\u00admet Aljo\u00ad\u0161i pred sjed\u00adni\u00adcu DIK-a u su\u00adbo\u00adtu pre\u00addao fal\u00adsi\u00adfi\u00adko\u00adva\u00adni do\u00adpis na osno\u00advu ko\u00adga je tre\u00adba\u00adlo po\u00adtvr\u00addi\u00adti da se pred\u00adstav\u00adni\u00adci DSA, Kle\u00adment Ca\u00admaj i Baf\u00adta Ma\u00advri\u0107, po\u00advla\u00ad\u010de iz iz\u00adbor\u00adne ko\u00admi\u00adsi\u00adje-<\/p>\n<p><strong>Ai tha se pret nj\u00eb p\u00ebrgjigje t\u00eb menj\u00ebhershme\u00a0 t\u00eb prokuroris\u00eb s\u00eb shtetit sepse\u00a0 p\u00ebrfaq\u00ebsuesi tjet\u00ebr i list\u00ebs\u00a0\u00a0 shqiptare Ahmet Aloshi para s\u00e9anc\u00ebs s\u00eb KSHZ-s\u00eb\u00a0 t\u00eb\u00a0 shtun\u00ebn pat dor\u00ebzuar\u00a0 nj\u00eb let\u00ebr t\u00eb falsifikuar mbi baz\u00ebn e t\u00eb cil\u00ebs \u00ebsht\u00eb dashur\u00a0 p\u00ebr t\u00eb v\u00ebrtetuar se si p\u00ebrfaq\u00ebsuesit e LDSH-s\u00eb, Klement Camaj dhe Bafta Mavric, u t\u00ebrhoq\u00ebn \u00a0nga komisioni zgjedhor. Dhe shtoi:<\/strong><\/p>\n<p>&nbsp;<\/p>\n<p>Ako ne re\u00ada\u00adgu\u00adje dr\u00ad\u017eav\u00adni tu\u00ad\u017ei\u00adlac zbog tog fal\u00adsi\u00adfi\u00adka\u00adta i pod\u00adme\u00adta\u00adnja, po\u00adsto\u00adji i mo\u00adgu\u0107\u00adnost pri\u00advat\u00adne tu\u00ad\u017ebe. Da li ima pro\u00adsto\u00adra da se sum\u00adnja na po\u00adli\u00adti\u010d\u00adku ko\u00adrup\u00adci\u00adju ili ne, ne\u00adka oci\u00adje\u00adni jav\u00adnost. Na\u0161 biv\u00ad\u0161i sa\u00adve\u00adznik, Isat Ja\u00adku\u00adpi iz Ul\u00adci\u00adnja, ko\u00adji je i od\u00adgo\u00advo\u00adran za sve ovo, pri\u00adjet\u00adnja\u00adma i ucje\u00adna\u00adma nam se obra\u00ad\u0107a<\/p>\n<p><strong>\u201cN\u00ebse prokurori publik nuk reagon p\u00ebr shkak\u00a0 t\u00eb falsifikimeve dhe makinacioneve ekziston mund\u00ebsia e padis\u00eb private. A ka\u00a0vend p\u00ebr\u00a0dyshim t\u00eb\u00a0korrupsionit politik\u00a0ose\u00a0jo le t\u00eb gjykoj\u00eb opinioni.\u00a0 Ish aleati\u00a0 yn\u00eb, Isat Jakupi nga Ulqini, i cili \u00ebsht\u00eb p\u00ebrgjegj\u00ebs p\u00ebr\u00a0 gjith\u00eb k\u00ebt\u00eb, \u00a0po drejtohet me k\u00ebrc\u00ebnime\u00a0\u00a0 dhe\u00a0 shantazhe..\u201d<\/strong><\/p>\n<p>Por ne shtojm\u00eb se- Kush u shit\u00a0 n\u00eb se u shit, shum\u00eb shpejt do t\u00eb v\u00ebrtetohet , kur t\u00eb m\u00ebsohet se \u00e7far\u00eb pozitash fituan nga qeveria e re \u2013 an\u00ebtar\u00ebt e komisionit q\u00eb p\u00ebrmend\u00ebn dhe fundi i fundit do shihet se \u2013 si dhe kush , m\u00eb bukur e luajti loj\u00ebn n\u00eb pazarin e mundsh\u00ebm t\u00eb nisur nga deputet\u00ebt q\u00eb n\u00eb koh\u00ebn kur pranuan k\u00ebt\u00eb ligj zgjedhor\u00a0 edhe pse ish para komisionit t\u00eb Venecias..?!!<\/p>\n<p><em><strong>\u00a0 Vazhdon 2,<\/strong><\/em><\/p>\n<p>&nbsp;<\/p>\n<p><em><strong>SI DUKEN\u00a0 DY\u00a0\u00a0 LETRAT\u00a0 Q\u00cb IA\u00a0 FALSIFIKUAN\u00a0 NIKOLL\u00cb\u00a0 CAM\u00cbS\u00a0\u00a0 PARA\u00a0 KSHZ-S\u00cb DHE KUSH\u00a0 IA\u00a0 KURDISI ..?!!<\/strong><\/em><\/p>\n<p>NOVEMBER 7, 2016\u00a0\u00a0\u00a0|\u00a0<a href=\"http:\/\/www.visit-ulcinj.com\/blog\/category\/opinione\/\">OPINIONE<\/a><\/p>\n<p><em><strong>\u00a0<\/strong><\/em>Jav\u00ebn q\u00eb shkoi , opinioni mori vesh se Nikoll\u00eb Cam\u00ebs \u2013 list\u00ebs s\u00eb tret\u00eb shqiptare\u00a0 q\u00eb garoi n\u00eb zgjedhje , ia kishin falsifikuar\u00a0 shkresat\u00a0 e dior\u00ebheqjes nga komisioni zgjedhor, sepse q\u00ebndrimi partiak i grupimit t\u00eb tij politik , ishte q\u00eb ato\u00a0 nuk duhej t\u00eb pranoheshin ngase ishin t\u00eb manipuluara?! Pa vot\u00ebn e (an\u00ebtarit t\u00eb )\u00a0 tij, p\u00ebr \u00a0munges\u00eb kuorumi , zgjedhjet duheshin p\u00ebrs\u00ebritur..?!\u00a0 Milloja(DPS) \u00a0mbase do p\u00ebrmbysej\u2026?!<\/p>\n<p>Por do p\u00ebrmbysej edhe deputeti\u00a0 i vet\u00ebm ekzistues shqiptar , i cili kish kaluar vet\u00ebm , p\u00ebr\u00a0 300- 400 vota ngarkes\u00eb p\u00ebr t\u00eb dytin deputet. Po\u00a0 duket , zgjedh\u00ebsit qenkan k\u00ebnaqur edhe me Gencin. Mbase frika , ish ajo q\u00eb p\u00ebrcaktoi q\u00eb grupimi i tyre t\u00eb pranoj\u00eb zgjedhjet\u2026?!!!<\/p>\n<p>Prandaj ngjau q\u00eb \u2013 Lista e Shqiptar\u00ebve t\u00eb vendosur kish votuar vendimin p\u00ebr rregullsi edhe pse ankoheshin \u201c demek\u201d, p\u00ebr pa rregullsi para popullit. Kurse n\u00eb\u00a0 komisione her\u00eb i kishin votuar zgjedhjet\u00a0 si t\u00eb rregullta\u00a0 e here jo, e m\u00eb pas n\u00eb fund kishin votuar rregullsin\u00eb e tyre edhe \u00a0procesverbalin p\u00ebrfundimtar?!<\/p>\n<p>Nd\u00ebrsa t\u00eb nj\u00ebjt\u00ebn gj\u00eb kishin \u00a0vepruar edhe k\u00ebta t\u00eb list\u00ebs \u201cMe nj\u00eb q\u00ebllim..\u201d.N\u00eb fillim shohim se , i pranuan dhe pastaj i ran\u00eb thell\u00eb pishmanit, duke iu ankuar edhe vet\u00eb gjykat\u00ebs kushtetuese\u00a0 q\u00eb t\u00eb hap rrug\u00eb p\u00ebr Strazbur. Por \u00a0n\u00eb fund e hesht\u00ebn k\u00ebt\u00eb \u00a0dhe po duket \u201c e mbyll\u00ebn \u00a0goj\u00ebn, pas\u00a0 do bisedave e takimeve n\u00eb nivel\u2026 ?!<\/p>\n<p>Dallim k\u00ebtu b\u00ebri , vet\u00ebm lista e tret\u00eb \u2013Nikoll\u00eb Camaj i Lidhjes Demokratike\u2026 , q\u00eb e ringjalli at\u00eb \u00a0si subjekt me 1500 vota, mir\u00ebpo \u00a0pa Mehmet Bardhin ,q\u00eb humbi edhe bastionin e vet\u00a0 Kraj\u00ebn..?!!<\/p>\n<p>Pasi puna ka vajtur ashtu si ka vajtur \u00a0dhe \u00a0\u00a0Nikolla , p\u00ebrs\u00ebri \u00a0po shtron n\u00eb medie, \u00a0\u00a0\u00a0\u00e7\u00ebshtjen e falsifikimit po shk\u00ebpusim k\u00ebtu p\u00ebr konkretizim \u00a0,edhe \u00a0at\u00eb q\u00eb kritiku i medias MIKAIL\u00a0 PARENTI , deklaronte: \u201c Mediumet\u00a0 nuk jan\u00eb\u00a0 n\u00eb gjendje t\u00eb na thon\u00eb se \u00e7far\u00eb mendojm\u00eb. Mir\u00ebpo ato jan\u00eb t\u00eb \u00a0suksesshme p\u00ebr t\u00eb na th\u00ebn\u00eb se p\u00ebr \u00e7far\u00eb t\u00eb mendojm\u00eb \u201c \u2013 Kush e sundon bot\u00ebn, Jim marrs, f.140-141\u2026?!<\/p>\n<p>Andaj p\u00ebr vete , duke m\u00ebsuar nga ky parim, \u00a0pasi mora shum\u00eb burime informacioni si dhe shfryt\u00ebzova \u201c superkomjuterin- trurin duke selektuar dhe analizuar informacionet e marra n\u00eb moment , \u00a0edhe pse kjo tashm\u00eb \u00ebsht\u00eb pun\u00eb\u00a0 kryer, po shtoj edhe k\u00ebt\u00eb:<\/p>\n<p><a href=\"http:\/\/www.visit-ulcinj.com\/blog\/wp-content\/uploads\/2016\/11\/Dokument-Falsifikat-Camaj.jpg\"><img loading=\"lazy\" class=\"alignleft size-full wp-image-100877\" src=\"http:\/\/www.visit-ulcinj.com\/blog\/wp-content\/uploads\/2016\/11\/Dokument-Falsifikat-Camaj.jpg\" alt=\"Dokument - Falsifikat-Camaj\" width=\"508\" height=\"508\" srcset=\"https:\/\/www.visit-ulcinj.com\/blog\/wp-content\/uploads\/2016\/11\/Dokument-Falsifikat-Camaj.jpg 508w, https:\/\/www.visit-ulcinj.com\/blog\/wp-content\/uploads\/2016\/11\/Dokument-Falsifikat-Camaj-150x150.jpg 150w, https:\/\/www.visit-ulcinj.com\/blog\/wp-content\/uploads\/2016\/11\/Dokument-Falsifikat-Camaj-300x300.jpg 300w\" sizes=\"(max-width: 508px) 100vw, 508px\" \/><\/a><\/p>\n<p><em><strong>Ja si duken dy letrat e Nikoll\u00ebs \u201c q\u00eb shp\u00ebtuan Malin e Zi..\u201d <\/strong><\/em><em><strong>dhe t\u00eb cilat i lexoi si \u00a0\u201d t\u00eb falsifikuara..\u201d \u00a0\u00a0Ahmet\u00a0 Aloshi\u2026, nj\u00eb an\u00ebtar\u00eb komisioni nga ata\u201d Me nj\u00eb q\u00ebllim\u201d\u00a0 t\u00eb dor\u00ebheqjes \u2026?!<\/strong><\/em><\/p>\n<p><em><strong>Dhe kur u \u00a0\u00a0tha, se Bafte Mavriqi , pun\u00ebn \u00a0e votimit- \u00a0pro pranimit t\u00eb zgjedhjeve e b\u00ebri p\u00ebr tu mbuluar\u201d me shtet p\u00ebr \u00a0nj\u00eb histori asetesh me Mujo Rexhen\u2026\u201d?!<\/strong><\/em><\/p>\n<p><em><strong>\u00a0Po si thoni Ju- \u00a0mor aman : jan\u00eb n\u00eb rregull\u00a0 k\u00ebta an\u00ebtar\u00ebt tjer\u00eb t\u00eb komisionit q\u00eb votuan \u201c me bindje..\u201d, e\u00a0 jo si Baftja\u2026 ?\u00a0 Rregullsin\u00eb e zgjedhjeve\u2026?!<\/strong><\/em><\/p>\n<p><em><strong>\u00a0Nga ajo q\u00eb thuhet po na del se k\u00ebta me histori asetesh e marifetesh \u2026, jan\u00eb n\u00eb rregull si an\u00ebtar\u00eb komisioni posht\u00eb e lart\u00eb,\u00a0 madje\u00a0 deri te ata \u2013 kandidat\u00eb t\u00eb\u00a0 listave( politikan\u00eb..)q\u00eb garuan edhe me \u00a0\u201chistori shum\u00eb \u00a0m\u00eb t\u00eb r\u00ebnda asetesh..\u201d t\u00eb tipit, t\u00eb\u00a0 Mujo Rexh\u00ebs\u2026, \u00a0e \u00a0me t\u00eb cilat \u00a0\u00ebsht\u00eb i mbushur shtypi ditor malazez.<\/strong><\/em><\/p>\n<p><em><strong>\u00a0A mos ishte Baftja dhe gjith\u00eb t\u00eb tjer\u00ebt n\u00eb komisione t\u00eb niveleve t\u00eb ndryshme vet\u00ebm lodra telekomande , mbase po..?!!<\/strong><\/em><\/p>\n<p><em><strong>Por shqet\u00ebson\u00a0 fakti se \u00a0\u00a0vet\u00ebm Baftja , po torturizohet..?!<\/strong><\/em><\/p>\n<p><em><strong><u>\u00a0Nj\u00eb rast\u00a0 i falsifikimit t\u00eb dor\u00ebheqjes\u2026 n\u00eb KKZ Ulqin, \u00a0si n\u00eb KSHZ\u00a0 n\u00eb Podgoric\u00eb p\u00ebr\u00a0 NIKOLL\u00cbN..?!!<\/u><\/strong><\/em><\/p>\n<p>Fjala bie \u2013 vet\u00ebm n\u00eb Komisionin Zgjedhor Komunal t\u00eb Ulqinit, n\u00eb k\u00ebto zgjedhje \u00a0rrinin k\u00ebmb\u00ebkryq e \u00a0galuc tradicionalisht 4-5 veta\u2026., tashm\u00eb t\u00eb sprovuar p\u00ebr manipulime shantazhe e deri te tentativa t\u00eb grabitjes s\u00eb mandatit t\u00eb k\u00ebshilltar\u00ebve duke falsifikuar dor\u00ebheqje si rasti ( Astrit Kurtit), \u00a0e duke ftuar n\u00eb kuvend nj\u00eb tjet\u00ebr nga lista e PPD-s\u00eb? pa mbajtur fare mbledhje e duke falsifikuar \u00a0procesverbale. K\u00ebt\u00eb gj\u00eb \u00a0e konstatoi edhe inspeksioni republikan i pun\u00ebve t\u00eb brendshme kur \u00e7\u00ebshtjen e ngrit\u00ebm n\u00eb nivel \u00a0hetuesie\u2026?\u201d<\/p>\n<p>\u00c7udia dhe ngjashm\u00ebria \u00a0\u00a0p\u00ebr rastin e cekur, \u00a0at\u00ebher\u00eb dhe mbase sot, \u00a0pam\u00eb\u00a0 q\u00eb askush n\u00eb komun\u00eb nuk dinte( t\u00eb kujtohej) se kush e dor\u00ebzoi (si person) n\u00eb arkiv letr\u00ebn e dor\u00ebheqjes s\u00eb Astritit , q\u00eb ai e mohonte ta kish dor\u00ebzuar \u2013 dhe \u00a0kuptohet se nuk e kish dor\u00ebzuar?!! \u00a0Ashtu p.sh , si \u00a0sot q\u00eb vepron \u00a0Nikolla\u2026?!<\/p>\n<p>Procesi n\u00eb polici \u00a0u ndal, pasi ne t\u00ebrhoq\u00ebm padin\u00eb?!Pasi\u00a0 \u2013 Shteti n\u00eb at\u00eb koh\u00eb u vu n\u00eb mbrojtje t\u00eb s\u00eb drejt\u00ebs- problemi u zgjidh n\u00eb favor tonin.<\/p>\n<p><em><strong>\u00c7ka \u00ebsht\u00eb m\u00eb se e qart\u00eb?!<\/strong><\/em><\/p>\n<p>Sipas neve \u2013\u00a0 \u00e7\u00ebshtja \u00ebsht\u00eb tep\u00ebr e\u00a0\u00a0 thjesht\u00eb edhe pse p\u00ebr falsifikim t\u00eb k\u00ebtill\u00eb shum\u00eb \u00a0leht\u00eb \u00a0mund t\u00eb shkohet n\u00eb burg\u2026?!<\/p>\n<p>Duam t\u00eb\u00a0 themi q\u00eb n\u00ebnshkrimi edhe po supozojm\u00eb t\u00eb jet\u00eb ai q\u00eb \u00ebsht\u00eb( i v\u00ebrteti)- kjo nuk ka \u00a0shum\u00eb r\u00ebnd\u00ebsi, n\u00ebse Nikolla- Klementi apo Baftja- nuk jan\u00eb autor\u00ebt e deponimit t\u00eb saj n\u00eb arkiv ?!<\/p>\n<p>R\u00ebnd\u00ebsi ka kush e dor\u00ebzoi at\u00eb \u00a0n\u00eb\u00a0 komision: \u00a0Aloshi,dihet se \u00a0nuk ka mundur t\u2019ia dor\u00ebzoj\u00eb \u00a0vetes- Aloshit ..?!!<\/p>\n<p>Ndoshta\u00a0 edhe \u00a0sistemi i kamerave\u00a0 \u2013 \u00a0mund t\u00eb v\u00ebrtetoj\u00eb se kush e dor\u00ebzoi n\u00eb arkiv\u2026?!!!<\/p>\n<p>Por\u00a0 nj\u00eb gj\u00eb \u00ebsht\u00eb m\u00eb se e qart\u00eb . Letra e par\u00eb e protokolluar , shohim t\u00eb jet\u00eb e shkruar me planifikim dhe komodi brenda nj\u00eb zyre q\u00eb dispononte kompjuter , pra\u00a0 ashtu si duhet t\u00eb\u00a0 komunikoj\u00eb nj\u00eb parti q\u00eb pretendon t\u00eb jet\u00eb parlamentare.<\/p>\n<p>Kurse\u00a0 letra e dyt\u00eb shohim t\u00eb jet\u00eb shkruar pas\u2026 , n\u00eb rrethana t\u00eb reja dhe jo n\u00eb hap\u00ebsira komode pran\u00eb kompjuteri, por diku jasht\u00eb tyre \u2013 mbase n\u00eb kafene , korridor\u00a0 apo n\u00eb ndonj\u00eb vend tjet\u00ebr , shpejt e shpejt \u00a0dhe me dor\u00eb \u2013 sa p\u00ebr t\u00eb kryer pun\u00ebn\u2026?! Q\u00eb vet\u00eb kjo t\u00eb ngjall\u00eb dyshim\u2026.?!<\/p>\n<p>Mendoj q\u00eb Nikolla ,\u00a0 p\u00ebr gjith\u00eb k\u00ebt\u00eb meriton p\u00ebrkrahjen q\u00eb thot\u00eb nga gjith\u00eb ne , sepse ngjalli shpres\u00ebn q\u00eb njer\u00ebzit gjithmon\u00eb kan\u00eb\u00a0 d\u00ebshir\u00eb dhe nevoj\u00eb t\u00eb mbrojn\u00eb t\u00eb v\u00ebrtet\u00ebn\u2026?!!<\/p>\n<p><strong>Vazhdon 3.<\/strong><\/p>\n<p><strong>\u00a0<\/strong><\/p>\n<p><strong>ZGJEDHJET 2016- FORMIMI I QEVERIS\u00cb\u00a0 S\u00cb RE , M\u00cb B\u00cbN T\u00cb NDIHEM QYTETAR I RENDI T\u00cb DYT\u00cb\u2026?!!<\/strong><\/p>\n<p>&nbsp;<\/p>\n","protected":false},"excerpt":{"rendered":"<p>Shkrtuan Muhamet Nika Sa mu ka hije k\u00ebtyre n\u00eb fotografi t\u00eb planit t\u00eb pare kur \u201c godisin buqet..- sin \u00eb 98\u2026\u201d?!! FOTO- KOMISIONI ZGJEDHOR: \u201c Thon\u00eb se druri gjithher\u00eb\u00a0 qahet \u00a0n\u00eb bisht kur sheh s\u00ebpat\u00ebn ta pres\u00eb\u2026\u201d Nr.1 Ndoshta \u00ebsht\u00eb me interes t\u00eb sjellim\u00a0 edhe\u00a0 disa shk\u00ebputje\u00a0 t\u00eb shkrimesh\u00a0 n\u00eb gazet\u00ebn\u00a0 Dan p\u00ebr zgjedhjet ,\u00a0 [&hellip;]<\/p>\n","protected":false},"author":1,"featured_media":0,"comment_status":"closed","ping_status":"closed","sticky":false,"template":"","format":"standard","meta":{"spay_email":"","jetpack_publicize_message":"","jetpack_is_tweetstorm":false,"jetpack_publicize_feature_enabled":true},"categories":[1,14249],"tags":[],"jetpack_publicize_connections":[],"yoast_head":"<!-- This site is optimized with the Yoast SEO plugin v19.1 - https:\/\/yoast.com\/wordpress\/plugins\/seo\/ -->\n<title>Nika: Kush don me na ble - Shih k\u00ebtu edhe tri fjal\u00eb p\u00ebr zgjedhjet 2016?! - Lajme nga Ulqini<\/title>\n<meta name=\"description\" content=\"Shkrtuan Muhamet Nika Sa mu ka hije k\u00ebtyre n\u00eb fotografi t\u00eb planit t\u00eb pare kur \u201c godisin buqet..- sin \u00eb 98\u2026\u201d?!! FOTO- KOMISIONI ZGJEDHOR: \u201c Thon\u00eb se druri\" \/>\n<meta name=\"robots\" content=\"index, follow, max-snippet:-1, max-image-preview:large, max-video-preview:-1\" \/>\n<link rel=\"canonical\" href=\"https:\/\/www.visit-ulcinj.com\/blog\/2016\/11\/04\/nika-kush-don-me-na-ble-shih-ketu-edhe-tri-fjale-per-zgjedhjet-2016\/\" \/>\n<meta property=\"og:locale\" content=\"en_US\" \/>\n<meta property=\"og:type\" content=\"article\" \/>\n<meta property=\"og:title\" content=\"Nika: Kush don me na ble - Shih k\u00ebtu edhe tri fjal\u00eb p\u00ebr zgjedhjet 2016?! - Lajme nga Ulqini\" \/>\n<meta property=\"og:description\" content=\"Shkrtuan Muhamet Nika Sa mu ka hije k\u00ebtyre n\u00eb fotografi t\u00eb planit t\u00eb pare kur \u201c godisin buqet..- sin \u00eb 98\u2026\u201d?!! FOTO- KOMISIONI ZGJEDHOR: \u201c Thon\u00eb se druri\" \/>\n<meta property=\"og:url\" content=\"https:\/\/www.visit-ulcinj.com\/blog\/2016\/11\/04\/nika-kush-don-me-na-ble-shih-ketu-edhe-tri-fjale-per-zgjedhjet-2016\/\" \/>\n<meta property=\"og:site_name\" content=\"Lajme nga Ulqini\" \/>\n<meta property=\"article:published_time\" content=\"2016-11-04T15:47:47+00:00\" \/>\n<meta property=\"article:modified_time\" content=\"2016-11-08T07:35:15+00:00\" \/>\n<meta property=\"og:image\" content=\"http:\/\/www.visit-ulcinj.com\/blog\/wp-content\/uploads\/2016\/11\/Komisioni-zgjedhor.jpg\" \/>\n<meta name=\"twitter:label1\" content=\"Written by\" \/>\n\t<meta name=\"twitter:data1\" content=\"ulqini\" \/>\n\t<meta name=\"twitter:label2\" content=\"Est. reading time\" \/>\n\t<meta name=\"twitter:data2\" content=\"10 minutes\" \/>\n<script type=\"application\/ld+json\" class=\"yoast-schema-graph\">{\"@context\":\"https:\/\/schema.org\",\"@graph\":[{\"@type\":\"WebSite\",\"@id\":\"https:\/\/www.visit-ulcinj.com\/blog\/#website\",\"url\":\"https:\/\/www.visit-ulcinj.com\/blog\/\",\"name\":\"Lajme nga Ulqini\",\"description\":\"Lajme,Vijesti,Ulqini,Ulqin,Crna Gora,Mali i Zi\",\"potentialAction\":[{\"@type\":\"SearchAction\",\"target\":{\"@type\":\"EntryPoint\",\"urlTemplate\":\"https:\/\/www.visit-ulcinj.com\/blog\/?s={search_term_string}\"},\"query-input\":\"required name=search_term_string\"}],\"inLanguage\":\"en-US\"},{\"@type\":\"ImageObject\",\"inLanguage\":\"en-US\",\"@id\":\"https:\/\/www.visit-ulcinj.com\/blog\/2016\/11\/04\/nika-kush-don-me-na-ble-shih-ketu-edhe-tri-fjale-per-zgjedhjet-2016\/#primaryimage\",\"url\":\"https:\/\/www.visit-ulcinj.com\/blog\/wp-content\/uploads\/2016\/11\/Komisioni-zgjedhor.jpg\",\"contentUrl\":\"https:\/\/www.visit-ulcinj.com\/blog\/wp-content\/uploads\/2016\/11\/Komisioni-zgjedhor.jpg\",\"width\":500,\"height\":336},{\"@type\":\"WebPage\",\"@id\":\"https:\/\/www.visit-ulcinj.com\/blog\/2016\/11\/04\/nika-kush-don-me-na-ble-shih-ketu-edhe-tri-fjale-per-zgjedhjet-2016\/#webpage\",\"url\":\"https:\/\/www.visit-ulcinj.com\/blog\/2016\/11\/04\/nika-kush-don-me-na-ble-shih-ketu-edhe-tri-fjale-per-zgjedhjet-2016\/\",\"name\":\"Nika: Kush don me na ble - Shih k\u00ebtu edhe tri fjal\u00eb p\u00ebr zgjedhjet 2016?! - Lajme nga Ulqini\",\"isPartOf\":{\"@id\":\"https:\/\/www.visit-ulcinj.com\/blog\/#website\"},\"primaryImageOfPage\":{\"@id\":\"https:\/\/www.visit-ulcinj.com\/blog\/2016\/11\/04\/nika-kush-don-me-na-ble-shih-ketu-edhe-tri-fjale-per-zgjedhjet-2016\/#primaryimage\"},\"datePublished\":\"2016-11-04T15:47:47+00:00\",\"dateModified\":\"2016-11-08T07:35:15+00:00\",\"author\":{\"@id\":\"https:\/\/www.visit-ulcinj.com\/blog\/#\/schema\/person\/dcab619c614d3038751c63bc2aadc06d\"},\"description\":\"Shkrtuan Muhamet Nika Sa mu ka hije k\u00ebtyre n\u00eb fotografi t\u00eb planit t\u00eb pare kur \u201c godisin buqet..- sin \u00eb 98\u2026\u201d?!! FOTO- KOMISIONI ZGJEDHOR: \u201c Thon\u00eb se druri\",\"breadcrumb\":{\"@id\":\"https:\/\/www.visit-ulcinj.com\/blog\/2016\/11\/04\/nika-kush-don-me-na-ble-shih-ketu-edhe-tri-fjale-per-zgjedhjet-2016\/#breadcrumb\"},\"inLanguage\":\"en-US\",\"potentialAction\":[{\"@type\":\"ReadAction\",\"target\":[\"https:\/\/www.visit-ulcinj.com\/blog\/2016\/11\/04\/nika-kush-don-me-na-ble-shih-ketu-edhe-tri-fjale-per-zgjedhjet-2016\/\"]}]},{\"@type\":\"BreadcrumbList\",\"@id\":\"https:\/\/www.visit-ulcinj.com\/blog\/2016\/11\/04\/nika-kush-don-me-na-ble-shih-ketu-edhe-tri-fjale-per-zgjedhjet-2016\/#breadcrumb\",\"itemListElement\":[{\"@type\":\"ListItem\",\"position\":1,\"name\":\"Nika: Kush don me na ble &#8211; Shih k\u00ebtu edhe tri fjal\u00eb p\u00ebr zgjedhjet 2016?!\"}]},{\"@type\":\"Person\",\"@id\":\"https:\/\/www.visit-ulcinj.com\/blog\/#\/schema\/person\/dcab619c614d3038751c63bc2aadc06d\",\"name\":\"ulqini\",\"sameAs\":[\"http:\/\/www.visit-ulcinj.com\"],\"url\":\"https:\/\/www.visit-ulcinj.com\/blog\/author\/admin\/\"}]}<\/script>\n<!-- \/ Yoast SEO plugin. -->","yoast_head_json":{"title":"Nika: Kush don me na ble - Shih k\u00ebtu edhe tri fjal\u00eb p\u00ebr zgjedhjet 2016?! - Lajme nga Ulqini","description":"Shkrtuan Muhamet Nika Sa mu ka hije k\u00ebtyre n\u00eb fotografi t\u00eb planit t\u00eb pare kur \u201c godisin buqet..- sin \u00eb 98\u2026\u201d?!! FOTO- KOMISIONI ZGJEDHOR: \u201c Thon\u00eb se druri","robots":{"index":"index","follow":"follow","max-snippet":"max-snippet:-1","max-image-preview":"max-image-preview:large","max-video-preview":"max-video-preview:-1"},"canonical":"https:\/\/www.visit-ulcinj.com\/blog\/2016\/11\/04\/nika-kush-don-me-na-ble-shih-ketu-edhe-tri-fjale-per-zgjedhjet-2016\/","og_locale":"en_US","og_type":"article","og_title":"Nika: Kush don me na ble - Shih k\u00ebtu edhe tri fjal\u00eb p\u00ebr zgjedhjet 2016?! - Lajme nga Ulqini","og_description":"Shkrtuan Muhamet Nika Sa mu ka hije k\u00ebtyre n\u00eb fotografi t\u00eb planit t\u00eb pare kur \u201c godisin buqet..- sin \u00eb 98\u2026\u201d?!! FOTO- KOMISIONI ZGJEDHOR: \u201c Thon\u00eb se druri","og_url":"https:\/\/www.visit-ulcinj.com\/blog\/2016\/11\/04\/nika-kush-don-me-na-ble-shih-ketu-edhe-tri-fjale-per-zgjedhjet-2016\/","og_site_name":"Lajme nga Ulqini","article_published_time":"2016-11-04T15:47:47+00:00","article_modified_time":"2016-11-08T07:35:15+00:00","og_image":[{"url":"http:\/\/www.visit-ulcinj.com\/blog\/wp-content\/uploads\/2016\/11\/Komisioni-zgjedhor.jpg"}],"twitter_misc":{"Written by":"ulqini","Est. reading time":"10 minutes"},"schema":{"@context":"https:\/\/schema.org","@graph":[{"@type":"WebSite","@id":"https:\/\/www.visit-ulcinj.com\/blog\/#website","url":"https:\/\/www.visit-ulcinj.com\/blog\/","name":"Lajme nga Ulqini","description":"Lajme,Vijesti,Ulqini,Ulqin,Crna Gora,Mali i Zi","potentialAction":[{"@type":"SearchAction","target":{"@type":"EntryPoint","urlTemplate":"https:\/\/www.visit-ulcinj.com\/blog\/?s={search_term_string}"},"query-input":"required name=search_term_string"}],"inLanguage":"en-US"},{"@type":"ImageObject","inLanguage":"en-US","@id":"https:\/\/www.visit-ulcinj.com\/blog\/2016\/11\/04\/nika-kush-don-me-na-ble-shih-ketu-edhe-tri-fjale-per-zgjedhjet-2016\/#primaryimage","url":"https:\/\/www.visit-ulcinj.com\/blog\/wp-content\/uploads\/2016\/11\/Komisioni-zgjedhor.jpg","contentUrl":"https:\/\/www.visit-ulcinj.com\/blog\/wp-content\/uploads\/2016\/11\/Komisioni-zgjedhor.jpg","width":500,"height":336},{"@type":"WebPage","@id":"https:\/\/www.visit-ulcinj.com\/blog\/2016\/11\/04\/nika-kush-don-me-na-ble-shih-ketu-edhe-tri-fjale-per-zgjedhjet-2016\/#webpage","url":"https:\/\/www.visit-ulcinj.com\/blog\/2016\/11\/04\/nika-kush-don-me-na-ble-shih-ketu-edhe-tri-fjale-per-zgjedhjet-2016\/","name":"Nika: Kush don me na ble - Shih k\u00ebtu edhe tri fjal\u00eb p\u00ebr zgjedhjet 2016?! - Lajme nga Ulqini","isPartOf":{"@id":"https:\/\/www.visit-ulcinj.com\/blog\/#website"},"primaryImageOfPage":{"@id":"https:\/\/www.visit-ulcinj.com\/blog\/2016\/11\/04\/nika-kush-don-me-na-ble-shih-ketu-edhe-tri-fjale-per-zgjedhjet-2016\/#primaryimage"},"datePublished":"2016-11-04T15:47:47+00:00","dateModified":"2016-11-08T07:35:15+00:00","author":{"@id":"https:\/\/www.visit-ulcinj.com\/blog\/#\/schema\/person\/dcab619c614d3038751c63bc2aadc06d"},"description":"Shkrtuan Muhamet Nika Sa mu ka hije k\u00ebtyre n\u00eb fotografi t\u00eb planit t\u00eb pare kur \u201c godisin buqet..- sin \u00eb 98\u2026\u201d?!! FOTO- KOMISIONI ZGJEDHOR: \u201c Thon\u00eb se druri","breadcrumb":{"@id":"https:\/\/www.visit-ulcinj.com\/blog\/2016\/11\/04\/nika-kush-don-me-na-ble-shih-ketu-edhe-tri-fjale-per-zgjedhjet-2016\/#breadcrumb"},"inLanguage":"en-US","potentialAction":[{"@type":"ReadAction","target":["https:\/\/www.visit-ulcinj.com\/blog\/2016\/11\/04\/nika-kush-don-me-na-ble-shih-ketu-edhe-tri-fjale-per-zgjedhjet-2016\/"]}]},{"@type":"BreadcrumbList","@id":"https:\/\/www.visit-ulcinj.com\/blog\/2016\/11\/04\/nika-kush-don-me-na-ble-shih-ketu-edhe-tri-fjale-per-zgjedhjet-2016\/#breadcrumb","itemListElement":[{"@type":"ListItem","position":1,"name":"Nika: Kush don me na ble &#8211; Shih k\u00ebtu edhe tri fjal\u00eb p\u00ebr zgjedhjet 2016?!"}]},{"@type":"Person","@id":"https:\/\/www.visit-ulcinj.com\/blog\/#\/schema\/person\/dcab619c614d3038751c63bc2aadc06d","name":"ulqini","sameAs":["http:\/\/www.visit-ulcinj.com"],"url":"https:\/\/www.visit-ulcinj.com\/blog\/author\/admin\/"}]}},"jetpack_featured_media_url":"","jetpack_sharing_enabled":true,"jetpack_shortlink":"https:\/\/wp.me\/pe6lTn-qdy","_links":{"self":[{"href":"https:\/\/www.visit-ulcinj.com\/blog\/wp-json\/wp\/v2\/posts\/100784"}],"collection":[{"href":"https:\/\/www.visit-ulcinj.com\/blog\/wp-json\/wp\/v2\/posts"}],"about":[{"href":"https:\/\/www.visit-ulcinj.com\/blog\/wp-json\/wp\/v2\/types\/post"}],"author":[{"embeddable":true,"href":"https:\/\/www.visit-ulcinj.com\/blog\/wp-json\/wp\/v2\/users\/1"}],"replies":[{"embeddable":true,"href":"https:\/\/www.visit-ulcinj.com\/blog\/wp-json\/wp\/v2\/comments?post=100784"}],"version-history":[{"count":3,"href":"https:\/\/www.visit-ulcinj.com\/blog\/wp-json\/wp\/v2\/posts\/100784\/revisions"}],"predecessor-version":[{"id":100905,"href":"https:\/\/www.visit-ulcinj.com\/blog\/wp-json\/wp\/v2\/posts\/100784\/revisions\/100905"}],"wp:attachment":[{"href":"https:\/\/www.visit-ulcinj.com\/blog\/wp-json\/wp\/v2\/media?parent=100784"}],"wp:term":[{"taxonomy":"category","embeddable":true,"href":"https:\/\/www.visit-ulcinj.com\/blog\/wp-json\/wp\/v2\/categories?post=100784"},{"taxonomy":"post_tag","embeddable":true,"href":"https:\/\/www.visit-ulcinj.com\/blog\/wp-json\/wp\/v2\/tags?post=100784"}],"curies":[{"name":"wp","href":"https:\/\/api.w.org\/{rel}","templated":true}]}}