{"id":100790,"date":"2016-11-04T17:07:43","date_gmt":"2016-11-04T16:07:43","guid":{"rendered":"http:\/\/www.visit-ulcinj.com\/blog\/?p=100790"},"modified":"2016-11-04T18:49:03","modified_gmt":"2016-11-04T17:49:03","slug":"kujtim-shala-qendroje-per-vizite-zyrtare-ne-ulqin","status":"publish","type":"post","link":"https:\/\/www.visit-ulcinj.com\/blog\/2016\/11\/04\/kujtim-shala-qendroje-per-vizite-zyrtare-ne-ulqin\/","title":{"rendered":"Kujtim Shala q\u00ebndroj\u00eb p\u00ebr vizit\u00eb zyrtare n\u00eb Ulqin"},"content":{"rendered":"<p><span lang=\"EN-US\"><a href=\"http:\/\/www.visit-ulcinj.com\/blog\/wp-content\/uploads\/2015\/06\/Kujtim-Shala-Genci-Nimanbegu.jpg\"><img loading=\"lazy\" class=\"alignleft wp-image-91070\" src=\"http:\/\/www.visit-ulcinj.com\/blog\/wp-content\/uploads\/2015\/06\/Kujtim-Shala-Genci-Nimanbegu.jpg\" alt=\"Kujtim-Shala-Genci-Nimanbegu\" width=\"508\" height=\"302\" srcset=\"https:\/\/www.visit-ulcinj.com\/blog\/wp-content\/uploads\/2015\/06\/Kujtim-Shala-Genci-Nimanbegu.jpg 505w, https:\/\/www.visit-ulcinj.com\/blog\/wp-content\/uploads\/2015\/06\/Kujtim-Shala-Genci-Nimanbegu-300x178.jpg 300w\" sizes=\"(max-width: 508px) 100vw, 508px\" \/><\/a>Sot n<\/span><span lang=\"SQ\">\u00eb Ulqin do t\u00eb q\u00ebndroj\u00eb p\u00ebr vizit\u00eb zyrtare ministri i kultur\u00ebs, rinis\u00eb dhe sportit i Republik\u00ebs s\u00eb Kosov\u00ebs Kujtim Shala. N\u00eb or\u00ebn 12:00 ai do t\u00eb takohet me\u00a0 kryetarin e Komun\u00ebs Nazif Cungu dhe bashk\u00ebpun\u00ebtor\u00ebt e tij. Nikoqiri Cungu dhe Ministri Shala pas takimit do ti drejtohen gazetar\u00ebve. M\u00eb pas ai do t\u00eb vizitoje\u00a0 bibliotek\u00ebn e qytetit ku do ti dhuroj\u00eb nj\u00eb num\u00ebr librash dhe lektyr\u00eb shkollore<\/span>.<\/p>\n<p><a href=\"http:\/\/www.visit-ulcinj.com\/blog\/wp-content\/uploads\/2016\/11\/Kujtim-Shala-Nazif-Cungu-Ulqin.jpg\"><img loading=\"lazy\" class=\"alignleft wp-image-100798\" src=\"http:\/\/www.visit-ulcinj.com\/blog\/wp-content\/uploads\/2016\/11\/Kujtim-Shala-Nazif-Cungu-Ulqin.jpg\" alt=\"Kujtim-Shala-Nazif-Cungu-Ulqin\" width=\"508\" height=\"243\" srcset=\"https:\/\/www.visit-ulcinj.com\/blog\/wp-content\/uploads\/2016\/11\/Kujtim-Shala-Nazif-Cungu-Ulqin.jpg 702w, https:\/\/www.visit-ulcinj.com\/blog\/wp-content\/uploads\/2016\/11\/Kujtim-Shala-Nazif-Cungu-Ulqin-300x144.jpg 300w\" sizes=\"(max-width: 508px) 100vw, 508px\" \/><\/a><\/p>\n","protected":false},"excerpt":{"rendered":"<p>Sot n\u00eb Ulqin do t\u00eb q\u00ebndroj\u00eb p\u00ebr vizit\u00eb zyrtare ministri i kultur\u00ebs, rinis\u00eb dhe sportit i Republik\u00ebs s\u00eb Kosov\u00ebs Kujtim Shala. N\u00eb or\u00ebn 12:00 ai do t\u00eb takohet me\u00a0 kryetarin e Komun\u00ebs Nazif Cungu dhe bashk\u00ebpun\u00ebtor\u00ebt e tij. Nikoqiri Cungu dhe Ministri Shala pas takimit do ti drejtohen gazetar\u00ebve. M\u00eb pas ai do t\u00eb vizitoje\u00a0 [&hellip;]<\/p>\n","protected":false},"author":1,"featured_media":0,"comment_status":"closed","ping_status":"closed","sticky":false,"template":"","format":"standard","meta":{"spay_email":"","jetpack_publicize_message":"","jetpack_is_tweetstorm":false,"jetpack_publicize_feature_enabled":true},"categories":[10,6],"tags":[],"jetpack_publicize_connections":[],"yoast_head":"<!-- This site is optimized with the Yoast SEO plugin v19.1 - https:\/\/yoast.com\/wordpress\/plugins\/seo\/ -->\n<title>Kujtim Shala q\u00ebndroj\u00eb p\u00ebr vizit\u00eb zyrtare n\u00eb Ulqin - Lajme nga Ulqini<\/title>\n<meta name=\"description\" content=\"Sot n\u00eb Ulqin do t\u00eb q\u00ebndroj\u00eb p\u00ebr vizit\u00eb zyrtare ministri i kultur\u00ebs, rinis\u00eb dhe sportit i Republik\u00ebs s\u00eb Kosov\u00ebs Kujtim Shala. N\u00eb or\u00ebn 12:00 ai do t\u00eb\" \/>\n<meta name=\"robots\" content=\"index, follow, max-snippet:-1, max-image-preview:large, max-video-preview:-1\" \/>\n<link rel=\"canonical\" href=\"https:\/\/www.visit-ulcinj.com\/blog\/2016\/11\/04\/kujtim-shala-qendroje-per-vizite-zyrtare-ne-ulqin\/\" \/>\n<meta property=\"og:locale\" content=\"en_US\" \/>\n<meta property=\"og:type\" content=\"article\" \/>\n<meta property=\"og:title\" content=\"Kujtim Shala q\u00ebndroj\u00eb p\u00ebr vizit\u00eb zyrtare n\u00eb Ulqin - Lajme nga Ulqini\" \/>\n<meta property=\"og:description\" content=\"Sot n\u00eb Ulqin do t\u00eb q\u00ebndroj\u00eb p\u00ebr vizit\u00eb zyrtare ministri i kultur\u00ebs, rinis\u00eb dhe sportit i Republik\u00ebs s\u00eb Kosov\u00ebs Kujtim Shala. N\u00eb or\u00ebn 12:00 ai do t\u00eb\" \/>\n<meta property=\"og:url\" content=\"https:\/\/www.visit-ulcinj.com\/blog\/2016\/11\/04\/kujtim-shala-qendroje-per-vizite-zyrtare-ne-ulqin\/\" \/>\n<meta property=\"og:site_name\" content=\"Lajme nga Ulqini\" \/>\n<meta property=\"article:published_time\" content=\"2016-11-04T16:07:43+00:00\" \/>\n<meta property=\"article:modified_time\" content=\"2016-11-04T17:49:03+00:00\" \/>\n<meta property=\"og:image\" content=\"http:\/\/www.visit-ulcinj.com\/blog\/wp-content\/uploads\/2015\/06\/Kujtim-Shala-Genci-Nimanbegu.jpg\" \/>\n<meta name=\"twitter:label1\" content=\"Written by\" \/>\n\t<meta name=\"twitter:data1\" content=\"ulqini\" \/>\n<script type=\"application\/ld+json\" class=\"yoast-schema-graph\">{\"@context\":\"https:\/\/schema.org\",\"@graph\":[{\"@type\":\"WebSite\",\"@id\":\"https:\/\/www.visit-ulcinj.com\/blog\/#website\",\"url\":\"https:\/\/www.visit-ulcinj.com\/blog\/\",\"name\":\"Lajme nga Ulqini\",\"description\":\"Lajme,Vijesti,Ulqini,Ulqin,Crna Gora,Mali i Zi\",\"potentialAction\":[{\"@type\":\"SearchAction\",\"target\":{\"@type\":\"EntryPoint\",\"urlTemplate\":\"https:\/\/www.visit-ulcinj.com\/blog\/?s={search_term_string}\"},\"query-input\":\"required name=search_term_string\"}],\"inLanguage\":\"en-US\"},{\"@type\":\"ImageObject\",\"inLanguage\":\"en-US\",\"@id\":\"https:\/\/www.visit-ulcinj.com\/blog\/2016\/11\/04\/kujtim-shala-qendroje-per-vizite-zyrtare-ne-ulqin\/#primaryimage\",\"url\":\"https:\/\/www.visit-ulcinj.com\/blog\/wp-content\/uploads\/2015\/06\/Kujtim-Shala-Genci-Nimanbegu.jpg\",\"contentUrl\":\"https:\/\/www.visit-ulcinj.com\/blog\/wp-content\/uploads\/2015\/06\/Kujtim-Shala-Genci-Nimanbegu.jpg\",\"width\":505,\"height\":300},{\"@type\":\"WebPage\",\"@id\":\"https:\/\/www.visit-ulcinj.com\/blog\/2016\/11\/04\/kujtim-shala-qendroje-per-vizite-zyrtare-ne-ulqin\/#webpage\",\"url\":\"https:\/\/www.visit-ulcinj.com\/blog\/2016\/11\/04\/kujtim-shala-qendroje-per-vizite-zyrtare-ne-ulqin\/\",\"name\":\"Kujtim Shala q\u00ebndroj\u00eb p\u00ebr vizit\u00eb zyrtare n\u00eb Ulqin - Lajme nga Ulqini\",\"isPartOf\":{\"@id\":\"https:\/\/www.visit-ulcinj.com\/blog\/#website\"},\"primaryImageOfPage\":{\"@id\":\"https:\/\/www.visit-ulcinj.com\/blog\/2016\/11\/04\/kujtim-shala-qendroje-per-vizite-zyrtare-ne-ulqin\/#primaryimage\"},\"datePublished\":\"2016-11-04T16:07:43+00:00\",\"dateModified\":\"2016-11-04T17:49:03+00:00\",\"author\":{\"@id\":\"https:\/\/www.visit-ulcinj.com\/blog\/#\/schema\/person\/dcab619c614d3038751c63bc2aadc06d\"},\"description\":\"Sot n\u00eb Ulqin do t\u00eb q\u00ebndroj\u00eb p\u00ebr vizit\u00eb zyrtare ministri i kultur\u00ebs, rinis\u00eb dhe sportit i Republik\u00ebs s\u00eb Kosov\u00ebs Kujtim Shala. N\u00eb or\u00ebn 12:00 ai do t\u00eb\",\"breadcrumb\":{\"@id\":\"https:\/\/www.visit-ulcinj.com\/blog\/2016\/11\/04\/kujtim-shala-qendroje-per-vizite-zyrtare-ne-ulqin\/#breadcrumb\"},\"inLanguage\":\"en-US\",\"potentialAction\":[{\"@type\":\"ReadAction\",\"target\":[\"https:\/\/www.visit-ulcinj.com\/blog\/2016\/11\/04\/kujtim-shala-qendroje-per-vizite-zyrtare-ne-ulqin\/\"]}]},{\"@type\":\"BreadcrumbList\",\"@id\":\"https:\/\/www.visit-ulcinj.com\/blog\/2016\/11\/04\/kujtim-shala-qendroje-per-vizite-zyrtare-ne-ulqin\/#breadcrumb\",\"itemListElement\":[{\"@type\":\"ListItem\",\"position\":1,\"name\":\"Kujtim Shala q\u00ebndroj\u00eb p\u00ebr vizit\u00eb zyrtare n\u00eb Ulqin\"}]},{\"@type\":\"Person\",\"@id\":\"https:\/\/www.visit-ulcinj.com\/blog\/#\/schema\/person\/dcab619c614d3038751c63bc2aadc06d\",\"name\":\"ulqini\",\"sameAs\":[\"http:\/\/www.visit-ulcinj.com\"],\"url\":\"https:\/\/www.visit-ulcinj.com\/blog\/author\/admin\/\"}]}<\/script>\n<!-- \/ Yoast SEO plugin. -->","yoast_head_json":{"title":"Kujtim Shala q\u00ebndroj\u00eb p\u00ebr vizit\u00eb zyrtare n\u00eb Ulqin - Lajme nga Ulqini","description":"Sot n\u00eb Ulqin do t\u00eb q\u00ebndroj\u00eb p\u00ebr vizit\u00eb zyrtare ministri i kultur\u00ebs, rinis\u00eb dhe sportit i Republik\u00ebs s\u00eb Kosov\u00ebs Kujtim Shala. N\u00eb or\u00ebn 12:00 ai do t\u00eb","robots":{"index":"index","follow":"follow","max-snippet":"max-snippet:-1","max-image-preview":"max-image-preview:large","max-video-preview":"max-video-preview:-1"},"canonical":"https:\/\/www.visit-ulcinj.com\/blog\/2016\/11\/04\/kujtim-shala-qendroje-per-vizite-zyrtare-ne-ulqin\/","og_locale":"en_US","og_type":"article","og_title":"Kujtim Shala q\u00ebndroj\u00eb p\u00ebr vizit\u00eb zyrtare n\u00eb Ulqin - Lajme nga Ulqini","og_description":"Sot n\u00eb Ulqin do t\u00eb q\u00ebndroj\u00eb p\u00ebr vizit\u00eb zyrtare ministri i kultur\u00ebs, rinis\u00eb dhe sportit i Republik\u00ebs s\u00eb Kosov\u00ebs Kujtim Shala. N\u00eb or\u00ebn 12:00 ai do t\u00eb","og_url":"https:\/\/www.visit-ulcinj.com\/blog\/2016\/11\/04\/kujtim-shala-qendroje-per-vizite-zyrtare-ne-ulqin\/","og_site_name":"Lajme nga Ulqini","article_published_time":"2016-11-04T16:07:43+00:00","article_modified_time":"2016-11-04T17:49:03+00:00","og_image":[{"url":"http:\/\/www.visit-ulcinj.com\/blog\/wp-content\/uploads\/2015\/06\/Kujtim-Shala-Genci-Nimanbegu.jpg"}],"twitter_misc":{"Written by":"ulqini"},"schema":{"@context":"https:\/\/schema.org","@graph":[{"@type":"WebSite","@id":"https:\/\/www.visit-ulcinj.com\/blog\/#website","url":"https:\/\/www.visit-ulcinj.com\/blog\/","name":"Lajme nga Ulqini","description":"Lajme,Vijesti,Ulqini,Ulqin,Crna Gora,Mali i Zi","potentialAction":[{"@type":"SearchAction","target":{"@type":"EntryPoint","urlTemplate":"https:\/\/www.visit-ulcinj.com\/blog\/?s={search_term_string}"},"query-input":"required name=search_term_string"}],"inLanguage":"en-US"},{"@type":"ImageObject","inLanguage":"en-US","@id":"https:\/\/www.visit-ulcinj.com\/blog\/2016\/11\/04\/kujtim-shala-qendroje-per-vizite-zyrtare-ne-ulqin\/#primaryimage","url":"https:\/\/www.visit-ulcinj.com\/blog\/wp-content\/uploads\/2015\/06\/Kujtim-Shala-Genci-Nimanbegu.jpg","contentUrl":"https:\/\/www.visit-ulcinj.com\/blog\/wp-content\/uploads\/2015\/06\/Kujtim-Shala-Genci-Nimanbegu.jpg","width":505,"height":300},{"@type":"WebPage","@id":"https:\/\/www.visit-ulcinj.com\/blog\/2016\/11\/04\/kujtim-shala-qendroje-per-vizite-zyrtare-ne-ulqin\/#webpage","url":"https:\/\/www.visit-ulcinj.com\/blog\/2016\/11\/04\/kujtim-shala-qendroje-per-vizite-zyrtare-ne-ulqin\/","name":"Kujtim Shala q\u00ebndroj\u00eb p\u00ebr vizit\u00eb zyrtare n\u00eb Ulqin - Lajme nga Ulqini","isPartOf":{"@id":"https:\/\/www.visit-ulcinj.com\/blog\/#website"},"primaryImageOfPage":{"@id":"https:\/\/www.visit-ulcinj.com\/blog\/2016\/11\/04\/kujtim-shala-qendroje-per-vizite-zyrtare-ne-ulqin\/#primaryimage"},"datePublished":"2016-11-04T16:07:43+00:00","dateModified":"2016-11-04T17:49:03+00:00","author":{"@id":"https:\/\/www.visit-ulcinj.com\/blog\/#\/schema\/person\/dcab619c614d3038751c63bc2aadc06d"},"description":"Sot n\u00eb Ulqin do t\u00eb q\u00ebndroj\u00eb p\u00ebr vizit\u00eb zyrtare ministri i kultur\u00ebs, rinis\u00eb dhe sportit i Republik\u00ebs s\u00eb Kosov\u00ebs Kujtim Shala. N\u00eb or\u00ebn 12:00 ai do t\u00eb","breadcrumb":{"@id":"https:\/\/www.visit-ulcinj.com\/blog\/2016\/11\/04\/kujtim-shala-qendroje-per-vizite-zyrtare-ne-ulqin\/#breadcrumb"},"inLanguage":"en-US","potentialAction":[{"@type":"ReadAction","target":["https:\/\/www.visit-ulcinj.com\/blog\/2016\/11\/04\/kujtim-shala-qendroje-per-vizite-zyrtare-ne-ulqin\/"]}]},{"@type":"BreadcrumbList","@id":"https:\/\/www.visit-ulcinj.com\/blog\/2016\/11\/04\/kujtim-shala-qendroje-per-vizite-zyrtare-ne-ulqin\/#breadcrumb","itemListElement":[{"@type":"ListItem","position":1,"name":"Kujtim Shala q\u00ebndroj\u00eb p\u00ebr vizit\u00eb zyrtare n\u00eb Ulqin"}]},{"@type":"Person","@id":"https:\/\/www.visit-ulcinj.com\/blog\/#\/schema\/person\/dcab619c614d3038751c63bc2aadc06d","name":"ulqini","sameAs":["http:\/\/www.visit-ulcinj.com"],"url":"https:\/\/www.visit-ulcinj.com\/blog\/author\/admin\/"}]}},"jetpack_featured_media_url":"","jetpack_sharing_enabled":true,"jetpack_shortlink":"https:\/\/wp.me\/pe6lTn-qdE","_links":{"self":[{"href":"https:\/\/www.visit-ulcinj.com\/blog\/wp-json\/wp\/v2\/posts\/100790"}],"collection":[{"href":"https:\/\/www.visit-ulcinj.com\/blog\/wp-json\/wp\/v2\/posts"}],"about":[{"href":"https:\/\/www.visit-ulcinj.com\/blog\/wp-json\/wp\/v2\/types\/post"}],"author":[{"embeddable":true,"href":"https:\/\/www.visit-ulcinj.com\/blog\/wp-json\/wp\/v2\/users\/1"}],"replies":[{"embeddable":true,"href":"https:\/\/www.visit-ulcinj.com\/blog\/wp-json\/wp\/v2\/comments?post=100790"}],"version-history":[{"count":2,"href":"https:\/\/www.visit-ulcinj.com\/blog\/wp-json\/wp\/v2\/posts\/100790\/revisions"}],"predecessor-version":[{"id":100799,"href":"https:\/\/www.visit-ulcinj.com\/blog\/wp-json\/wp\/v2\/posts\/100790\/revisions\/100799"}],"wp:attachment":[{"href":"https:\/\/www.visit-ulcinj.com\/blog\/wp-json\/wp\/v2\/media?parent=100790"}],"wp:term":[{"taxonomy":"category","embeddable":true,"href":"https:\/\/www.visit-ulcinj.com\/blog\/wp-json\/wp\/v2\/categories?post=100790"},{"taxonomy":"post_tag","embeddable":true,"href":"https:\/\/www.visit-ulcinj.com\/blog\/wp-json\/wp\/v2\/tags?post=100790"}],"curies":[{"name":"wp","href":"https:\/\/api.w.org\/{rel}","templated":true}]}}