{"id":100803,"date":"2016-11-04T17:49:12","date_gmt":"2016-11-04T16:49:12","guid":{"rendered":"http:\/\/www.visit-ulcinj.com\/blog\/?p=100803"},"modified":"2016-11-04T17:49:12","modified_gmt":"2016-11-04T16:49:12","slug":"ruset-bjelloruset-e-serbet-stervitje-te-perbashket-ne-kufi-malin-e-zi","status":"publish","type":"post","link":"https:\/\/www.visit-ulcinj.com\/blog\/2016\/11\/04\/ruset-bjelloruset-e-serbet-stervitje-te-perbashket-ne-kufi-malin-e-zi\/","title":{"rendered":"Rus\u00ebt, bjellorus\u00ebt e serb\u00ebt st\u00ebrvitje t\u00eb p\u00ebrbashk\u00ebt n\u00eb kufi me Malin e Zi"},"content":{"rendered":"<p><a href=\"http:\/\/www.visit-ulcinj.com\/blog\/wp-content\/uploads\/2016\/11\/Rus\u00ebt-bjellorus\u00ebt-e-serb\u00ebt-st\u00ebrvitje-kufiri.jpg\"><img loading=\"lazy\" class=\"alignleft wp-image-100804\" src=\"http:\/\/www.visit-ulcinj.com\/blog\/wp-content\/uploads\/2016\/11\/Rus\u00ebt-bjellorus\u00ebt-e-serb\u00ebt-st\u00ebrvitje-kufiri.jpg\" alt=\"Rus\u00ebt, bjellorus\u00ebt e serb\u00ebt st\u00ebrvitje-kufiri\" width=\"508\" height=\"339\" \/><\/a>Trupat ruse dhe bjelloruse jan\u00eb angazhuar n\u00eb st\u00ebrvitje t\u00eb p\u00ebrbashk\u00ebta ushtarake n\u00eb Serbi.<\/p>\n<p>St\u00ebrvitjet me emrin &#8220;V\u00ebllaz\u00ebrimi sllav 2016&#8221;, filluan dje, me pjes\u00ebmarrjen e 150 parashutist\u00ebve rus\u00eb dhe t\u00eb nj\u00eb numri t\u00eb panjohur trupash nga Serbia dhe Bjellorusia.<\/p>\n<p>Manovrat n\u00eb Serbi zhvillohen n\u00eb nj\u00eb koh\u00eb kur NATO-ja ka nd\u00ebrmarr\u00eb nj\u00eb st\u00ebrvitje emergjente n\u00eb Mal t\u00eb Zi.<\/p>\n<p>Mali i Zi \u00ebsht\u00eb ftuar p\u00ebr t&#8217;ju bashkuar NATO-s megjith\u00eb kund\u00ebrshtimin e fort\u00eb t\u00eb Rusis\u00eb. Serbia dhe Mali i Zi jan\u00eb aleat\u00eb tradicional\u00eb t\u00eb Mosk\u00ebs.<\/p>\n<p>Syri<\/p>\n","protected":false},"excerpt":{"rendered":"<p>Trupat ruse dhe bjelloruse jan\u00eb angazhuar n\u00eb st\u00ebrvitje t\u00eb p\u00ebrbashk\u00ebta ushtarake n\u00eb Serbi. St\u00ebrvitjet me emrin &#8220;V\u00ebllaz\u00ebrimi sllav 2016&#8221;, filluan dje, me pjes\u00ebmarrjen e 150 parashutist\u00ebve rus\u00eb dhe t\u00eb nj\u00eb numri t\u00eb panjohur trupash nga Serbia dhe Bjellorusia. Manovrat n\u00eb Serbi zhvillohen n\u00eb nj\u00eb koh\u00eb kur NATO-ja ka nd\u00ebrmarr\u00eb nj\u00eb st\u00ebrvitje emergjente n\u00eb Mal t\u00eb [&hellip;]<\/p>\n","protected":false},"author":1,"featured_media":0,"comment_status":"closed","ping_status":"closed","sticky":false,"template":"","format":"standard","meta":{"spay_email":"","jetpack_publicize_message":"","jetpack_is_tweetstorm":false,"jetpack_publicize_feature_enabled":true},"categories":[12],"tags":[],"jetpack_publicize_connections":[],"yoast_head":"<!-- This site is optimized with the Yoast SEO plugin v19.1 - https:\/\/yoast.com\/wordpress\/plugins\/seo\/ -->\n<title>Rus\u00ebt, bjellorus\u00ebt e serb\u00ebt st\u00ebrvitje t\u00eb p\u00ebrbashk\u00ebt n\u00eb kufi me Malin e Zi - Lajme nga Ulqini<\/title>\n<meta name=\"description\" content=\"Trupat ruse dhe bjelloruse jan\u00eb angazhuar n\u00eb st\u00ebrvitje t\u00eb p\u00ebrbashk\u00ebta ushtarake n\u00eb Serbi. St\u00ebrvitjet me emrin &quot;V\u00ebllaz\u00ebrimi sllav 2016&quot;, filluan dje, me\" \/>\n<meta name=\"robots\" content=\"index, follow, max-snippet:-1, max-image-preview:large, max-video-preview:-1\" \/>\n<link rel=\"canonical\" href=\"https:\/\/www.visit-ulcinj.com\/blog\/2016\/11\/04\/ruset-bjelloruset-e-serbet-stervitje-te-perbashket-ne-kufi-malin-e-zi\/\" \/>\n<meta property=\"og:locale\" content=\"en_US\" \/>\n<meta property=\"og:type\" content=\"article\" \/>\n<meta property=\"og:title\" content=\"Rus\u00ebt, bjellorus\u00ebt e serb\u00ebt st\u00ebrvitje t\u00eb p\u00ebrbashk\u00ebt n\u00eb kufi me Malin e Zi - Lajme nga Ulqini\" \/>\n<meta property=\"og:description\" content=\"Trupat ruse dhe bjelloruse jan\u00eb angazhuar n\u00eb st\u00ebrvitje t\u00eb p\u00ebrbashk\u00ebta ushtarake n\u00eb Serbi. St\u00ebrvitjet me emrin &quot;V\u00ebllaz\u00ebrimi sllav 2016&quot;, filluan dje, me\" \/>\n<meta property=\"og:url\" content=\"https:\/\/www.visit-ulcinj.com\/blog\/2016\/11\/04\/ruset-bjelloruset-e-serbet-stervitje-te-perbashket-ne-kufi-malin-e-zi\/\" \/>\n<meta property=\"og:site_name\" content=\"Lajme nga Ulqini\" \/>\n<meta property=\"article:published_time\" content=\"2016-11-04T16:49:12+00:00\" \/>\n<meta name=\"twitter:label1\" content=\"Written by\" \/>\n\t<meta name=\"twitter:data1\" content=\"ulqini\" \/>\n<script type=\"application\/ld+json\" class=\"yoast-schema-graph\">{\"@context\":\"https:\/\/schema.org\",\"@graph\":[{\"@type\":\"WebSite\",\"@id\":\"https:\/\/www.visit-ulcinj.com\/blog\/#website\",\"url\":\"https:\/\/www.visit-ulcinj.com\/blog\/\",\"name\":\"Lajme nga Ulqini\",\"description\":\"Lajme,Vijesti,Ulqini,Ulqin,Crna Gora,Mali i Zi\",\"potentialAction\":[{\"@type\":\"SearchAction\",\"target\":{\"@type\":\"EntryPoint\",\"urlTemplate\":\"https:\/\/www.visit-ulcinj.com\/blog\/?s={search_term_string}\"},\"query-input\":\"required name=search_term_string\"}],\"inLanguage\":\"en-US\"},{\"@type\":\"WebPage\",\"@id\":\"https:\/\/www.visit-ulcinj.com\/blog\/2016\/11\/04\/ruset-bjelloruset-e-serbet-stervitje-te-perbashket-ne-kufi-malin-e-zi\/#webpage\",\"url\":\"https:\/\/www.visit-ulcinj.com\/blog\/2016\/11\/04\/ruset-bjelloruset-e-serbet-stervitje-te-perbashket-ne-kufi-malin-e-zi\/\",\"name\":\"Rus\u00ebt, bjellorus\u00ebt e serb\u00ebt st\u00ebrvitje t\u00eb p\u00ebrbashk\u00ebt n\u00eb kufi me Malin e Zi - Lajme nga Ulqini\",\"isPartOf\":{\"@id\":\"https:\/\/www.visit-ulcinj.com\/blog\/#website\"},\"datePublished\":\"2016-11-04T16:49:12+00:00\",\"dateModified\":\"2016-11-04T16:49:12+00:00\",\"author\":{\"@id\":\"https:\/\/www.visit-ulcinj.com\/blog\/#\/schema\/person\/dcab619c614d3038751c63bc2aadc06d\"},\"description\":\"Trupat ruse dhe bjelloruse jan\u00eb angazhuar n\u00eb st\u00ebrvitje t\u00eb p\u00ebrbashk\u00ebta ushtarake n\u00eb Serbi. St\u00ebrvitjet me emrin \\\"V\u00ebllaz\u00ebrimi sllav 2016\\\", filluan dje, me\",\"breadcrumb\":{\"@id\":\"https:\/\/www.visit-ulcinj.com\/blog\/2016\/11\/04\/ruset-bjelloruset-e-serbet-stervitje-te-perbashket-ne-kufi-malin-e-zi\/#breadcrumb\"},\"inLanguage\":\"en-US\",\"potentialAction\":[{\"@type\":\"ReadAction\",\"target\":[\"https:\/\/www.visit-ulcinj.com\/blog\/2016\/11\/04\/ruset-bjelloruset-e-serbet-stervitje-te-perbashket-ne-kufi-malin-e-zi\/\"]}]},{\"@type\":\"BreadcrumbList\",\"@id\":\"https:\/\/www.visit-ulcinj.com\/blog\/2016\/11\/04\/ruset-bjelloruset-e-serbet-stervitje-te-perbashket-ne-kufi-malin-e-zi\/#breadcrumb\",\"itemListElement\":[{\"@type\":\"ListItem\",\"position\":1,\"name\":\"Rus\u00ebt, bjellorus\u00ebt e serb\u00ebt st\u00ebrvitje t\u00eb p\u00ebrbashk\u00ebt n\u00eb kufi me Malin e Zi\"}]},{\"@type\":\"Person\",\"@id\":\"https:\/\/www.visit-ulcinj.com\/blog\/#\/schema\/person\/dcab619c614d3038751c63bc2aadc06d\",\"name\":\"ulqini\",\"sameAs\":[\"http:\/\/www.visit-ulcinj.com\"],\"url\":\"https:\/\/www.visit-ulcinj.com\/blog\/author\/admin\/\"}]}<\/script>\n<!-- \/ Yoast SEO plugin. -->","yoast_head_json":{"title":"Rus\u00ebt, bjellorus\u00ebt e serb\u00ebt st\u00ebrvitje t\u00eb p\u00ebrbashk\u00ebt n\u00eb kufi me Malin e Zi - Lajme nga Ulqini","description":"Trupat ruse dhe bjelloruse jan\u00eb angazhuar n\u00eb st\u00ebrvitje t\u00eb p\u00ebrbashk\u00ebta ushtarake n\u00eb Serbi. St\u00ebrvitjet me emrin \"V\u00ebllaz\u00ebrimi sllav 2016\", filluan dje, me","robots":{"index":"index","follow":"follow","max-snippet":"max-snippet:-1","max-image-preview":"max-image-preview:large","max-video-preview":"max-video-preview:-1"},"canonical":"https:\/\/www.visit-ulcinj.com\/blog\/2016\/11\/04\/ruset-bjelloruset-e-serbet-stervitje-te-perbashket-ne-kufi-malin-e-zi\/","og_locale":"en_US","og_type":"article","og_title":"Rus\u00ebt, bjellorus\u00ebt e serb\u00ebt st\u00ebrvitje t\u00eb p\u00ebrbashk\u00ebt n\u00eb kufi me Malin e Zi - Lajme nga Ulqini","og_description":"Trupat ruse dhe bjelloruse jan\u00eb angazhuar n\u00eb st\u00ebrvitje t\u00eb p\u00ebrbashk\u00ebta ushtarake n\u00eb Serbi. St\u00ebrvitjet me emrin \"V\u00ebllaz\u00ebrimi sllav 2016\", filluan dje, me","og_url":"https:\/\/www.visit-ulcinj.com\/blog\/2016\/11\/04\/ruset-bjelloruset-e-serbet-stervitje-te-perbashket-ne-kufi-malin-e-zi\/","og_site_name":"Lajme nga Ulqini","article_published_time":"2016-11-04T16:49:12+00:00","twitter_misc":{"Written by":"ulqini"},"schema":{"@context":"https:\/\/schema.org","@graph":[{"@type":"WebSite","@id":"https:\/\/www.visit-ulcinj.com\/blog\/#website","url":"https:\/\/www.visit-ulcinj.com\/blog\/","name":"Lajme nga Ulqini","description":"Lajme,Vijesti,Ulqini,Ulqin,Crna Gora,Mali i Zi","potentialAction":[{"@type":"SearchAction","target":{"@type":"EntryPoint","urlTemplate":"https:\/\/www.visit-ulcinj.com\/blog\/?s={search_term_string}"},"query-input":"required name=search_term_string"}],"inLanguage":"en-US"},{"@type":"WebPage","@id":"https:\/\/www.visit-ulcinj.com\/blog\/2016\/11\/04\/ruset-bjelloruset-e-serbet-stervitje-te-perbashket-ne-kufi-malin-e-zi\/#webpage","url":"https:\/\/www.visit-ulcinj.com\/blog\/2016\/11\/04\/ruset-bjelloruset-e-serbet-stervitje-te-perbashket-ne-kufi-malin-e-zi\/","name":"Rus\u00ebt, bjellorus\u00ebt e serb\u00ebt st\u00ebrvitje t\u00eb p\u00ebrbashk\u00ebt n\u00eb kufi me Malin e Zi - Lajme nga Ulqini","isPartOf":{"@id":"https:\/\/www.visit-ulcinj.com\/blog\/#website"},"datePublished":"2016-11-04T16:49:12+00:00","dateModified":"2016-11-04T16:49:12+00:00","author":{"@id":"https:\/\/www.visit-ulcinj.com\/blog\/#\/schema\/person\/dcab619c614d3038751c63bc2aadc06d"},"description":"Trupat ruse dhe bjelloruse jan\u00eb angazhuar n\u00eb st\u00ebrvitje t\u00eb p\u00ebrbashk\u00ebta ushtarake n\u00eb Serbi. St\u00ebrvitjet me emrin \"V\u00ebllaz\u00ebrimi sllav 2016\", filluan dje, me","breadcrumb":{"@id":"https:\/\/www.visit-ulcinj.com\/blog\/2016\/11\/04\/ruset-bjelloruset-e-serbet-stervitje-te-perbashket-ne-kufi-malin-e-zi\/#breadcrumb"},"inLanguage":"en-US","potentialAction":[{"@type":"ReadAction","target":["https:\/\/www.visit-ulcinj.com\/blog\/2016\/11\/04\/ruset-bjelloruset-e-serbet-stervitje-te-perbashket-ne-kufi-malin-e-zi\/"]}]},{"@type":"BreadcrumbList","@id":"https:\/\/www.visit-ulcinj.com\/blog\/2016\/11\/04\/ruset-bjelloruset-e-serbet-stervitje-te-perbashket-ne-kufi-malin-e-zi\/#breadcrumb","itemListElement":[{"@type":"ListItem","position":1,"name":"Rus\u00ebt, bjellorus\u00ebt e serb\u00ebt st\u00ebrvitje t\u00eb p\u00ebrbashk\u00ebt n\u00eb kufi me Malin e Zi"}]},{"@type":"Person","@id":"https:\/\/www.visit-ulcinj.com\/blog\/#\/schema\/person\/dcab619c614d3038751c63bc2aadc06d","name":"ulqini","sameAs":["http:\/\/www.visit-ulcinj.com"],"url":"https:\/\/www.visit-ulcinj.com\/blog\/author\/admin\/"}]}},"jetpack_featured_media_url":"","jetpack_sharing_enabled":true,"jetpack_shortlink":"https:\/\/wp.me\/pe6lTn-qdR","_links":{"self":[{"href":"https:\/\/www.visit-ulcinj.com\/blog\/wp-json\/wp\/v2\/posts\/100803"}],"collection":[{"href":"https:\/\/www.visit-ulcinj.com\/blog\/wp-json\/wp\/v2\/posts"}],"about":[{"href":"https:\/\/www.visit-ulcinj.com\/blog\/wp-json\/wp\/v2\/types\/post"}],"author":[{"embeddable":true,"href":"https:\/\/www.visit-ulcinj.com\/blog\/wp-json\/wp\/v2\/users\/1"}],"replies":[{"embeddable":true,"href":"https:\/\/www.visit-ulcinj.com\/blog\/wp-json\/wp\/v2\/comments?post=100803"}],"version-history":[{"count":1,"href":"https:\/\/www.visit-ulcinj.com\/blog\/wp-json\/wp\/v2\/posts\/100803\/revisions"}],"predecessor-version":[{"id":100805,"href":"https:\/\/www.visit-ulcinj.com\/blog\/wp-json\/wp\/v2\/posts\/100803\/revisions\/100805"}],"wp:attachment":[{"href":"https:\/\/www.visit-ulcinj.com\/blog\/wp-json\/wp\/v2\/media?parent=100803"}],"wp:term":[{"taxonomy":"category","embeddable":true,"href":"https:\/\/www.visit-ulcinj.com\/blog\/wp-json\/wp\/v2\/categories?post=100803"},{"taxonomy":"post_tag","embeddable":true,"href":"https:\/\/www.visit-ulcinj.com\/blog\/wp-json\/wp\/v2\/tags?post=100803"}],"curies":[{"name":"wp","href":"https:\/\/api.w.org\/{rel}","templated":true}]}}