{"id":100819,"date":"2016-11-05T16:27:55","date_gmt":"2016-11-05T15:27:55","guid":{"rendered":"http:\/\/www.visit-ulcinj.com\/blog\/?p=100819"},"modified":"2016-11-07T10:57:32","modified_gmt":"2016-11-07T09:57:32","slug":"nje-turne-vjetor-golfi-per-te-ndihmuar-bashkatdhetaret-ne-anen-e-malit","status":"publish","type":"post","link":"https:\/\/www.visit-ulcinj.com\/blog\/2016\/11\/05\/nje-turne-vjetor-golfi-per-te-ndihmuar-bashkatdhetaret-ne-anen-e-malit\/","title":{"rendered":"Nj\u00eb turne vjetor golfi p\u00ebr t\u00eb ndihmuar bashkatdhetar\u00ebt n\u00eb An\u00ebn e Malit"},"content":{"rendered":"<p><strong><a href=\"http:\/\/www.visit-ulcinj.com\/blog\/wp-content\/uploads\/2016\/11\/golf-p\u00ebr-t\u00eb-ndihmuar-bashkatdhetar\u00ebt-n\u00eb-An\u00ebn-e-Malit.jpg\"><img loading=\"lazy\" class=\"alignleft wp-image-100820\" src=\"http:\/\/www.visit-ulcinj.com\/blog\/wp-content\/uploads\/2016\/11\/golf-p\u00ebr-t\u00eb-ndihmuar-bashkatdhetar\u00ebt-n\u00eb-An\u00ebn-e-Malit.jpg\" alt=\"golf p\u00ebr t\u00eb ndihmuar bashkatdhetar\u00ebt n\u00eb An\u00ebn e Malit\" width=\"508\" height=\"341\" srcset=\"https:\/\/www.visit-ulcinj.com\/blog\/wp-content\/uploads\/2016\/11\/golf-p\u00ebr-t\u00eb-ndihmuar-bashkatdhetar\u00ebt-n\u00eb-An\u00ebn-e-Malit.jpg 640w, https:\/\/www.visit-ulcinj.com\/blog\/wp-content\/uploads\/2016\/11\/golf-p\u00ebr-t\u00eb-ndihmuar-bashkatdhetar\u00ebt-n\u00eb-An\u00ebn-e-Malit-300x202.jpg 300w\" sizes=\"(max-width: 508px) 100vw, 508px\" \/><\/a>Nga Ruben Avxhiu<\/strong><br \/>\nShoqata Ana e Malit n\u00eb SHBA ka nisur nj\u00eb tradit\u00eb t\u00eb p\u00ebrvitshme mbledhje fondesh p\u00ebr bamir\u00ebsi, me an\u00eb t\u00eb nj\u00eb turneu golfi, muajin e kaluar, n\u00eb Connecticut.<br \/>\nShuma e mbledhur, p\u00ebrtej shpenzimeve, \u00ebsht\u00eb gati 25,000 dollar\u00eb sipas nj\u00eb deklarate p\u00ebr shtyp d\u00ebrguar gazet\u00ebs \u201cIllyria\u201d, nga presidentja e shoqat\u00ebs, Emmie Salaj.<br \/>\nTurnet\u00eb e golfit dikur nj\u00eb realitet i pakapsh\u00ebm p\u00ebr shumic\u00ebn e shqiptaro-amerikan\u00ebve po p\u00ebrdoren gjithnj\u00eb e m\u00eb tep\u00ebr tashm\u00eb p\u00ebr t\u00eb ndihmuar kauza t\u00eb ndryshme. Edhe Shoqata Ana e Malit ka nd\u00ebrmend q\u00eb fondin e mbledhur ta p\u00ebrdor\u00eb p\u00ebr programet e saj, t\u00eb natyr\u00ebs arsimore dhe kulturore, n\u00eb krahin\u00ebn me t\u00eb nj\u00ebjtin em\u00ebr n\u00eb Malin e Zi.<br \/>\nTurneu u mbajt n\u00eb \u201cBurning Tree Country Club\u201d, n\u00eb Greenwich, ku po mbahen rregullisht tashm\u00eb edhe turneu vjetor i Bank Street me president veprimtarin dhe bamir\u00ebsin e njohur Richard Lukaj.<br \/>\n\u201cNj\u00eb nga synimet kryesore t\u00eb organizat\u00ebs son\u00eb \u00ebsht\u00eb q\u00eb t\u00eb forcoj\u00eb marr\u00ebdh\u00ebniet e saj me komunitetin shqiptar n\u00eb p\u00ebrgjith\u00ebsi dhe njer\u00ebzit me origjin\u00eb nga Ana e Malit n\u00eb ve\u00e7anti si dhe t\u2019u japim zem\u00ebr q\u00eb t\u00eb p\u00ebrfshihen n\u00eb \u00e7far\u00ebdo projekti e veprimtarie q\u00eb orgnizon shoqata\u201d, tha Emmie Salaj, Presidente e Shoqat\u00ebs.<br \/>\nShoqata e ka shtrir\u00eb veprimtarin\u00eb e saj n\u00eb New York, New Jersey, Connecticut etj.<br \/>\n\u201c\u00cbsht\u00eb e r\u00ebnd\u00ebsishme t\u00eb ushqejm\u00eb kuptimin dhe vler\u00ebsimin e trash\u00ebgimis\u00eb son\u00eb kulturore duke u bashkuar e duke mb\u00ebshtetur nisma si p\u00ebr shembull ato q\u00eb lidhen me edukimin\u201d, tha Salaj.<br \/>\nShoqata Ana e Malit e ka caktuar qysh tani shtatorin 2017 p\u00ebr turneun e dyt\u00eb t\u00eb k\u00ebtij lloji. P\u00ebr k\u00ebdo q\u00eb \u00ebsht\u00eb i interesuar, m\u00eb shum\u00eb infomacion mund t\u00eb gjendet e faqen e internetit: http:\/\/anaemalit.com.<\/p>\n<p><strong>illyriapress<\/strong><\/p>\n<p><a href=\"http:\/\/www.visit-ulcinj.com\/blog\/wp-content\/uploads\/2016\/11\/golf-p\u00ebr-t\u00eb-ndihmuar-bashkatdhetar\u00ebt-n\u00eb-An\u00ebn-e-Malit-1.jpg\"><img loading=\"lazy\" class=\"alignleft wp-image-100821\" src=\"http:\/\/www.visit-ulcinj.com\/blog\/wp-content\/uploads\/2016\/11\/golf-p\u00ebr-t\u00eb-ndihmuar-bashkatdhetar\u00ebt-n\u00eb-An\u00ebn-e-Malit-1.jpg\" alt=\"golf p\u00ebr t\u00eb ndihmuar bashkatdhetar\u00ebt n\u00eb An\u00ebn e Malit-1\" width=\"508\" height=\"474\" srcset=\"https:\/\/www.visit-ulcinj.com\/blog\/wp-content\/uploads\/2016\/11\/golf-p\u00ebr-t\u00eb-ndihmuar-bashkatdhetar\u00ebt-n\u00eb-An\u00ebn-e-Malit-1.jpg 575w, https:\/\/www.visit-ulcinj.com\/blog\/wp-content\/uploads\/2016\/11\/golf-p\u00ebr-t\u00eb-ndihmuar-bashkatdhetar\u00ebt-n\u00eb-An\u00ebn-e-Malit-1-300x280.jpg 300w\" sizes=\"(max-width: 508px) 100vw, 508px\" \/><\/a> <a href=\"http:\/\/www.visit-ulcinj.com\/blog\/wp-content\/uploads\/2016\/11\/golf-p\u00ebr-t\u00eb-ndihmuar-bashkatdhetar\u00ebt-n\u00eb-An\u00ebn-e-Malit-2.jpg\"><img loading=\"lazy\" class=\"alignleft wp-image-100822\" src=\"http:\/\/www.visit-ulcinj.com\/blog\/wp-content\/uploads\/2016\/11\/golf-p\u00ebr-t\u00eb-ndihmuar-bashkatdhetar\u00ebt-n\u00eb-An\u00ebn-e-Malit-2.jpg\" alt=\"golf p\u00ebr t\u00eb ndihmuar bashkatdhetar\u00ebt n\u00eb An\u00ebn e Malit-2\" width=\"508\" height=\"414\" srcset=\"https:\/\/www.visit-ulcinj.com\/blog\/wp-content\/uploads\/2016\/11\/golf-p\u00ebr-t\u00eb-ndihmuar-bashkatdhetar\u00ebt-n\u00eb-An\u00ebn-e-Malit-2.jpg 705w, https:\/\/www.visit-ulcinj.com\/blog\/wp-content\/uploads\/2016\/11\/golf-p\u00ebr-t\u00eb-ndihmuar-bashkatdhetar\u00ebt-n\u00eb-An\u00ebn-e-Malit-2-300x245.jpg 300w\" sizes=\"(max-width: 508px) 100vw, 508px\" \/><\/a> <a href=\"http:\/\/www.visit-ulcinj.com\/blog\/wp-content\/uploads\/2016\/11\/golf-p\u00ebr-t\u00eb-ndihmuar-bashkatdhetar\u00ebt-n\u00eb-An\u00ebn-e-Malit-3.jpg\"><img loading=\"lazy\" class=\"alignleft wp-image-100823\" src=\"http:\/\/www.visit-ulcinj.com\/blog\/wp-content\/uploads\/2016\/11\/golf-p\u00ebr-t\u00eb-ndihmuar-bashkatdhetar\u00ebt-n\u00eb-An\u00ebn-e-Malit-3.jpg\" alt=\"golf p\u00ebr t\u00eb ndihmuar bashkatdhetar\u00ebt n\u00eb An\u00ebn e Malit-3\" width=\"508\" height=\"333\" \/><\/a><\/p>\n","protected":false},"excerpt":{"rendered":"<p>Nga Ruben Avxhiu Shoqata Ana e Malit n\u00eb SHBA ka nisur nj\u00eb tradit\u00eb t\u00eb p\u00ebrvitshme mbledhje fondesh p\u00ebr bamir\u00ebsi, me an\u00eb t\u00eb nj\u00eb turneu golfi, muajin e kaluar, n\u00eb Connecticut. Shuma e mbledhur, p\u00ebrtej shpenzimeve, \u00ebsht\u00eb gati 25,000 dollar\u00eb sipas nj\u00eb deklarate p\u00ebr shtyp d\u00ebrguar gazet\u00ebs \u201cIllyria\u201d, nga presidentja e shoqat\u00ebs, Emmie Salaj. Turnet\u00eb e [&hellip;]<\/p>\n","protected":false},"author":1,"featured_media":0,"comment_status":"closed","ping_status":"closed","sticky":false,"template":"","format":"standard","meta":{"spay_email":"","jetpack_publicize_message":"","jetpack_is_tweetstorm":false,"jetpack_publicize_feature_enabled":true},"categories":[7],"tags":[],"jetpack_publicize_connections":[],"yoast_head":"<!-- This site is optimized with the Yoast SEO plugin v19.1 - https:\/\/yoast.com\/wordpress\/plugins\/seo\/ -->\n<title>Nj\u00eb turne vjetor golfi p\u00ebr t\u00eb ndihmuar bashkatdhetar\u00ebt n\u00eb An\u00ebn e Malit - Lajme nga Ulqini<\/title>\n<meta name=\"description\" content=\"Nga Ruben Avxhiu Shoqata Ana e Malit n\u00eb SHBA ka nisur nj\u00eb tradit\u00eb t\u00eb p\u00ebrvitshme mbledhje fondesh p\u00ebr bamir\u00ebsi, me an\u00eb t\u00eb nj\u00eb turneu golfi, muajin e\" \/>\n<meta name=\"robots\" content=\"index, follow, max-snippet:-1, max-image-preview:large, max-video-preview:-1\" \/>\n<link rel=\"canonical\" href=\"https:\/\/www.visit-ulcinj.com\/blog\/2016\/11\/05\/nje-turne-vjetor-golfi-per-te-ndihmuar-bashkatdhetaret-ne-anen-e-malit\/\" \/>\n<meta property=\"og:locale\" content=\"en_US\" \/>\n<meta property=\"og:type\" content=\"article\" \/>\n<meta property=\"og:title\" content=\"Nj\u00eb turne vjetor golfi p\u00ebr t\u00eb ndihmuar bashkatdhetar\u00ebt n\u00eb An\u00ebn e Malit - Lajme nga Ulqini\" \/>\n<meta property=\"og:description\" content=\"Nga Ruben Avxhiu Shoqata Ana e Malit n\u00eb SHBA ka nisur nj\u00eb tradit\u00eb t\u00eb p\u00ebrvitshme mbledhje fondesh p\u00ebr bamir\u00ebsi, me an\u00eb t\u00eb nj\u00eb turneu golfi, muajin e\" \/>\n<meta property=\"og:url\" content=\"https:\/\/www.visit-ulcinj.com\/blog\/2016\/11\/05\/nje-turne-vjetor-golfi-per-te-ndihmuar-bashkatdhetaret-ne-anen-e-malit\/\" \/>\n<meta property=\"og:site_name\" content=\"Lajme nga Ulqini\" \/>\n<meta property=\"article:published_time\" content=\"2016-11-05T15:27:55+00:00\" \/>\n<meta property=\"article:modified_time\" content=\"2016-11-07T09:57:32+00:00\" \/>\n<meta name=\"twitter:label1\" content=\"Written by\" \/>\n\t<meta name=\"twitter:data1\" content=\"ulqini\" \/>\n\t<meta name=\"twitter:label2\" content=\"Est. reading time\" \/>\n\t<meta name=\"twitter:data2\" content=\"2 minutes\" \/>\n<script type=\"application\/ld+json\" class=\"yoast-schema-graph\">{\"@context\":\"https:\/\/schema.org\",\"@graph\":[{\"@type\":\"WebSite\",\"@id\":\"https:\/\/www.visit-ulcinj.com\/blog\/#website\",\"url\":\"https:\/\/www.visit-ulcinj.com\/blog\/\",\"name\":\"Lajme nga Ulqini\",\"description\":\"Lajme,Vijesti,Ulqini,Ulqin,Crna Gora,Mali i Zi\",\"potentialAction\":[{\"@type\":\"SearchAction\",\"target\":{\"@type\":\"EntryPoint\",\"urlTemplate\":\"https:\/\/www.visit-ulcinj.com\/blog\/?s={search_term_string}\"},\"query-input\":\"required name=search_term_string\"}],\"inLanguage\":\"en-US\"},{\"@type\":\"WebPage\",\"@id\":\"https:\/\/www.visit-ulcinj.com\/blog\/2016\/11\/05\/nje-turne-vjetor-golfi-per-te-ndihmuar-bashkatdhetaret-ne-anen-e-malit\/#webpage\",\"url\":\"https:\/\/www.visit-ulcinj.com\/blog\/2016\/11\/05\/nje-turne-vjetor-golfi-per-te-ndihmuar-bashkatdhetaret-ne-anen-e-malit\/\",\"name\":\"Nj\u00eb turne vjetor golfi p\u00ebr t\u00eb ndihmuar bashkatdhetar\u00ebt n\u00eb An\u00ebn e Malit - Lajme nga Ulqini\",\"isPartOf\":{\"@id\":\"https:\/\/www.visit-ulcinj.com\/blog\/#website\"},\"datePublished\":\"2016-11-05T15:27:55+00:00\",\"dateModified\":\"2016-11-07T09:57:32+00:00\",\"author\":{\"@id\":\"https:\/\/www.visit-ulcinj.com\/blog\/#\/schema\/person\/dcab619c614d3038751c63bc2aadc06d\"},\"description\":\"Nga Ruben Avxhiu Shoqata Ana e Malit n\u00eb SHBA ka nisur nj\u00eb tradit\u00eb t\u00eb p\u00ebrvitshme mbledhje fondesh p\u00ebr bamir\u00ebsi, me an\u00eb t\u00eb nj\u00eb turneu golfi, muajin e\",\"breadcrumb\":{\"@id\":\"https:\/\/www.visit-ulcinj.com\/blog\/2016\/11\/05\/nje-turne-vjetor-golfi-per-te-ndihmuar-bashkatdhetaret-ne-anen-e-malit\/#breadcrumb\"},\"inLanguage\":\"en-US\",\"potentialAction\":[{\"@type\":\"ReadAction\",\"target\":[\"https:\/\/www.visit-ulcinj.com\/blog\/2016\/11\/05\/nje-turne-vjetor-golfi-per-te-ndihmuar-bashkatdhetaret-ne-anen-e-malit\/\"]}]},{\"@type\":\"BreadcrumbList\",\"@id\":\"https:\/\/www.visit-ulcinj.com\/blog\/2016\/11\/05\/nje-turne-vjetor-golfi-per-te-ndihmuar-bashkatdhetaret-ne-anen-e-malit\/#breadcrumb\",\"itemListElement\":[{\"@type\":\"ListItem\",\"position\":1,\"name\":\"Nj\u00eb turne vjetor golfi p\u00ebr t\u00eb ndihmuar bashkatdhetar\u00ebt n\u00eb An\u00ebn e Malit\"}]},{\"@type\":\"Person\",\"@id\":\"https:\/\/www.visit-ulcinj.com\/blog\/#\/schema\/person\/dcab619c614d3038751c63bc2aadc06d\",\"name\":\"ulqini\",\"sameAs\":[\"http:\/\/www.visit-ulcinj.com\"],\"url\":\"https:\/\/www.visit-ulcinj.com\/blog\/author\/admin\/\"}]}<\/script>\n<!-- \/ Yoast SEO plugin. -->","yoast_head_json":{"title":"Nj\u00eb turne vjetor golfi p\u00ebr t\u00eb ndihmuar bashkatdhetar\u00ebt n\u00eb An\u00ebn e Malit - Lajme nga Ulqini","description":"Nga Ruben Avxhiu Shoqata Ana e Malit n\u00eb SHBA ka nisur nj\u00eb tradit\u00eb t\u00eb p\u00ebrvitshme mbledhje fondesh p\u00ebr bamir\u00ebsi, me an\u00eb t\u00eb nj\u00eb turneu golfi, muajin e","robots":{"index":"index","follow":"follow","max-snippet":"max-snippet:-1","max-image-preview":"max-image-preview:large","max-video-preview":"max-video-preview:-1"},"canonical":"https:\/\/www.visit-ulcinj.com\/blog\/2016\/11\/05\/nje-turne-vjetor-golfi-per-te-ndihmuar-bashkatdhetaret-ne-anen-e-malit\/","og_locale":"en_US","og_type":"article","og_title":"Nj\u00eb turne vjetor golfi p\u00ebr t\u00eb ndihmuar bashkatdhetar\u00ebt n\u00eb An\u00ebn e Malit - Lajme nga Ulqini","og_description":"Nga Ruben Avxhiu Shoqata Ana e Malit n\u00eb SHBA ka nisur nj\u00eb tradit\u00eb t\u00eb p\u00ebrvitshme mbledhje fondesh p\u00ebr bamir\u00ebsi, me an\u00eb t\u00eb nj\u00eb turneu golfi, muajin e","og_url":"https:\/\/www.visit-ulcinj.com\/blog\/2016\/11\/05\/nje-turne-vjetor-golfi-per-te-ndihmuar-bashkatdhetaret-ne-anen-e-malit\/","og_site_name":"Lajme nga Ulqini","article_published_time":"2016-11-05T15:27:55+00:00","article_modified_time":"2016-11-07T09:57:32+00:00","twitter_misc":{"Written by":"ulqini","Est. reading time":"2 minutes"},"schema":{"@context":"https:\/\/schema.org","@graph":[{"@type":"WebSite","@id":"https:\/\/www.visit-ulcinj.com\/blog\/#website","url":"https:\/\/www.visit-ulcinj.com\/blog\/","name":"Lajme nga Ulqini","description":"Lajme,Vijesti,Ulqini,Ulqin,Crna Gora,Mali i Zi","potentialAction":[{"@type":"SearchAction","target":{"@type":"EntryPoint","urlTemplate":"https:\/\/www.visit-ulcinj.com\/blog\/?s={search_term_string}"},"query-input":"required name=search_term_string"}],"inLanguage":"en-US"},{"@type":"WebPage","@id":"https:\/\/www.visit-ulcinj.com\/blog\/2016\/11\/05\/nje-turne-vjetor-golfi-per-te-ndihmuar-bashkatdhetaret-ne-anen-e-malit\/#webpage","url":"https:\/\/www.visit-ulcinj.com\/blog\/2016\/11\/05\/nje-turne-vjetor-golfi-per-te-ndihmuar-bashkatdhetaret-ne-anen-e-malit\/","name":"Nj\u00eb turne vjetor golfi p\u00ebr t\u00eb ndihmuar bashkatdhetar\u00ebt n\u00eb An\u00ebn e Malit - Lajme nga Ulqini","isPartOf":{"@id":"https:\/\/www.visit-ulcinj.com\/blog\/#website"},"datePublished":"2016-11-05T15:27:55+00:00","dateModified":"2016-11-07T09:57:32+00:00","author":{"@id":"https:\/\/www.visit-ulcinj.com\/blog\/#\/schema\/person\/dcab619c614d3038751c63bc2aadc06d"},"description":"Nga Ruben Avxhiu Shoqata Ana e Malit n\u00eb SHBA ka nisur nj\u00eb tradit\u00eb t\u00eb p\u00ebrvitshme mbledhje fondesh p\u00ebr bamir\u00ebsi, me an\u00eb t\u00eb nj\u00eb turneu golfi, muajin e","breadcrumb":{"@id":"https:\/\/www.visit-ulcinj.com\/blog\/2016\/11\/05\/nje-turne-vjetor-golfi-per-te-ndihmuar-bashkatdhetaret-ne-anen-e-malit\/#breadcrumb"},"inLanguage":"en-US","potentialAction":[{"@type":"ReadAction","target":["https:\/\/www.visit-ulcinj.com\/blog\/2016\/11\/05\/nje-turne-vjetor-golfi-per-te-ndihmuar-bashkatdhetaret-ne-anen-e-malit\/"]}]},{"@type":"BreadcrumbList","@id":"https:\/\/www.visit-ulcinj.com\/blog\/2016\/11\/05\/nje-turne-vjetor-golfi-per-te-ndihmuar-bashkatdhetaret-ne-anen-e-malit\/#breadcrumb","itemListElement":[{"@type":"ListItem","position":1,"name":"Nj\u00eb turne vjetor golfi p\u00ebr t\u00eb ndihmuar bashkatdhetar\u00ebt n\u00eb An\u00ebn e Malit"}]},{"@type":"Person","@id":"https:\/\/www.visit-ulcinj.com\/blog\/#\/schema\/person\/dcab619c614d3038751c63bc2aadc06d","name":"ulqini","sameAs":["http:\/\/www.visit-ulcinj.com"],"url":"https:\/\/www.visit-ulcinj.com\/blog\/author\/admin\/"}]}},"jetpack_featured_media_url":"","jetpack_sharing_enabled":true,"jetpack_shortlink":"https:\/\/wp.me\/pe6lTn-qe7","_links":{"self":[{"href":"https:\/\/www.visit-ulcinj.com\/blog\/wp-json\/wp\/v2\/posts\/100819"}],"collection":[{"href":"https:\/\/www.visit-ulcinj.com\/blog\/wp-json\/wp\/v2\/posts"}],"about":[{"href":"https:\/\/www.visit-ulcinj.com\/blog\/wp-json\/wp\/v2\/types\/post"}],"author":[{"embeddable":true,"href":"https:\/\/www.visit-ulcinj.com\/blog\/wp-json\/wp\/v2\/users\/1"}],"replies":[{"embeddable":true,"href":"https:\/\/www.visit-ulcinj.com\/blog\/wp-json\/wp\/v2\/comments?post=100819"}],"version-history":[{"count":1,"href":"https:\/\/www.visit-ulcinj.com\/blog\/wp-json\/wp\/v2\/posts\/100819\/revisions"}],"predecessor-version":[{"id":100824,"href":"https:\/\/www.visit-ulcinj.com\/blog\/wp-json\/wp\/v2\/posts\/100819\/revisions\/100824"}],"wp:attachment":[{"href":"https:\/\/www.visit-ulcinj.com\/blog\/wp-json\/wp\/v2\/media?parent=100819"}],"wp:term":[{"taxonomy":"category","embeddable":true,"href":"https:\/\/www.visit-ulcinj.com\/blog\/wp-json\/wp\/v2\/categories?post=100819"},{"taxonomy":"post_tag","embeddable":true,"href":"https:\/\/www.visit-ulcinj.com\/blog\/wp-json\/wp\/v2\/tags?post=100819"}],"curies":[{"name":"wp","href":"https:\/\/api.w.org\/{rel}","templated":true}]}}