{"id":100825,"date":"2016-11-05T16:40:30","date_gmt":"2016-11-05T15:40:30","guid":{"rendered":"http:\/\/www.visit-ulcinj.com\/blog\/?p=100825"},"modified":"2016-11-07T12:22:07","modified_gmt":"2016-11-07T11:22:07","slug":"pelegrinet-nga-ulqini-10-ore-ne-kembe-per-te-marre-pjese-ne-meshen-e-38-martireve-ne-shkoder","status":"publish","type":"post","link":"https:\/\/www.visit-ulcinj.com\/blog\/2016\/11\/05\/pelegrinet-nga-ulqini-10-ore-ne-kembe-per-te-marre-pjese-ne-meshen-e-38-martireve-ne-shkoder\/","title":{"rendered":"Pelegrin\u00ebt nga Ulqini 10 or\u00eb n\u00eb k\u00ebmb\u00eb p\u00ebr t\u00eb marr\u00eb pjes\u00eb n\u00eb Meshen e 38 martir\u00ebve n\u00eb Shkod\u00ebr"},"content":{"rendered":"<div class=\"global-content\">\n<div class=\"global-content-left\">\n<div class=\"global-content-left-module-video-view\">\n<div class=\"global-content-left-module-news-view-txt\"><a href=\"http:\/\/www.visit-ulcinj.com\/blog\/wp-content\/uploads\/2016\/11\/Pelegrin\u00ebt-nga-Ulqini-.jpg\"><img loading=\"lazy\" class=\"alignleft wp-image-100826\" src=\"http:\/\/www.visit-ulcinj.com\/blog\/wp-content\/uploads\/2016\/11\/Pelegrin\u00ebt-nga-Ulqini-.jpg\" alt=\"Pelegrin\u00ebt nga Ulqini\" width=\"508\" height=\"262\" srcset=\"https:\/\/www.visit-ulcinj.com\/blog\/wp-content\/uploads\/2016\/11\/Pelegrin\u00ebt-nga-Ulqini-.jpg 630w, https:\/\/www.visit-ulcinj.com\/blog\/wp-content\/uploads\/2016\/11\/Pelegrin\u00ebt-nga-Ulqini--300x155.jpg 300w\" sizes=\"(max-width: 508px) 100vw, 508px\" \/><\/a>Pelegrin\u00eb nga gjith\u00eb bota kan\u00eb udh\u00ebtuar drejt Shkodr\u00ebs p\u00ebr t\u00eb marr\u00eb pjes\u00eb n\u00eb ceremonin\u00eb e kremtimit t\u00eb mesh\u00ebs s\u00eb shenjt\u00eb me rastin e Lumturimit t\u00eb 38 martir\u00ebve. K\u00ebshtu edhe nj\u00eb grup \u00a0pelegrin\u00ebsh nga Ulqini kan\u00eb udh\u00ebtuar p\u00ebr 10 or\u00eb n\u00eb k\u00ebmb\u00eb drejt Shkodr\u00ebs. T\u00eb udh\u00ebhequr nga prifti i zon\u00ebs Dom Gabriel Grabanica ata thon\u00eb se \u00ebsht\u00eb nj\u00eb k\u00ebnaqesi pjes\u00ebmarrja n\u00eb k\u00ebt\u00eb form\u00eb.<\/div>\n<div class=\"global-content-left-module-news-view-txt\"><\/div>\n<div class=\"global-content-left-module-news-view-txt\"><strong>ABC News<\/strong><\/div>\n<div class=\"global-content-left-module-news-view-txt\"><!--YouTube Error: bad URL entered--><\/div>\n<\/div>\n<div class=\"global-content-left-module-news-view-txt\">\n<p>38 martir\u00eb t\u00eb Kish\u00ebs Katolike lumnohen sot n\u00eb nj\u00eb mesh\u00eb solemne q\u00eb do kremtohet nga 5 kardinal\u00eb dhe q\u00eb pritet t\u00eb ndiqet nga mbi 10 mij\u00eb shtegtar\u00eb, nga Shkodra, Tirana, Prishtina, Shkupi, Ulqini e Diaspora. Ceremonit\u00eb nis\u00ebn dje me p\u00ebrkujtimin e mesh\u00ebs s\u00eb par\u00eb q\u00eb u mbajt n\u00eb kryeqendr\u00ebn e veriut, 4 n\u00ebntorin e 1990-s<\/p>\n<p>Kjo e Shtun\u00eb do t\u00eb jet\u00eb nj\u00eb dit\u00eb e r\u00ebnd\u00ebsishme, jo vet\u00ebm p\u00ebr besimtar\u00ebt e krishter\u00eb, por p\u00ebr t\u00eb gjith\u00eb popullin shqiptar, pasi do te lumturohen t\u00eb 38 martir\u00ebt e Kish\u00ebs Katolike. N\u00eb sheshin p\u00ebrpara Katedrales s\u00eb \u201cShen Shtjefinit\u201d n\u00eb Shkod\u00ebr, jan\u00eb duke u b\u00ebr\u00eb p\u00ebrgatitjet e fundit p\u00ebr kremtimin e Mesh\u00ebs Solemne dhe nj\u00eb gj\u00eb e tille pohohet nga vet\u00eb famullitari i Shkodr\u00ebs, Dom Artur Jaku. \u201cAtmosfera \u00ebsht\u00eb e ngroht\u00eb, njer\u00ebzit kan\u00eb filluar me ardhur nga vende t\u00eb ndryshme t\u00eb bot\u00ebs. Flitet p\u00ebr 38 d\u00ebshmitar\u00eb t\u00eb fes\u00eb dhe kombit, tani nuk do i p\u00ebrkasin vet\u00ebm Shqip\u00ebris\u00eb, por universal\u00eb. Ata do t\u00eb lajm\u00ebrojn\u00eb se shqiptar\u00ebt jan\u00eb nj\u00eb komb q\u00eb kan\u00eb se \u00e7far\u00eb me i falur Europ\u00ebs dhe bot\u00ebs\u201d tha ai. Nd\u00ebrsa, arqipeshkvi i Potenzes i ardhur n\u00eb Shkod\u00ebr me rastin e mesh\u00ebs s\u00eb shenjt\u00eb, Imzot Salvatore Logorio, theksoi se me lumturimin e 38 martir\u00ebve Shqip\u00ebria rigjen identitetin e saj. \u201c\u00cbsht\u00eb nj\u00eb emocion dhe mbi te gjitha nj\u00eb sjellje g\u00ebzimi n\u00eb momentin q\u00eb \u00ebsht\u00eb kjo frym\u00ebmarrje e nj\u00eb fare t\u00eb rene, e cila dukej sikur po kalbej dhe nga aty \u00ebsht\u00eb ri-lul\u00ebzuar shprehja e nj\u00eb jet\u00eb autentike, ashtu si merr fryme lirisht sot kisha e Shqip\u00ebris\u00eb fal\u00eb derdhjes s\u00eb gjakut t\u00eb k\u00ebtyre martir\u00ebve. Kjo \u00ebsht\u00eb nj\u00eb gj\u00eb shum\u00eb e mir\u00eb p\u00ebr Shqip\u00ebrin\u00eb pasi gj\u00eb rigjen identitetin e saj dhe e ngre n\u00eb nivel nd\u00ebrkomb\u00ebtar. Mendoj se kjo dit\u00eb i sh\u00ebrben Shqip\u00ebris\u00eb, por behet mbi t\u00eb gjitha nj\u00eb frym\u00ebmarrje p\u00ebr t\u00eb gjitha ato toka ku ka persekutim dhe ndoshta pik\u00ebrisht ky shekull i kaluar ka pasur me shume martir se gjith\u00eb historia e kish\u00ebs. At\u00ebher\u00eb ky gjak i derdhur, i cili kthehet dhe rilind p\u00ebr t\u00eb dh\u00ebn\u00eb shpres\u00eb aty ku ka nj\u00eb kish\u00eb n\u00eb qet\u00ebsi dhe n\u00eb dhimbje\u201d.<\/p>\n<p>Mesha e shenjt\u00eb do t\u00eb zhvillohet t\u00eb Shtun\u00ebn n\u00eb or\u00ebn 10:00 n\u00eb Katedralen e \u201cShen Shtjefnit\u201d dhe do t\u00eb kremtohet nga Eminenca e Tij, Kardinal Angelo Amato. N\u00eb aktivitet jan\u00eb t\u00eb ftuar Autoritete t\u00eb Larta t\u00eb Vatikanit dhe n\u00eb p\u00ebrb\u00ebrje t\u00eb delegacionit do t\u00eb marrin pjes\u00eb edhe 5 kardinal\u00eb. Mbi 10 mij\u00eb persona pritet t\u00eb jen\u00eb t\u00eb pranish\u00ebm<\/p>\n<p><strong>Vigjilja<\/strong> \u2013 Shkodra gati p\u00ebr lumnimin e 38 martir\u00ebve t\u00eb par\u00eb t\u00eb komunizmit n\u00eb Shqip\u00ebri. P\u00ebrgatitjet e ethshme p\u00ebrfunduan, duke e zbukuruar si sheshin para katedrales s\u00eb Sh\u00ebn Shtjefnit, ashtu edhe rrug\u00ebt pran\u00eb saj me kryqe, me flamujt e Shqip\u00ebris\u00eb e t\u00eb Vatikanit, me fotografit\u00eb e martir\u00ebve, me parrulla ku jan\u00eb shkruar fjal\u00ebt e tyre t\u00eb fundit, por edhe pjes\u00eb nga Ungjilli. Pik\u00ebrisht n\u00eb k\u00ebt\u00eb vend, kthyer n\u00eb Pallat sporti gjat\u00eb diktatur\u00ebs, aty ku sot ndodhet shtatorja-simbol e martirizimit dhe rruginat me emrat e martir\u00ebve q\u00eb \u00e7ojn\u00eb tek ajo, njer\u00ebzit ndaleshin e b\u00ebnin fshehurazi nj\u00eb kryq, nd\u00ebrsa d\u00ebgjoheshin nga brenda thirrmat e basketbollist\u00ebve dhe t\u00eb tifoz\u00ebve. Ashtu si at\u00ebher\u00eb, edhe sot, t\u00eb gjith\u00eb jan\u00eb t\u00eb vet\u00ebdijsh\u00ebm se ajo nd\u00ebrtes\u00eb ka mbetur p\u00ebrher\u00eb Kisha e Madhe, banesa e Zotit. K\u00ebtu, n\u00eb or\u00ebn 10.00, i d\u00ebrguari i Pap\u00ebs Fran\u00e7esku, Prefekti i Kongregat\u00ebs p\u00ebr C\u00ebshtjet e Shenjtor\u00ebve, kardinali Angelo Amato, i cili ka mb\u00ebrritur tashm\u00eb n\u00eb qytetin verior, do t\u00eb kremtoj\u00eb mesh\u00ebn p\u00ebr lumnimin e 38 martir\u00ebve. Bashk\u00eb me t\u00eb edhe kardinaj t\u00eb tjer\u00eb t\u00eb Kish\u00ebs Katolike, ardhur nga vende t\u00eb ndryshme t\u00eb bot\u00ebs, si kardinali Bagnasco, kryetar i Konferenc\u00ebs Ipeshkvnore t\u00eb Italis\u00eb, kardinali Ranier Maria Woelki, ipeshk\u00ebv i K\u00eblnit, kardinali Salvatore de Giorgi e kardinali Crescenzio Sepe, ipeshkvi i Napolit, por sidomos kardinali i ri shqiptar, Ernest Troshani.<\/p>\n<p><strong>P\u00ebrkujtimi i mesh\u00ebs s\u00eb 1990-s<\/strong>\/Dje paradite, mesha e shenjt\u00eb n\u00eb varrezat e Rrmajt, n\u00eb or\u00ebn 9.00, n\u00eb 26-vjetorin e mesh\u00ebs s\u00eb par\u00eb kremtuar nga don Simon Jubani, kur komunizmi ishte akoma n\u00eb k\u00ebmb\u00eb. K\u00ebsaj radhe, e kremtoi mesh\u00ebn nj\u00eb meshtar i ri, don Gjovalin Simoni, shenj\u00eb e vazhdim\u00ebsis\u00eb s\u00eb Kish\u00ebs Katolike n\u00eb Shqip\u00ebri, e cila u ringjall nga shkrumbi, me r\u00ebnien e diktatur\u00ebs. Pran\u00eb tij, don Gjergj Simoni, q\u00eb pavar\u00ebsisht nga motet, mbahet i fort\u00eb, akoma d\u00ebshmitar okular i persekutimit t\u00eb klerit, ai vet\u00eb i persekutuar, por edhe memorie historike pik\u00ebrisht p\u00ebr mesh\u00ebn e par\u00eb pas komunizmit. Duke kujtuar at\u00eb mesh\u00eb, don Gjovalini vuri n\u00eb dukje se n\u00eb k\u00ebt\u00eb varrez\u00eb, fare pran\u00eb kapel\u00ebs s\u00eb sotme, u pushkatuan me e pa gjyq meshtar\u00eb e laik\u00eb katolik\u00eb, fajtor\u00eb sepse besonin n\u00eb Zotin e n\u00eb demokracin\u00eb, me bindjen se at\u00eb s\u2019mund ta sillnin komunist\u00ebt. Por nd\u00ebrsa komunist\u00ebve u \u00ebsht\u00eb harruar emri, ose u kujtohet p\u00ebr t\u00eb keq, martir\u00ebt lartohen n\u00eb nderimet e elterit. E nuk jan\u00eb dhurat\u00eb vet\u00ebm p\u00ebr Kish\u00ebn Katolike shqiptare, n\u00ebnvizoi don Gjovalini, por edhe p\u00ebr at\u00eb universale, q\u00eb pasurohet k\u00ebshtu me d\u00ebshmitar\u00eb t\u00eb m\u00ebdhenj t\u00eb Krishtit. E sa e sa t\u00eb tjer\u00eb, n\u00ebn dhe n\u00eb k\u00ebt\u00eb varrez\u00eb, t\u00eb af\u00ebrm e t\u00eb dashur edhe t\u00eb atyre, q\u00eb kishin ardhur sot n\u00eb Rrmaj, jan\u00eb shenjtor\u00eb p\u00ebr Zotin, t\u00eb ngjash\u00ebm me martir\u00ebt, sepse edhe ata vuajt\u00ebn e hoq\u00ebn n\u00ebn diktatur\u00eb. Pasi i ftoi besimtar\u00ebt t\u00eb marrin pjes\u00eb n\u00eb mesh\u00ebn e nes\u00ebrme, meshtari i k\u00ebshilloi ta njohin jet\u00ebn e k\u00ebtyre martir\u00ebve e ta marrin si shembull p\u00ebr t\u00eb tyren.<\/p>\n<p><strong><span class=\"post-byline\">Gazeta 55 <\/span><\/strong><\/p>\n<!--YouTube Error: bad URL entered-->\n<\/div>\n<\/div>\n<\/div>\n","protected":false},"excerpt":{"rendered":"<p>Pelegrin\u00eb nga gjith\u00eb bota kan\u00eb udh\u00ebtuar drejt Shkodr\u00ebs p\u00ebr t\u00eb marr\u00eb pjes\u00eb n\u00eb ceremonin\u00eb e kremtimit t\u00eb mesh\u00ebs s\u00eb shenjt\u00eb me rastin e Lumturimit t\u00eb 38 martir\u00ebve. K\u00ebshtu edhe nj\u00eb grup \u00a0pelegrin\u00ebsh nga Ulqini kan\u00eb udh\u00ebtuar p\u00ebr 10 or\u00eb n\u00eb k\u00ebmb\u00eb drejt Shkodr\u00ebs. T\u00eb udh\u00ebhequr nga prifti i zon\u00ebs Dom Gabriel Grabanica ata thon\u00eb se [&hellip;]<\/p>\n","protected":false},"author":1,"featured_media":0,"comment_status":"closed","ping_status":"closed","sticky":false,"template":"","format":"standard","meta":{"spay_email":"","jetpack_publicize_message":"","jetpack_is_tweetstorm":false,"jetpack_publicize_feature_enabled":true},"categories":[6950,14],"tags":[],"jetpack_publicize_connections":[],"yoast_head":"<!-- This site is optimized with the Yoast SEO plugin v19.1 - https:\/\/yoast.com\/wordpress\/plugins\/seo\/ -->\n<title>Pelegrin\u00ebt nga Ulqini 10 or\u00eb n\u00eb k\u00ebmb\u00eb p\u00ebr t\u00eb marr\u00eb pjes\u00eb n\u00eb Meshen e 38 martir\u00ebve n\u00eb Shkod\u00ebr - Lajme nga Ulqini<\/title>\n<meta name=\"description\" content=\"Pelegrin\u00eb nga gjith\u00eb bota kan\u00eb udh\u00ebtuar drejt Shkodr\u00ebs p\u00ebr t\u00eb marr\u00eb pjes\u00eb n\u00eb ceremonin\u00eb e kremtimit t\u00eb mesh\u00ebs s\u00eb shenjt\u00eb me rastin e Lumturimit t\u00eb 38\" \/>\n<meta name=\"robots\" content=\"index, follow, max-snippet:-1, max-image-preview:large, max-video-preview:-1\" \/>\n<link rel=\"canonical\" href=\"https:\/\/www.visit-ulcinj.com\/blog\/2016\/11\/05\/pelegrinet-nga-ulqini-10-ore-ne-kembe-per-te-marre-pjese-ne-meshen-e-38-martireve-ne-shkoder\/\" \/>\n<meta property=\"og:locale\" content=\"en_US\" \/>\n<meta property=\"og:type\" content=\"article\" \/>\n<meta property=\"og:title\" content=\"Pelegrin\u00ebt nga Ulqini 10 or\u00eb n\u00eb k\u00ebmb\u00eb p\u00ebr t\u00eb marr\u00eb pjes\u00eb n\u00eb Meshen e 38 martir\u00ebve n\u00eb Shkod\u00ebr - Lajme nga Ulqini\" \/>\n<meta property=\"og:description\" content=\"Pelegrin\u00eb nga gjith\u00eb bota kan\u00eb udh\u00ebtuar drejt Shkodr\u00ebs p\u00ebr t\u00eb marr\u00eb pjes\u00eb n\u00eb ceremonin\u00eb e kremtimit t\u00eb mesh\u00ebs s\u00eb shenjt\u00eb me rastin e Lumturimit t\u00eb 38\" \/>\n<meta property=\"og:url\" content=\"https:\/\/www.visit-ulcinj.com\/blog\/2016\/11\/05\/pelegrinet-nga-ulqini-10-ore-ne-kembe-per-te-marre-pjese-ne-meshen-e-38-martireve-ne-shkoder\/\" \/>\n<meta property=\"og:site_name\" content=\"Lajme nga Ulqini\" \/>\n<meta property=\"article:published_time\" content=\"2016-11-05T15:40:30+00:00\" \/>\n<meta property=\"article:modified_time\" content=\"2016-11-07T11:22:07+00:00\" \/>\n<meta name=\"twitter:label1\" content=\"Written by\" \/>\n\t<meta name=\"twitter:data1\" content=\"ulqini\" \/>\n\t<meta name=\"twitter:label2\" content=\"Est. reading time\" \/>\n\t<meta name=\"twitter:data2\" content=\"6 minutes\" \/>\n<script type=\"application\/ld+json\" class=\"yoast-schema-graph\">{\"@context\":\"https:\/\/schema.org\",\"@graph\":[{\"@type\":\"WebSite\",\"@id\":\"https:\/\/www.visit-ulcinj.com\/blog\/#website\",\"url\":\"https:\/\/www.visit-ulcinj.com\/blog\/\",\"name\":\"Lajme nga Ulqini\",\"description\":\"Lajme,Vijesti,Ulqini,Ulqin,Crna Gora,Mali i Zi\",\"potentialAction\":[{\"@type\":\"SearchAction\",\"target\":{\"@type\":\"EntryPoint\",\"urlTemplate\":\"https:\/\/www.visit-ulcinj.com\/blog\/?s={search_term_string}\"},\"query-input\":\"required name=search_term_string\"}],\"inLanguage\":\"en-US\"},{\"@type\":\"WebPage\",\"@id\":\"https:\/\/www.visit-ulcinj.com\/blog\/2016\/11\/05\/pelegrinet-nga-ulqini-10-ore-ne-kembe-per-te-marre-pjese-ne-meshen-e-38-martireve-ne-shkoder\/#webpage\",\"url\":\"https:\/\/www.visit-ulcinj.com\/blog\/2016\/11\/05\/pelegrinet-nga-ulqini-10-ore-ne-kembe-per-te-marre-pjese-ne-meshen-e-38-martireve-ne-shkoder\/\",\"name\":\"Pelegrin\u00ebt nga Ulqini 10 or\u00eb n\u00eb k\u00ebmb\u00eb p\u00ebr t\u00eb marr\u00eb pjes\u00eb n\u00eb Meshen e 38 martir\u00ebve n\u00eb Shkod\u00ebr - Lajme nga Ulqini\",\"isPartOf\":{\"@id\":\"https:\/\/www.visit-ulcinj.com\/blog\/#website\"},\"datePublished\":\"2016-11-05T15:40:30+00:00\",\"dateModified\":\"2016-11-07T11:22:07+00:00\",\"author\":{\"@id\":\"https:\/\/www.visit-ulcinj.com\/blog\/#\/schema\/person\/dcab619c614d3038751c63bc2aadc06d\"},\"description\":\"Pelegrin\u00eb nga gjith\u00eb bota kan\u00eb udh\u00ebtuar drejt Shkodr\u00ebs p\u00ebr t\u00eb marr\u00eb pjes\u00eb n\u00eb ceremonin\u00eb e kremtimit t\u00eb mesh\u00ebs s\u00eb shenjt\u00eb me rastin e Lumturimit t\u00eb 38\",\"breadcrumb\":{\"@id\":\"https:\/\/www.visit-ulcinj.com\/blog\/2016\/11\/05\/pelegrinet-nga-ulqini-10-ore-ne-kembe-per-te-marre-pjese-ne-meshen-e-38-martireve-ne-shkoder\/#breadcrumb\"},\"inLanguage\":\"en-US\",\"potentialAction\":[{\"@type\":\"ReadAction\",\"target\":[\"https:\/\/www.visit-ulcinj.com\/blog\/2016\/11\/05\/pelegrinet-nga-ulqini-10-ore-ne-kembe-per-te-marre-pjese-ne-meshen-e-38-martireve-ne-shkoder\/\"]}]},{\"@type\":\"BreadcrumbList\",\"@id\":\"https:\/\/www.visit-ulcinj.com\/blog\/2016\/11\/05\/pelegrinet-nga-ulqini-10-ore-ne-kembe-per-te-marre-pjese-ne-meshen-e-38-martireve-ne-shkoder\/#breadcrumb\",\"itemListElement\":[{\"@type\":\"ListItem\",\"position\":1,\"name\":\"Pelegrin\u00ebt nga Ulqini 10 or\u00eb n\u00eb k\u00ebmb\u00eb p\u00ebr t\u00eb marr\u00eb pjes\u00eb n\u00eb Meshen e 38 martir\u00ebve n\u00eb Shkod\u00ebr\"}]},{\"@type\":\"Person\",\"@id\":\"https:\/\/www.visit-ulcinj.com\/blog\/#\/schema\/person\/dcab619c614d3038751c63bc2aadc06d\",\"name\":\"ulqini\",\"sameAs\":[\"http:\/\/www.visit-ulcinj.com\"],\"url\":\"https:\/\/www.visit-ulcinj.com\/blog\/author\/admin\/\"}]}<\/script>\n<!-- \/ Yoast SEO plugin. -->","yoast_head_json":{"title":"Pelegrin\u00ebt nga Ulqini 10 or\u00eb n\u00eb k\u00ebmb\u00eb p\u00ebr t\u00eb marr\u00eb pjes\u00eb n\u00eb Meshen e 38 martir\u00ebve n\u00eb Shkod\u00ebr - Lajme nga Ulqini","description":"Pelegrin\u00eb nga gjith\u00eb bota kan\u00eb udh\u00ebtuar drejt Shkodr\u00ebs p\u00ebr t\u00eb marr\u00eb pjes\u00eb n\u00eb ceremonin\u00eb e kremtimit t\u00eb mesh\u00ebs s\u00eb shenjt\u00eb me rastin e Lumturimit t\u00eb 38","robots":{"index":"index","follow":"follow","max-snippet":"max-snippet:-1","max-image-preview":"max-image-preview:large","max-video-preview":"max-video-preview:-1"},"canonical":"https:\/\/www.visit-ulcinj.com\/blog\/2016\/11\/05\/pelegrinet-nga-ulqini-10-ore-ne-kembe-per-te-marre-pjese-ne-meshen-e-38-martireve-ne-shkoder\/","og_locale":"en_US","og_type":"article","og_title":"Pelegrin\u00ebt nga Ulqini 10 or\u00eb n\u00eb k\u00ebmb\u00eb p\u00ebr t\u00eb marr\u00eb pjes\u00eb n\u00eb Meshen e 38 martir\u00ebve n\u00eb Shkod\u00ebr - Lajme nga Ulqini","og_description":"Pelegrin\u00eb nga gjith\u00eb bota kan\u00eb udh\u00ebtuar drejt Shkodr\u00ebs p\u00ebr t\u00eb marr\u00eb pjes\u00eb n\u00eb ceremonin\u00eb e kremtimit t\u00eb mesh\u00ebs s\u00eb shenjt\u00eb me rastin e Lumturimit t\u00eb 38","og_url":"https:\/\/www.visit-ulcinj.com\/blog\/2016\/11\/05\/pelegrinet-nga-ulqini-10-ore-ne-kembe-per-te-marre-pjese-ne-meshen-e-38-martireve-ne-shkoder\/","og_site_name":"Lajme nga Ulqini","article_published_time":"2016-11-05T15:40:30+00:00","article_modified_time":"2016-11-07T11:22:07+00:00","twitter_misc":{"Written by":"ulqini","Est. reading time":"6 minutes"},"schema":{"@context":"https:\/\/schema.org","@graph":[{"@type":"WebSite","@id":"https:\/\/www.visit-ulcinj.com\/blog\/#website","url":"https:\/\/www.visit-ulcinj.com\/blog\/","name":"Lajme nga Ulqini","description":"Lajme,Vijesti,Ulqini,Ulqin,Crna Gora,Mali i Zi","potentialAction":[{"@type":"SearchAction","target":{"@type":"EntryPoint","urlTemplate":"https:\/\/www.visit-ulcinj.com\/blog\/?s={search_term_string}"},"query-input":"required name=search_term_string"}],"inLanguage":"en-US"},{"@type":"WebPage","@id":"https:\/\/www.visit-ulcinj.com\/blog\/2016\/11\/05\/pelegrinet-nga-ulqini-10-ore-ne-kembe-per-te-marre-pjese-ne-meshen-e-38-martireve-ne-shkoder\/#webpage","url":"https:\/\/www.visit-ulcinj.com\/blog\/2016\/11\/05\/pelegrinet-nga-ulqini-10-ore-ne-kembe-per-te-marre-pjese-ne-meshen-e-38-martireve-ne-shkoder\/","name":"Pelegrin\u00ebt nga Ulqini 10 or\u00eb n\u00eb k\u00ebmb\u00eb p\u00ebr t\u00eb marr\u00eb pjes\u00eb n\u00eb Meshen e 38 martir\u00ebve n\u00eb Shkod\u00ebr - Lajme nga Ulqini","isPartOf":{"@id":"https:\/\/www.visit-ulcinj.com\/blog\/#website"},"datePublished":"2016-11-05T15:40:30+00:00","dateModified":"2016-11-07T11:22:07+00:00","author":{"@id":"https:\/\/www.visit-ulcinj.com\/blog\/#\/schema\/person\/dcab619c614d3038751c63bc2aadc06d"},"description":"Pelegrin\u00eb nga gjith\u00eb bota kan\u00eb udh\u00ebtuar drejt Shkodr\u00ebs p\u00ebr t\u00eb marr\u00eb pjes\u00eb n\u00eb ceremonin\u00eb e kremtimit t\u00eb mesh\u00ebs s\u00eb shenjt\u00eb me rastin e Lumturimit t\u00eb 38","breadcrumb":{"@id":"https:\/\/www.visit-ulcinj.com\/blog\/2016\/11\/05\/pelegrinet-nga-ulqini-10-ore-ne-kembe-per-te-marre-pjese-ne-meshen-e-38-martireve-ne-shkoder\/#breadcrumb"},"inLanguage":"en-US","potentialAction":[{"@type":"ReadAction","target":["https:\/\/www.visit-ulcinj.com\/blog\/2016\/11\/05\/pelegrinet-nga-ulqini-10-ore-ne-kembe-per-te-marre-pjese-ne-meshen-e-38-martireve-ne-shkoder\/"]}]},{"@type":"BreadcrumbList","@id":"https:\/\/www.visit-ulcinj.com\/blog\/2016\/11\/05\/pelegrinet-nga-ulqini-10-ore-ne-kembe-per-te-marre-pjese-ne-meshen-e-38-martireve-ne-shkoder\/#breadcrumb","itemListElement":[{"@type":"ListItem","position":1,"name":"Pelegrin\u00ebt nga Ulqini 10 or\u00eb n\u00eb k\u00ebmb\u00eb p\u00ebr t\u00eb marr\u00eb pjes\u00eb n\u00eb Meshen e 38 martir\u00ebve n\u00eb Shkod\u00ebr"}]},{"@type":"Person","@id":"https:\/\/www.visit-ulcinj.com\/blog\/#\/schema\/person\/dcab619c614d3038751c63bc2aadc06d","name":"ulqini","sameAs":["http:\/\/www.visit-ulcinj.com"],"url":"https:\/\/www.visit-ulcinj.com\/blog\/author\/admin\/"}]}},"jetpack_featured_media_url":"","jetpack_sharing_enabled":true,"jetpack_shortlink":"https:\/\/wp.me\/pe6lTn-qed","_links":{"self":[{"href":"https:\/\/www.visit-ulcinj.com\/blog\/wp-json\/wp\/v2\/posts\/100825"}],"collection":[{"href":"https:\/\/www.visit-ulcinj.com\/blog\/wp-json\/wp\/v2\/posts"}],"about":[{"href":"https:\/\/www.visit-ulcinj.com\/blog\/wp-json\/wp\/v2\/types\/post"}],"author":[{"embeddable":true,"href":"https:\/\/www.visit-ulcinj.com\/blog\/wp-json\/wp\/v2\/users\/1"}],"replies":[{"embeddable":true,"href":"https:\/\/www.visit-ulcinj.com\/blog\/wp-json\/wp\/v2\/comments?post=100825"}],"version-history":[{"count":3,"href":"https:\/\/www.visit-ulcinj.com\/blog\/wp-json\/wp\/v2\/posts\/100825\/revisions"}],"predecessor-version":[{"id":100847,"href":"https:\/\/www.visit-ulcinj.com\/blog\/wp-json\/wp\/v2\/posts\/100825\/revisions\/100847"}],"wp:attachment":[{"href":"https:\/\/www.visit-ulcinj.com\/blog\/wp-json\/wp\/v2\/media?parent=100825"}],"wp:term":[{"taxonomy":"category","embeddable":true,"href":"https:\/\/www.visit-ulcinj.com\/blog\/wp-json\/wp\/v2\/categories?post=100825"},{"taxonomy":"post_tag","embeddable":true,"href":"https:\/\/www.visit-ulcinj.com\/blog\/wp-json\/wp\/v2\/tags?post=100825"}],"curies":[{"name":"wp","href":"https:\/\/api.w.org\/{rel}","templated":true}]}}