{"id":100828,"date":"2016-11-05T16:50:02","date_gmt":"2016-11-05T15:50:02","guid":{"rendered":"http:\/\/www.visit-ulcinj.com\/blog\/?p=100828"},"modified":"2016-11-05T16:50:02","modified_gmt":"2016-11-05T15:50:02","slug":"ministri-shala-dhuron-libra-bibliotekes-se-ulqinit","status":"publish","type":"post","link":"https:\/\/www.visit-ulcinj.com\/blog\/2016\/11\/05\/ministri-shala-dhuron-libra-bibliotekes-se-ulqinit\/","title":{"rendered":"Ministri Shala dhuron libra bibliotek\u00ebs s\u00eb Ulqinit"},"content":{"rendered":"<p><a href=\"http:\/\/www.visit-ulcinj.com\/blog\/wp-content\/uploads\/2016\/11\/Ministri-Shala-dhuron-libra-bibliotek\u00ebs-s\u00eb-Ulqinit-1.jpg\"><img loading=\"lazy\" class=\"alignleft wp-image-100832\" src=\"http:\/\/www.visit-ulcinj.com\/blog\/wp-content\/uploads\/2016\/11\/Ministri-Shala-dhuron-libra-bibliotek\u00ebs-s\u00eb-Ulqinit-1.jpg\" alt=\"Ministri Shala dhuron libra bibliotek\u00ebs s\u00eb Ulqinit-1\" width=\"508\" height=\"338\" srcset=\"https:\/\/www.visit-ulcinj.com\/blog\/wp-content\/uploads\/2016\/11\/Ministri-Shala-dhuron-libra-bibliotek\u00ebs-s\u00eb-Ulqinit-1.jpg 860w, https:\/\/www.visit-ulcinj.com\/blog\/wp-content\/uploads\/2016\/11\/Ministri-Shala-dhuron-libra-bibliotek\u00ebs-s\u00eb-Ulqinit-1-300x200.jpg 300w, https:\/\/www.visit-ulcinj.com\/blog\/wp-content\/uploads\/2016\/11\/Ministri-Shala-dhuron-libra-bibliotek\u00ebs-s\u00eb-Ulqinit-1-768x512.jpg 768w\" sizes=\"(max-width: 508px) 100vw, 508px\" \/><\/a>Ministri i Kultur\u00ebs, Rinis\u00eb dhe Sportit, Kujtim Shala, ka vizituar Komun\u00ebn e Ulqinit, ku \u00ebsht\u00eb takuar me kryetarin e k\u00ebsaj komune, Nazif Cungun dhe bashk\u00ebpun\u00ebtor\u00ebt e tij.<\/p>\n<p>Nd\u00ebrmjet ministri Shala dhe kryetarit Cungu u bisedua p\u00ebr bashk\u00ebpunimin nd\u00ebrmjet institucioneve t\u00eb kultur\u00ebs s\u00eb Kosov\u00ebs dhe atyre t\u00eb shqiptar\u00ebve n\u00eb Mal t\u00eb Zi, me theks t\u00eb ve\u00e7ant\u00eb n\u00eb Ulqin.<\/p>\n<p>N\u00eb k\u00ebt\u00eb takim, ministri Shala dhe kryetari Cungu u shpreh\u00ebn se intensifikim i k\u00ebtij bashk\u00ebpunimi \u00ebsht\u00eb n\u00eb dobi t\u00eb kultur\u00ebs shqiptare dhe ve\u00e7mas n\u00eb funksion t\u00eb ndihm\u00ebs p\u00ebr shqiptar\u00ebt n\u00eb k\u00ebt\u00eb vend.<\/p>\n<p>Ministri Shala drejtuesve t\u00eb Komun\u00ebs s\u00eb Ulqinit iu premtoi p\u00ebrkrahje konkrete n\u00eb fush\u00ebn e kultur\u00ebs, duke u shprehur se komunikimi kulturor \u00ebsht\u00eb tejet i r\u00ebnd\u00ebsish\u00ebm p\u00ebr shqiptar\u00ebt e Malit t\u00eb Zi.<\/p>\n<p>M\u00eb tej, ministri Shala u shpreh se MKRS-ja s\u00eb shpejti pritet s\u00eb shpejti t\u00eb n\u00ebnshkruaj\u00eb nj\u00eb marr\u00ebveshje kulturore me Malin e Zi, q\u00eb \u00ebsht\u00eb nj\u00eb akt i r\u00ebnd\u00ebsish\u00ebm politik, i cili i rregullon marr\u00ebdh\u00ebniet kulturore mes k\u00ebtyre dy shteteve, dhe nj\u00ebkoh\u00ebsisht hap rrug\u00eb p\u00ebr bashk\u00ebpunim konkret nd\u00ebrmjet dy vendeve, dhe po ashtu ndihmon p\u00ebr bashk\u00ebpunim kulturor nd\u00ebrmjet institucioneve t\u00eb kultur\u00ebs s\u00eb Kosov\u00ebs dhe atyre t\u00eb shqiptar\u00ebve t\u00eb Malit t\u00eb ZI.<\/p>\n<p><a href=\"http:\/\/www.visit-ulcinj.com\/blog\/wp-content\/uploads\/2016\/11\/Ministri-Shala-dhuron-libra-bibliotek\u00ebs-s\u00eb-Ulqinit-3.jpg\"><img loading=\"lazy\" class=\"alignleft wp-image-100830\" src=\"http:\/\/www.visit-ulcinj.com\/blog\/wp-content\/uploads\/2016\/11\/Ministri-Shala-dhuron-libra-bibliotek\u00ebs-s\u00eb-Ulqinit-3.jpg\" alt=\"Ministri Shala dhuron libra bibliotek\u00ebs s\u00eb Ulqinit-3\" width=\"508\" height=\"338\" srcset=\"https:\/\/www.visit-ulcinj.com\/blog\/wp-content\/uploads\/2016\/11\/Ministri-Shala-dhuron-libra-bibliotek\u00ebs-s\u00eb-Ulqinit-3.jpg 860w, https:\/\/www.visit-ulcinj.com\/blog\/wp-content\/uploads\/2016\/11\/Ministri-Shala-dhuron-libra-bibliotek\u00ebs-s\u00eb-Ulqinit-3-300x200.jpg 300w, https:\/\/www.visit-ulcinj.com\/blog\/wp-content\/uploads\/2016\/11\/Ministri-Shala-dhuron-libra-bibliotek\u00ebs-s\u00eb-Ulqinit-3-768x512.jpg 768w\" sizes=\"(max-width: 508px) 100vw, 508px\" \/><\/a><\/p>\n<p>Po ashtu, ministri Shala dhe kryetari Cungu biseduan p\u00ebr iden\u00eb e organizmi t\u00eb Jav\u00ebs s\u00eb Kultur\u00ebs s\u00eb Kosov\u00ebs n\u00eb Ulqin, gjat\u00eb sezones turistike.<\/p>\n<p>N\u00eb kuad\u00ebr t\u00eb k\u00ebsaj vizite n\u00eb Ulqin, ministri Shala dhe drejtori i Bibliotek\u00ebs Komb\u00ebtare t\u00eb Kosov\u00ebs \u201cPjet\u00ebr Bogdani\u201d, \u00a0Fazli Gajraku, i dhuruan Bibliotek\u00ebs s\u00eb Ulqinit afro 800 libra, t\u00eb cilat kapin nj\u00eb vler\u00eb prej rreth 6 mij\u00eb eurosh.<\/p>\n<p>Kryetari i Ulqinit dhe drejtuesit e Bibliotek\u00ebs e fal\u00ebnderuan ministrin Shala dhe drejtorin Gajraku p\u00ebr k\u00ebt\u00eb akt dhe u shpreh\u00ebn se kjo ndihm\u00eb konkrete \u00ebsht\u00eb n\u00eb dobi t\u00eb shqiptar\u00ebve t\u00eb Ulqinit dhe nj\u00ebkoh\u00ebsisht d\u00ebshmi e vullnetit t\u00eb mir\u00eb t\u00eb institucioneve t\u00eb kultur\u00ebs s\u00eb Kosov\u00ebs p\u00ebr t\u00eb ndihmuar shqiptar\u00ebt e Malit t\u00eb Zi.<\/p>\n<p><strong>Z\u00ebri<\/strong><\/p>\n<p><a href=\"http:\/\/www.visit-ulcinj.com\/blog\/wp-content\/uploads\/2016\/11\/Ministri-Shala-dhuron-libra-bibliotek\u00ebs-s\u00eb-Ulqinit-2.jpg\"><img loading=\"lazy\" class=\"alignleft wp-image-100833\" src=\"http:\/\/www.visit-ulcinj.com\/blog\/wp-content\/uploads\/2016\/11\/Ministri-Shala-dhuron-libra-bibliotek\u00ebs-s\u00eb-Ulqinit-2.jpg\" alt=\"Ministri Shala dhuron libra bibliotek\u00ebs s\u00eb Ulqinit-2\" width=\"508\" height=\"338\" srcset=\"https:\/\/www.visit-ulcinj.com\/blog\/wp-content\/uploads\/2016\/11\/Ministri-Shala-dhuron-libra-bibliotek\u00ebs-s\u00eb-Ulqinit-2.jpg 860w, https:\/\/www.visit-ulcinj.com\/blog\/wp-content\/uploads\/2016\/11\/Ministri-Shala-dhuron-libra-bibliotek\u00ebs-s\u00eb-Ulqinit-2-300x200.jpg 300w, https:\/\/www.visit-ulcinj.com\/blog\/wp-content\/uploads\/2016\/11\/Ministri-Shala-dhuron-libra-bibliotek\u00ebs-s\u00eb-Ulqinit-2-768x512.jpg 768w\" sizes=\"(max-width: 508px) 100vw, 508px\" \/><\/a><a href=\"http:\/\/www.visit-ulcinj.com\/blog\/wp-content\/uploads\/2016\/11\/Ministri-Shala-dhuron-libra-bibliotek\u00ebs-s\u00eb-Ulqinit.jpg\"><img loading=\"lazy\" class=\"alignleft wp-image-100831\" src=\"http:\/\/www.visit-ulcinj.com\/blog\/wp-content\/uploads\/2016\/11\/Ministri-Shala-dhuron-libra-bibliotek\u00ebs-s\u00eb-Ulqinit.jpg\" alt=\"Ministri Shala dhuron libra bibliotek\u00ebs s\u00eb Ulqinit\" width=\"508\" height=\"338\" srcset=\"https:\/\/www.visit-ulcinj.com\/blog\/wp-content\/uploads\/2016\/11\/Ministri-Shala-dhuron-libra-bibliotek\u00ebs-s\u00eb-Ulqinit.jpg 860w, https:\/\/www.visit-ulcinj.com\/blog\/wp-content\/uploads\/2016\/11\/Ministri-Shala-dhuron-libra-bibliotek\u00ebs-s\u00eb-Ulqinit-300x200.jpg 300w, https:\/\/www.visit-ulcinj.com\/blog\/wp-content\/uploads\/2016\/11\/Ministri-Shala-dhuron-libra-bibliotek\u00ebs-s\u00eb-Ulqinit-768x512.jpg 768w\" sizes=\"(max-width: 508px) 100vw, 508px\" \/><\/a><a href=\"http:\/\/www.visit-ulcinj.com\/blog\/wp-content\/uploads\/2016\/11\/Ministri-Shala-dhuron-libra-bibliotek\u00ebs-s\u00eb-Ulqinit-4.jpg\"><img loading=\"lazy\" class=\"alignleft wp-image-100835\" src=\"http:\/\/www.visit-ulcinj.com\/blog\/wp-content\/uploads\/2016\/11\/Ministri-Shala-dhuron-libra-bibliotek\u00ebs-s\u00eb-Ulqinit-4.jpg\" alt=\"Ministri Shala dhuron libra bibliotek\u00ebs s\u00eb Ulqinit-4\" width=\"508\" height=\"338\" srcset=\"https:\/\/www.visit-ulcinj.com\/blog\/wp-content\/uploads\/2016\/11\/Ministri-Shala-dhuron-libra-bibliotek\u00ebs-s\u00eb-Ulqinit-4.jpg 860w, https:\/\/www.visit-ulcinj.com\/blog\/wp-content\/uploads\/2016\/11\/Ministri-Shala-dhuron-libra-bibliotek\u00ebs-s\u00eb-Ulqinit-4-300x200.jpg 300w, https:\/\/www.visit-ulcinj.com\/blog\/wp-content\/uploads\/2016\/11\/Ministri-Shala-dhuron-libra-bibliotek\u00ebs-s\u00eb-Ulqinit-4-768x512.jpg 768w\" sizes=\"(max-width: 508px) 100vw, 508px\" \/><\/a><\/p>\n<p>&nbsp;<\/p>\n","protected":false},"excerpt":{"rendered":"<p>Ministri i Kultur\u00ebs, Rinis\u00eb dhe Sportit, Kujtim Shala, ka vizituar Komun\u00ebn e Ulqinit, ku \u00ebsht\u00eb takuar me kryetarin e k\u00ebsaj komune, Nazif Cungun dhe bashk\u00ebpun\u00ebtor\u00ebt e tij. Nd\u00ebrmjet ministri Shala dhe kryetarit Cungu u bisedua p\u00ebr bashk\u00ebpunimin nd\u00ebrmjet institucioneve t\u00eb kultur\u00ebs s\u00eb Kosov\u00ebs dhe atyre t\u00eb shqiptar\u00ebve n\u00eb Mal t\u00eb Zi, me theks t\u00eb ve\u00e7ant\u00eb [&hellip;]<\/p>\n","protected":false},"author":1,"featured_media":0,"comment_status":"closed","ping_status":"closed","sticky":false,"template":"","format":"standard","meta":{"spay_email":"","jetpack_publicize_message":"","jetpack_is_tweetstorm":false,"jetpack_publicize_feature_enabled":true},"categories":[4],"tags":[],"jetpack_publicize_connections":[],"yoast_head":"<!-- This site is optimized with the Yoast SEO plugin v19.1 - https:\/\/yoast.com\/wordpress\/plugins\/seo\/ -->\n<title>Ministri Shala dhuron libra bibliotek\u00ebs s\u00eb Ulqinit - Lajme nga Ulqini<\/title>\n<meta name=\"description\" content=\"Ministri i Kultur\u00ebs, Rinis\u00eb dhe Sportit, Kujtim Shala, ka vizituar Komun\u00ebn e Ulqinit, ku \u00ebsht\u00eb takuar me kryetarin e k\u00ebsaj komune, Nazif Cungun dhe\" \/>\n<meta name=\"robots\" content=\"index, follow, max-snippet:-1, max-image-preview:large, max-video-preview:-1\" \/>\n<link rel=\"canonical\" href=\"https:\/\/www.visit-ulcinj.com\/blog\/2016\/11\/05\/ministri-shala-dhuron-libra-bibliotekes-se-ulqinit\/\" \/>\n<meta property=\"og:locale\" content=\"en_US\" \/>\n<meta property=\"og:type\" content=\"article\" \/>\n<meta property=\"og:title\" content=\"Ministri Shala dhuron libra bibliotek\u00ebs s\u00eb Ulqinit - Lajme nga Ulqini\" \/>\n<meta property=\"og:description\" content=\"Ministri i Kultur\u00ebs, Rinis\u00eb dhe Sportit, Kujtim Shala, ka vizituar Komun\u00ebn e Ulqinit, ku \u00ebsht\u00eb takuar me kryetarin e k\u00ebsaj komune, Nazif Cungun dhe\" \/>\n<meta property=\"og:url\" content=\"https:\/\/www.visit-ulcinj.com\/blog\/2016\/11\/05\/ministri-shala-dhuron-libra-bibliotekes-se-ulqinit\/\" \/>\n<meta property=\"og:site_name\" content=\"Lajme nga Ulqini\" \/>\n<meta property=\"article:published_time\" content=\"2016-11-05T15:50:02+00:00\" \/>\n<meta name=\"twitter:label1\" content=\"Written by\" \/>\n\t<meta name=\"twitter:data1\" content=\"ulqini\" \/>\n\t<meta name=\"twitter:label2\" content=\"Est. reading time\" \/>\n\t<meta name=\"twitter:data2\" content=\"2 minutes\" \/>\n<script type=\"application\/ld+json\" class=\"yoast-schema-graph\">{\"@context\":\"https:\/\/schema.org\",\"@graph\":[{\"@type\":\"WebSite\",\"@id\":\"https:\/\/www.visit-ulcinj.com\/blog\/#website\",\"url\":\"https:\/\/www.visit-ulcinj.com\/blog\/\",\"name\":\"Lajme nga Ulqini\",\"description\":\"Lajme,Vijesti,Ulqini,Ulqin,Crna Gora,Mali i Zi\",\"potentialAction\":[{\"@type\":\"SearchAction\",\"target\":{\"@type\":\"EntryPoint\",\"urlTemplate\":\"https:\/\/www.visit-ulcinj.com\/blog\/?s={search_term_string}\"},\"query-input\":\"required name=search_term_string\"}],\"inLanguage\":\"en-US\"},{\"@type\":\"WebPage\",\"@id\":\"https:\/\/www.visit-ulcinj.com\/blog\/2016\/11\/05\/ministri-shala-dhuron-libra-bibliotekes-se-ulqinit\/#webpage\",\"url\":\"https:\/\/www.visit-ulcinj.com\/blog\/2016\/11\/05\/ministri-shala-dhuron-libra-bibliotekes-se-ulqinit\/\",\"name\":\"Ministri Shala dhuron libra bibliotek\u00ebs s\u00eb Ulqinit - Lajme nga Ulqini\",\"isPartOf\":{\"@id\":\"https:\/\/www.visit-ulcinj.com\/blog\/#website\"},\"datePublished\":\"2016-11-05T15:50:02+00:00\",\"dateModified\":\"2016-11-05T15:50:02+00:00\",\"author\":{\"@id\":\"https:\/\/www.visit-ulcinj.com\/blog\/#\/schema\/person\/dcab619c614d3038751c63bc2aadc06d\"},\"description\":\"Ministri i Kultur\u00ebs, Rinis\u00eb dhe Sportit, Kujtim Shala, ka vizituar Komun\u00ebn e Ulqinit, ku \u00ebsht\u00eb takuar me kryetarin e k\u00ebsaj komune, Nazif Cungun dhe\",\"breadcrumb\":{\"@id\":\"https:\/\/www.visit-ulcinj.com\/blog\/2016\/11\/05\/ministri-shala-dhuron-libra-bibliotekes-se-ulqinit\/#breadcrumb\"},\"inLanguage\":\"en-US\",\"potentialAction\":[{\"@type\":\"ReadAction\",\"target\":[\"https:\/\/www.visit-ulcinj.com\/blog\/2016\/11\/05\/ministri-shala-dhuron-libra-bibliotekes-se-ulqinit\/\"]}]},{\"@type\":\"BreadcrumbList\",\"@id\":\"https:\/\/www.visit-ulcinj.com\/blog\/2016\/11\/05\/ministri-shala-dhuron-libra-bibliotekes-se-ulqinit\/#breadcrumb\",\"itemListElement\":[{\"@type\":\"ListItem\",\"position\":1,\"name\":\"Ministri Shala dhuron libra bibliotek\u00ebs s\u00eb Ulqinit\"}]},{\"@type\":\"Person\",\"@id\":\"https:\/\/www.visit-ulcinj.com\/blog\/#\/schema\/person\/dcab619c614d3038751c63bc2aadc06d\",\"name\":\"ulqini\",\"sameAs\":[\"http:\/\/www.visit-ulcinj.com\"],\"url\":\"https:\/\/www.visit-ulcinj.com\/blog\/author\/admin\/\"}]}<\/script>\n<!-- \/ Yoast SEO plugin. -->","yoast_head_json":{"title":"Ministri Shala dhuron libra bibliotek\u00ebs s\u00eb Ulqinit - Lajme nga Ulqini","description":"Ministri i Kultur\u00ebs, Rinis\u00eb dhe Sportit, Kujtim Shala, ka vizituar Komun\u00ebn e Ulqinit, ku \u00ebsht\u00eb takuar me kryetarin e k\u00ebsaj komune, Nazif Cungun dhe","robots":{"index":"index","follow":"follow","max-snippet":"max-snippet:-1","max-image-preview":"max-image-preview:large","max-video-preview":"max-video-preview:-1"},"canonical":"https:\/\/www.visit-ulcinj.com\/blog\/2016\/11\/05\/ministri-shala-dhuron-libra-bibliotekes-se-ulqinit\/","og_locale":"en_US","og_type":"article","og_title":"Ministri Shala dhuron libra bibliotek\u00ebs s\u00eb Ulqinit - Lajme nga Ulqini","og_description":"Ministri i Kultur\u00ebs, Rinis\u00eb dhe Sportit, Kujtim Shala, ka vizituar Komun\u00ebn e Ulqinit, ku \u00ebsht\u00eb takuar me kryetarin e k\u00ebsaj komune, Nazif Cungun dhe","og_url":"https:\/\/www.visit-ulcinj.com\/blog\/2016\/11\/05\/ministri-shala-dhuron-libra-bibliotekes-se-ulqinit\/","og_site_name":"Lajme nga Ulqini","article_published_time":"2016-11-05T15:50:02+00:00","twitter_misc":{"Written by":"ulqini","Est. reading time":"2 minutes"},"schema":{"@context":"https:\/\/schema.org","@graph":[{"@type":"WebSite","@id":"https:\/\/www.visit-ulcinj.com\/blog\/#website","url":"https:\/\/www.visit-ulcinj.com\/blog\/","name":"Lajme nga Ulqini","description":"Lajme,Vijesti,Ulqini,Ulqin,Crna Gora,Mali i Zi","potentialAction":[{"@type":"SearchAction","target":{"@type":"EntryPoint","urlTemplate":"https:\/\/www.visit-ulcinj.com\/blog\/?s={search_term_string}"},"query-input":"required name=search_term_string"}],"inLanguage":"en-US"},{"@type":"WebPage","@id":"https:\/\/www.visit-ulcinj.com\/blog\/2016\/11\/05\/ministri-shala-dhuron-libra-bibliotekes-se-ulqinit\/#webpage","url":"https:\/\/www.visit-ulcinj.com\/blog\/2016\/11\/05\/ministri-shala-dhuron-libra-bibliotekes-se-ulqinit\/","name":"Ministri Shala dhuron libra bibliotek\u00ebs s\u00eb Ulqinit - Lajme nga Ulqini","isPartOf":{"@id":"https:\/\/www.visit-ulcinj.com\/blog\/#website"},"datePublished":"2016-11-05T15:50:02+00:00","dateModified":"2016-11-05T15:50:02+00:00","author":{"@id":"https:\/\/www.visit-ulcinj.com\/blog\/#\/schema\/person\/dcab619c614d3038751c63bc2aadc06d"},"description":"Ministri i Kultur\u00ebs, Rinis\u00eb dhe Sportit, Kujtim Shala, ka vizituar Komun\u00ebn e Ulqinit, ku \u00ebsht\u00eb takuar me kryetarin e k\u00ebsaj komune, Nazif Cungun dhe","breadcrumb":{"@id":"https:\/\/www.visit-ulcinj.com\/blog\/2016\/11\/05\/ministri-shala-dhuron-libra-bibliotekes-se-ulqinit\/#breadcrumb"},"inLanguage":"en-US","potentialAction":[{"@type":"ReadAction","target":["https:\/\/www.visit-ulcinj.com\/blog\/2016\/11\/05\/ministri-shala-dhuron-libra-bibliotekes-se-ulqinit\/"]}]},{"@type":"BreadcrumbList","@id":"https:\/\/www.visit-ulcinj.com\/blog\/2016\/11\/05\/ministri-shala-dhuron-libra-bibliotekes-se-ulqinit\/#breadcrumb","itemListElement":[{"@type":"ListItem","position":1,"name":"Ministri Shala dhuron libra bibliotek\u00ebs s\u00eb Ulqinit"}]},{"@type":"Person","@id":"https:\/\/www.visit-ulcinj.com\/blog\/#\/schema\/person\/dcab619c614d3038751c63bc2aadc06d","name":"ulqini","sameAs":["http:\/\/www.visit-ulcinj.com"],"url":"https:\/\/www.visit-ulcinj.com\/blog\/author\/admin\/"}]}},"jetpack_featured_media_url":"","jetpack_sharing_enabled":true,"jetpack_shortlink":"https:\/\/wp.me\/pe6lTn-qeg","_links":{"self":[{"href":"https:\/\/www.visit-ulcinj.com\/blog\/wp-json\/wp\/v2\/posts\/100828"}],"collection":[{"href":"https:\/\/www.visit-ulcinj.com\/blog\/wp-json\/wp\/v2\/posts"}],"about":[{"href":"https:\/\/www.visit-ulcinj.com\/blog\/wp-json\/wp\/v2\/types\/post"}],"author":[{"embeddable":true,"href":"https:\/\/www.visit-ulcinj.com\/blog\/wp-json\/wp\/v2\/users\/1"}],"replies":[{"embeddable":true,"href":"https:\/\/www.visit-ulcinj.com\/blog\/wp-json\/wp\/v2\/comments?post=100828"}],"version-history":[{"count":2,"href":"https:\/\/www.visit-ulcinj.com\/blog\/wp-json\/wp\/v2\/posts\/100828\/revisions"}],"predecessor-version":[{"id":100836,"href":"https:\/\/www.visit-ulcinj.com\/blog\/wp-json\/wp\/v2\/posts\/100828\/revisions\/100836"}],"wp:attachment":[{"href":"https:\/\/www.visit-ulcinj.com\/blog\/wp-json\/wp\/v2\/media?parent=100828"}],"wp:term":[{"taxonomy":"category","embeddable":true,"href":"https:\/\/www.visit-ulcinj.com\/blog\/wp-json\/wp\/v2\/categories?post=100828"},{"taxonomy":"post_tag","embeddable":true,"href":"https:\/\/www.visit-ulcinj.com\/blog\/wp-json\/wp\/v2\/tags?post=100828"}],"curies":[{"name":"wp","href":"https:\/\/api.w.org\/{rel}","templated":true}]}}